{"id":7168,"date":"2017-02-04T22:56:33","date_gmt":"2017-02-04T21:56:33","guid":{"rendered":"http:\/\/www.moravecteam.cz\/?p=7168"},"modified":"2017-02-09T07:51:04","modified_gmt":"2017-02-09T06:51:04","slug":"dresy-vzor-2017-finisuji","status":"publish","type":"post","link":"https:\/\/www.moravecteam.cz\/?p=7168","title":{"rendered":"Dres vzor 2017 fini\u0161uje! -2"},"content":{"rendered":"<p style=\"text-align: justify;\"><strong><span style=\"color: #800000;\">&#8222;Dead line&#8220; &#8211; nebo-li uz\u00e1v\u011brka na objedn\u00e1n\u00ed dres\u016f vzor 2017, pro v\u0161echny \u010dleny MORAVEC Teamu se bl\u00ed\u017e\u00ed! Kdo je\u0161t\u011b tuto v\u011bc nem\u00e1 po\u0159e\u0161enou, m\u00e1 do pond\u011bl\u00ed 6.2.2017 je\u0161t\u011b \u010das se p\u0159ihl\u00e1sit a po\u010dty kus\u016f v\u010detn\u011b velikosti nahl\u00e1sit nov\u00e9 \u00a0<span style=\"text-decoration: underline;\">odd\u00edlov\u00e9 dresov\u00e9 referentce &#8211; Han\u011b \u0160indel\u00e1\u0159ov\u00e9 (723 071 476).<\/span>\u00a0Hanka bude na p\u0159\u00edjmu pro v\u0161echny opozdilce &#8211; je\u0161t\u011b jednou opakuji &#8211; do pond\u011bl\u00ed 6. \u00fanora 2017 do Slunce z\u00e1padu&#8230; D\u00edky moc za V\u00e1s konstruktivn\u00ed p\u0159\u00edstup k \u0159e\u0161en\u00ed t\u00e9to d\u016fle\u017eit\u00e9 z\u00e1le\u017eitosti!<\/span><\/strong><\/p>\n<p style=\"text-align: justify;\">Kdo to prop\u00e1sne, m\u00e1 prost\u011b sm\u016flu, dal\u0161\u00ed vlna v\u00fdroby dres\u016f bude a\u017e n\u011bkdy cca v polovin\u011b roku 2017 (mo\u017en\u00e1, kdo v\u00ed..?). Do Langenlois (25. &#8211; 26.3. \u00a02017) chceme jet u\u017e v nov\u00fdch dresech, a proto\u017ee Atex nen\u00ed zrovna z t\u011bch firem, kter\u00e9 by nem\u011bly do \u010deho &#8222;p\u00edchnout&#8220;, je t\u0159eba zaslat do Brna objedn\u00e1vku co nejd\u0159\u00edve&#8230; Logicky n\u00e1m z toho v n\u00e1vaznosti vych\u00e1z\u00ed, \u017ee na slavnostn\u00edm zah\u00e1jen\u00ed sez\u00f3ny, kdy budou v\u0161em na\u0161im z\u00e1vodn\u00edm &#8222;bombar\u010f\u00e1k\u016fm&#8220; p\u0159ed\u00e1ny dresy a v\u0161em na\u0161im TOP &#8222;bombar\u010f\u00e1k\u016fm&#8220; p\u0159ed\u00e1ny dresy + z\u00e1vodn\u00ed licence, se sejdeme s nejv\u011bt\u0161\u00ed pravd\u011bpodobnost\u00ed v p\u00e1tek 24.3.2017 od 17.00 hodin v neku\u0159\u00e1ck\u00e9 \u010d\u00e1sti restaurace Morava. A nebo mo\u017en\u00e1 na na\u0161\u00ed &#8211; u\u017e legitimn\u00ed CFB MT (Cycling Force Base MORAVEC Team &#8211; Z\u00e1kladn\u011b Cyklistick\u00fdch Sil MORAVEC Teamu &#8211; na boskovick\u00e9 brokov\u00e9 st\u0159elnici &#8211; \u00a0smlouvu o pron\u00e1jmu jsem podepsal s p. Josefem Hlav\u00e1\u010dkem minul\u00fd t\u00fdden). To v\u0161e m\u00e1 ale je\u0161t\u011b dost \u010dasu na up\u0159esn\u011bn\u00ed&#8230; Aktu\u00e1ln\u011b je d\u016fle\u017eit\u00fd ten <span style=\"text-decoration: underline;\"><strong><span style=\"color: #800000; text-decoration: underline;\">dresov\u00fd &#8222;dead line&#8220;, kter\u00fd &#8211; pro jistotu &#8211; je\u0161t\u011b jednou opakuji: do pond\u011bl\u00ed 6.2.2017 do Slunce z\u00e1padu &#8211; Hanka \u0160indel\u00e1\u0159ov\u00e1\u00a0723 071 476!<\/span><\/strong> <\/span><\/p>\n<p style=\"text-align: justify;\"><span style=\"color: #000000;\"><span style=\"color: #800000;\"><strong>A je\u0161t\u011b pozn\u00e1mka:<\/strong><\/span> \u017ee obr\u00e1zek v z\u00e1hlav\u00ed t\u00e9to zpr\u00e1vy (st\u0159ih dresu) je pouze ilustra\u010dn\u00ed, na\u0161t\u011bst\u00ed v\u011bt\u0161ina z MORAVC\u016e pochopila&#8230; Jedn\u00e1 se o historick\u00fd dres nev\u00edm u\u017e ani z kter\u00e9ho roku&#8230; Design dres\u016f vzor 2017 se oproti lo\u0148sku zm\u011bn\u00ed jen minim\u00e1ln\u011b, v detailech&#8230;<\/span><\/p>\n","protected":false},"excerpt":{"rendered":"<p>&#8222;Dead line&#8220; &#8211; nebo-li uz\u00e1v\u011brka na objedn\u00e1n\u00ed dres\u016f vzor 2017, pro v\u0161echny \u010dleny MORAVEC Teamu se bl\u00ed\u017e\u00ed! Kdo je\u0161t\u011b tuto v\u011bc nem\u00e1 po\u0159e\u0161enou, m\u00e1 do pond\u011bl\u00ed 6.2.2017 je\u0161t\u011b \u010das se p\u0159ihl\u00e1sit a po\u010dty kus\u016f v\u010detn\u011b velikosti nahl\u00e1sit nov\u00e9 \u00a0odd\u00edlov\u00e9 dresov\u00e9 referentce &#8211; Han\u011b \u0160indel\u00e1\u0159ov\u00e9 (723 071 476).\u00a0Hanka bude na p\u0159\u00edjmu pro v\u0161echny opozdilce &#8211; je\u0161t\u011b &hellip; <a href=\"https:\/\/www.moravecteam.cz\/?p=7168\" class=\"more-link\">Pokra\u010dov\u00e1n\u00ed textu <span class=\"screen-reader-text\">Dres vzor 2017 fini\u0161uje! -2<\/span> <span class=\"meta-nav\">&rarr;<\/span><\/a><\/p>\n","protected":false},"author":3,"featured_media":7172,"comment_status":"open","ping_status":"closed","sticky":false,"template":"","format":"standard","meta":[],"categories":[13],"tags":[],"_links":{"self":[{"href":"https:\/\/www.moravecteam.cz\/index.php?rest_route=\/wp\/v2\/posts\/7168"}],"collection":[{"href":"https:\/\/www.moravecteam.cz\/index.php?rest_route=\/wp\/v2\/posts"}],"about":[{"href":"https:\/\/www.moravecteam.cz\/index.php?rest_route=\/wp\/v2\/types\/post"}],"author":[{"embeddable":true,"href":"https:\/\/www.moravecteam.cz\/index.php?rest_route=\/wp\/v2\/users\/3"}],"replies":[{"embeddable":true,"href":"https:\/\/www.moravecteam.cz\/index.php?rest_route=%2Fwp%2Fv2%2Fcomments&post=7168"}],"version-history":[{"count":6,"href":"https:\/\/www.moravecteam.cz\/index.php?rest_route=\/wp\/v2\/posts\/7168\/revisions"}],"predecessor-version":[{"id":7225,"href":"https:\/\/www.moravecteam.cz\/index.php?rest_route=\/wp\/v2\/posts\/7168\/revisions\/7225"}],"wp:featuredmedia":[{"embeddable":true,"href":"https:\/\/www.moravecteam.cz\/index.php?rest_route=\/wp\/v2\/media\/7172"}],"wp:attachment":[{"href":"https:\/\/www.moravecteam.cz\/index.php?rest_route=%2Fwp%2Fv2%2Fmedia&parent=7168"}],"wp:term":[{"taxonomy":"category","embeddable":true,"href":"https:\/\/www.moravecteam.cz\/index.php?rest_route=%2Fwp%2Fv2%2Fcategories&post=7168"},{"taxonomy":"post_tag","embeddable":true,"href":"https:\/\/www.moravecteam.cz\/index.php?rest_route=%2Fwp%2Fv2%2Ftags&post=7168"}],"curies":[{"name":"wp","href":"https:\/\/api.w.org\/{rel}","templated":true}]}}