{"id":7177,"date":"2017-02-05T18:44:45","date_gmt":"2017-02-05T17:44:45","guid":{"rendered":"http:\/\/www.moravecteam.cz\/?p=7177"},"modified":"2017-02-05T21:36:47","modified_gmt":"2017-02-05T20:36:47","slug":"pet-placek-z-korence","status":"publish","type":"post","link":"https:\/\/www.moravecteam.cz\/?p=7177","title":{"rendered":"P\u011bt &#8222;placek&#8220; z Ko\u0159ence..!"},"content":{"rendered":"<p style=\"text-align: justify;\"><strong><span style=\"color: #800000;\">Ur\u010dit\u011b by jich mohlo b\u00fdt v\u00edc, kdyby ne\u010dekan\u011b, tento p\u011bkn\u00fd z\u00e1vod z\u016fstal &#8211; k m\u00e9mu velk\u00e9mu p\u0159ekvapen\u00ed a zklam\u00e1n\u00ed z\u00e1rove\u0148 &#8211; stranou z\u00e1jmu borc\u016f a borek MORAVEC Teamu&#8230; \u017de n\u00e1s n\u00e1s bude z\u00e1vodit na Ko\u0159enci pouho &#8211; pouh\u00fdch dev\u011bt a z toho p\u011bt dosp\u011bl\u00fdch (tj. z na\u0161\u00ed d\u011btsk\u00e9 skupiny, kter\u00e1 se \u010d\u00edt\u00e1 na des\u00edtky, tak z nich byli na Ko\u0159enci pouze 4(!!!) d\u011bti), tomu opravdu nerozum\u00edm&#8230;. Ano, samoz\u0159ejm\u011b, z\u00e1vod pro V\u00e1s nebyl povinn\u00fd&#8230; Ano, klimatick\u00e9 podm\u00ednky se zna\u010dn\u011b zhor\u0161ily&#8230; Ano, Ko\u0159enec je tak trochu &#8222;z ruky&#8220;, ano, m\u00e1te v noh\u00e1ch n\u00e1ro\u010dn\u00e9 soust\u0159ed\u011bn\u00ed v Jesen\u00edk\u00e1ch + dv\u011b tvrd\u00e9 tr\u00e9ninkov\u00e9 &#8222;t\u011blocvi\u010dny&#8220; v uplynul\u00e9m t\u00fddnu&#8230; Ale p\u0159esto: takov\u00e9 \u00fa\u010dastnick\u00e9 fiasko jsem z na\u0161\u00ed strany na Ko\u0159enci \u00a0p\u0159ece jen, ne\u010dekal&#8230;<\/span><\/strong><\/p>\n<figure id=\"attachment_7185\" aria-describedby=\"caption-attachment-7185\" style=\"width: 774px\" class=\"wp-caption alignnone\"><a href=\"http:\/\/www.moravecteam.cz\/?attachment_id=7185\" rel=\"attachment wp-att-7185\"><img decoding=\"async\" loading=\"lazy\" class=\" wp-image-7185\" alt=\"IMG_20170204_152155\" src=\"http:\/\/www.moravecteam.cz\/wp-content\/uploads\/2017\/02\/IMG_20170204_152155.jpg\" width=\"774\" height=\"592\" srcset=\"https:\/\/www.moravecteam.cz\/wp-content\/uploads\/2017\/02\/IMG_20170204_152155.jpg 774w, https:\/\/www.moravecteam.cz\/wp-content\/uploads\/2017\/02\/IMG_20170204_152155-300x229.jpg 300w\" sizes=\"(max-width: 774px) 100vw, 774px\" \/><\/a><figcaption id=\"caption-attachment-7185\" class=\"wp-caption-text\">\u010cest odd\u00edlu, jeho\u017e 90% tvo\u0159\u00ed d\u011bti, zachra\u0148ovali v\u00edc jak z polviny na Ko\u0159eneck\u00e9 ly\u017ei dosp\u011bl\u00ed&#8230; Medailov\u011b t\u00e1ta V\u00ed\u0165a a syn Dominik Prudkovi, \u00fa\u010dastnicky pak Pavel Zatloukal s Frantou Pad\u011brou a Honzou \u0160indel\u00e1\u0159em&#8230;<\/figcaption><\/figure>\n<p style=\"text-align: justify;\">Snad od V\u00e1s Va\u0161i tren\u00e9\u0159i obdr\u017eeli adekv\u00e1tn\u00ed omluvenky, ur\u010dit\u011b se mi co nejd\u0159\u00edve ozvou (docela m\u011b to tentokr\u00e1t zaj\u00edm\u00e1) abych se od nich dozv\u011bd\u011bl, co vlastn\u011b st\u00e1lo za<strong>\u00a0<span style=\"text-decoration: underline;\">ne\u010dekan\u011b\u00a0tris<\/span><\/strong><span style=\"text-decoration: underline;\"><strong>tn\u00ed<\/strong><\/span> \u00fa\u010dast\u00ed borc\u016f a borek \u00a0MORAVEC Teamu na leto\u0161n\u00ed Ko\u0159eneck\u00e9 ly\u017ei&#8230; Ly\u017ee &#8211; b\u011b\u017eky, jsou pro bikera t\u00edm ide\u00e1ln\u00edm, nejlep\u0161\u00edm tr\u00e9ninkov\u00fdm dopl\u0148kem v r\u00e1mci zimn\u00ed p\u0159\u00edpravy, a kdy\u017e se \u0161ikne &#8222;po ruce&#8220; v\u00fdborn\u011b zorganizovan\u00fd ly\u017ea\u0159sko &#8211; b\u011b\u017eeck\u00fd z\u00e1vod, jen biker &#8211; hlup\u00e1k, si ho nech\u00e1 uniknout&#8230;. Neb pravidlo, \u017ee nejlep\u0161\u00edm tr\u00e9ninkem je ostr\u00fd z\u00e1vod, je platn\u00e9 ve zcela obecn\u00e9 poloze, pro v\u0161echny s\u00f3lov\u00e9 sportovn\u00ed discipl\u00edny&#8230;<\/p>\n<figure id=\"attachment_7184\" aria-describedby=\"caption-attachment-7184\" style=\"width: 551px\" class=\"wp-caption alignnone\"><a href=\"http:\/\/www.moravecteam.cz\/?attachment_id=7184\" rel=\"attachment wp-att-7184\"><img decoding=\"async\" loading=\"lazy\" class=\" wp-image-7184\" alt=\"IMG_20170204_135946\" src=\"http:\/\/www.moravecteam.cz\/wp-content\/uploads\/2017\/02\/IMG_20170204_135946.jpg\" width=\"551\" height=\"498\" srcset=\"https:\/\/www.moravecteam.cz\/wp-content\/uploads\/2017\/02\/IMG_20170204_135946.jpg 551w, https:\/\/www.moravecteam.cz\/wp-content\/uploads\/2017\/02\/IMG_20170204_135946-300x271.jpg 300w\" sizes=\"(max-width: 551px) 100vw, 551px\" \/><\/a><figcaption id=\"caption-attachment-7184\" class=\"wp-caption-text\">Roman \u0160indel\u00e1\u0159 (st\u0159\u00edbrn\u00fd) s Maty\u00e1\u0161em Koudelkou (bronzov\u00fd) tvrdili medailov\u011b po vzoru MORAVCE muziku v z\u00e1vod\u011b kategorie chlapc\u016f 11-15 let.<\/figcaption><\/figure>\n<p style=\"text-align: justify;\">T\u00edmto kon\u010d\u00edm s negativismem a poj\u010fme k tomu pozitivn\u00edmu, ce se prvn\u00ed \u00fanorovou sobotu v are\u00e1lu SGCC Clubu v Ko\u0159enci odehr\u00e1lo. Pozitivem p\u0159edev\u0161\u00edm &#8222;ur\u010do&#8220; je, \u017ee hlavn\u00ed kategorii mu\u017e\u016f 16-35 let ovl\u00e1dli borci MORAVEC Teamu! <span style=\"color: #800000;\"><strong>V\u00ed\u0165a Prudek<\/strong><\/span> vyhr\u00e1l, jeho syn, <span style=\"color: #800000;\"><strong>Dominik Prudek<\/strong><\/span> mu v z\u00e1vod\u011b zdatn\u011b &#8222;kryl z\u00e1da&#8220; a v\u00fdsledkem jeho bystr\u00e9 j\u00edzdy byl zisk cenn\u00e9ho bronzu, kdy\u017e mezi na\u0161e &#8222;snajpry&#8220; se dok\u00e1zal vkl\u00ednit pouze dom\u00e1ci &#8222;drak&#8220; a \u00fahlavn\u00ed favorit &#8222;race&#8220;, Jarda Kuda. Bravo MORAVEC, bravo &#8222;Pru\u010fasi&#8220;! O zbyl\u00e9 t\u0159i placky pro MORAVEC Team se postaraly &#8222;Milanovy d\u011bti&#8220; &#8211; \u010dlenov\u00e9 MORAVEC Junior Teamu.<\/p>\n<figure id=\"attachment_7183\" aria-describedby=\"caption-attachment-7183\" style=\"width: 691px\" class=\"wp-caption alignnone\"><a href=\"http:\/\/www.moravecteam.cz\/?attachment_id=7183\" rel=\"attachment wp-att-7183\"><img decoding=\"async\" loading=\"lazy\" class=\" wp-image-7183\" alt=\"IMG_20170204_131707\" src=\"http:\/\/www.moravecteam.cz\/wp-content\/uploads\/2017\/02\/IMG_20170204_131707.jpg\" width=\"691\" height=\"510\" srcset=\"https:\/\/www.moravecteam.cz\/wp-content\/uploads\/2017\/02\/IMG_20170204_131707.jpg 691w, https:\/\/www.moravecteam.cz\/wp-content\/uploads\/2017\/02\/IMG_20170204_131707-300x221.jpg 300w\" sizes=\"(max-width: 691px) 100vw, 691px\" \/><\/a><figcaption id=\"caption-attachment-7183\" class=\"wp-caption-text\">Lucinka Koudelkov\u00e1 brala po z\u00e1sluze &#8222;velk\u00fd bronzov\u00fd&#8220; diplom mezi d\u00edvkymi do 10 let. Na stupn\u011b v\u00edt\u011bz\u016f ji doprovodila v z\u00e1vod\u011b c\u00edli 5. Bar\u010da Janovsk\u00e1 (zcela vlevo).<\/figcaption><\/figure>\n<p style=\"text-align: justify;\">Pro cenn\u00e9 st\u0159\u00edbro si dob\u011bhnul v dost v\u011bkov\u011b &#8222;\u0161irok\u00e9&#8220; kategorii chlapc\u016f 11-15 let <strong><span style=\"color: #800000;\">Roman \u0160indel\u00e1\u0159<\/span><\/strong>, bronzem ho v z\u00e1vod\u011b t\u00e9to kategorie pojistil dal\u0161\u00ed n\u00e1\u0161 osv\u011bd\u010den\u00fd &#8222;repro\u0161&#8220; <strong><span style=\"color: #800000;\">Maty\u00e1\u0161 Koudelka<\/span><\/strong>. Na\u0161i medailovou sb\u00edrku podtrhla ziskem t\u0159et\u00edho bronzu pro MORAVEC Team <strong><span style=\"color: #800000;\">Lucinka Koudelkov\u00e1<\/span><\/strong>, kter\u00e9 v t\u00e9to kategorii ud\u011blala 5. m\u00edstem v\u00fdborn\u00e9 &#8222;garede&#8220; <strong><span style=\"color: #800000;\">Barborka Janovsk\u00e1<\/span><\/strong>. \u017de v\u00e1m je\u0161t\u011b t\u0159i MORAVCI sch\u00e1z\u00ed? Ano, m\u00e1te pravdu&#8230; V nejobsazen\u011bj\u0161\u00ed kategorii &#8222;rakv\u00e1\u010d\u016f&#8220; (36- 55 let &#8211; startovalo celkem 13 b\u011b\u017ec\u016f) se Ti &#8211; v tomto \u010dl\u00e1nku t\u0159i na\u0161i &#8222;poh\u0159e\u0161ovan\u00ed&#8220; &#8211; um\u00edstnili v\u0161ichi v TOP 10! <span style=\"color: #800000;\"><strong>Honza \u0160indl\u00e1\u0159<\/strong><\/span> dob\u011bhl 6., \u0161\u00e9f stavebn\u00ed firmy STAVKOM (jeden z na\u0161ich kl\u00ed\u010dov\u00fdch sponzor\u016f) <span style=\"color: #800000;\"><strong>Pavel Zatloukal<\/strong><\/span> bral m\u00edsto t\u011bsn\u011b za n\u00edm a do &#8222;des\u00edtky&#8220; to st\u00edhal prosadit i <strong><span style=\"color: #800000;\">Franta Pad\u011bra<\/span><\/strong>! A pr\u00e1v\u011b posledn\u011b jmenovan\u00fd, \u00a0na\u0161e klidn\u00e1 s\u00edla Franta Pad\u011bra, stihl \u00a0na Ko\u0159enci nafotit je\u0161t\u011b i\u00a0<strong><a href=\"http:\/\/moravecteam.rajce.idnes.cz\/2017.02.04_Korenecka_lyze\/\">mini foto &#8211; galerii<\/a><\/strong>&#8230; D\u00edky moc Franto! No a tu\u0165 <strong><a href=\"https:\/\/www.lyzarsketrasy.cz\/obrazky\/novinky\/2017-02-04_Korenecka_lyze_-_VYSLEDKY.pdf\">&#8222;ho\u010fte voko na vysledke&#8220;<\/a><\/strong>&#8230;<\/p>\n","protected":false},"excerpt":{"rendered":"<p>Ur\u010dit\u011b by jich mohlo b\u00fdt v\u00edc, kdyby ne\u010dekan\u011b, tento p\u011bkn\u00fd z\u00e1vod z\u016fstal &#8211; k m\u00e9mu velk\u00e9mu p\u0159ekvapen\u00ed a zklam\u00e1n\u00ed z\u00e1rove\u0148 &#8211; stranou z\u00e1jmu borc\u016f a borek MORAVEC Teamu&#8230; \u017de n\u00e1s n\u00e1s bude z\u00e1vodit na Ko\u0159enci pouho &#8211; pouh\u00fdch dev\u011bt a z toho p\u011bt dosp\u011bl\u00fdch (tj. z na\u0161\u00ed d\u011btsk\u00e9 skupiny, kter\u00e1 se \u010d\u00edt\u00e1 na des\u00edtky, tak &hellip; <a href=\"https:\/\/www.moravecteam.cz\/?p=7177\" class=\"more-link\">Pokra\u010dov\u00e1n\u00ed textu <span class=\"screen-reader-text\">P\u011bt &#8222;placek&#8220; z Ko\u0159ence..!<\/span> <span class=\"meta-nav\">&rarr;<\/span><\/a><\/p>\n","protected":false},"author":3,"featured_media":7182,"comment_status":"open","ping_status":"closed","sticky":false,"template":"","format":"standard","meta":[],"categories":[1],"tags":[],"_links":{"self":[{"href":"https:\/\/www.moravecteam.cz\/index.php?rest_route=\/wp\/v2\/posts\/7177"}],"collection":[{"href":"https:\/\/www.moravecteam.cz\/index.php?rest_route=\/wp\/v2\/posts"}],"about":[{"href":"https:\/\/www.moravecteam.cz\/index.php?rest_route=\/wp\/v2\/types\/post"}],"author":[{"embeddable":true,"href":"https:\/\/www.moravecteam.cz\/index.php?rest_route=\/wp\/v2\/users\/3"}],"replies":[{"embeddable":true,"href":"https:\/\/www.moravecteam.cz\/index.php?rest_route=%2Fwp%2Fv2%2Fcomments&post=7177"}],"version-history":[{"count":11,"href":"https:\/\/www.moravecteam.cz\/index.php?rest_route=\/wp\/v2\/posts\/7177\/revisions"}],"predecessor-version":[{"id":7192,"href":"https:\/\/www.moravecteam.cz\/index.php?rest_route=\/wp\/v2\/posts\/7177\/revisions\/7192"}],"wp:featuredmedia":[{"embeddable":true,"href":"https:\/\/www.moravecteam.cz\/index.php?rest_route=\/wp\/v2\/media\/7182"}],"wp:attachment":[{"href":"https:\/\/www.moravecteam.cz\/index.php?rest_route=%2Fwp%2Fv2%2Fmedia&parent=7177"}],"wp:term":[{"taxonomy":"category","embeddable":true,"href":"https:\/\/www.moravecteam.cz\/index.php?rest_route=%2Fwp%2Fv2%2Fcategories&post=7177"},{"taxonomy":"post_tag","embeddable":true,"href":"https:\/\/www.moravecteam.cz\/index.php?rest_route=%2Fwp%2Fv2%2Ftags&post=7177"}],"curies":[{"name":"wp","href":"https:\/\/api.w.org\/{rel}","templated":true}]}}