{"id":7193,"date":"2017-02-05T21:53:21","date_gmt":"2017-02-05T20:53:21","guid":{"rendered":"http:\/\/www.moravecteam.cz\/?p=7193"},"modified":"2017-02-05T21:58:20","modified_gmt":"2017-02-05T20:58:20","slug":"co-se-bude-dit-st-06","status":"publish","type":"post","link":"https:\/\/www.moravecteam.cz\/?p=7193","title":{"rendered":"Co se bude d\u00edt? (ST06)"},"content":{"rendered":"<h5><strong><span style=\"color: #800000;\">St\u0159eda 8.2. 2017<\/span><\/strong><\/h5>\n<p style=\"text-align: justify;\">P\u00e1t\u00fdm cvi\u010den\u00edm v r. 2017 d\u011bt\u00ed do 12-ti let v bene\u0161ovsk\u00e9 t\u011blocvi\u010dn\u011b budou v\u00a0r\u00e1mci pokra\u010duj\u00edc\u00ed zimn\u00ed p\u0159\u00edpravy. &#8222;Koudelkovy kapky&#8220;, kter\u00e9 bude d\u00e1vkovat, \u00a0Petr\u00a0\u00a0\u00a0a &#8222;mrskat&#8220; s\u00a0sebou budeme tradi\u010dn\u011b od 16.30 do 18.30 hodin.<\/p>\n<h5><span style=\"color: #800000;\">P\u00e1tek 10.2. 2017<\/span><\/h5>\n<p style=\"text-align: justify;\">P\u00e1t\u00e9 cvi\u010den\u00ed v r. 2017 v bene\u0161ovsk\u00e9 t\u011blocvi\u010dn\u011b v r\u00e1mci zimn\u00ed p\u0159\u00edpravy &#8211; ob\u00e1van\u00e9 &#8222;Prudkov\u00e9 kapky&#8220;. Cvi\u010den\u00ed povede \u00a0Iv\u010da Prudkov\u00e1,\u00a0 a &#8222;mrskat&#8220; s sebou budeme od 18.00 do 20.00 hodin.<\/p>\n<h5><span style=\"color: #800000;\"><strong>Sobota 11.2. 2017<\/strong><\/span><\/h5>\n<p style=\"text-align: justify;\">Dal\u0161\u00ed z\u00e1vod Brn\u011bnsk\u00e9ho b\u011b\u017eeck\u00e9ho poh\u00e1ru &#8211; &#8222;R\u00e1je\u010dkovsk\u00e1 des\u00edtka&#8220; v R\u00e1je\u010dku u Blanska, \u00da\u010dast a dopravu si ka\u017ed\u00fd zaji\u0161\u0165uje s\u00e1m! Sem mrkn\u011bte na <strong><a href=\"http:\/\/www.atletikauni.cz\/cz\/s1522\/Kalendar-akci\/Seznam-akci\/c2130-Detail-akce\/ata358-BBP-7-Rajecka-desitka\">propozice<\/a><\/strong>.<\/p>\n","protected":false},"excerpt":{"rendered":"<p>St\u0159eda 8.2. 2017 P\u00e1t\u00fdm cvi\u010den\u00edm v r. 2017 d\u011bt\u00ed do 12-ti let v bene\u0161ovsk\u00e9 t\u011blocvi\u010dn\u011b budou v\u00a0r\u00e1mci pokra\u010duj\u00edc\u00ed zimn\u00ed p\u0159\u00edpravy. &#8222;Koudelkovy kapky&#8220;, kter\u00e9 bude d\u00e1vkovat, \u00a0Petr\u00a0\u00a0\u00a0a &#8222;mrskat&#8220; s\u00a0sebou budeme tradi\u010dn\u011b od 16.30 do 18.30 hodin. P\u00e1tek 10.2. 2017 P\u00e1t\u00e9 cvi\u010den\u00ed v r. 2017 v bene\u0161ovsk\u00e9 t\u011blocvi\u010dn\u011b v r\u00e1mci zimn\u00ed p\u0159\u00edpravy &#8211; ob\u00e1van\u00e9 &#8222;Prudkov\u00e9 kapky&#8220;. Cvi\u010den\u00ed &hellip; <a href=\"https:\/\/www.moravecteam.cz\/?p=7193\" class=\"more-link\">Pokra\u010dov\u00e1n\u00ed textu <span class=\"screen-reader-text\">Co se bude d\u00edt? (ST06)<\/span> <span class=\"meta-nav\">&rarr;<\/span><\/a><\/p>\n","protected":false},"author":3,"featured_media":7198,"comment_status":"open","ping_status":"closed","sticky":false,"template":"","format":"standard","meta":[],"categories":[11],"tags":[],"_links":{"self":[{"href":"https:\/\/www.moravecteam.cz\/index.php?rest_route=\/wp\/v2\/posts\/7193"}],"collection":[{"href":"https:\/\/www.moravecteam.cz\/index.php?rest_route=\/wp\/v2\/posts"}],"about":[{"href":"https:\/\/www.moravecteam.cz\/index.php?rest_route=\/wp\/v2\/types\/post"}],"author":[{"embeddable":true,"href":"https:\/\/www.moravecteam.cz\/index.php?rest_route=\/wp\/v2\/users\/3"}],"replies":[{"embeddable":true,"href":"https:\/\/www.moravecteam.cz\/index.php?rest_route=%2Fwp%2Fv2%2Fcomments&post=7193"}],"version-history":[{"count":5,"href":"https:\/\/www.moravecteam.cz\/index.php?rest_route=\/wp\/v2\/posts\/7193\/revisions"}],"predecessor-version":[{"id":7199,"href":"https:\/\/www.moravecteam.cz\/index.php?rest_route=\/wp\/v2\/posts\/7193\/revisions\/7199"}],"wp:featuredmedia":[{"embeddable":true,"href":"https:\/\/www.moravecteam.cz\/index.php?rest_route=\/wp\/v2\/media\/7198"}],"wp:attachment":[{"href":"https:\/\/www.moravecteam.cz\/index.php?rest_route=%2Fwp%2Fv2%2Fmedia&parent=7193"}],"wp:term":[{"taxonomy":"category","embeddable":true,"href":"https:\/\/www.moravecteam.cz\/index.php?rest_route=%2Fwp%2Fv2%2Fcategories&post=7193"},{"taxonomy":"post_tag","embeddable":true,"href":"https:\/\/www.moravecteam.cz\/index.php?rest_route=%2Fwp%2Fv2%2Ftags&post=7193"}],"curies":[{"name":"wp","href":"https:\/\/api.w.org\/{rel}","templated":true}]}}