{"id":7227,"date":"2017-02-09T22:24:53","date_gmt":"2017-02-09T21:24:53","guid":{"rendered":"http:\/\/www.moravecteam.cz\/?p=7227"},"modified":"2017-02-09T23:11:27","modified_gmt":"2017-02-09T22:11:27","slug":"kdyz-odejde-kamarad","status":"publish","type":"post","link":"https:\/\/www.moravecteam.cz\/?p=7227","title":{"rendered":"Kdy\u017e odejde kamar\u00e1d&#8230;"},"content":{"rendered":"<p style=\"text-align: justify;\"><span style=\"color: #000000;\"><strong>Loni na podzim byl odd\u00edl ve smutku, kdy\u017e jsme se museli rozlou\u010dit s p\u0159ed\u010dasn\u011b zesnul\u00fdm Standou Kov\u00e1\u0159em, kter\u00fd st\u00e1l u prvn\u00edch z\u00e1vodnick\u00fdch aktivit MORAVCE a i u jeho prvn\u00edch \u00fasp\u011bch\u016f a\u0165 u\u017e na region\u00e1ln\u00ed \u010di n\u00e1rodn\u00ed \u00farovni. Minul\u00fd p\u00e1tek n\u00e1s p\u0159i pravideln\u00e9m tr\u00e9ninkov\u00e9m podve\u010deru v bene\u0161ovsk\u00e9 t\u011blocvi\u010dn\u011b zas\u00e1hla jako onen pov\u011bstn\u00fd blesk z \u010dist\u00e9ho nebe dal\u0161\u00ed smutn\u00e1 zpr\u00e1va o \u00famrt\u00ed na\u0161eho kamar\u00e1da&#8230;<\/strong><\/span><\/p>\n<p style=\"text-align: justify;\"><a href=\"http:\/\/www.moravecteam.cz\/?attachment_id=7233\" rel=\"attachment wp-att-7233\"><img decoding=\"async\" loading=\"lazy\" class=\"size-full wp-image-7233 alignright\" title=\"Dalo docela fu\u0161ku naj\u00edt fotku n\u011bkoho, kdo fotky po v\u011bt\u0161inu \u017eivota d\u011blal... Takhle Lojz\u00edka vyfotil pravd\u011bpodobn\u011b Karel V\u0161etula p\u0159i stopov\u00e1n\u00ed YETTI 22. b\u0159ezna 2015.\" alt=\"DSCN2099\" src=\"http:\/\/www.moravecteam.cz\/wp-content\/uploads\/2017\/02\/DSCN2099.jpg\" width=\"252\" height=\"400\" srcset=\"https:\/\/www.moravecteam.cz\/wp-content\/uploads\/2017\/02\/DSCN2099.jpg 252w, https:\/\/www.moravecteam.cz\/wp-content\/uploads\/2017\/02\/DSCN2099-189x300.jpg 189w\" sizes=\"(max-width: 252px) 100vw, 252px\" \/><\/a>Ve v\u011bku nedo\u017eit\u00fdch 71 let n\u00e1s ten t\u0159et\u00ed \u00fanorov\u00fd den leto\u0161n\u00edho roku n\u00e1hle a vskutku ne\u010dekan\u011b opustil pan <span style=\"color: #800000;\"><strong>Alois Krkavec<\/strong><\/span>&#8230; Pro ty z V\u00e1s, kte\u0159\u00ed nejsou s n\u00e1mi od sam\u00e9ho po\u010d\u00e1tku fungov\u00e1n\u00ed odd\u00edlu, stru\u010dn\u011b p\u0159ipomenu, o koho se vlastn\u011b jedn\u00e1&#8230; Lojza byl po l\u00e9ta supr fotografem a kameramanem v obci Bene\u0161ov\u011b a logicky od vzniku odd\u00edlu MORAVEC (p\u0159ipomenu ono historick\u00e9 datum a m\u00edsto &#8211; 7. \u010dervna 2002 &#8211; tehdej\u0161\u00ed velk\u00e1 zasedac\u00ed s\u00ed\u0148 Ob\u00da Bene\u0161ov, dnes je tam knihovna), n\u00e1s m\u011bl &#8211; k na\u0161\u00ed radosti &#8211; vytrvale &#8222;na mu\u0161ce&#8220; sv\u00e9ho objektivu, \u010di kamery&#8230; Zcela nezji\u0161tn\u011b, automaticky a bez nutnosti upozor\u0148ov\u00e1n\u00ed n\u00e1s fotil, nahr\u00e1val &#8211; a\u0165 u\u017e jsme po\u0159\u00e1dali a z\u00e1vodili na dom\u00e1c\u00ed MTB Velk\u00e9 cen\u011b Bene\u0161ova, nebo jsme pr\u00e1v\u011b vyrazili po stop\u00e1ch YETTI, nebo jsme tan\u010dili a bavili se v r\u00e1mci odd\u00edlov\u00fdch ples\u016f, nebo jsme pou\u0161t\u011bli p\u0159i po\u0159\u00e1d\u00e1n\u00ed akce Drakec &#8211; MORAVEC na podzim na Pavlov\u011b pap\u00edrov\u00e9 dr\u00e1\u010dky a draky&#8230; Podkud si dob\u0159e vzpom\u00edn\u00e1m, naposled n\u00e1s <strong><a href=\"http:\/\/moravecteam.rajce.idnes.cz\/2016.12.03_Mikulasska_nadilka\/\">zdokumentoval loni 3. prosince<\/a><\/strong>, kdy jsme se poprv\u00e9 pod\u00edleli na uspo\u0159\u00e1d\u00e1n\u00ed Mikul\u00e1\u0161sk\u00e9 nad\u00edlky pro d\u011bti &#8211; u Pavlovsk\u00e9 kapli\u010dky&#8230; <strong><span style=\"color: #800000;\">Lojzo, diky moc za v\u0161e, co jsi (nejen) pro MORAVEC kdy ud\u011blal..! Nikdy na Tvoji pr\u00e1ci a v\u011b\u0159, \u017ee na Tebe, jako \u010cLOV\u011aKA nezapomeneme..!<\/span><\/strong> A pros\u00edm, pozdrav tam NA HO\u0158E od n\u00e1s Vlast\u00edka&#8230; (Pros\u00edm, po\u0161li n\u00e1m jeho aktu\u00e1ln\u00ed foto, m\u016fj e-mail zn\u00e1\u0161&#8230;)&#8230; \u00a0S Lojzou se rozlou\u010d\u00edme tuto sobotu&#8230;\u00a0<strong><a href=\"http:\/\/www.moravecteam.cz\/?attachment_id=7228\" rel=\"attachment wp-att-7228\">Alois<\/a><a href=\"http:\/\/www.moravecteam.cz\/?attachment_id=7228\" rel=\"attachment wp-att-7228\"> Krkavec<\/a><\/strong>&#8230; Budete-li m\u00edt \u010das, p\u0159ij\u010fte&#8230; V\u011b\u0159te mi nebo ne, ale u psan\u00ed t\u011bchto \u0159\u00e1dk\u016f slz\u00edm, posmrk\u00e1v\u00e1m&#8230; Bez n\u011bkter\u00fdch lid\u00ed si um\u00edm dal\u0161\u00ed \u017eivot p\u0159edstavit dost t\u011b\u017eko&#8230;<strong><br \/>\n<\/strong><\/p>\n<p>&nbsp;<\/p>\n<p>&nbsp;<\/p>\n","protected":false},"excerpt":{"rendered":"<p>Loni na podzim byl odd\u00edl ve smutku, kdy\u017e jsme se museli rozlou\u010dit s p\u0159ed\u010dasn\u011b zesnul\u00fdm Standou Kov\u00e1\u0159em, kter\u00fd st\u00e1l u prvn\u00edch z\u00e1vodnick\u00fdch aktivit MORAVCE a i u jeho prvn\u00edch \u00fasp\u011bch\u016f a\u0165 u\u017e na region\u00e1ln\u00ed \u010di n\u00e1rodn\u00ed \u00farovni. Minul\u00fd p\u00e1tek n\u00e1s p\u0159i pravideln\u00e9m tr\u00e9ninkov\u00e9m podve\u010deru v bene\u0161ovsk\u00e9 t\u011blocvi\u010dn\u011b zas\u00e1hla jako onen pov\u011bstn\u00fd blesk z \u010dist\u00e9ho nebe &hellip; <a href=\"https:\/\/www.moravecteam.cz\/?p=7227\" class=\"more-link\">Pokra\u010dov\u00e1n\u00ed textu <span class=\"screen-reader-text\">Kdy\u017e odejde kamar\u00e1d&#8230;<\/span> <span class=\"meta-nav\">&rarr;<\/span><\/a><\/p>\n","protected":false},"author":3,"featured_media":7238,"comment_status":"open","ping_status":"closed","sticky":false,"template":"","format":"standard","meta":[],"categories":[13],"tags":[],"_links":{"self":[{"href":"https:\/\/www.moravecteam.cz\/index.php?rest_route=\/wp\/v2\/posts\/7227"}],"collection":[{"href":"https:\/\/www.moravecteam.cz\/index.php?rest_route=\/wp\/v2\/posts"}],"about":[{"href":"https:\/\/www.moravecteam.cz\/index.php?rest_route=\/wp\/v2\/types\/post"}],"author":[{"embeddable":true,"href":"https:\/\/www.moravecteam.cz\/index.php?rest_route=\/wp\/v2\/users\/3"}],"replies":[{"embeddable":true,"href":"https:\/\/www.moravecteam.cz\/index.php?rest_route=%2Fwp%2Fv2%2Fcomments&post=7227"}],"version-history":[{"count":11,"href":"https:\/\/www.moravecteam.cz\/index.php?rest_route=\/wp\/v2\/posts\/7227\/revisions"}],"predecessor-version":[{"id":7241,"href":"https:\/\/www.moravecteam.cz\/index.php?rest_route=\/wp\/v2\/posts\/7227\/revisions\/7241"}],"wp:featuredmedia":[{"embeddable":true,"href":"https:\/\/www.moravecteam.cz\/index.php?rest_route=\/wp\/v2\/media\/7238"}],"wp:attachment":[{"href":"https:\/\/www.moravecteam.cz\/index.php?rest_route=%2Fwp%2Fv2%2Fmedia&parent=7227"}],"wp:term":[{"taxonomy":"category","embeddable":true,"href":"https:\/\/www.moravecteam.cz\/index.php?rest_route=%2Fwp%2Fv2%2Fcategories&post=7227"},{"taxonomy":"post_tag","embeddable":true,"href":"https:\/\/www.moravecteam.cz\/index.php?rest_route=%2Fwp%2Fv2%2Ftags&post=7227"}],"curies":[{"name":"wp","href":"https:\/\/api.w.org\/{rel}","templated":true}]}}