{"id":7244,"date":"2017-02-11T22:58:32","date_gmt":"2017-02-11T21:58:32","guid":{"rendered":"http:\/\/www.moravecteam.cz\/?p=7244"},"modified":"2017-02-12T08:54:55","modified_gmt":"2017-02-12T07:54:55","slug":"maruska-to-videla","status":"publish","type":"post","link":"https:\/\/www.moravecteam.cz\/?p=7244","title":{"rendered":"Maru\u0161ka to vid\u011bla!"},"content":{"rendered":"<p style=\"text-align: justify;\"><span style=\"color: #800000;\"><strong>Pt\u00e1te se co vlastn\u011b m\u011bla mo\u017enost zhl\u00e9dnout v p\u00e1tek v podve\u010der p\u0159edsedkyn\u011b na\u0161eho FAN Clubu, Maru\u0161ka Zouharov\u00e1, kter\u00e1 byla &#8211; jako pomysln\u00fd &#8222;supervisor&#8220; &#8211; osobn\u011b p\u0159\u00edtomna na\u0161emu dal\u0161\u00edmu tr\u00e9ninku v r\u00e1mci zimn\u00ed p\u0159\u00edpravy? Ur\u010dit\u011b musela s pot\u011b\u0161en\u00edm kvitovat nejen kvantitu cvi\u010denc\u016f, ale i kvalitu cvi\u010den\u00ed! O kvantitu cvi\u010denc\u016f se star\u00e1, podle m\u00e9ho n\u00e1zoru, rychl\u00fdm tempem se bl\u00ed\u017e\u00edc\u00ed za\u010d\u00e1tek cyklistick\u00e9 sez\u00f3ny, o kvalitu zkr\u00e1cen\u00e9ho tr\u00e9ninku se pak \u00a0&#8211; jak je ka\u017ed\u00fd p\u00e1tek v podve\u010der v bene\u0161ovsk\u00e9 t\u011blocvi\u010dn\u011b zvykem &#8211; op\u011bt vzorn\u011b postarala fenomen\u00e1ln\u00ed cvi\u010ditelka, Ivana Prudkov\u00e1.<\/strong><\/span><\/p>\n<figure id=\"attachment_7247\" aria-describedby=\"caption-attachment-7247\" style=\"width: 2000px\" class=\"wp-caption alignnone\"><a href=\"http:\/\/www.moravecteam.cz\/?attachment_id=7247\" rel=\"attachment wp-att-7247\"><img decoding=\"async\" loading=\"lazy\" class=\" wp-image-7247\" alt=\"IMG_4423\" src=\"http:\/\/www.moravecteam.cz\/wp-content\/uploads\/2017\/02\/IMG_4423.jpg\" width=\"2000\" height=\"1156\" srcset=\"https:\/\/www.moravecteam.cz\/wp-content\/uploads\/2017\/02\/IMG_4423.jpg 2000w, https:\/\/www.moravecteam.cz\/wp-content\/uploads\/2017\/02\/IMG_4423-300x173.jpg 300w, https:\/\/www.moravecteam.cz\/wp-content\/uploads\/2017\/02\/IMG_4423-1024x591.jpg 1024w\" sizes=\"(max-width: 2000px) 100vw, 2000px\" \/><\/a><figcaption id=\"caption-attachment-7247\" class=\"wp-caption-text\">Ivana op\u011bt &#8222;vyprodala s\u00e1l&#8220;&#8230; Kam se na ni aktu\u00e1ln\u011b &#8222;hrabe&#8220; v\u011bhlasn\u00e1 Suzi Quatro&#8230;<\/figcaption><\/figure>\n<p style=\"text-align: justify;\">Tr\u00e9nink byl zkr\u00e1cen\u00fd proto, \u017ee se n\u00e1s st\u0159\u00eddali o p\u016fl-ho\u010fky d\u0159\u00edv bene\u0161ov\u0161t\u00ed fotbalist\u00e9, tak\u00e9 velmi sv\u011bdomit\u011b se p\u0159ipravuj\u00edc\u00ed na svoji sez\u00f3nu, kter\u00e1 jim za\u010dne zhruba ve stejn\u00e9m \u010dase, jako n\u00e1m. Rozb\u011bh\u00e1n\u00ed velel Petr, neb Iv\u010da s p\u0159edstihem hl\u00e1sila m\u00edrn\u00e9 zpo\u017ed\u011bn\u00ed&#8230; Ale pak u\u017e z\u00e1hy p\u0159evzala neomyln\u011b svoji virtu\u00f3zn\u00ed taktovku, aby \u00a0v kr\u00e1tk\u00e9 dob\u011b za\u0159\u00eddila, \u017ee na n\u00e1s nez\u00fastala ani nit such\u00e1&#8230; Akcent na svaly na\u0161ich b\u0159i\u0161n\u00edch parti\u00ed byl op\u011bt dominantn\u00ed a m\u00edsty to bylo skute\u010dn\u011b tak (alespo\u0148 v m\u00e9m p\u0159\u00edpad\u011b ur\u010dit\u011b), \u017ee bylo t\u0159eba mobilizovat v\u0161echny s\u00edly (co\u017e v m\u00e9m p\u0159\u00edpad\u011b znamenalo nejen z\u00e1plavu potu v\u0161ude po t\u011ble, ale dvakr\u00e1t i slzy z maxim\u00e1ln\u00edho \u00fas\u00edl\u00ed v o\u010d\u00edch)&#8230; Nezah\u00e1lela v\u0161ak ani Maru\u0161ka&#8230; By\u0165 si nedovezla, jak sl\u00edbila, \u00a0tr\u00e9ninkov\u00e9 posilovac\u00ed gumov\u00e9 \u0161\u00e1ly&#8230; Leniv\u011bt jsme ji ale, samoz\u0159ejm\u011b, nenechali&#8230; V invent\u00e1\u0159i t\u011blocvi\u010dny se n\u00e1m poda\u0159ilo objevit jednu malou ru\u010dn\u00ed \u010dinku&#8230; A to Maru\u0161ce bohat\u011b sta\u010dilo&#8230; Po celou dobu &#8222;Prudkov\u00e9 kapek&#8220; posilovala vytrvale s pomoc\u00ed t\u00e9to \u010dinky, svoje ob\u011b, v pohod\u011b mobiln\u00ed, pa\u017ee! Marie &#8211; dost dobr\u00fd..!<\/p>\n<figure id=\"attachment_7250\" aria-describedby=\"caption-attachment-7250\" style=\"width: 1691px\" class=\"wp-caption alignnone\"><a href=\"http:\/\/www.moravecteam.cz\/?attachment_id=7250\" rel=\"attachment wp-att-7250\"><img decoding=\"async\" loading=\"lazy\" class=\" wp-image-7250\" alt=\"IMG_4391\" src=\"http:\/\/www.moravecteam.cz\/wp-content\/uploads\/2017\/02\/IMG_4391.jpg\" width=\"1691\" height=\"1377\" srcset=\"https:\/\/www.moravecteam.cz\/wp-content\/uploads\/2017\/02\/IMG_4391.jpg 1691w, https:\/\/www.moravecteam.cz\/wp-content\/uploads\/2017\/02\/IMG_4391-300x244.jpg 300w, https:\/\/www.moravecteam.cz\/wp-content\/uploads\/2017\/02\/IMG_4391-1024x833.jpg 1024w\" sizes=\"(max-width: 1691px) 100vw, 1691px\" \/><\/a><figcaption id=\"caption-attachment-7250\" class=\"wp-caption-text\">Maru\u0161ka p\u0159\u00edsn\u00fdm, &#8222;tuplovan\u00fdm&#8220; okem hodnot\u00ed p\u0159\u00edstup \u010dlen\u016f MORAVEC Teamu k p\u00e1te\u010dn\u00edmu tr\u00e9ninku&#8230; Jej\u00ed vysv\u011bd\u010den\u00ed pro cvi\u010dence bylo ale veskrze pozitivn\u00ed!<\/figcaption><\/figure>\n<p style=\"text-align: justify;\">Iv\u010da po kr\u00e1tk\u00e9m depu nasadila v typicky &#8222;Prudkov\u00e9m&#8220; tempu starty t\u0159\u00ed \u0161tafet a tak jako p\u0159ed t\u00edm p\u0159i klasick\u00e9m cvi\u010den\u00ed, i v t\u00e9to t\u00fdmov\u00e9 disciplin\u011b makali cvi\u010denci jako &#8222;o \u017eivot&#8220;&#8230; Jako by se p\u0159ed p\u0159edsedkyn\u00ed FAN Clubu Maru\u0161kou Zouharovou, cht\u011bli p\u0159edv\u00e9st v tom nejlep\u0161\u00edm sv\u011btle..! Mo\u017en\u00e1 bychom z tohoto pohledu m\u011bli vz\u00edt Majku do cvi\u010den\u00ed \u010dast\u011bji&#8230; A\u0165 tak \u010di tak, zkr\u00e1cen\u00fd tr\u00e9nink byl zakon\u010den &#8222;regenera\u010dn\u00ed&#8220; vybi\u0161kou&#8230; Zde <strong><a href=\"http:\/\/moravecteam.rajce.idnes.cz\/2017.02.10_Cviceni_v_telocvicne\/\">mrkn\u011bte na fotogalerii<\/a><\/strong> z p\u00e1tku, kter\u00e1 je unik\u00e1tn\u00ed historicky prvn\u00edm odd\u00edlov\u00e9m, potr\u00e9ninkov\u00e9m fotu p\u0159\u00edmo z d\u00edv\u010d\u00ed \u0161atny!<\/p>\n<p style=\"text-align: justify;\">\n","protected":false},"excerpt":{"rendered":"<p>Pt\u00e1te se co vlastn\u011b m\u011bla mo\u017enost zhl\u00e9dnout v p\u00e1tek v podve\u010der p\u0159edsedkyn\u011b na\u0161eho FAN Clubu, Maru\u0161ka Zouharov\u00e1, kter\u00e1 byla &#8211; jako pomysln\u00fd &#8222;supervisor&#8220; &#8211; osobn\u011b p\u0159\u00edtomna na\u0161emu dal\u0161\u00edmu tr\u00e9ninku v r\u00e1mci zimn\u00ed p\u0159\u00edpravy? Ur\u010dit\u011b musela s pot\u011b\u0161en\u00edm kvitovat nejen kvantitu cvi\u010denc\u016f, ale i kvalitu cvi\u010den\u00ed! O kvantitu cvi\u010denc\u016f se star\u00e1, podle m\u00e9ho n\u00e1zoru, rychl\u00fdm tempem &hellip; <a href=\"https:\/\/www.moravecteam.cz\/?p=7244\" class=\"more-link\">Pokra\u010dov\u00e1n\u00ed textu <span class=\"screen-reader-text\">Maru\u0161ka to vid\u011bla!<\/span> <span class=\"meta-nav\">&rarr;<\/span><\/a><\/p>\n","protected":false},"author":3,"featured_media":7248,"comment_status":"open","ping_status":"closed","sticky":false,"template":"","format":"standard","meta":[],"categories":[9],"tags":[],"_links":{"self":[{"href":"https:\/\/www.moravecteam.cz\/index.php?rest_route=\/wp\/v2\/posts\/7244"}],"collection":[{"href":"https:\/\/www.moravecteam.cz\/index.php?rest_route=\/wp\/v2\/posts"}],"about":[{"href":"https:\/\/www.moravecteam.cz\/index.php?rest_route=\/wp\/v2\/types\/post"}],"author":[{"embeddable":true,"href":"https:\/\/www.moravecteam.cz\/index.php?rest_route=\/wp\/v2\/users\/3"}],"replies":[{"embeddable":true,"href":"https:\/\/www.moravecteam.cz\/index.php?rest_route=%2Fwp%2Fv2%2Fcomments&post=7244"}],"version-history":[{"count":10,"href":"https:\/\/www.moravecteam.cz\/index.php?rest_route=\/wp\/v2\/posts\/7244\/revisions"}],"predecessor-version":[{"id":7258,"href":"https:\/\/www.moravecteam.cz\/index.php?rest_route=\/wp\/v2\/posts\/7244\/revisions\/7258"}],"wp:featuredmedia":[{"embeddable":true,"href":"https:\/\/www.moravecteam.cz\/index.php?rest_route=\/wp\/v2\/media\/7248"}],"wp:attachment":[{"href":"https:\/\/www.moravecteam.cz\/index.php?rest_route=%2Fwp%2Fv2%2Fmedia&parent=7244"}],"wp:term":[{"taxonomy":"category","embeddable":true,"href":"https:\/\/www.moravecteam.cz\/index.php?rest_route=%2Fwp%2Fv2%2Fcategories&post=7244"},{"taxonomy":"post_tag","embeddable":true,"href":"https:\/\/www.moravecteam.cz\/index.php?rest_route=%2Fwp%2Fv2%2Ftags&post=7244"}],"curies":[{"name":"wp","href":"https:\/\/api.w.org\/{rel}","templated":true}]}}