{"id":7259,"date":"2017-02-12T22:50:47","date_gmt":"2017-02-12T21:50:47","guid":{"rendered":"http:\/\/www.moravecteam.cz\/?p=7259"},"modified":"2017-02-12T23:01:48","modified_gmt":"2017-02-12T22:01:48","slug":"co-se-bude-dit-st07-2","status":"publish","type":"post","link":"https:\/\/www.moravecteam.cz\/?p=7259","title":{"rendered":"Co se bude d\u00edt? (ST07)"},"content":{"rendered":"<h5><span style=\"color: #800000;\">St\u0159eda 15.2. 2017<\/span><\/h5>\n<p style=\"text-align: justify;\">\u0160est\u00fdm cvi\u010den\u00edm v r. 2017 d\u011bt\u00ed do 12-ti let v bene\u0161ovsk\u00e9 t\u011blocvi\u010dn\u011b budou v\u00a0r\u00e1mci pokra\u010duj\u00edc\u00ed zimn\u00ed p\u0159\u00edpravy. &#8222;Koudelkovy kapky&#8220;, kter\u00e9 bude d\u00e1vkovat, \u00a0Petr\u00a0\u00a0\u00a0a &#8222;mrskat&#8220; s\u00a0sebou budeme tradi\u010dn\u011b od 16.30 do 18.30 hodin.<\/p>\n<h5><span style=\"color: #800000;\">P\u00e1tek 17.2. 2017<\/span><\/h5>\n<p style=\"text-align: justify;\">\u0160est\u00e9 cvi\u010den\u00ed v r. 2017 v bene\u0161ovsk\u00e9 t\u011blocvi\u010dn\u011b v r\u00e1mci zimn\u00ed p\u0159\u00edpravy &#8211; ob\u00e1van\u00e9 &#8222;Prudkov\u00e9 kapky&#8220;. Cvi\u010den\u00ed povede \u00a0Iv\u010da Prudkov\u00e1,\u00a0 a &#8222;mrskat&#8220; s sebou budeme od 18.00 do 20.00 hodin.<\/p>\n<h5><span style=\"color: #800000;\">Sobota 18.2. 2017<\/span><\/h5>\n<p style=\"text-align: justify;\">Letos poprv\u00e9 se pono\u0159\u00edme do vln boskovick\u00fdch l\u00e1zn\u00ed. Rezervovanou m\u00e1me hodinu od 13.00 do 14.00. D\u011btem do 18-ti let hrad\u00ed l\u00e1zn\u011b odd\u00ed, dosp\u011bl\u00ed uhrad\u00ed po akci za l\u00e1zn\u011b 50.- K\u010d. Nezapome\u0148te si s sebou vz\u00edt desetikorunovou minci na sk\u0159\u00ed\u0148ku v \u0161atn\u011b!<\/p>\n","protected":false},"excerpt":{"rendered":"<p>St\u0159eda 15.2. 2017 \u0160est\u00fdm cvi\u010den\u00edm v r. 2017 d\u011bt\u00ed do 12-ti let v bene\u0161ovsk\u00e9 t\u011blocvi\u010dn\u011b budou v\u00a0r\u00e1mci pokra\u010duj\u00edc\u00ed zimn\u00ed p\u0159\u00edpravy. &#8222;Koudelkovy kapky&#8220;, kter\u00e9 bude d\u00e1vkovat, \u00a0Petr\u00a0\u00a0\u00a0a &#8222;mrskat&#8220; s\u00a0sebou budeme tradi\u010dn\u011b od 16.30 do 18.30 hodin. P\u00e1tek 17.2. 2017 \u0160est\u00e9 cvi\u010den\u00ed v r. 2017 v bene\u0161ovsk\u00e9 t\u011blocvi\u010dn\u011b v r\u00e1mci zimn\u00ed p\u0159\u00edpravy &#8211; ob\u00e1van\u00e9 &#8222;Prudkov\u00e9 kapky&#8220;. Cvi\u010den\u00ed &hellip; <a href=\"https:\/\/www.moravecteam.cz\/?p=7259\" class=\"more-link\">Pokra\u010dov\u00e1n\u00ed textu <span class=\"screen-reader-text\">Co se bude d\u00edt? (ST07)<\/span> <span class=\"meta-nav\">&rarr;<\/span><\/a><\/p>\n","protected":false},"author":3,"featured_media":7285,"comment_status":"open","ping_status":"closed","sticky":false,"template":"","format":"standard","meta":[],"categories":[11],"tags":[],"_links":{"self":[{"href":"https:\/\/www.moravecteam.cz\/index.php?rest_route=\/wp\/v2\/posts\/7259"}],"collection":[{"href":"https:\/\/www.moravecteam.cz\/index.php?rest_route=\/wp\/v2\/posts"}],"about":[{"href":"https:\/\/www.moravecteam.cz\/index.php?rest_route=\/wp\/v2\/types\/post"}],"author":[{"embeddable":true,"href":"https:\/\/www.moravecteam.cz\/index.php?rest_route=\/wp\/v2\/users\/3"}],"replies":[{"embeddable":true,"href":"https:\/\/www.moravecteam.cz\/index.php?rest_route=%2Fwp%2Fv2%2Fcomments&post=7259"}],"version-history":[{"count":4,"href":"https:\/\/www.moravecteam.cz\/index.php?rest_route=\/wp\/v2\/posts\/7259\/revisions"}],"predecessor-version":[{"id":7284,"href":"https:\/\/www.moravecteam.cz\/index.php?rest_route=\/wp\/v2\/posts\/7259\/revisions\/7284"}],"wp:featuredmedia":[{"embeddable":true,"href":"https:\/\/www.moravecteam.cz\/index.php?rest_route=\/wp\/v2\/media\/7285"}],"wp:attachment":[{"href":"https:\/\/www.moravecteam.cz\/index.php?rest_route=%2Fwp%2Fv2%2Fmedia&parent=7259"}],"wp:term":[{"taxonomy":"category","embeddable":true,"href":"https:\/\/www.moravecteam.cz\/index.php?rest_route=%2Fwp%2Fv2%2Fcategories&post=7259"},{"taxonomy":"post_tag","embeddable":true,"href":"https:\/\/www.moravecteam.cz\/index.php?rest_route=%2Fwp%2Fv2%2Ftags&post=7259"}],"curies":[{"name":"wp","href":"https:\/\/api.w.org\/{rel}","templated":true}]}}