{"id":7289,"date":"2017-02-14T23:50:41","date_gmt":"2017-02-14T22:50:41","guid":{"rendered":"http:\/\/www.moravecteam.cz\/?p=7289"},"modified":"2017-02-15T23:04:31","modified_gmt":"2017-02-15T22:04:31","slug":"co-se-zase-sustlo","status":"publish","type":"post","link":"https:\/\/www.moravecteam.cz\/?p=7289","title":{"rendered":"Co se zase \u0161ustlo?"},"content":{"rendered":"<p style=\"text-align: justify;\"><strong><span style=\"color: #800000;\">Po\u0159\u00e1d se n\u011bco d\u011bje&#8230; A u MORAVC\u016e to plat\u00ed dvoj-troj, n\u011bkdy i \u010dty\u0159n\u00e1sob! I v tomto, pro cyklisty je\u0161t\u011b st\u00e1le relativn\u011b poklidn\u00e9m \u010dase, kter\u00e9mu by se dalo \u0159\u00edkat on\u00edm p\u0159il\u00e9hav\u00fdm n\u00e1zvem: &#8222;okurkov\u00e1 sez\u00f3na&#8220;&#8230; A tak n\u00ed\u017ee ve \u010dty\u0159ech odsatvc\u00edch \u00a0mrkn\u011bte a zjist\u00edte \u017ee: Maru\u0161ka Zouharov\u00e1 dok\u00e1\u017ee b\u00fdt ak\u010dn\u00ed nejenom s n\u00e1mi v t\u011blocvi\u010dn\u011b&#8230; \u017de se n\u00e1m poda\u0159ilo z\u00edskat do &#8222;Vlastova \u0161upl\u00edku&#8220; dal\u0161\u00ed cenn\u00fd exempl\u00e1\u0159&#8230; \u017de &#8222;dolnolhotsk\u00e1&#8220; dvoj\u010data \u00a0jsou nejen \u0161ikovn\u00e1 na byciklu&#8230; \u017de Nurtrend Specialized Team m\u011bl u\u017e taky prvn\u00ed t\u00fdmovou &#8222;slezinu&#8220; a \u017ee&#8230; Ale to u\u017e by snad informa\u010dn\u011b pro tuto aktualitu zat\u00edm sta\u010dilo&#8230; Na ostatn\u00ed &#8222;\u0161ustky&#8220; mrkn\u011bte zase n\u011bkdy p\u0159\u00ed\u0161t\u011b&#8230; (&#8222;&#8230;sl\u00edb\u00ed si a v davu zmiz\u00ed &#8211; p\u0159\u00ed\u0161t\u011b..!)&#8230; (Hudba-text &#8211; Katapult- minul\u00e9 stolet\u00ed, samoz\u0159ejm\u011b&#8230;).<\/span><\/strong><\/p>\n<h5><span style=\"color: #800000;\">Ak\u010dn\u00ed Maru\u0161ka<\/span><\/h5>\n<p style=\"text-align: justify;\">P\u0159edsedkyn\u011b na\u0161eho FAN &#8211; Clubu,\u00a0<strong><span style=\"color: #800000;\">Maru\u0161ka Zouharov\u00e1<\/span><\/strong>, kter\u00e1 si s n\u00e1mi velice sympaticky &#8222;st\u0159ihla&#8220; minul\u00fd p\u00e1tek pov\u011bstn\u00e9 <strong><a href=\"http:\/\/moravecteam.rajce.idnes.cz\/2017.02.10_Cviceni_v_telocvicne\/\">&#8222;Prudkov\u00e9 kapky&#8220;<\/a><\/strong>, a kter\u00e1 n\u00e1s v sobotu doprovod\u00ed i do vln\u00a0<a href=\"http:\/\/www.moravecteam.cz\/?attachment_id=7293\" rel=\"attachment wp-att-7293\"><img decoding=\"async\" loading=\"lazy\" class=\"alignleft\" title=\"Maru\u0161ka v pozici, v jak\u00e9 na ni skute\u010dn\u011b nejsme zvykl\u00ed:  ve stoje! A i p\u0159i tomto tr\u00e9ninku si vede velice zdatn\u011b!\" alt=\"01a\" src=\"http:\/\/www.moravecteam.cz\/wp-content\/uploads\/2017\/02\/01a.jpg\" width=\"209\" height=\"350\" \/><\/a>boskovick\u00fdch l\u00e1zn\u00ed, je v\u00fdrazn\u011b pohybov\u011b ak\u010dn\u00ed i v r\u00e1mci sv\u00e9ho pobytu v denn\u00edm stacion\u00e1\u0159i Betany Boskovice. Klienti, v\u010detn\u011b na\u0161\u00ed Maru\u0161ky, se zde m\u016f\u017eou t\u011b\u0161it z docela \u0161pi\u010dkov\u00e9ho vybaven\u00ed z hlediska mo\u017enosti procvi\u010dov\u00e1n\u00ed pohybov\u00e9ho \u00fastroj\u00ed. A pr\u00e1v\u011b Maru\u0161ka, je ve vyu\u017e\u00edv\u00e1n\u00ed t\u011bchto trena\u017e\u00e9r\u016f &#8211; k na\u0161\u00ed velk\u00e9 radosti &#8211; velmi piln\u00e1! A\u0165 u\u017e p\u0159i cvi\u010den\u00ed na za\u0159\u00edzen\u00ed, kter\u00e9 j\u00ed umo\u017e\u0148uje tr\u00e9novat vzp\u0159\u00edmen\u00fd postoj, nebo na zn\u00e1m\u00e9 tr\u00e9ninkov\u00e9 pom\u016fcce, kterou uzn\u00e1vaj\u00ed v\u0161ichni cyklist\u00e9 bez v\u00fdjimky, a kter\u00e9 se \u0159\u00edk\u00e1 &#8211; prost\u011b &#8211; rotoped&#8230; K Maru\u0161ce m\u00ed\u0159\u00ed na\u0161e velk\u00e1 pochvala a uzn\u00e1n\u00ed z\u00e1rove\u0148! A \u017ee se v Betany netr\u00e9nuje jen tak &#8222;z B\u016fh darma&#8220;, n\u00fdbr\u017e veskrze systematicky, o tom sv\u011bd\u010d\u00ed tento Maru\u0161\u010din tr\u00e9ninkov\u00fd z\u00e1znam:\u00a0<strong><a href=\"http:\/\/www.moravecteam.cz\/?attachment_id=7309\" rel=\"attachment wp-att-7309\">Maru\u0161ka-tr\u00e9ninkov\u00fd z\u00e1znam<\/a><\/strong><\/p>\n<figure id=\"attachment_7292\" aria-describedby=\"caption-attachment-7292\" style=\"width: 2634px\" class=\"wp-caption alignnone\"><a href=\"http:\/\/www.moravecteam.cz\/?attachment_id=7292\" rel=\"attachment wp-att-7292\"><img decoding=\"async\" loading=\"lazy\" class=\" wp-image-7292  \" alt=\"OLYMPUS DIGITAL CAMERA\" src=\"http:\/\/www.moravecteam.cz\/wp-content\/uploads\/2017\/02\/02.jpg\" width=\"2634\" height=\"2099\" srcset=\"https:\/\/www.moravecteam.cz\/wp-content\/uploads\/2017\/02\/02.jpg 2634w, https:\/\/www.moravecteam.cz\/wp-content\/uploads\/2017\/02\/02-300x239.jpg 300w, https:\/\/www.moravecteam.cz\/wp-content\/uploads\/2017\/02\/02-1024x816.jpg 1024w\" sizes=\"(max-width: 2634px) 100vw, 2634px\" \/><\/a><figcaption id=\"caption-attachment-7292\" class=\"wp-caption-text\">Maru\u0161ka Zouharov\u00e1 &#8211; na rotopedu &#8222;na pln\u00fd pecky&#8220;!<\/figcaption><\/figure>\n<h5 style=\"text-align: justify;\"><span style=\"color: #800000;\">Dal\u0161\u00ed \u00falovek do &#8222;Vlastova \u0161upl\u00edku&#8220;<\/span><\/h5>\n<p style=\"text-align: justify;\">Drnovick\u00fd\u00a0<strong><span style=\"color: #800000;\">Franti\u0161ek Pad\u011bra<\/span><\/strong>, jedna z veter\u00e1nsk\u00fdch hv\u011bzd lo\u0148sk\u00e9ho jubilejn\u00edho 15. ro\u010dn\u00edku presti\u017en\u00edho MTB Poh\u00e1ru\u00a0Drahansk\u00e9 vrchoviny, je \u010dlenem MORAVEC Teamu sice velmi kr\u00e1tce, ale z jeho velice aktivn\u00edho zapojen\u00ed se do odd\u00edlov\u00e9ho \u017eit\u00ed m\u00e1me velkou <a href=\"http:\/\/www.moravecteam.cz\/?attachment_id=7296\" rel=\"attachment wp-att-7296\"><img decoding=\"async\" loading=\"lazy\" class=\"size-full wp-image-7296 alignright\" title=\"V \u010dase 47 hodin, 27 minut a 42 vte\u0159in dokon\u010dil v r. 1971 Z\u00e1vod m\u00edru Vlastimil MORAVEC na 14. m\u00edst\u011b.\" alt=\"IMG_20170214_0002a\" src=\"http:\/\/www.moravecteam.cz\/wp-content\/uploads\/2017\/02\/IMG_20170214_0002a.jpg\" width=\"176\" height=\"350\" \/><\/a>radost! Franta je v pravd\u011b \u0159e\u010deno, na\u0161e &#8222;krevn\u00ed skupina&#8220; a asi jsme se vz\u00e1jemn\u011b hledali, a\u017e jsem se &#8211; na\u0161li..! To on n\u00e1m poskytnul kompletn\u00edch 52 \u010d\u00edsel t\u00fdden\u00edku Stadion, ro\u010dn\u00edk 1971 no a n\u00e1m u\u017e nedalo zas tolik pr\u00e1ce, dohledat v tomto svazku cenn\u00e9 informace, t\u00fdkaj\u00edc\u00ed se (nejen) na\u0161eho <strong><span style=\"color: #800000;\">Vlastimila MORAVCE<\/span><\/strong>! Nejcenn\u011bj\u0161\u00ed je asi n\u00ed\u017ee uv\u00e1d\u011bn\u00e1 fotka silni\u010d\u00e1\u0159sk\u00e9ho reprezenta\u010dn\u00edho v\u00fdb\u011bru legend\u00e1rn\u00edho tren\u00e9ra Kamila Ha\u0165apky, kter\u00fd tehdy vedl \u010ceskoslovensk\u00fd v\u00fdb\u011br \u00a0na presti\u017en\u00edm \u00a0Z\u00e1vod\u011b M\u00edru. Krom\u011b\u00a0Vlastimila MORAVCE\u00a0(druh\u00fd zleva) pozn\u00e1v\u00e1me na fotce i na\u0161eho sou\u010dasn\u00e9ho kamar\u00e1da a tehdy kapit\u00e1na Ha\u0165apkova v\u00fdb\u011bru a republikov\u00e9ho silni\u010dn\u00edho \u0161ampiona z tohoto roku &#8211; &#8222;Piccola El Banditu&#8220;\u00a0<strong><span style=\"color: #800000;\">Rudlu Labuse\u00a0\u00a0<\/span> <\/strong>(zcela vpravo). Franto &#8211; moc d\u011bkujeme! Dal\u0161\u00ed dokumenty &#8222;vypitvan\u00e9&#8220; ze svazku t\u00fdden\u00edku Stadion, ro\u010dn\u00edk 1971 \u010dasem omrkn\u011bte v rubrice Vlast\u016fv \u0161upl\u00edk.<\/p>\n<figure id=\"attachment_7294\" aria-describedby=\"caption-attachment-7294\" style=\"width: 1802px\" class=\"wp-caption alignnone\"><a style=\"background-color: transparent; text-align: left; font-size: 16px;\" href=\"http:\/\/www.moravecteam.cz\/?attachment_id=7294\" rel=\"attachment wp-att-7294\"><img decoding=\"async\" loading=\"lazy\" class=\" wp-image-7294\" alt=\"IMG_20170214_0002\" src=\"http:\/\/www.moravecteam.cz\/wp-content\/uploads\/2017\/02\/IMG_20170214_0002.jpg\" width=\"1802\" height=\"1051\" srcset=\"https:\/\/www.moravecteam.cz\/wp-content\/uploads\/2017\/02\/IMG_20170214_0002.jpg 1802w, https:\/\/www.moravecteam.cz\/wp-content\/uploads\/2017\/02\/IMG_20170214_0002-300x174.jpg 300w, https:\/\/www.moravecteam.cz\/wp-content\/uploads\/2017\/02\/IMG_20170214_0002-1024x597.jpg 1024w\" sizes=\"(max-width: 1802px) 100vw, 1802px\" \/><\/a><figcaption id=\"caption-attachment-7294\" class=\"wp-caption-text\">Bronzov\u00fd t\u00fdm ze ZM v r. 1971. Pro zaj\u00edmavost: druh\u00fd zprava, &#8222;Slova\u010disko&#8220; v tom nejlep\u0161\u00edm smyslu slova, Du\u0161an Zeman, kl\u00ed\u010dov\u00e1 postava (krom\u011b Vlast\u00edka MORAVCE) z etap mezi War\u0161avou \/ Berl\u00ednem a Prahou p\u0159esn\u011b o rok pozd\u011bji..<\/figcaption><\/figure>\n<h5><span style=\"color: #800000;\"><b>MORAVCI &#8211; sjezda\u0159i (sjezda\u0159ky)<\/b><\/span><\/h5>\n<p style=\"text-align: justify;\"><a href=\"http:\/\/www.moravecteam.cz\/?attachment_id=7304\" rel=\"attachment wp-att-7304\"><img decoding=\"async\" loading=\"lazy\" class=\"size-full wp-image-7304 alignleft\" title=\"Maru\u0161ka - supr sjezda\u0159ka!\" alt=\"PB180009a\" src=\"http:\/\/www.moravecteam.cz\/wp-content\/uploads\/2017\/02\/PB180009a.jpg\" width=\"141\" height=\"200\" \/><\/a>Zat\u00edm co cyklistick\u00e1 sez\u00f3na m\u00e1 v sou\u010dasnosti na dohled sv\u016fj start, ta ly\u017ea\u0159sk\u00e1 m\u00e1, obecn\u011b \u0159e\u010deno, na dohled u\u017e sv\u016fj c\u00edl. Dob\u0159e v\u00edme, \u017ee ly\u017ee, a\u0165 u\u017e sjezdov\u00e9 nebo b\u011b\u017eeck\u00e9, jsou pro pravov\u011brn\u00e9ho bikera p\u0159es cyklisticky &#8222;mrtv\u00e9&#8220; zimn\u00ed obdob\u00ed optim\u00e1ln\u00ed tr\u00e9ninkov\u00fdm &#8222;vercajkem&#8220;. V minul\u00fdch dnech to potvrdily i \u0161ikovn\u00e9 sestry\u00a0<strong><span style=\"color: #800000;\">Maru\u0161ka a Magdal\u00e9nka Barto\u0161ovic<\/span><\/strong>, <a href=\"http:\/\/www.moravecteam.cz\/?attachment_id=7303\" rel=\"attachment wp-att-7303\"><img decoding=\"async\" loading=\"lazy\" class=\"size-full wp-image-7303 alignright\" title=\"Ani Magdal\u00e9nka se s t\u00edm z kopce na ly\u017e\u00edch - &quot;nep\u00e1r\u00e1&quot;!\" alt=\"OLYMPUS DIGITAL CAMERA\" src=\"http:\/\/www.moravecteam.cz\/wp-content\/uploads\/2017\/02\/PB180009.jpg\" width=\"135\" height=\"200\" \/><\/a>kter\u00e9 jsou v tomto ledov\u00e9m obdob\u00ed (nap\u0159\u00edklad spolu s dal\u0161\u00edmi \u00a0\u010dleny MORAVEC Teamu, sourozenci Lucinkou a Maty\u00e1\u0161kem Koudelkov\u00fdmi) ak\u010dn\u00ed v Hodon\u00ednsk\u00e9m ly\u017ea\u0159sk\u00e9m klubu. A v\u00edte \u00a0jak minul\u00fd t\u00fdden dopadl kontroln\u00ed sjezda\u0159sk\u00fd z\u00e1vod kategorie nejmlad\u0161\u00edch d\u00edvek? Zv\u00edt\u011bzila Maru\u0161ka Barto\u0161ov\u00e1 p\u0159ed svoj\u00ed sestrou Magdal\u00e9nkou Barto\u0161ovou! Bravo &#8222;girls, Big congratulation&#8220;! \u00a0Zd\u00e1 se, \u017ee po lo\u0148sk\u00e9 &#8222;Vrchovin\u011b&#8220; budou cht\u00edt ob\u011b d\u00edvenky nav\u00e1zat na svoje n\u011bkolikan\u00e1sobn\u00e1 sestersk\u00e1\u00a0dvojit\u00e1 v\u00edt\u011bzstv\u00ed i letos! Budeme dr\u017eet palce&#8230;<\/p>\n<figure id=\"attachment_7312\" aria-describedby=\"caption-attachment-7312\" style=\"width: 1523px\" class=\"wp-caption alignnone\"><a href=\"http:\/\/www.moravecteam.cz\/?attachment_id=7312\" rel=\"attachment wp-att-7312\"><img decoding=\"async\" loading=\"lazy\" class=\" wp-image-7312\" alt=\"20170211_102327\" src=\"http:\/\/www.moravecteam.cz\/wp-content\/uploads\/2017\/02\/20170211_102327.jpg\" width=\"1523\" height=\"1416\" srcset=\"https:\/\/www.moravecteam.cz\/wp-content\/uploads\/2017\/02\/20170211_102327.jpg 1523w, https:\/\/www.moravecteam.cz\/wp-content\/uploads\/2017\/02\/20170211_102327-300x278.jpg 300w, https:\/\/www.moravecteam.cz\/wp-content\/uploads\/2017\/02\/20170211_102327-1024x952.jpg 1024w\" sizes=\"(max-width: 1523px) 100vw, 1523px\" \/><\/a><figcaption id=\"caption-attachment-7312\" class=\"wp-caption-text\">Na\u0161i odchovanci Ad\u00e9la s Tom\u00e1\u0161em zachyceni objektivem s &#8222;Velk\u00fdm Jirkou&#8220; (v origin\u00e1le zn\u00ed jm\u00e9no tohoto v\u00fdjime\u010dn\u00e9ho cyklisty , kter\u00e9ho uzn\u00e1vaj\u00ed v\u0161echny v\u00fdznamn\u00e9 SeveroAmerick\u00e9 indi\u00e1nsk\u00e9 kmeny &#8211; &#8222;Big George&#8220;).<\/figcaption><\/figure>\n<h5><span style=\"color: #800000;\">Co se d\u011bje u &#8222;konkurence&#8220;?<\/span><\/h5>\n<p style=\"text-align: justify;\">No co asi&#8230; Jako my, kujou pikle..! Na sez\u00f3nu 2017&#8230; O minul\u00e9m v\u00edkendu za\u017eili prvn\u00ed p\u0159\u00edpravn\u00fd mini-kemp \u010dlenov\u00e9 t\u00fdmu reprezenta\u010dn\u00edho tren\u00e9ra Viktora Zapletala, NUTREND Specialized. Tento \u0161pi\u010dkov\u00fd cyklistick\u00fd &#8222;man\u010daft&#8220; se, \u00a0podobn\u011b jako my, pro leto\u0161ek na\u0161t\u011bst\u00ed &#8222;barevn\u011b&#8220; p\u0159\u00edli\u0161 nezm\u011bn\u00ed (co\u017e nesv\u011bd\u010d\u00ed o ni\u010dem jin\u00e9m, ne\u017e o dobr\u00e9m sponzorsk\u00e9m &#8222;ko\u0159\u00ednku&#8220; odd\u00edlu), proto si i nad\u00e1le dovoluji \u0159\u00edkat t\u00e9to skupin\u011b &#8222;bombar\u010fk\u016f&#8220; p\u0159il\u00e9hav\u011b &#8222;Rud\u00ed \u010e\u00e1blov\u00e9&#8220; (obecn\u011b znal\u00ed sportovn\u00ed problematiky ur\u010dit\u011b d\u00e1vno uh\u00e1dnuli tuto &#8222;drobnou paralelu&#8220;, kter\u00e1 samz\u0159ejm\u011b sah\u00e1 do minul\u00e9ho stolet\u00ed, a kter\u00e1 samoz\u0159ejm\u011b s cyklistikou v\u016fbec nesouvis\u00ed &#8211; chytr\u00e9mu napov\u011bz &#8211; hloup\u00e9ho kopni&#8230;). N\u00e1s jejich \u00fa\u010dinkov\u00e1n\u00ed letos bude zaj\u00edmat dvojn\u00e1sob, v\u017edy\u0165 k ji\u017e v tomto t\u00fdmu z minul\u00fdch let se zabydliv\u0161\u00ed\u00a0<span style=\"color: #800000;\"><b>Ad\u00e9le \u0160af\u00e1\u0159ov\u00e9<\/b><\/span>\u00a0sem p\u0159ib\u00fdv\u00e1 pro leto\u0161ek dal\u0161\u00ed n\u00e1\u0161 odchovanec &#8211; &#8222;bombar\u010f\u00e1k&#8220; a &#8222;snajpr&#8220; z\u00e1rove\u0148 &#8211; \u00a0letos kadet,\u00a0<strong><span style=\"color: #800000;\">Tom\u00e1\u0161 Tlamka &#8222;Contador&#8220;!<\/span><\/strong> No a kdy\u017e k &#8222;na\u0161im&#8220; dv\u011bma \u00a0p\u0159ipo\u010dteme zku\u0161en\u00e9ho l\u00eddra tohoto t\u00fdmu, Jardu Kulhav\u00e9ho, budeme m\u00edt, jako MORAVEC Team, \u00a0s t\u00edmto ur\u010dit\u011b siln\u00fdm uskupen\u00edm, letos asi docela dost pr\u00e1ce&#8230; Jardu bude na bikov\u00fdch trat\u00edch &#8222;honit&#8220; n\u00e1\u0161 Dominik Prudek, &#8222;Contadora&#8220; zase Honza &#8222;D\u017eony&#8220; \u0160indel\u00e1\u0159, akor\u00e1t pro Ad\u00e9lku letos nem\u00e1me soupe\u0159ku, neb ob\u011b na\u0161e aktu\u00e1ln\u011b cyklisticky \u00a0ak\u010dn\u00ed &#8222;nejstar\u0161\u00ed&#8220; borky, \u00a0pat\u0159\u00ed v\u011bkem st\u00e1le (&#8222;Bohu &#8211; \u017eel \/ Bohu &#8211; d\u00edk&#8220;) do ml\u00e1de\u017enick\u00fdch kategori\u00ed&#8230; Ob\u011bma na\u0161im odchovanc\u016fm, kte\u0159\u00ed minul\u00fd v\u00edkend potr\u00e9novali v Praze, taky nap\u0159\u00edklad na motolsk\u00e9m dr\u00e1hov\u00e9m ov\u00e1lu a setkali se tak\u00e9 s fenomen\u00e1ln\u00edm, mnohan\u00e1sobn\u00fdm cyklistick\u00e1m \u0161ampi\u00f3nem &#8222;v\u0161eho druhu&#8220;, \u00a0Jirkou Je\u017ekem (uzn\u00e1van\u00fdm pod indi\u00e1nsk\u00fdm jm\u00e9nem &#8222;Big George&#8220;), p\u0159ejeme TOP sez\u00f3nu a na souboje a na setk\u00e1v\u00e1n\u00ed s nimi se na bikov\u00fdch &#8222;race&#8220; ,se u\u017e te\u010f moc t\u011b\u0161\u00edme! Zde mrkn\u011bte co <strong><a href=\"http:\/\/www.skcpraha.cz\/?p=4284\">se asi tak d\u011blo u &#8222;Spe\u0161l\u016f&#8220; minul\u00fd v\u00edkend<\/a><\/strong>&#8230;<\/p>\n<figure id=\"attachment_7311\" aria-describedby=\"caption-attachment-7311\" style=\"width: 1000px\" class=\"wp-caption alignnone\"><a href=\"http:\/\/www.moravecteam.cz\/?attachment_id=7311\" rel=\"attachment wp-att-7311\"><img decoding=\"async\" loading=\"lazy\" class=\" wp-image-7311 \" alt=\"20170209_174819\" src=\"http:\/\/www.moravecteam.cz\/wp-content\/uploads\/2017\/02\/20170209_174819.jpg\" width=\"1000\" height=\"563\" srcset=\"https:\/\/www.moravecteam.cz\/wp-content\/uploads\/2017\/02\/20170209_174819.jpg 1000w, https:\/\/www.moravecteam.cz\/wp-content\/uploads\/2017\/02\/20170209_174819-300x168.jpg 300w\" sizes=\"(max-width: 1000px) 100vw, 1000px\" \/><\/a><figcaption id=\"caption-attachment-7311\" class=\"wp-caption-text\">Ad\u00e9lka pravd\u011bpodobn\u011b na &#8211; pro cyklisty oblig\u00e1tn\u00ed a ka\u017edoro\u010dn\u011b &#8222;\u017eivotn\u011b&#8220; nutn\u00e9 a nev\u00edm, jak u nich obl\u00edben\u00e9 &#8211; spiroergometrii..?<\/figcaption><\/figure>\n<dl class=\"wp-caption alignnone\" id=\"attachment_7294\" style=\"width: 1812px;\">\n<dd class=\"wp-caption-dd\">\n<h5 style=\"text-align: justify;\"><\/h5>\n<\/dd>\n<\/dl>\n","protected":false},"excerpt":{"rendered":"<p>Po\u0159\u00e1d se n\u011bco d\u011bje&#8230; A u MORAVC\u016e to plat\u00ed dvoj-troj, n\u011bkdy i \u010dty\u0159n\u00e1sob! I v tomto, pro cyklisty je\u0161t\u011b st\u00e1le relativn\u011b poklidn\u00e9m \u010dase, kter\u00e9mu by se dalo \u0159\u00edkat on\u00edm p\u0159il\u00e9hav\u00fdm n\u00e1zvem: &#8222;okurkov\u00e1 sez\u00f3na&#8220;&#8230; A tak n\u00ed\u017ee ve \u010dty\u0159ech odsatvc\u00edch \u00a0mrkn\u011bte a zjist\u00edte \u017ee: Maru\u0161ka Zouharov\u00e1 dok\u00e1\u017ee b\u00fdt ak\u010dn\u00ed nejenom s n\u00e1mi v t\u011blocvi\u010dn\u011b&#8230; \u017de se &hellip; <a href=\"https:\/\/www.moravecteam.cz\/?p=7289\" class=\"more-link\">Pokra\u010dov\u00e1n\u00ed textu <span class=\"screen-reader-text\">Co se zase \u0161ustlo?<\/span> <span class=\"meta-nav\">&rarr;<\/span><\/a><\/p>\n","protected":false},"author":3,"featured_media":7295,"comment_status":"open","ping_status":"closed","sticky":false,"template":"","format":"standard","meta":[],"categories":[9,8],"tags":[],"_links":{"self":[{"href":"https:\/\/www.moravecteam.cz\/index.php?rest_route=\/wp\/v2\/posts\/7289"}],"collection":[{"href":"https:\/\/www.moravecteam.cz\/index.php?rest_route=\/wp\/v2\/posts"}],"about":[{"href":"https:\/\/www.moravecteam.cz\/index.php?rest_route=\/wp\/v2\/types\/post"}],"author":[{"embeddable":true,"href":"https:\/\/www.moravecteam.cz\/index.php?rest_route=\/wp\/v2\/users\/3"}],"replies":[{"embeddable":true,"href":"https:\/\/www.moravecteam.cz\/index.php?rest_route=%2Fwp%2Fv2%2Fcomments&post=7289"}],"version-history":[{"count":25,"href":"https:\/\/www.moravecteam.cz\/index.php?rest_route=\/wp\/v2\/posts\/7289\/revisions"}],"predecessor-version":[{"id":7345,"href":"https:\/\/www.moravecteam.cz\/index.php?rest_route=\/wp\/v2\/posts\/7289\/revisions\/7345"}],"wp:featuredmedia":[{"embeddable":true,"href":"https:\/\/www.moravecteam.cz\/index.php?rest_route=\/wp\/v2\/media\/7295"}],"wp:attachment":[{"href":"https:\/\/www.moravecteam.cz\/index.php?rest_route=%2Fwp%2Fv2%2Fmedia&parent=7289"}],"wp:term":[{"taxonomy":"category","embeddable":true,"href":"https:\/\/www.moravecteam.cz\/index.php?rest_route=%2Fwp%2Fv2%2Fcategories&post=7289"},{"taxonomy":"post_tag","embeddable":true,"href":"https:\/\/www.moravecteam.cz\/index.php?rest_route=%2Fwp%2Fv2%2Ftags&post=7289"}],"curies":[{"name":"wp","href":"https:\/\/api.w.org\/{rel}","templated":true}]}}