{"id":7326,"date":"2017-02-15T22:14:42","date_gmt":"2017-02-15T21:14:42","guid":{"rendered":"http:\/\/www.moravecteam.cz\/?p=7326"},"modified":"2017-02-15T22:55:00","modified_gmt":"2017-02-15T21:55:00","slug":"vitalita-vybusnost","status":"publish","type":"post","link":"https:\/\/www.moravecteam.cz\/?p=7326","title":{"rendered":"Vitalita, TNT v\u00fdbu\u0161nost..!"},"content":{"rendered":"<p style=\"text-align: justify;\"><span style=\"color: #800000;\"><strong>Mo\u017en\u00e1 tato dv\u011b slova nejl\u00e9pe vystihuj\u00ed st\u0159ede\u010dn\u00ed projev v\u00edce jak dvac\u00edtky mlad\u00fdch cvi\u010denc\u016f na rutinn\u00edch &#8222;Koudelkov\u00fdch kapk\u00e1ch&#8220;. Mo\u017en\u00e1, \u017ee slovo &#8222;rtu\u0165ovitost&#8220; by je\u0161t\u011b bylo v tomto p\u0159\u00edpad\u011b na m\u00edst\u011b&#8230; Ka\u017edop\u00e1dn\u011b aktivn\u00ed a poctiv\u00fd p\u0159\u00edstup &#8222;mlad\u00fdch pu\u0161ek&#8220; ke cvi\u010den\u00ed museli tren\u00e9\u0159i ocenit a zd\u00e1 se, \u017ee jako v minulosti, bude i letos MORAVEC Team na z\u00e1v\u011br zimn\u00ed p\u0159\u00edpravy p\u0159irovn\u00e1v\u00e1n k na doraz ztla\u010den\u00e9 pru\u017ein\u011b, kter\u00e1 se mocnou, v\u0161e por\u00e1\u017eej\u00edc\u00ed silou, \u00a0 uvoln\u00ed se startovn\u00edm v\u00fdst\u0159elem na prvn\u00edm ostr\u00e9m MTB z\u00e1vod\u011b&#8230; D\u011bti byly zkr\u00e1tka i ve st\u0159edu k neutah\u00e1n\u00ed a kdyby n\u00e1s op\u011bt nest\u0159\u00eddali fotbalist\u00e9, asi by si je\u0161t\u011b &#8222;vymodlily&#8220; florbalovou prodlou\u017eenou&#8230;<\/strong><\/span><\/p>\n<figure id=\"attachment_7330\" aria-describedby=\"caption-attachment-7330\" style=\"width: 1284px\" class=\"wp-caption alignnone\"><a href=\"http:\/\/www.moravecteam.cz\/?attachment_id=7330\" rel=\"attachment wp-att-7330\"><img decoding=\"async\" loading=\"lazy\" class=\" wp-image-7330\" alt=\"IMG_4620\" src=\"http:\/\/www.moravecteam.cz\/wp-content\/uploads\/2017\/02\/IMG_4620.jpg\" width=\"1284\" height=\"1103\" srcset=\"https:\/\/www.moravecteam.cz\/wp-content\/uploads\/2017\/02\/IMG_4620.jpg 1284w, https:\/\/www.moravecteam.cz\/wp-content\/uploads\/2017\/02\/IMG_4620-300x257.jpg 300w, https:\/\/www.moravecteam.cz\/wp-content\/uploads\/2017\/02\/IMG_4620-1024x879.jpg 1024w\" sizes=\"(max-width: 1284px) 100vw, 1284px\" \/><\/a><figcaption id=\"caption-attachment-7330\" class=\"wp-caption-text\">L\u00eddrem minivl\u00e1\u010dku je Ad\u00e9lka, za n\u00ed v z\u00e1v\u011bsu Lucinka, pomysln\u00fd bronz dr\u017e\u00ed druh\u00e1 Ad\u00e9lka, v &#8222;TOP FIVE&#8220; to st\u00edhaj\u00ed je\u0161t\u011b i Leonka se svoj\u00ed maminkou.<\/figcaption><\/figure>\n<p style=\"text-align: justify;\">\u0158ekli byste, \u017ee ka\u017ed\u00e9 cvi\u010den\u00ed v t\u011blocvi\u010dn\u011b je identick\u00e9 a kdy\u017e jsme se ve st\u0159edu se\u0161li letos tak trochu jubilejn\u011b (po des\u00e1t\u00e9), nen\u00ed snad u\u017e ani mo\u017en\u00e9 za\u017e\u00edt n\u011bco nov\u00e9ho&#8230; Nenechte se m\u00fdlit&#8230; Novinkou nap\u0159\u00edklad bylo, \u017ee jsme p\u0159i rozb\u011bh\u00e1n\u00ed a rozcvi\u010dce nemuseli v\u016fbec sv\u00edtit! Co\u017e je d\u016fkazem toho, \u017ee den se prodlu\u017euje a \u017ee z\u00e1padn\u00ed slun\u00ed\u010dko na za\u010d\u00e1tku cvi\u010dka v\u00fdznam\u011b &#8222;ulevilo&#8220; podstropn\u00edm z\u00e1\u0159ivk\u00e1m v hale. Prodlu\u017euj\u00edc\u00ed se den je pro bikera dal\u0161\u00edm znakem, \u017ee n\u00e1\u0161 \u010das se nezadr\u017eiteln\u011b bl\u00ed\u017e\u00ed! Tr\u00e9nink startovn\u00edch reakc\u00ed bylo t\u0159eba \u0159e\u0161it, d\u00edky op\u011bt nadpr\u016fm\u011brn\u00e9 \u00fa\u010dasti cvi\u010denc\u016f, ve dvou vln\u00e1ch, nechyb\u011bli op\u011bt ani d\u011btmi tolik obl\u00edben\u00e9 \u0161tafety. Byly t\u0159i \u010dty\u0159\u010dlenn\u00e9 a veleli jim tentokr\u00e1t kapit\u00e1nky: Barunky Tlamkov\u00e1 a Janovsk\u00e1 spolu s Luckou Koudelkovou. Znakem d\u00edl\u010d\u00edch start\u016f byla pak vz\u00e1cn\u00e1 vyrovnanost. V dynamick\u00e9m projevu jsme pokra\u010dovali t\u011blocvi\u010dnou &#8222;na d\u00e9l&#8220; kterou jsme nejd\u0159\u00edve p\u0159ekon\u00e1vali vrh\u00e1n\u00edm medicimbal\u016f na r\u016fzn\u00fd zp\u016fsob, aby n\u00e1m pak tyto dob\u0159e poslou\u017eili nejen jako slalomov\u00e9 branky, ale i jako &#8222;obratn\u00edkov\u00e9&#8220; body p\u0159i miniz\u00e1vodech \u0161tafet &#8211; tentokr\u00e1t dvou\u010dlenn\u00fdch&#8230; \u017de byly popisovan\u00e9 tr\u00e9ninkov\u00e9 sekce pest\u0159eny vybi\u0161kou a obl\u00edben\u00fdmi ryb\u00e1\u0159i \/ rybi\u010dkami, nemus\u00edm p\u0159ipom\u00ednat&#8230;<\/p>\n<figure id=\"attachment_7333\" aria-describedby=\"caption-attachment-7333\" style=\"width: 2000px\" class=\"wp-caption alignnone\"><a href=\"http:\/\/www.moravecteam.cz\/?attachment_id=7333\" rel=\"attachment wp-att-7333\"><img decoding=\"async\" loading=\"lazy\" class=\" wp-image-7333\" alt=\"IMG_4590\" src=\"http:\/\/www.moravecteam.cz\/wp-content\/uploads\/2017\/02\/IMG_4590.jpg\" width=\"2000\" height=\"1500\" srcset=\"https:\/\/www.moravecteam.cz\/wp-content\/uploads\/2017\/02\/IMG_4590.jpg 2000w, https:\/\/www.moravecteam.cz\/wp-content\/uploads\/2017\/02\/IMG_4590-300x225.jpg 300w, https:\/\/www.moravecteam.cz\/wp-content\/uploads\/2017\/02\/IMG_4590-1024x768.jpg 1024w\" sizes=\"(max-width: 2000px) 100vw, 2000px\" \/><\/a><figcaption id=\"caption-attachment-7333\" class=\"wp-caption-text\">Takov\u00e9 foto nebylo je\u0161t\u011b za v\u00edce jak t\u0159icetilet\u00e9 historie bene\u0161ovsk\u00e9 t\u011blocvi\u010dny po\u0159\u00edzeno&#8230; Bravo Ji\u0159\u00ed!<\/figcaption><\/figure>\n<p style=\"text-align: justify;\">A je\u0161t\u011b dv\u011b novinky doprovodili st\u0159ede\u010dn\u00ed tr\u00e9ninkov\u00fd podve\u010der: na z\u00e1v\u011br rozcvi\u010dky p\u0159edvedl Petr premi\u00e9rov\u011b klasick\u00fd sokolsk\u00fd cvik, kter\u00fd uvedl s t\u00edm, \u017ee sejedn\u00e1 o prvek vskutku extr\u00e9m\u011b n\u00e1ro\u010dn\u00fd, ba nebezpe\u010dn\u00fd&#8230; Po jeho p\u0159edveden\u00ed u\u017e ale v\u00edme, \u017ee ne v\u0161e m\u016f\u017eeme Petrovi v\u011b\u0159it&#8230; Tak\u017ee za\u0159azen\u00ed tohoto cviku do rozvi\u010dkov\u00e9 sestavy nebude na\u0161im d\u011btem \u010dinit \u017e\u00e1dn\u00fd probl\u00e9m&#8230; No a tou druhou supr novinkou, byl zcela inovativn\u00ed p\u0159\u00edstup ke spln\u011bn\u00ed \u00fakolu fotografa, kter\u00fdm nebyl jmenov\u00e1n nikdo jin\u00fd, ne\u017e &#8222;postar\u0161\u00ed&#8220; Jirka Zav\u0159el. Kam a\u017e v\u0161ude dok\u00e1zal s fo\u0165\u00e1kem vystoupat a jak\u00e9 z\u00e1b\u011bry v pravd\u011b z &#8222;perspektivy pt\u00e1ka&#8220; ud\u011blat, si nenechte uj\u00edt <strong><a href=\"http:\/\/moravecteam.rajce.idnes.cz\/2017.02.15_Cviceni_v_telocvicne\/\">ve fotogalerii<\/a><\/strong>&#8230; A kdo nevid\u011bl jeho li\u00e1novou &#8222;Tarzanovskou seqenci&#8220; p\u0159i sestupu z v\u00fd\u0161iny v\u00fdchodn\u00edho rohu bene\u0161ovsk\u00e9 t\u011blocvi\u010dny, ten m\u016f\u017ee vskutku jen a jen litovat&#8230;<\/p>\n","protected":false},"excerpt":{"rendered":"<p>Mo\u017en\u00e1 tato dv\u011b slova nejl\u00e9pe vystihuj\u00ed st\u0159ede\u010dn\u00ed projev v\u00edce jak dvac\u00edtky mlad\u00fdch cvi\u010denc\u016f na rutinn\u00edch &#8222;Koudelkov\u00fdch kapk\u00e1ch&#8220;. Mo\u017en\u00e1, \u017ee slovo &#8222;rtu\u0165ovitost&#8220; by je\u0161t\u011b bylo v tomto p\u0159\u00edpad\u011b na m\u00edst\u011b&#8230; Ka\u017edop\u00e1dn\u011b aktivn\u00ed a poctiv\u00fd p\u0159\u00edstup &#8222;mlad\u00fdch pu\u0161ek&#8220; ke cvi\u010den\u00ed museli tren\u00e9\u0159i ocenit a zd\u00e1 se, \u017ee jako v minulosti, bude i letos MORAVEC Team na z\u00e1v\u011br &hellip; <a href=\"https:\/\/www.moravecteam.cz\/?p=7326\" class=\"more-link\">Pokra\u010dov\u00e1n\u00ed textu <span class=\"screen-reader-text\">Vitalita, TNT v\u00fdbu\u0161nost..!<\/span> <span class=\"meta-nav\">&rarr;<\/span><\/a><\/p>\n","protected":false},"author":3,"featured_media":7331,"comment_status":"open","ping_status":"closed","sticky":false,"template":"","format":"standard","meta":[],"categories":[9],"tags":[],"_links":{"self":[{"href":"https:\/\/www.moravecteam.cz\/index.php?rest_route=\/wp\/v2\/posts\/7326"}],"collection":[{"href":"https:\/\/www.moravecteam.cz\/index.php?rest_route=\/wp\/v2\/posts"}],"about":[{"href":"https:\/\/www.moravecteam.cz\/index.php?rest_route=\/wp\/v2\/types\/post"}],"author":[{"embeddable":true,"href":"https:\/\/www.moravecteam.cz\/index.php?rest_route=\/wp\/v2\/users\/3"}],"replies":[{"embeddable":true,"href":"https:\/\/www.moravecteam.cz\/index.php?rest_route=%2Fwp%2Fv2%2Fcomments&post=7326"}],"version-history":[{"count":15,"href":"https:\/\/www.moravecteam.cz\/index.php?rest_route=\/wp\/v2\/posts\/7326\/revisions"}],"predecessor-version":[{"id":7344,"href":"https:\/\/www.moravecteam.cz\/index.php?rest_route=\/wp\/v2\/posts\/7326\/revisions\/7344"}],"wp:featuredmedia":[{"embeddable":true,"href":"https:\/\/www.moravecteam.cz\/index.php?rest_route=\/wp\/v2\/media\/7331"}],"wp:attachment":[{"href":"https:\/\/www.moravecteam.cz\/index.php?rest_route=%2Fwp%2Fv2%2Fmedia&parent=7326"}],"wp:term":[{"taxonomy":"category","embeddable":true,"href":"https:\/\/www.moravecteam.cz\/index.php?rest_route=%2Fwp%2Fv2%2Fcategories&post=7326"},{"taxonomy":"post_tag","embeddable":true,"href":"https:\/\/www.moravecteam.cz\/index.php?rest_route=%2Fwp%2Fv2%2Ftags&post=7326"}],"curies":[{"name":"wp","href":"https:\/\/api.w.org\/{rel}","templated":true}]}}