{"id":7356,"date":"2017-02-19T18:55:38","date_gmt":"2017-02-19T17:55:38","guid":{"rendered":"http:\/\/www.moravecteam.cz\/?p=7356"},"modified":"2017-02-19T21:08:09","modified_gmt":"2017-02-19T20:08:09","slug":"prijemne-vlnobiti","status":"publish","type":"post","link":"https:\/\/www.moravecteam.cz\/?p=7356","title":{"rendered":"P\u0159\u00edjemn\u00e9 &#8222;vlnobit\u00ed&#8220;!"},"content":{"rendered":"<p style=\"text-align: justify;\"><span style=\"color: #800000;\"><strong>Po roce si \u010dlenov\u00e9 MORAVEC Teamu ud\u011blali tradi\u010dn\u00ed zastaven\u00ed v Boskovick\u00fdch l\u00e1zn\u00edch, aby zde v r\u00e1mci vrchol\u00edc\u00ed zimn\u00ed p\u0159\u00edpravy str\u00e1vili ve vln\u00e1ch zdej\u0161\u00edho &#8211; a\u0165 u\u017e velk\u00e9ho baz\u00e9nu, \u010di v\u00ed\u0159ivkov\u00e9ho baz\u00e9nku nebo v brouzdali\u0161ti,\u00a0parn\u00ed l\u00e1zni\u00a0\u010di na tobog\u00e1nu \u00a0&#8211; velmi p\u0159\u00edjemnou regenera\u010dn\u00ed hodinku. Hodinku mo\u017en\u00e1 o to p\u0159\u00edjemn\u011bj\u0161\u00ed, vezmeme-li v \u00favahu, jak\u00e9 sychrav\u00e9 a ne p\u0159\u00edli\u0161 hostinn\u00e9 po\u010das\u00ed aktu\u00e1ln\u011b v regionu panuje, kdy\u017e na ly\u017ee b\u011b\u017eky to u\u017e moc nen\u00ed a na kolo &#8211;\u00a0to zase \u00a0je\u0161t\u011b moc nen\u00ed&#8230;<\/strong><\/span><\/p>\n<figure id=\"attachment_7361\" aria-describedby=\"caption-attachment-7361\" style=\"width: 1431px\" class=\"wp-caption alignnone\"><a href=\"http:\/\/www.moravecteam.cz\/?attachment_id=7361\" rel=\"attachment wp-att-7361\"><img decoding=\"async\" loading=\"lazy\" class=\" wp-image-7361\" alt=\"IMG_4686\" src=\"http:\/\/www.moravecteam.cz\/wp-content\/uploads\/2017\/02\/IMG_4686.jpg\" width=\"1431\" height=\"1455\" srcset=\"https:\/\/www.moravecteam.cz\/wp-content\/uploads\/2017\/02\/IMG_4686.jpg 1431w, https:\/\/www.moravecteam.cz\/wp-content\/uploads\/2017\/02\/IMG_4686-25x25.jpg 25w, https:\/\/www.moravecteam.cz\/wp-content\/uploads\/2017\/02\/IMG_4686-295x300.jpg 295w, https:\/\/www.moravecteam.cz\/wp-content\/uploads\/2017\/02\/IMG_4686-1007x1024.jpg 1007w\" sizes=\"(max-width: 1431px) 100vw, 1431px\" \/><\/a><figcaption id=\"caption-attachment-7361\" class=\"wp-caption-text\">Ve vln\u00e1ch Boskovick\u00fdch l\u00e1zn\u00ed se v\u017edy n\u00e1le\u017eit\u011b &#8222;vy\u0159\u00e1d\u00edme&#8220;! M\u016f\u017eete h\u00e1dat, kdo \u017ee je to ak\u010dn\u00ed na t\u00e9to fotce&#8230;<\/figcaption><\/figure>\n<p style=\"text-align: justify;\">Oproti minul\u00fdm let\u016fm se n\u00e1s v p\u0159\u00edjemn\u011b tepl\u00e9 l\u00e1ze\u0148sk\u00e9 vod\u011b se\u0161el docela nadpr\u016fm\u011brn\u00fd po\u010det a i tentokr\u00e1t se to zde hv\u011bzdami a hv\u011bzdi\u010dkami jen &#8222;hem\u017eilo&#8220;! U\u017e p\u0159i &#8222;st\u0159\u00edd\u00e1n\u00ed str\u00e1\u017e\u00ed&#8220; v na\u0161em n\u00e1stupn\u00edm \u010dase &#8222;\u010c&#8220; n\u00e1m bylo ct\u00ed se pozdravit s nestorem a legendou \u010desk\u00fdch veter\u00e1n\u016f &#8211; triatlonist\u016f &#8211; <span style=\"color: #800000;\"><strong>Milo\u0161em Bayerem<\/strong>!<\/span> ( Mimo jin\u00fdch z\u00e1vod\u016f i dvojn\u00e1sobn\u00fd \u00fa\u010dastn\u00edk z\u00e1vodu IRON MAN na ostrov\u011b, pat\u0159\u00edc\u00ed k americk\u00e9 dr\u017eav\u011b &#8211; Hawai). Zaplavat si s n\u00e1mi p\u0159i\u0161ly i ob\u011b sou\u010dasn\u00e9 mlad\u00e9 hv\u011bzdi\u010dky T\u00fdmu NUTREND Specialized &#8211; na\u0161i odchovanci &#8211; <strong><span style=\"color: #800000;\">Ad\u00e9la \u0160af\u00e1\u0159ov\u00e1<\/span><\/strong> s <strong><span style=\"color: #800000;\">Tom\u00e1\u0161em Tlamkou &#8222;Contadorem&#8220;,<\/span><\/strong> p\u0159i\u010dem\u017e p\u0159edev\u0161\u00edm plaveck\u00e1 minulost Ad\u00e9lky \u010d\u00edt\u00e1 nejeden v\u00fdznamn\u00fd sportovn\u00ed \u00fasp\u011bch a tu\u0161\u00edm, \u017ee zdaleka jen na region\u00e1ln\u00ed \u00farovni! V blankytn\u00e9 vodn\u00ed \u00a0mod\u0159i nechyb\u011bly ani dv\u011b \u00fasp\u011b\u0161n\u00e9 mladi\u010dk\u00e9 plavkyn\u011b z boskovick\u00fdch plaveck\u00fdch z\u00e1vod\u016f z p\u0159ede\u0161l\u00e9ho dne: <span style=\"color: #800000;\"><strong>Bar\u010da Tlamkov\u00e1<\/strong><\/span>, kter\u00e1 zde vybojovala st\u0159\u00edbrnou medaili spolu s se svoj\u00ed jmenovkyn\u00ed, tak\u00e9 <strong><span style=\"color: #800000;\">Bar\u010dou<\/span><\/strong> &#8211; pro zm\u011bnu <span style=\"color: #800000;\"><strong>Janovskou<\/strong><\/span>, kter\u00e1 ve stejn\u00e9m z\u00e1vod\u011b brala bronz! Bravo holkyz MORAVCE, blahop\u0159ejeme! A d\u00edk za vzorn\u00e9 repre odd\u00edlu!<\/p>\n<figure id=\"attachment_7360\" aria-describedby=\"caption-attachment-7360\" style=\"width: 684px\" class=\"wp-caption alignnone\"><a href=\"http:\/\/www.moravecteam.cz\/?attachment_id=7360\" rel=\"attachment wp-att-7360\"><img decoding=\"async\" loading=\"lazy\" class=\" wp-image-7360\" alt=\"IMG_4682\" src=\"http:\/\/www.moravecteam.cz\/wp-content\/uploads\/2017\/02\/IMG_4682.jpg\" width=\"684\" height=\"651\" srcset=\"https:\/\/www.moravecteam.cz\/wp-content\/uploads\/2017\/02\/IMG_4682.jpg 684w, https:\/\/www.moravecteam.cz\/wp-content\/uploads\/2017\/02\/IMG_4682-25x25.jpg 25w, https:\/\/www.moravecteam.cz\/wp-content\/uploads\/2017\/02\/IMG_4682-300x285.jpg 300w\" sizes=\"(max-width: 684px) 100vw, 684px\" \/><\/a><figcaption id=\"caption-attachment-7360\" class=\"wp-caption-text\">Ani Verunka \u0160af\u00e1\u0159ov\u00e1, dal\u0161\u00ed perspektivn\u00ed\u00ed Eso z multisportovn\u00edho \u0160af\u00e1\u0159ovic &#8222;klanu&#8220;, v sobotu mezi n\u00e1mi samoz\u0159ejm\u011b nechyb\u011bla! A v\u011b\u0159te, \u017ee tu &#8222;mezizubn\u00ed mezeru&#8220;, kter\u00e1 je z jej\u00edho \u00fasm\u011bvu patrn\u00e1, si nezp\u016fsobila p\u0159i plav\u00e1n\u00ed&#8230;<\/figcaption><\/figure>\n<p style=\"text-align: justify;\">No a kdy\u017e k tomu p\u0159ipo\u010dteme op\u011bt osobn\u00ed \u00fa\u010dast p\u0159edsedkyn\u011b na\u0161eho FAN Clubu, <span style=\"color: #800000;\"><strong>Maru\u0161ky Zouharov\u00e9<\/strong><\/span>, bylo v\u00edc ne\u017e jasn\u00e9, \u017ee n\u00e1s \u010dek\u00e1 pohodov\u00e1 hodinka pln\u00e1 vitality a docela pozoruhodn\u00fdch\u00a0jak nadvodn\u00edch tak\u00a0\u00a0i &#8222;podvodn\u00edch v\u00fdkon\u016f&#8220;, tak\u0159ka t\u0159ic\u00edtky MORAVCOVSK\u00ddCH &#8222;plav\u00e1\u010dk\u016f&#8220;&#8230; \u017de tobog\u00e1n v pr\u016fb\u011bhu on\u011bch stanoven\u00fdch \u0161edes\u00e1ti minut prakticky nevychladnul, nemus\u00edm ani p\u0159ipom\u00ednat&#8230; Svoj\u00ed sportovn\u00ed univerz\u00e1lnost potvrdili v sobotu \u0161ikovn\u00ed Filip a Leonka Eclerovi. \u017de jsou oba v\u00fdborn\u00ed cyklist\u00e9 a b\u011b\u017eci, to u\u017e v\u00edme&#8230; V Boskovick\u00fdch l\u00e1zn\u00edch ale uk\u00e1zali i svoje plaveck\u00e9 kvality..! Stejn\u011b jako Zav\u0159elovic duo (postar\u0161\u00ed Jura s dcrou &#8222;Adys&#8220;), kter\u00e9 v sobotu po poledni v baz\u00e9nu \u010di v\u00ed\u0159ivce \u00faro\u010dilo svoje zku\u0161enosti nabyt\u00e9 podzimn\u00edm pobytem u mo\u0159\u00ed na D\u00e1ln\u00e9m, hodn\u011b D\u00e1ln\u00e9m v\u00fdchod\u011b&#8230; Stanoven\u00e1 hodinka ve &#8222;vodn\u00edm \u017eivlu&#8220;, kter\u00fd n\u00e1s ale &#8211; jako v\u017edycky &#8211; kr\u00e1sn\u011b nejen poh\u00fd\u010dkal, ale hlavn\u011b &#8222;vcucnul&#8220;, utekla\u00a0d\u0159\u00edve ne\u017e jsme se nad\u00e1li&#8230; P\u0159i sportu (a mo\u017en\u00e1\u00a0nejen p\u0159i n\u011bm), jako by doch\u00e1zelo k \u010dasov\u00fdm transformac\u00edm ve smyslu zkracov\u00e1n\u00ed doby trv\u00e1n\u00ed aktu&#8230; Na p\u0159\u00edjemnou, plavecky aktivn\u00ed\u00a0hodinku jsme nav\u00e1zali dal\u0161\u00edmi, asi dv\u011bma p\u0159\u00edjemn\u00fdmi statick\u00fdmi hodinkami\u00a0u na\u0161ich p\u0159\u00e1tel &#8211; man\u017eel\u016f Kone\u010dn\u00fdch v restauraci Z\u00e1lo\u017ena Boskovice, kam jsme je\u0161t\u011b s Maru\u0161kou zasko\u010dili na piv\u00ednko, &#8222;g\u00e1bl\u00edk&#8220;,\u00a0kaf\u00ed\u010dko, dort\u00ed\u010dek&#8230;\u00a0<a href=\"http:\/\/moravecteam.rajce.idnes.cz\/2017.02.18_Plavani_v_Boskovickych_laznich\/\"><strong>Mrkn\u011bte na fotogalerii<\/strong><\/a> ze sobotn\u00edho p\u0159\u00edjemn\u00e9ho odpoledne&#8230;.<\/p>\n","protected":false},"excerpt":{"rendered":"<p>Po roce si \u010dlenov\u00e9 MORAVEC Teamu ud\u011blali tradi\u010dn\u00ed zastaven\u00ed v Boskovick\u00fdch l\u00e1zn\u00edch, aby zde v r\u00e1mci vrchol\u00edc\u00ed zimn\u00ed p\u0159\u00edpravy str\u00e1vili ve vln\u00e1ch zdej\u0161\u00edho &#8211; a\u0165 u\u017e velk\u00e9ho baz\u00e9nu, \u010di v\u00ed\u0159ivkov\u00e9ho baz\u00e9nku nebo v brouzdali\u0161ti,\u00a0parn\u00ed l\u00e1zni\u00a0\u010di na tobog\u00e1nu \u00a0&#8211; velmi p\u0159\u00edjemnou regenera\u010dn\u00ed hodinku. Hodinku mo\u017en\u00e1 o to p\u0159\u00edjemn\u011bj\u0161\u00ed, vezmeme-li v \u00favahu, jak\u00e9 sychrav\u00e9 a ne p\u0159\u00edli\u0161 &hellip; <a href=\"https:\/\/www.moravecteam.cz\/?p=7356\" class=\"more-link\">Pokra\u010dov\u00e1n\u00ed textu <span class=\"screen-reader-text\">P\u0159\u00edjemn\u00e9 &#8222;vlnobit\u00ed&#8220;!<\/span> <span class=\"meta-nav\">&rarr;<\/span><\/a><\/p>\n","protected":false},"author":3,"featured_media":7362,"comment_status":"open","ping_status":"closed","sticky":false,"template":"","format":"standard","meta":[],"categories":[9],"tags":[],"_links":{"self":[{"href":"https:\/\/www.moravecteam.cz\/index.php?rest_route=\/wp\/v2\/posts\/7356"}],"collection":[{"href":"https:\/\/www.moravecteam.cz\/index.php?rest_route=\/wp\/v2\/posts"}],"about":[{"href":"https:\/\/www.moravecteam.cz\/index.php?rest_route=\/wp\/v2\/types\/post"}],"author":[{"embeddable":true,"href":"https:\/\/www.moravecteam.cz\/index.php?rest_route=\/wp\/v2\/users\/3"}],"replies":[{"embeddable":true,"href":"https:\/\/www.moravecteam.cz\/index.php?rest_route=%2Fwp%2Fv2%2Fcomments&post=7356"}],"version-history":[{"count":7,"href":"https:\/\/www.moravecteam.cz\/index.php?rest_route=\/wp\/v2\/posts\/7356\/revisions"}],"predecessor-version":[{"id":7366,"href":"https:\/\/www.moravecteam.cz\/index.php?rest_route=\/wp\/v2\/posts\/7356\/revisions\/7366"}],"wp:featuredmedia":[{"embeddable":true,"href":"https:\/\/www.moravecteam.cz\/index.php?rest_route=\/wp\/v2\/media\/7362"}],"wp:attachment":[{"href":"https:\/\/www.moravecteam.cz\/index.php?rest_route=%2Fwp%2Fv2%2Fmedia&parent=7356"}],"wp:term":[{"taxonomy":"category","embeddable":true,"href":"https:\/\/www.moravecteam.cz\/index.php?rest_route=%2Fwp%2Fv2%2Fcategories&post=7356"},{"taxonomy":"post_tag","embeddable":true,"href":"https:\/\/www.moravecteam.cz\/index.php?rest_route=%2Fwp%2Fv2%2Ftags&post=7356"}],"curies":[{"name":"wp","href":"https:\/\/api.w.org\/{rel}","templated":true}]}}