{"id":7385,"date":"2017-02-23T08:07:06","date_gmt":"2017-02-23T07:07:06","guid":{"rendered":"http:\/\/www.moravecteam.cz\/?p=7385"},"modified":"2017-02-23T08:07:06","modified_gmt":"2017-02-23T07:07:06","slug":"tak-jsme-se-dockali","status":"publish","type":"post","link":"https:\/\/www.moravecteam.cz\/?p=7385","title":{"rendered":"Tak jsme se do\u010dkali!"},"content":{"rendered":"<p style=\"text-align: justify;\"><strong><span style=\"color: #800000;\">Dnes, ve \u010dtvrtek 23. \u00fanora startuje na Kypru prvn\u00ed leto\u0161n\u00ed kontinent\u00e1ln\u00ed MTB kl\u00e1n\u00ed &#8211; Sunshine Cup! Z\u00e1vod na st\u0159edomo\u0159sk\u00e9m ostrov\u011b m\u00e1 leto\u0161kem u\u017e dvacetiletou historii a n\u00e1m ho p\u0159edev\u0161\u00edm v lo\u0148sk\u00e9m roce hodn\u011b p\u0159ibl\u00ed\u017eila Ad\u00e9la \u0160af\u00e1\u0159ov\u00e1, kter\u00e1 tehdy v kategorii juniorek zv\u00e1lcovala na Kypru svoji ve\u0161kerou konkurenci a stala se skute\u010dnou hv\u011bzdi\u010dkou tohoto presti\u017en\u00edho z\u00e1vodu! No a Ad\u00e9la nechyb\u00ed na &#8222;Slune\u010dn\u00edm Poh\u00e1ru&#8220;, kter\u00fd pomysln\u011b odstartuje leto\u0161n\u00ed bikovou sez\u00f3nu &#8211; ani letos!<\/span><\/strong><\/p>\n<figure id=\"attachment_7392\" aria-describedby=\"caption-attachment-7392\" style=\"width: 720px\" class=\"wp-caption alignnone\"><a href=\"http:\/\/www.moravecteam.cz\/?attachment_id=7392\" rel=\"attachment wp-att-7392\"><img decoding=\"async\" loading=\"lazy\" class=\" wp-image-7392\" alt=\"IMG_1873\" src=\"http:\/\/www.moravecteam.cz\/wp-content\/uploads\/2017\/02\/IMG_1873.jpg\" width=\"720\" height=\"885\" srcset=\"https:\/\/www.moravecteam.cz\/wp-content\/uploads\/2017\/02\/IMG_1873.jpg 720w, https:\/\/www.moravecteam.cz\/wp-content\/uploads\/2017\/02\/IMG_1873-244x300.jpg 244w\" sizes=\"(max-width: 720px) 100vw, 720px\" \/><\/a><figcaption id=\"caption-attachment-7392\" class=\"wp-caption-text\">J+A. Aneb trumfy Viktora Zapletala v kategorii \u017een U23 pro sez\u00f3nu 2017.<\/figcaption><\/figure>\n<p style=\"text-align: justify;\">MTB Suhshine Cup je specifick\u00fd t\u00edm, \u017ee se skl\u00e1d\u00e1 ze dvou \u010d\u00e1st\u00ed: prvn\u00ed \u010d\u00e1st tvo\u0159\u00ed \u010dty\u0159etapov\u00fd z\u00e1vod, kdy prvn\u00ed etapou je MTB \u010dasovka (po\u0159adatel\u00e9 ji tentokr\u00e1t hodn\u011b vtiskli podobu st\u00e1le popul\u00e1rn\u011bj\u0161\u00edho ENDURA) dal\u0161\u00ed dv\u011b etapy tvo\u0159\u00ed okruhy hornat\u00fdm kypersk\u00fdm ter\u00e9nem o distanci cca 50-60 km, ale pozor, s p\u0159ev\u00fd\u0161en\u00edm cca 2000(!) m&#8230; Tak\u017ee na za\u010d\u00e1tek sez\u00f3ny &#8211; docela z\u00e1p\u0159ah! \u010ctvrtou etapou pak bude klasick\u00e9 MTB XCO, jak je sami dob\u0159e zn\u00e1me&#8230; Tuto \u010dty\u0159d\u00edlnou bikovou etapovou &#8222;kl\u00e1du&#8220; budou bike\u0159i zvl\u00e1dat ve \u010dty\u0159ech dnech &#8211; od 23. do 26. \u00fanora&#8230; T\u00fddenn\u00ed relax bude za dan\u00e9 situace zcela na m\u00edst\u011b, proto\u017ee druhou \u010d\u00e1st\u00ed Sunshine Cupu bude v ned\u011bli, 5. b\u0159ezna op\u011bt z\u00e1vod v klasick\u00e9m cross country, Pojede se v historick\u00e9m kypersk\u00e9m centru Limassol a m\u00e1 nejvy\u0161\u0161\u00ed status UCI1. Zde je <a href=\"http:\/\/www.cyclingcy.com\/csc-race-info\/csc-technical-guides\/afxentia\/24-cyprus-sunshine-cup-1-afxentia-2016-maps-of-all-stages\"><strong>ofici\u00e1ln\u00ed str\u00e1nka<\/strong><\/a> t\u00e9to leto\u0161n\u00ed prvn\u00ed ostr\u00e9 bikersk\u00e9 &#8222;avant\u00fdry&#8220;&#8230;<\/p>\n<figure id=\"attachment_7391\" aria-describedby=\"caption-attachment-7391\" style=\"width: 505px\" class=\"wp-caption alignnone\"><a href=\"http:\/\/www.moravecteam.cz\/?attachment_id=7391\" rel=\"attachment wp-att-7391\"><img decoding=\"async\" loading=\"lazy\" class=\" wp-image-7391\" alt=\"IMG_1872\" src=\"http:\/\/www.moravecteam.cz\/wp-content\/uploads\/2017\/02\/IMG_1872.jpg\" width=\"505\" height=\"528\" srcset=\"https:\/\/www.moravecteam.cz\/wp-content\/uploads\/2017\/02\/IMG_1872.jpg 505w, https:\/\/www.moravecteam.cz\/wp-content\/uploads\/2017\/02\/IMG_1872-25x25.jpg 25w, https:\/\/www.moravecteam.cz\/wp-content\/uploads\/2017\/02\/IMG_1872-286x300.jpg 286w\" sizes=\"(max-width: 505px) 100vw, 505px\" \/><\/a><figcaption id=\"caption-attachment-7391\" class=\"wp-caption-text\">Ad\u00e9lka \u0160af\u00e1\u0159ov\u00e1: &#8222;Je to dobr\u00fd, jezd\u00ed se zde jako v Boskovic\u00edch&#8230; Vpravo&#8230;.<\/figcaption><\/figure>\n<p style=\"text-align: justify;\">Ad\u00e9lce \u0160af\u00e1\u0159ov\u00e9 bude t\u00fdmovou par\u0165a\u010dkou Jana Czecinkarov\u00e1 &#8222;\u010ci\u010dina&#8220;, olympijsk\u00fd \u0161ampion a vice\u0161ampion Jarda Kulhav\u00fd &#8222;Kulhec&#8220;, d\u00e1le pak Honza \u0160karnitzl &#8222;\u0160karna&#8220; jako\u017e i dal\u0161\u00ed dva \u010de\u0161t\u00ed &#8222;t\u0159iadvac\u00edtkov\u00ed bombar\u010f\u00e1ci&#8220; &#8211; Honza Vastl a Mat\u011bj Pr\u016fdek. &#8222;Dirigentem&#8220; tohoto docela \u00fadern\u00e9ho sextetu nen\u00ed nikdo men\u0161\u00ed, ne\u017e reprezenta\u010dn\u00ed tren\u00e9r Viktor Zapletal&#8230;V\u0161em pak a Adys p\u0159edev\u0161\u00edm, \u00a0budeme v p\u0159\u00ed\u0161t\u00edch \u010dty\u0159ech dnech samo-\u017ee dr\u017eet palce, stejn\u011b jako v za t\u00fdden, o prvn\u00ed b\u0159eznov\u00e9 ned\u011bli! <a href=\"http:\/\/www.reprezentacemtb.cz\/za-ucasti-nejlepsich-ceskych-bikeru-startuje-popularni-kypersky-sunshine-cup\/\"><strong>Zde studujte v\u00edce<\/strong><\/a> k MTB etap\u00e1ku, kter\u00fd dnes na Kypru startuje&#8230;<\/p>\n","protected":false},"excerpt":{"rendered":"<p>Dnes, ve \u010dtvrtek 23. \u00fanora startuje na Kypru prvn\u00ed leto\u0161n\u00ed kontinent\u00e1ln\u00ed MTB kl\u00e1n\u00ed &#8211; Sunshine Cup! Z\u00e1vod na st\u0159edomo\u0159sk\u00e9m ostrov\u011b m\u00e1 leto\u0161kem u\u017e dvacetiletou historii a n\u00e1m ho p\u0159edev\u0161\u00edm v lo\u0148sk\u00e9m roce hodn\u011b p\u0159ibl\u00ed\u017eila Ad\u00e9la \u0160af\u00e1\u0159ov\u00e1, kter\u00e1 tehdy v kategorii juniorek zv\u00e1lcovala na Kypru svoji ve\u0161kerou konkurenci a stala se skute\u010dnou hv\u011bzdi\u010dkou tohoto presti\u017en\u00edho z\u00e1vodu! &hellip; <a href=\"https:\/\/www.moravecteam.cz\/?p=7385\" class=\"more-link\">Pokra\u010dov\u00e1n\u00ed textu <span class=\"screen-reader-text\">Tak jsme se do\u010dkali!<\/span> <span class=\"meta-nav\">&rarr;<\/span><\/a><\/p>\n","protected":false},"author":3,"featured_media":7390,"comment_status":"open","ping_status":"closed","sticky":false,"template":"","format":"standard","meta":[],"categories":[1],"tags":[],"_links":{"self":[{"href":"https:\/\/www.moravecteam.cz\/index.php?rest_route=\/wp\/v2\/posts\/7385"}],"collection":[{"href":"https:\/\/www.moravecteam.cz\/index.php?rest_route=\/wp\/v2\/posts"}],"about":[{"href":"https:\/\/www.moravecteam.cz\/index.php?rest_route=\/wp\/v2\/types\/post"}],"author":[{"embeddable":true,"href":"https:\/\/www.moravecteam.cz\/index.php?rest_route=\/wp\/v2\/users\/3"}],"replies":[{"embeddable":true,"href":"https:\/\/www.moravecteam.cz\/index.php?rest_route=%2Fwp%2Fv2%2Fcomments&post=7385"}],"version-history":[{"count":6,"href":"https:\/\/www.moravecteam.cz\/index.php?rest_route=\/wp\/v2\/posts\/7385\/revisions"}],"predecessor-version":[{"id":7394,"href":"https:\/\/www.moravecteam.cz\/index.php?rest_route=\/wp\/v2\/posts\/7385\/revisions\/7394"}],"wp:featuredmedia":[{"embeddable":true,"href":"https:\/\/www.moravecteam.cz\/index.php?rest_route=\/wp\/v2\/media\/7390"}],"wp:attachment":[{"href":"https:\/\/www.moravecteam.cz\/index.php?rest_route=%2Fwp%2Fv2%2Fmedia&parent=7385"}],"wp:term":[{"taxonomy":"category","embeddable":true,"href":"https:\/\/www.moravecteam.cz\/index.php?rest_route=%2Fwp%2Fv2%2Fcategories&post=7385"},{"taxonomy":"post_tag","embeddable":true,"href":"https:\/\/www.moravecteam.cz\/index.php?rest_route=%2Fwp%2Fv2%2Ftags&post=7385"}],"curies":[{"name":"wp","href":"https:\/\/api.w.org\/{rel}","templated":true}]}}