{"id":7395,"date":"2017-03-05T17:20:39","date_gmt":"2017-03-05T16:20:39","guid":{"rendered":"http:\/\/www.moravecteam.cz\/?p=7395"},"modified":"2017-03-06T07:50:18","modified_gmt":"2017-03-06T06:50:18","slug":"mtb-sunshine-cup-kypr","status":"publish","type":"post","link":"https:\/\/www.moravecteam.cz\/?p=7395","title":{"rendered":"Sunshine Cup &#8211; Kypr-6"},"content":{"rendered":"<h6 style=\"text-align: justify;\"><span style=\"color: #800000;\"><strong>Zat\u00edm, co v na\u0161\u00ed\u00a0malebn\u00e9 \u010desk\u00e9 kotlin\u011b je\u0161t\u011b vydatn\u011b dr\u017e\u00ed &#8222;palposty&#8220; (alespo\u0148 tedy na na\u0161\u00ed domovsk\u00e9 Drahansk\u00e9 Vrchovin\u011b vt\u00edrav\u00e1 pan\u00ed Zima) v\u00fdkv\u011bt evropsk\u00e9ho biku z\u00e1pol\u00ed na prvn\u00edch velk\u00fdch MTB z\u00e1vodech v r\u00e1mci 20. ro\u010dn\u00edku etapov\u00e9ho z\u00e1vodu na Kypru. Proto\u017ee na akci je p\u0159\u00edtomna &#8222;stopa&#8220; MORAVEC Teamu, budeme V\u00e1s o v\u00fdvoji race v t\u00e9to aktualit\u011b pr\u016fb\u011b\u017en\u011b informovat\u00a0&#8230;<\/strong><\/span><\/h6>\n<p><a href=\"http:\/\/www.moravecteam.cz\/?attachment_id=7416\" rel=\"attachment wp-att-7416\"><img decoding=\"async\" loading=\"lazy\" class=\"alignnone size-full wp-image-7416\" alt=\"sunshine-cup-2017-1etapa-JK\" src=\"http:\/\/www.moravecteam.cz\/wp-content\/uploads\/2017\/02\/sunshine-cup-2017-1etapa-JK.jpg\" width=\"970\" height=\"485\" srcset=\"https:\/\/www.moravecteam.cz\/wp-content\/uploads\/2017\/02\/sunshine-cup-2017-1etapa-JK.jpg 970w, https:\/\/www.moravecteam.cz\/wp-content\/uploads\/2017\/02\/sunshine-cup-2017-1etapa-JK-300x150.jpg 300w\" sizes=\"(max-width: 970px) 100vw, 970px\" \/><\/a><\/p>\n<h5><span style=\"color: #800000;\">Ad\u00e9la \u0160af\u00e1\u0159ov\u00e1 v Limassolu v TOP 10! (XCO 5.3.2017)<\/span><\/h5>\n<p style=\"text-align: justify;\">Druhou \u010d\u00e1st Suhshine Cupu na Kypru tvo\u0159il klasick\u00fd z\u00e1vod MTB XCO, jeho\u017e tra\u0165 byla situov\u00e1na v unik\u00e1tn\u00edch historick\u00fdch \u010d\u00e1stech kypersk\u00e9ho spr\u00e1vn\u00edho st\u0159ediska Limassolu. Ve sv\u00e9m druh\u00e9m startu mezi \u017eenami na\u0161e odchovankyn\u011b <span style=\"color: #800000;\"><strong>Ad\u00e9la \u0160af\u00e1\u0159ov\u00e1<\/strong> <\/span>(NUTREND Specialized) \u0161okovala soupe\u0159ky, kdy\u017e po drav\u00e9m, vyv\u00e1\u017een\u00e9m a pozoruhodn\u011b vyzr\u00e1l\u00e9m z\u00e1vodn\u00edm projevu brala v c\u00edli vynikaj\u00edc\u00ed 9. m\u00edsto! Znovu tak potvrdila nejen, \u017ee j\u00ed kypersk\u00e9 klima sv\u011bd\u010d\u00ed, ale hlavn\u011b \u00a0\u017ee se t\u011b\u0161\u00ed na \u00favod sez\u00f3ny z v\u00fdborn\u00e9 formy! Bravo Ad\u00e9lko! Blahop\u0159ejeme k razantn\u00edmu vykro\u010den\u00ed do nejvy\u0161\u0161\u00edch \u017eensk\u00fdch bikersk\u00fdch pater! V\u011b\u0159me, \u017ee letos na Kypru vysoko nastavenou la\u0165ku udr\u017e\u00ed &#8222;Adys&#8220; po celou sez\u00f3nu!<\/p>\n<figure id=\"attachment_7542\" aria-describedby=\"caption-attachment-7542\" style=\"width: 540px\" class=\"wp-caption alignnone\"><a href=\"http:\/\/www.moravecteam.cz\/?attachment_id=7542\" rel=\"attachment wp-att-7542\"><img decoding=\"async\" loading=\"lazy\" class=\" wp-image-7542\" alt=\"sunshine-cup-2017-preview-amathous-adelka\" src=\"http:\/\/www.moravecteam.cz\/wp-content\/uploads\/2017\/02\/sunshine-cup-2017-preview-amathous-adelka.jpg\" width=\"540\" height=\"526\" srcset=\"https:\/\/www.moravecteam.cz\/wp-content\/uploads\/2017\/02\/sunshine-cup-2017-preview-amathous-adelka.jpg 540w, https:\/\/www.moravecteam.cz\/wp-content\/uploads\/2017\/02\/sunshine-cup-2017-preview-amathous-adelka-25x25.jpg 25w, https:\/\/www.moravecteam.cz\/wp-content\/uploads\/2017\/02\/sunshine-cup-2017-preview-amathous-adelka-300x292.jpg 300w\" sizes=\"(max-width: 540px) 100vw, 540px\" \/><\/a><figcaption id=\"caption-attachment-7542\" class=\"wp-caption-text\">Ad\u00e9le \u0160af\u00e1\u0159ov\u00e9 n\u00e1ro\u010dn\u00e9 ter\u00e9ny na Kypru vyhovuj\u00ed. Potvrdila to v\u00fdsledkov\u011b i v ned\u011bli v n\u00e1ro\u010dn\u00e9m cross country v Limassolu.<\/figcaption><\/figure>\n<p style=\"text-align: justify;\">Radost reprezemta\u010dn\u00edmu tren\u00e9rovi Viktoru Zapletalovi ud\u011blali ur\u010dit\u011b i zbyl\u00ed t\u0159i &#8222;mu\u0161ket\u00fd\u0159i&#8220; kte\u0159\u00ed se postavili na start presti\u017en\u00edho z\u00e1vodu mu\u017e\u016f ELITE. Honza \u0160karnitzl skv\u011ble zasko\u010dil za absentuj\u00edc\u00edho Jardy Kulhav\u00e9ho, kdy\u017e souboj o st\u0159\u00edbrnou &#8222;bednu&#8220; prohr\u00e1l na c\u00edlov\u00e9 \u010d\u00e1\u0159e o p\u00e1r desetinek&#8230; V\u00fdborn\u011b mu sekundoval i v c\u00edli \u0161est\u00fd Honza Vast a um\u00edst\u011bn\u00ed Ad\u00e9ly \u0160af\u00e1\u0159ov\u00e9 TOP 10 okop\u00edroval i Mat\u011bj Pr\u016fdek. V\u011bru, \u017ee letos na Kypru nechali \u010de\u0161t\u00ed bike\u0159i soupe\u0159\u016fm zlatou nav\u0161t\u00edvenku&#8230; Zde mtkn\u011bte na stru\u010dn\u00fd <strong><a href=\"http:\/\/www.reprezentacemtb.cz\/vsichni-cesi-na-kypru-v-top-10-skarnitzl-3\/\">report a v\u00fdsledky<\/a><\/strong>&#8230; Zde je dal\u0161\u00ed, \u00a0<a href=\"http:\/\/www.cyclingcy.com\/cyprus-sunshine-cup\/418-cyprus-sunshine-cup-round-two-amathous\"><strong>obs\u00e1hlej\u0161\u00ed report<\/strong><\/a>,\u00a0ale jen pro znalce AJ&#8230; Pravov\u011brn\u00ed bohemist\u00e9 si\u00a0asi <a href=\"http:\/\/mtbs.cz\/clanek\/sunshine-cup-2017-koristi-sarroua-skarnitzl-druhy\/kategorie\/popis-xc#.WL0E1bkixdg\"><strong>po\u010dtou rad\u0161i tu\u0165<\/strong><\/a>&#8230; Zde je t\u00e9\u017e <strong><a href=\"http:\/\/www.skcpraha.cz\/?p=4337\">&#8222;report\u00edk&#8220; z ned\u011bln\u00edho Limssolu <\/a><\/strong>+ vydatn\u00e1 fotogalerie&#8230;<\/p>\n<figure id=\"attachment_7541\" aria-describedby=\"caption-attachment-7541\" style=\"width: 764px\" class=\"wp-caption alignnone\"><a href=\"http:\/\/www.moravecteam.cz\/?attachment_id=7541\" rel=\"attachment wp-att-7541\"><img decoding=\"async\" loading=\"lazy\" class=\" wp-image-7541\" alt=\"IMG_2157-768x576\" src=\"http:\/\/www.moravecteam.cz\/wp-content\/uploads\/2017\/02\/IMG_2157-768x576.jpg\" width=\"764\" height=\"518\" srcset=\"https:\/\/www.moravecteam.cz\/wp-content\/uploads\/2017\/02\/IMG_2157-768x576.jpg 764w, https:\/\/www.moravecteam.cz\/wp-content\/uploads\/2017\/02\/IMG_2157-768x576-300x203.jpg 300w\" sizes=\"(max-width: 764px) 100vw, 764px\" \/><\/a><figcaption id=\"caption-attachment-7541\" class=\"wp-caption-text\">Viktorovi Zapletalovi se soustavn\u011b da\u0159\u00ed budovat soudr\u017en\u00fd reprezenta\u010dn\u00ed t\u00fdm!<\/figcaption><\/figure>\n<p><strong><span style=\"color: #800000;\">Ad\u00e9la pod ji\u017en\u00edm sluncem v\u00e1l\u00ed! (4. etapa 26.2.2017)<\/span><\/strong><\/p>\n<p style=\"text-align: justify;\">I ve \u010dtvrt\u00e9 etap\u011b 20. ro\u010dn\u00edku Slune\u010dn\u00edho poh\u00e1ru na Kypru, kter\u00e1 uzav\u0159ela prvn\u00ed ze dvou \u010d\u00e1sti t\u00e9to &#8222;race&#8220;, \u00a0potvrdila odchovankyn\u011b MORAVEC Teamu <strong><span style=\"color: #800000;\">Ad\u00e9la \u0160af\u00e1\u0159ov\u00e1<\/span><\/strong>, \u017ee jej\u00ed v\u00fdborn\u00e9 v\u00fdsledky z prvn\u00edch t\u0159ech etap nebyly v\u016fbec d\u00edlem n\u011bjak\u00e9 zmaten\u00e9 n\u00e1hody&#8230; Naopak. V ned\u011bln\u00edm klasick\u00e9 cross country op\u011bt p\u0159edvedla, \u017ee se t\u011b\u0161\u00ed na za\u010d\u00e1tku sez\u00f3ny v\u00fdte\u010dn\u00e9 form\u011b, kdy\u017e dojela v z\u00e1vod\u011b \u017een ELITE na v pohod\u011b s pln\u00fdm po\u010dtem kol 18. m\u00edst\u011b! Jako by ani nem\u011bla v noh\u00e1ch dv\u011b n\u00e1ro\u010dn\u00e9 horsk\u00e9 etapy z p\u0159edchoz\u00edch dvou dn\u016f&#8230; Tak ladn\u00fd, jist\u00fd a drav\u00fd byl jej\u00ed projev v dne\u0161n\u00edm z\u00e1vod\u011b, ve kter\u00e9m &#8222;d\u00fdchala na z\u00e1da&#8220; nejen krajance a v ned\u011bli nejlep\u0161\u00ed z \u010ce\u0161ek, v c\u00edli 15. Jitce \u0160karnitzlov\u00e9, ale i sv\u00e9 &#8222;star\u00e9 zn\u00e1m\u00e9&#8220; (u\u017e z cyklokros\u016f), Slovence Jance Keseg \u0160tefkov\u00e9. V celkov\u00e9m po\u0159ad\u00ed . se po dne\u0161n\u00ed. etap\u011b posunula Adys dokonce na \u00a017. m\u00edsto! Na poprv\u00e9, mezi \u017eenami, &#8222;dost dobr\u00fd&#8220;&#8230; Blahop\u0159ejeme!<\/p>\n<figure id=\"attachment_7462\" aria-describedby=\"caption-attachment-7462\" style=\"width: 434px\" class=\"wp-caption aligncenter\"><a href=\"http:\/\/www.moravecteam.cz\/?attachment_id=7462\" rel=\"attachment wp-att-7462\"><img decoding=\"async\" loading=\"lazy\" class=\"size-full wp-image-7462 \" alt=\"sunshine-cup-2017-afx4-_1_of_1-10\" src=\"http:\/\/www.moravecteam.cz\/wp-content\/uploads\/2017\/02\/sunshine-cup-2017-afx4-_1_of_1-10.jpg\" width=\"434\" height=\"445\" srcset=\"https:\/\/www.moravecteam.cz\/wp-content\/uploads\/2017\/02\/sunshine-cup-2017-afx4-_1_of_1-10.jpg 434w, https:\/\/www.moravecteam.cz\/wp-content\/uploads\/2017\/02\/sunshine-cup-2017-afx4-_1_of_1-10-25x25.jpg 25w, https:\/\/www.moravecteam.cz\/wp-content\/uploads\/2017\/02\/sunshine-cup-2017-afx4-_1_of_1-10-292x300.jpg 292w\" sizes=\"(max-width: 434px) 100vw, 434px\" \/><\/a><figcaption id=\"caption-attachment-7462\" class=\"wp-caption-text\">Ad\u00e9la \u0160af\u00e1\u0159ov\u00e1 na trati ned\u011bln\u00edho XCO z\u00e1vodu prok\u00e1zala, \u017ee jej\u00ed v\u00fdsledky z p\u0159edchoz\u00edch t\u0159\u00ed etap nebyly d\u00edlem n\u00e1hody..!<\/figcaption><\/figure>\n<p style=\"text-align: justify;\">I mu\u017ei potvrdili dominanci \u010ceska a d\u00e1 se \u0159\u00edct, \u017ee po prvn\u00ed polovin\u011b leto\u0161n\u00edho Sunshine Cupu, se perla St\u0159edozemn\u00edho mo\u0159e, ostrov Kypr, st\u00e1v\u00e1 MTB dr\u017eavou \u010cesk\u00e9 Koruny&#8230; V dne\u0161n\u00edm XCO mu\u017e\u016f fini\u0161oval Jaroslav Kulhav\u00fd v &#8222;mrtv\u00e9m z\u00e1vod\u011b&#8220; sice ve stejn\u00e9m \u010dase jako v\u00edt\u011bz na druh\u00e9m m\u00edst\u011b, to mu ale bohat\u011b sta\u010dilo na celkov\u00e9 v\u00edt\u011bzstv\u00ed v prvn\u00ed polovin\u011b st\u0159edomo\u0159sk\u00e9 race. Se slabou ztr\u00e1tovou minutkou dnes za Jardou na 3. m\u00edst\u011b fini\u0161oval Honza \u0160karnitzl, tak\u017ee o \u010desk\u00e9 nadvl\u00e1d\u011b m\u016f\u017eeme mluvit v souladu s \u00favodem tohoto odstavce zcela legitim\u011b! V\u00fdsledkov\u00fd souhrn to potvrzuje&#8230;<\/p>\n<p><strong><span style=\"color: #800000;\">\u017deny ELITE &#8211; 4. etapa<\/span><\/strong><\/p>\n<ul>\n<li>15. Jitka \u0160karnitzlov\u00e1 \/ celkov\u011b po \u010dty\u0159ech etap\u00e1ch 10. m\u00edsto<\/li>\n<li>18. Ad\u00e9la \u0160af\u00e1\u0159ov\u00e1 \/ 17.<\/li>\n<li>Jana Czeczinkarov\u00e1 pro zran\u011bn\u00ed nenastoupila na start \u00a0\/ 24.<\/li>\n<\/ul>\n<p><strong><span style=\"color: #800000;\">Mu\u017ei ELITE &#8211; 4. etapa<\/span><\/strong><\/p>\n<ul>\n<li><strong><span style=\"color: #ff6600;\">2. Jaroslav Kulhav\u00fd \/ po \u010dty\u0159ech etap\u00e1ch celkov\u011b 1. m\u00edsto<\/span><\/strong><\/li>\n<li><strong><span style=\"color: #800000;\">3. Jan \u0160karnitzl \/ 3.<\/span><\/strong><\/li>\n<li>17. Mat\u011bj Pr\u016fdek \/ 14.<\/li>\n<li>21. Jan Vastl \/ 15.<\/li>\n<li>17. Mat\u011bj Pr\u016fdek \/ 13..<\/li>\n<li>23. Zden\u011bk Vobeck\u00fd \/ 29.<\/li>\n<\/ul>\n<p style=\"text-align: justify;\">Na\u0161i te\u010f budou m\u00edt &#8222;v \u00favozovk\u00e1ch&#8220; t\u00fddenn\u00ed relax, proto\u017ee druh\u00fd d\u00edl SC se jede a\u017e p\u0159\u00ed\u0161t\u00ed \u00a0ned\u011bli, jako z\u00e1vod MTB XCO UCI1 ve zdej\u0161\u00edm v\u00fdznamn\u00e9m historick\u00e9m centru &#8211; Limassolu. nadch\u00e1zej\u00edc\u00ed t\u00fdden bude ale vyu\u017eit &#8211; krom\u011b nezbytn\u00e9ho odpo\u010dinku po n\u00e1ro\u010dn\u00e9m etap\u00e1ku &#8211; k dal\u0161\u00ed p\u0159\u00edprav\u011b na sez\u00f3nu, kter\u00e1 je opravdu zat\u00edm v pravd\u011b v &#8222;plenk\u00e1ch&#8220;&#8230; Zde je kompletn\u00ed <strong><a href=\"http:\/\/www.cyclingcy.com\/csc-race-info\/csc-results\/2017\">v\u00fdsledkov\u00fd souhrn<\/a><\/strong>, tu\u0165 <strong><a href=\"http:\/\/www.reprezentacemtb.cz\/kulhavy-celkovym-vitezem-sunshine-cupu-skarnitzl-treti\/\">dopl\u0148uj\u00edc\u00ed fundovan\u00fd koment\u00e1\u0159<\/a><\/strong> a dal\u0161\u00ed <strong><a href=\"http:\/\/mtbs.cz\/clanek\/prvni-dil-sunshine-cupu-patri-cechum-1-kulhavy-3-skarnitzl\/kategorie\/popis-xc#.WLNEUvnhDIU\">supr zpr\u00e1vy jsou i tu\u0165<\/a><\/strong>&#8230; A <strong><a href=\"http:\/\/www.skcpraha.cz\/?p=4308\">taky tady<\/a><\/strong>&#8230;<\/p>\n<figure id=\"attachment_7461\" aria-describedby=\"caption-attachment-7461\" style=\"width: 720px\" class=\"wp-caption alignnone\"><a href=\"http:\/\/www.moravecteam.cz\/?attachment_id=7461\" rel=\"attachment wp-att-7461\"><img decoding=\"async\" loading=\"lazy\" class=\" wp-image-7461\" alt=\"IMG_2132\" src=\"http:\/\/www.moravecteam.cz\/wp-content\/uploads\/2017\/02\/IMG_2132.jpg\" width=\"720\" height=\"772\" srcset=\"https:\/\/www.moravecteam.cz\/wp-content\/uploads\/2017\/02\/IMG_2132.jpg 720w, https:\/\/www.moravecteam.cz\/wp-content\/uploads\/2017\/02\/IMG_2132-279x300.jpg 279w\" sizes=\"(max-width: 720px) 100vw, 720px\" \/><\/a><figcaption id=\"caption-attachment-7461\" class=\"wp-caption-text\">\u00dasp\u011bch \u010desk\u00e9ho cross country na Kypru m\u00e1 d\u00edky Jardovi Kulhav\u00e9mu a Honzovi \u0160karnitzlovi zlat\u00fd a bronzov\u00fd lesk!<\/figcaption><\/figure>\n<p style=\"text-align: justify;\"><strong style=\"color: #800000; font-size: 18px;\">Dal\u0161\u00ed kvalitn\u00ed v\u00fdsledek Ad\u00e9ly (3. etapa 25.2. 2017)<\/strong><\/p>\n<p style=\"text-align: justify;\">Skute\u010dn\u011b v\u00fdborn\u011b si vede na\u0161e odchovankyn\u011b na etapov\u00e9m MTB z\u00e1vod\u011b v r\u00e1mci Suhshine Cupu na Kypru. I ve t\u0159et\u00ed etap\u011b, dlouh\u00e9 62,2 km s p\u0159ev\u00fd\u0161en\u00edm necel\u00fdch 2000 m zajela p\u0159i sv\u00fdch premi\u00e9rov\u00fdch z\u00e1vodch mezi \u017eenami, kter\u00e9 ve st\u0159edomo\u0159\u00ed aktu\u00e1ln\u011b za\u017e\u00edv\u00e1, v\u00fdborn\u011b! V c\u00edli byla klasifikov\u00e1na na 16. m\u00edst\u011b a p\u0159ed posleden\u00ed etapou Tour, kterou bude z\u00edtra klasick\u00fd z\u00e1vod MTB XCO, dr\u017e\u00ed v absolutn\u00edm po\u0159ad\u00ed v\u00fdborn\u00e9 18. m\u00edsto! Znovu mus\u00edm zopakovat: Bravo Adys! jej\u00ed star\u0161\u00ed a zku\u0161en\u011bj\u0161\u00ed krajanky se dnes taky \u010dinily a ob\u011b fini\u0161ovaly v TOP 10!<\/p>\n<figure id=\"attachment_7440\" aria-describedby=\"caption-attachment-7440\" style=\"width: 621px\" class=\"wp-caption alignnone\"><a href=\"http:\/\/www.moravecteam.cz\/?attachment_id=7440\" rel=\"attachment wp-att-7440\"><img decoding=\"async\" loading=\"lazy\" class=\" wp-image-7440\" alt=\"IMG_2127\" src=\"http:\/\/www.moravecteam.cz\/wp-content\/uploads\/2017\/02\/IMG_2127.jpg\" width=\"621\" height=\"509\" srcset=\"https:\/\/www.moravecteam.cz\/wp-content\/uploads\/2017\/02\/IMG_2127.jpg 621w, https:\/\/www.moravecteam.cz\/wp-content\/uploads\/2017\/02\/IMG_2127-300x245.jpg 300w\" sizes=\"(max-width: 621px) 100vw, 621px\" \/><\/a><figcaption id=\"caption-attachment-7440\" class=\"wp-caption-text\">Jak Ad\u00e9la \u0160af\u00e1\u0159ov\u00e1, tak i Jana Czeczinkarov\u00e1 mohli b\u00fdt po sobotn\u00ed, t\u0159et\u00ed etap\u011b Sunshine Cupu se sv\u00fdmi v\u00fdkony a v\u00fdsledky spokojeny!<\/figcaption><\/figure>\n<p style=\"text-align: justify;\">Krom\u011b d\u011bv\u010dat d\u011blaj\u00ed repre tren\u00e9ru Zapletalovi na Kypru radost i mu\u017ei. P\u0159edev\u0161\u00edm co se t\u00fd\u010de Jardy Kulhav\u00e9ho, \u00a0kter\u00fd dne\u0161n\u00ed, kr\u00e1lovskou etapu s p\u0159ehledem vyhr\u00e1l a vr\u00e1til se i do \u010dela pr\u016fb\u011b\u017en\u00e9ho po\u0159ad\u00ed! T\u0159et\u00ed pozici celkov\u011b dr\u017e\u00ed v sobotn\u00ed t\u0159et\u00ed \u00a0etap\u011b na \u0161est\u00e9m m\u00edst\u011b dokon\u010div\u0161\u00ed &#8211; Hona \u0160katnitzl, kdy\u017e mezi dva na\u0161e borce je po t\u0159ech etap\u00e1ch vkl\u00edn\u011bn v\u00edt\u011bz z p\u00e1tku, Francouz Jordan Sarrou. Pozoruhodn\u00e1 je &#8211; vzhledem k extr\u00e9mn\u00ed n\u00e1ro\u010dnosti etapy &#8211; i pr\u016fm\u011brn\u00e1 rychlost v\u00edt\u011bze t\u0159et\u00ed etapy: 26,88 km\/hod.! V\u011b\u0159me, \u017ee v ned\u011bli, p\u0159i z\u00e1vod\u011b cross country nav\u00e1\u017eou v\u0161ichni na\u0161i na v\u00fdkony a v\u00fdsledky z prv\u00edch t\u0159ech etap. Budeme dr\u017eet palce! \u00a0V\u00fdsledkov\u00e1 rekapitulace na\u0161ich po sobot\u011b je tato:<\/p>\n<p><span style=\"color: #800000;\"><strong>\u017deny ELITE &#8211; 3. etapa<\/strong><\/span><\/p>\n<ul>\n<li>6. Jana Czeczinkarov\u00e1 \/\u00a0po dvou etap\u00e1ch celkov\u011b 14. msto<\/li>\n<li>10. Jitka \u0160karnitzlov\u00e1 \/ 7.<\/li>\n<li>16. Ad\u00e9la \u0160af\u00e1\u0159ov\u00e1 \/ 18.<\/li>\n<\/ul>\n<p><strong><span style=\"color: #800000;\">Mu\u017ei ELITE &#8211; 3. etapa<\/span><\/strong><\/p>\n<ul>\n<li><strong><span style=\"color: #ff6600;\">1. Jaroslav Kulhav\u00fd \/ po dvou etap\u00e1ch celkov\u011b 1. m\u00edsto<\/span><\/strong><\/li>\n<li><strong><span style=\"color: #800000;\">6. Jan \u0160karnitzl \/ 3.<\/span><\/strong><\/li>\n<li>14. Jan Vastl \/ 15.<\/li>\n<li>17. Mat\u011bj Pr\u016fdek \/ 13..<\/li>\n<li>33. Zden\u011bk Vobeck\u00fd \/ 29.<\/li>\n<\/ul>\n<figure id=\"attachment_7441\" aria-describedby=\"caption-attachment-7441\" style=\"width: 416px\" class=\"wp-caption alignnone\"><a href=\"http:\/\/www.moravecteam.cz\/?attachment_id=7441\" rel=\"attachment wp-att-7441\"><img decoding=\"async\" loading=\"lazy\" class=\"size-full wp-image-7441\" alt=\"IMG_2125\" src=\"http:\/\/www.moravecteam.cz\/wp-content\/uploads\/2017\/02\/IMG_2125.jpg\" width=\"416\" height=\"395\" srcset=\"https:\/\/www.moravecteam.cz\/wp-content\/uploads\/2017\/02\/IMG_2125.jpg 416w, https:\/\/www.moravecteam.cz\/wp-content\/uploads\/2017\/02\/IMG_2125-25x25.jpg 25w, https:\/\/www.moravecteam.cz\/wp-content\/uploads\/2017\/02\/IMG_2125-300x284.jpg 300w\" sizes=\"(max-width: 416px) 100vw, 416px\" \/><\/a><figcaption id=\"caption-attachment-7441\" class=\"wp-caption-text\">Jarda Kulhav\u00fd se po sobotn\u00ed, t\u0159et\u00ed etap\u011b vr\u00e1til do \u017elut\u00e9ho trikotu. Udr\u017e\u00ed ho i v ned\u011bln\u00edm cross country? Budeme dr\u017eet palce!<\/figcaption><\/figure>\n<p style=\"text-align: justify;\">Tady je kompletn\u00ed <strong><a href=\"http:\/\/www.cyclingcy.com\/csc-race-info\/csc-results\/2017\">v\u00fdsledkov\u00fd souhrn<\/a><\/strong> po t\u0159ech dnech, no a dopl\u0148uj\u00edc\u00ed info ze spanil\u00e9 j\u00edzdy na\u0161ich na Kypru hledejte <strong><a href=\"http:\/\/www.reprezentacemtb.cz\/kulhavy-vitezem-treti-etapy-sunshine-cupu\/\">tradi\u010dn\u011b zde<\/a><\/strong> a<strong><a href=\"http:\/\/mtbs.cz\/clanek\/kulhavy-zpet-ve-zlutem-vyhral-3-etapu-afxentie\/kategorie\/popis-xc#.WLKQHfnhDIU\"> taky tu\u0165<\/a><\/strong>&#8230;\u00a0Akor\u00e1t nerozum\u00edm v\u00fdsledkov\u00fdm nep\u0159esnostem mezi servery mtbs a ofici\u00e1ln\u00edm kypersk\u00fdm serverem&#8230;<\/p>\n<h5 style=\"text-align: justify;\"><strong><span style=\"color: #800000;\">Adys d\u00e1le dr\u017e\u00ed krok! (2. etapa 24.2. 2017)<\/span><\/strong><\/h5>\n<p style=\"text-align: justify;\">Druhou etapou &#8222;Slune\u010dn\u00edho poh\u00e1ru&#8220; byla u\u017e pro v\u0161echny rajdry klasick\u00e1 t\u011b\u017ek\u00e1 horsk\u00e1 &#8222;rachota&#8220;&#8230; \u00a0V okol\u00ed n\u00e1stupn\u00edho m\u011bste\u010dka \u00a0 \u00a0 Lefkara vytvo\u0159ili po\u0159adatel\u00e9 tra\u0165 o distanci 52,2 km, kdy\u017e p\u0159ev\u00fd\u0161en\u00ed \u010d\u00edtalo \u00factyhodn\u00fdch 2300m&#8230; Na\u0161e odchovankyn\u011b <strong><span style=\"color: #800000;\">Ad\u00e9la \u0160af\u00e1\u0159ov\u00e1<\/span> <\/strong>\u00a0(NUTREND Specialize Team) op\u011bt uk\u00e1zala soupe\u0159k\u00e1m &#8222;za\u010d je toho na Drahansk\u00e9 Vrchovin\u011b loket&#8220; a po\u0159\u00e1dn\u011b &#8222;kousala&#8220; svoje o hodn\u011b star\u0161\u00ed a p\u0159edev\u0161\u00edm zku\u0161en\u011bj\u0161\u00ed soupe\u0159ky v kategorii \u017eeny ELITE. V c\u00edli brala 19. m\u00edsto se ztr\u00e1tou necel\u00fdch 16 minut na v\u00edt\u011bzku a po dvou etap\u00e1ch figuruje na v\u00fdborn\u00e9m 18. m\u00edst\u011b! Bravo Adys, jen tak d\u00e1l! Jinak byla druh\u00e1 etapa pro \u010desk\u00fd &#8222;man\u010daft&#8220; tak trochu smoln\u00e1 z hlediska defekt\u016f, kter\u00e9 postihly jak Janu Czeczinkarovou, tak p\u0159edev\u0161\u00edm Jardu Kulhav\u00e9ho, kter\u00fd m\u011bl z\u00e1vod v\u00fdborn\u011b rozjet\u00fd a brousil si zuby na dal\u0161\u00ed etapov\u00e9 v\u00edt\u011bzstv\u00ed! Kr\u016f\u010dek od &#8222;bedny&#8220; byl v c\u00edli \u010dtvrt\u00fd Honza \u0160kanitz a v TOP 10 se op\u011bt v \u017een\u00e1ch objevila i jeho mlad\u0161\u00ed sestra Jitka \u0160karnitzlov\u00e1. Dosavadn\u00ed, veskrze pozitivn\u00ed v\u00fdsledkov\u00fd souhrn na\u0161ich na Kypru je tentok:<\/p>\n<p><span style=\"color: #800000;\"><strong>\u017deny ELITE &#8211; 2. etapa<\/strong><\/span><\/p>\n<ul>\n<li>9. Jitka \u0160karnitzlov\u00e1 \/ po dvou etap\u00e1ch celkov\u011b 8. m\u00edsto<\/li>\n<li>19. Ad\u00e9la \u0160af\u00e1\u0159ov\u00e1 \/ 18.<\/li>\n<li>23. Jana Czeczinkarov\u00e1 \/ 21.<\/li>\n<\/ul>\n<p style=\"text-align: justify;\"><span style=\"color: #800000;\"><strong>Mu\u017ei ELITE &#8211; 2. etapa<\/strong><\/span><\/p>\n<ul>\n<li>4. Jan \u0160karnitzl \/ po dvou etap\u00e1ch celkov\u011b 3. m\u00edsto<\/li>\n<li>7. Jaroslav Kulhav\u00fd \/ 2.<\/li>\n<li>14. Mat\u011bj Pr\u016fdek \/ 14.<\/li>\n<li>18. Jan Vastl \/ 18.<\/li>\n<li>27, Zden\u011bk Vobeck\u00fd \/ 27.<\/li>\n<\/ul>\n<figure id=\"attachment_7423\" aria-describedby=\"caption-attachment-7423\" style=\"width: 768px\" class=\"wp-caption alignnone\"><a href=\"http:\/\/www.moravecteam.cz\/?attachment_id=7423\" rel=\"attachment wp-att-7423\"><img decoding=\"async\" loading=\"lazy\" class=\" wp-image-7423\" alt=\"cyprus_sunshine_cup_2017_reprezentace_\u010cR-adela-safarova-768x934\" src=\"http:\/\/www.moravecteam.cz\/wp-content\/uploads\/2017\/02\/cyprus_sunshine_cup_2017_reprezentace_\u010cR-adela-safarova-768x934.jpg\" width=\"768\" height=\"934\" srcset=\"https:\/\/www.moravecteam.cz\/wp-content\/uploads\/2017\/02\/cyprus_sunshine_cup_2017_reprezentace_\u010cR-adela-safarova-768x934.jpg 768w, https:\/\/www.moravecteam.cz\/wp-content\/uploads\/2017\/02\/cyprus_sunshine_cup_2017_reprezentace_\u010cR-adela-safarova-768x934-246x300.jpg 246w\" sizes=\"(max-width: 768px) 100vw, 768px\" \/><\/a><figcaption id=\"caption-attachment-7423\" class=\"wp-caption-text\">Ad\u00e9la \u0160af\u00e1\u0159ov\u00e1 v pln\u00e9 rychlosti na trati 2. etapy Sunshine Cupu, kterou u\u017e byl t\u011b\u017ek\u00fd v\u00fdjezd do kypersk\u00e9ho poho\u0159\u00ed.<\/figcaption><\/figure>\n<p style=\"text-align: justify;\"><span style=\"text-align: justify;\">Sem mrkn\u011bte na kompletn\u00ed\u00a0<\/span><strong style=\"text-align: justify;\"><a href=\"http:\/\/www.cyclingcy.com\/csc-race-info\/csc-results\/2017\">v\u00fdsledkov\u00fd souhrn<\/a>,\u00a0<\/strong>tady je <strong><a href=\"http:\/\/www.reprezentacemtb.cz\/defekty-ovlivnily-poradi-druhe-etapy-sunshine-cupu\/\">dopl\u0148uj\u00edc\u00ed info<\/a><\/strong> ke druh\u00e9 etap\u011b, a<strong><a href=\"http:\/\/mtbs.cz\/clanek\/sunshine-cup-pokracoval-tezkou-etapou-s-mnoha-defekty\/kategorie\/popis-xc#.WLGcd_nhDIU\"> taky tady<\/a><\/strong>..<\/p>\n<h5><strong><span style=\"color: #800000;\">Ad\u00e9la \u0160af\u00e1\u0159ov\u00e1 v TOP 15! (1. etapa 23.2. 2017)<\/span><\/strong><\/h5>\n<p style=\"text-align: justify;\">Prvn\u00ed etapa, kter\u00e1\u00a0byla MTB \u010dasovkou a m\u011bla\u00a0charakter endurov\u00e9ho sjezdu, dopadla pro odchovankyni MORAVEC Teamu <span style=\"color: #800000;\"><strong>Ad\u00e9lu \u0160af\u00e1\u0159ovou<\/strong> <span style=\"color: #000000;\">(NUTREND Specialized Team) p\u0159i jej\u00edm premi\u00e9rov\u00e9m z\u00e1vod\u011b mezi \u017eenami <\/span><\/span>v\u00fdborn\u011b! Na trati dlouh\u00e9 14,6 km ztratila na v\u00edt\u011bzku necel\u00e9 p\u016flt\u0159et\u00ed minuty a v c\u00edli se mohla radovat z 15. m\u00edsta! V\u00fdsledek je o to cenn\u011bj\u0161\u00ed, \u017ee se Ad\u00e9lka m\u016f\u017ee\u00a0t\u011b\u0161it ze &#8222;skalp\u016f&#8220; takov\u00fdch borek &#8211; bikerek, jak\u00fdmi Janka Keseg \u0160tevkov\u00e1,(Slovensko) \u010di Elizabeth Osl (Rakousko) nebo legend\u00e1rn\u00ed Gun Rita Dahle (Norsko), bezesporu jsou! Supr sedmou p\u0159\u00ed\u010dku v z\u00e1vod\u011b pak brala jej\u00ed reprezenta\u010dn\u00ed t\u00fdmov\u00e1 kolegyn\u011b, Jana Czecinkarov\u00e1, dev\u00e1t\u00e1 dojela Jitka \u0160karnitzlov\u00e1. Pro zaj\u00edmavost si v\u0161imn\u011bte, \u017ee\u00a0pr\u016fm\u011brn\u00e1 rychlost v\u00edt\u011bzky &#8211;\u00a0Anne Terpstrov\u00e9\u00a0(GHOST Factory Racing) byla v c\u00edli \u00factyhodn\u00fdch 29,75 km\/hod.!<\/p>\n<figure id=\"attachment_7401\" aria-describedby=\"caption-attachment-7401\" style=\"width: 664px\" class=\"wp-caption alignnone\"><a href=\"http:\/\/www.moravecteam.cz\/?attachment_id=7401\" rel=\"attachment wp-att-7401\"><img decoding=\"async\" loading=\"lazy\" class=\" wp-image-7401\" alt=\"reprentace_mtb_2017-5\" src=\"http:\/\/www.moravecteam.cz\/wp-content\/uploads\/2017\/02\/reprentace_mtb_2017-5.jpg\" width=\"664\" height=\"700\" srcset=\"https:\/\/www.moravecteam.cz\/wp-content\/uploads\/2017\/02\/reprentace_mtb_2017-5.jpg 664w, https:\/\/www.moravecteam.cz\/wp-content\/uploads\/2017\/02\/reprentace_mtb_2017-5-25x25.jpg 25w, https:\/\/www.moravecteam.cz\/wp-content\/uploads\/2017\/02\/reprentace_mtb_2017-5-284x300.jpg 284w\" sizes=\"(max-width: 664px) 100vw, 664px\" \/><\/a><figcaption id=\"caption-attachment-7401\" class=\"wp-caption-text\">Ad\u00e9la \u0161af\u00e1\u0159ov\u00e1 se p\u0159edvedla v \u00favodn\u00ed etap\u011b Sunshine Cupu na Kypru p\u0159i sv\u00e9 premi\u00e9\u0159e mezi \u017eenami ve v\u00fdborn\u00e9m sv\u011btle!<\/figcaption><\/figure>\n<p style=\"text-align: justify;\">Je\u0161t\u011b v\u011bt\u0161\u00ed radost ud\u011blali repre tren\u00e9rovi Viktoru Zapletalovi ale ur\u010dit\u011b mu\u017ei, kte\u0159\u00ed se v\u0161ichni \u010dty\u0159i &#8222;poskl\u00e1dali&#8220; do elitn\u00ed dvac\u00edtky! <strong><span style=\"color: #ff6600;\">Jarda Kulhav\u00fd<\/span> <\/strong>vyhr\u00e1l, <strong><span style=\"color: #800000;\">Honza \u0160karnitzl<\/span> <\/strong>bral bronz a v\u00fdborn\u00fd prvn\u00ed den pro \u010cesko doladili i v c\u00edli 12. Mat\u011bj Pr\u016fdek a na 20. m\u00edst\u011b dokon\u010div\u0161\u00ed z\u00e1vod v konkurenci 65 rajdr\u016f Honza Vastl! Vskutku\u00a0velmi dob\u0159e\u00a0odstartovan\u00fd Sunshine Cup! A je\u0161t\u011b dopln\u00edm pr\u016fm\u011brnou v\u00edt\u011bzovu rychlost v c\u00edli: 34,66 km\/hod.! <a href=\"http:\/\/www.cyclingcy.com\/csc-race-info\/csc-results\/2017\/afxentia\/401-cyprus-sunshine-cup-1-afxentia-2017-stage-1-xct-results\"><strong>Zde studujte v\u00fdsledky<\/strong><\/a>&#8230; <strong><a href=\"http:\/\/mtbs.cz\/clanek\/cesi-vletli-do-sunshine-cupu-pekne-zostra-1-kulhavy-3-skarnitzl\/kategorie\/popis-xc#.WK_NlLkixdh\">Zde je v\u00edce info <\/a><\/strong>k prvn\u00ed etap\u011b + fotky, a <a href=\"http:\/\/www.reprezentacemtb.cz\/kulhavy-promenil-prvni-start-ve-vitezstvi-skarnitzl-treti\/\"><strong>tady taky<\/strong><\/a>&#8230;<\/p>\n","protected":false},"excerpt":{"rendered":"<p>Zat\u00edm, co v na\u0161\u00ed\u00a0malebn\u00e9 \u010desk\u00e9 kotlin\u011b je\u0161t\u011b vydatn\u011b dr\u017e\u00ed &#8222;palposty&#8220; (alespo\u0148 tedy na na\u0161\u00ed domovsk\u00e9 Drahansk\u00e9 Vrchovin\u011b vt\u00edrav\u00e1 pan\u00ed Zima) v\u00fdkv\u011bt evropsk\u00e9ho biku z\u00e1pol\u00ed na prvn\u00edch velk\u00fdch MTB z\u00e1vodech v r\u00e1mci 20. ro\u010dn\u00edku etapov\u00e9ho z\u00e1vodu na Kypru. Proto\u017ee na akci je p\u0159\u00edtomna &#8222;stopa&#8220; MORAVEC Teamu, budeme V\u00e1s o v\u00fdvoji race v t\u00e9to aktualit\u011b pr\u016fb\u011b\u017en\u011b informovat\u00a0&#8230; &hellip; <a href=\"https:\/\/www.moravecteam.cz\/?p=7395\" class=\"more-link\">Pokra\u010dov\u00e1n\u00ed textu <span class=\"screen-reader-text\">Sunshine Cup &#8211; Kypr-6<\/span> <span class=\"meta-nav\">&rarr;<\/span><\/a><\/p>\n","protected":false},"author":3,"featured_media":7415,"comment_status":"open","ping_status":"closed","sticky":false,"template":"","format":"standard","meta":[],"categories":[1],"tags":[],"_links":{"self":[{"href":"https:\/\/www.moravecteam.cz\/index.php?rest_route=\/wp\/v2\/posts\/7395"}],"collection":[{"href":"https:\/\/www.moravecteam.cz\/index.php?rest_route=\/wp\/v2\/posts"}],"about":[{"href":"https:\/\/www.moravecteam.cz\/index.php?rest_route=\/wp\/v2\/types\/post"}],"author":[{"embeddable":true,"href":"https:\/\/www.moravecteam.cz\/index.php?rest_route=\/wp\/v2\/users\/3"}],"replies":[{"embeddable":true,"href":"https:\/\/www.moravecteam.cz\/index.php?rest_route=%2Fwp%2Fv2%2Fcomments&post=7395"}],"version-history":[{"count":46,"href":"https:\/\/www.moravecteam.cz\/index.php?rest_route=\/wp\/v2\/posts\/7395\/revisions"}],"predecessor-version":[{"id":7573,"href":"https:\/\/www.moravecteam.cz\/index.php?rest_route=\/wp\/v2\/posts\/7395\/revisions\/7573"}],"wp:featuredmedia":[{"embeddable":true,"href":"https:\/\/www.moravecteam.cz\/index.php?rest_route=\/wp\/v2\/media\/7415"}],"wp:attachment":[{"href":"https:\/\/www.moravecteam.cz\/index.php?rest_route=%2Fwp%2Fv2%2Fmedia&parent=7395"}],"wp:term":[{"taxonomy":"category","embeddable":true,"href":"https:\/\/www.moravecteam.cz\/index.php?rest_route=%2Fwp%2Fv2%2Fcategories&post=7395"},{"taxonomy":"post_tag","embeddable":true,"href":"https:\/\/www.moravecteam.cz\/index.php?rest_route=%2Fwp%2Fv2%2Ftags&post=7395"}],"curies":[{"name":"wp","href":"https:\/\/api.w.org\/{rel}","templated":true}]}}