{"id":7427,"date":"2017-02-25T17:59:16","date_gmt":"2017-02-25T16:59:16","guid":{"rendered":"http:\/\/www.moravecteam.cz\/?p=7427"},"modified":"2017-02-26T09:36:39","modified_gmt":"2017-02-26T08:36:39","slug":"obvykla-patecni-pile","status":"publish","type":"post","link":"https:\/\/www.moravecteam.cz\/?p=7427","title":{"rendered":"Obvykl\u00e1 p\u00e1te\u010dn\u00ed p\u00edle!"},"content":{"rendered":"<p style=\"text-align: justify;\"><strong><span style=\"color: #800000;\">U\u017e jednou v r\u00e1mci zimn\u00ed p\u0159\u00edpravy na sez\u00f3nu 2017 zaskakoval Petr v roli cvi\u010ditele v p\u00e1tek za \u00a0v tomto tr\u00e9ninkov\u00e9m podve\u010deru obvyklou a hlavn\u011b vysoce fundovanou cvi\u010ditelku &#8211; Ivanu Prudkovou. P\u0159i\u0161lo tehdy lid\u00ed, \u017ee by se dali m\u00e1lem napo\u010d\u00edtat na prstech jedn\u00e9 ruky&#8230; To ale nebyl p\u0159\u00edpad posledn\u00edho b\u0159eznov\u00e9ho p\u00e1tku v tomto roce. Cvi\u010denc\u016f v bene\u0161ovsk\u00e9 t\u011blocvi\u010dn\u011b bylo skoro jako &#8222;na Ivanu&#8220;, co\u017e znovu potvrzuje skute\u010dnost, \u017ee bl\u00ed\u017e\u00edc\u00ed se start nov\u00e9 sez\u00f3ny p\u0159iv\u00e1d\u00ed MORAVCE k maxim\u00e1ln\u00edmu tr\u00e9ninkov\u00e9mu \u00fasil\u00ed a je jim v podstat\u011b jedno, kdo \u017ee jim ty tr\u00e1ninkov\u00e9 &#8222;kapky&#8220; zrovna nad\u00e1vkuje&#8230;<\/span><\/strong><\/p>\n<figure id=\"attachment_7434\" aria-describedby=\"caption-attachment-7434\" style=\"width: 849px\" class=\"wp-caption alignnone\"><a href=\"http:\/\/www.moravecteam.cz\/?attachment_id=7434\" rel=\"attachment wp-att-7434\"><img decoding=\"async\" loading=\"lazy\" class=\" wp-image-7434\" alt=\"IMG_4873\" src=\"http:\/\/www.moravecteam.cz\/wp-content\/uploads\/2017\/02\/IMG_4873.jpg\" width=\"849\" height=\"822\" srcset=\"https:\/\/www.moravecteam.cz\/wp-content\/uploads\/2017\/02\/IMG_4873.jpg 849w, https:\/\/www.moravecteam.cz\/wp-content\/uploads\/2017\/02\/IMG_4873-25x25.jpg 25w, https:\/\/www.moravecteam.cz\/wp-content\/uploads\/2017\/02\/IMG_4873-300x290.jpg 300w\" sizes=\"(max-width: 849px) 100vw, 849px\" \/><\/a><figcaption id=\"caption-attachment-7434\" class=\"wp-caption-text\">Jirka p\u0159i ladn\u00e9m proveden\u00ed kotoulu vp\u0159ed p\u0159i \u00a0z\u00e1vod\u011b t\u0159\u00ed \u0161esti\u010dlen\u00fdch \u0161tafet.<\/figcaption><\/figure>\n<p style=\"text-align: justify;\">Sch\u00e9ma a \u0159\u00e1d tr\u00e9ninku jsou u\u017e l\u00e9ty nem\u011bnn\u00e9 a d\u00e1 se \u0159\u00edct, \u017ee osv\u011bd\u010den\u00e9. Po rozb\u011bh\u00e1n\u00ed p\u0159i\u0161la na \u0159adu rozcvi\u010dka, kter\u00e1 samoz\u0159ejm\u011b nemohla nen\u00e9st nesmazateln\u00e9 stopy Velk\u00e9 Cvi\u010ditelky&#8230; Petr sice zapom\u011bl p\u0159i sv\u00e9m p\u0159edcvi\u010dov\u00e1n\u00ed na kliky (jak si sob\u011b v duchu p\u0159ed tr\u00e9ninkem sl\u00edbil) a v z\u00e1v\u011bru i na sokolsk\u00fd &#8222;hard rotation&#8220;, jeden z nejt\u011b\u017e\u0161\u00edch sokolsk\u00fdch cvik\u016f v historii, kter\u00fd ale u\u017e od minule d\u011bti MORAVCE zvl\u00e1daj\u00ed bez jak\u00fdchkoli zdravotn\u00edch \u00fajm\u016f, nezapom\u011bl ale p\u0159edat v z\u00e1v\u011bru rozvi\u010dky pomysln\u00e9 \u017eezlo Ani\u010dce Zem\u00e1nkov\u00e9, kter\u00e1 v\u0161em prot\u00e1hla svaly a svalky v r\u00e1mci tolik pot\u0159ebn\u00e9 stre\u010dinkov\u00e9 pr\u016fpravy&#8230; Ani\u010dku st\u0159\u00eddal akustick\u00fd tr\u00e9nink, kter\u00fd bude v t\u00e9to ro\u010dn\u00ed dob\u011b na po\u0159adu dne u\u017e asi p\u0159i v\u0161ech t\u011blocvi\u010dn\u00e1ch, kter\u00e9 n\u00e1m je\u0161t\u011b zb\u00fdvaj\u00ed odcvi\u010dit.<\/p>\n<figure id=\"attachment_7436\" aria-describedby=\"caption-attachment-7436\" style=\"width: 1154px\" class=\"wp-caption alignnone\"><a href=\"http:\/\/www.moravecteam.cz\/?attachment_id=7436\" rel=\"attachment wp-att-7436\"><img decoding=\"async\" loading=\"lazy\" class=\" wp-image-7436\" alt=\"IMG_4893\" src=\"http:\/\/www.moravecteam.cz\/wp-content\/uploads\/2017\/02\/IMG_4893.jpg\" width=\"1154\" height=\"978\" srcset=\"https:\/\/www.moravecteam.cz\/wp-content\/uploads\/2017\/02\/IMG_4893.jpg 1154w, https:\/\/www.moravecteam.cz\/wp-content\/uploads\/2017\/02\/IMG_4893-300x254.jpg 300w, https:\/\/www.moravecteam.cz\/wp-content\/uploads\/2017\/02\/IMG_4893-1024x867.jpg 1024w\" sizes=\"(max-width: 1154px) 100vw, 1154px\" \/><\/a><figcaption id=\"caption-attachment-7436\" class=\"wp-caption-text\">Tr\u00e9nik kotoul\u016f letmo. Nad lavi\u010dkami v p\u0159eletu Just\u00fdnka Novotn\u00e1 a Jirka Zav\u0159el.<\/figcaption><\/figure>\n<p style=\"text-align: justify;\">No a pak u\u017e jsme si jen &#8222;hr\u00e1li&#8220;&#8230;? Zd\u00e1nliv\u011b&#8230; Jak p\u0159i odleh\u010duj\u00edc\u00ed vybi\u0161ce, tak p\u0159i n\u00e1sledn\u00fdch troj\u00edch ryb\u00e1\u0159\u00edch a rybi\u010dk\u00e1ch makali v\u0161ichni \u00fa\u010dastn\u00ed jako o \u017eivot&#8230; O z\u00e1vodech t\u0159\u00ed \u0161esti\u010dlenn\u00fdch \u0161tafet nemluv\u011b&#8230; Man\u010dafty byly sestaveny jako velmi vyrovnan\u00e9 a b\u011bhem asi osmi &#8222;race&#8220; si ka\u017ed\u00e9 sexteto dob\u011bhlo \u00a0alepo\u0148 jednou pro palmu v\u00edt\u011bzstv\u00ed! \u00a0I akrobacie, kter\u00e1 \u0161tafetov\u00e9 bitvy vyst\u0159\u00eddala, bavila a i k t\u00e9to \u010d\u00e1sti tr\u00e9ninku p\u0159istoupili cvi\u010denci op\u011bt maxim\u00e1ln\u011b odpov\u011bdn\u011b! N\u00e1cvik startovn\u00edch reakc\u00ed nemohl nechyb\u011bt a v samotn\u00e9m fin\u00e1le jsme si &#8222;st\u0159ihnuli&#8220; &#8211; letos poprv\u00e9 &#8211; vy\u0159azovac\u00ed vybi\u0161ku, kterou ovl\u00e1dl nakonec &#8222;Hbit\u00fd Panter&#8220; ze Sk\u0159\u00edpova &#8211; V\u00ed\u0165a Lipensk\u00fd! No a p\u0159i fin\u00e1ln\u00edm n\u00e1stupu si cvi\u010denci moc r\u00e1di dali je\u0161t\u011b jedno akustick\u00e9 &#8222;repete&#8220;&#8230; <strong><a href=\"http:\/\/moravecteam.rajce.idnes.cz\/2017.02.24_Cviceni_v_telocvicne\/\">Mrkn\u011bte na fotogalerii<\/a><\/strong>&#8230;<\/p>\n","protected":false},"excerpt":{"rendered":"<p>U\u017e jednou v r\u00e1mci zimn\u00ed p\u0159\u00edpravy na sez\u00f3nu 2017 zaskakoval Petr v roli cvi\u010ditele v p\u00e1tek za \u00a0v tomto tr\u00e9ninkov\u00e9m podve\u010deru obvyklou a hlavn\u011b vysoce fundovanou cvi\u010ditelku &#8211; Ivanu Prudkovou. P\u0159i\u0161lo tehdy lid\u00ed, \u017ee by se dali m\u00e1lem napo\u010d\u00edtat na prstech jedn\u00e9 ruky&#8230; To ale nebyl p\u0159\u00edpad posledn\u00edho b\u0159eznov\u00e9ho p\u00e1tku v tomto roce. Cvi\u010denc\u016f v &hellip; <a href=\"https:\/\/www.moravecteam.cz\/?p=7427\" class=\"more-link\">Pokra\u010dov\u00e1n\u00ed textu <span class=\"screen-reader-text\">Obvykl\u00e1 p\u00e1te\u010dn\u00ed p\u00edle!<\/span> <span class=\"meta-nav\">&rarr;<\/span><\/a><\/p>\n","protected":false},"author":3,"featured_media":7437,"comment_status":"open","ping_status":"closed","sticky":false,"template":"","format":"standard","meta":[],"categories":[9],"tags":[],"_links":{"self":[{"href":"https:\/\/www.moravecteam.cz\/index.php?rest_route=\/wp\/v2\/posts\/7427"}],"collection":[{"href":"https:\/\/www.moravecteam.cz\/index.php?rest_route=\/wp\/v2\/posts"}],"about":[{"href":"https:\/\/www.moravecteam.cz\/index.php?rest_route=\/wp\/v2\/types\/post"}],"author":[{"embeddable":true,"href":"https:\/\/www.moravecteam.cz\/index.php?rest_route=\/wp\/v2\/users\/3"}],"replies":[{"embeddable":true,"href":"https:\/\/www.moravecteam.cz\/index.php?rest_route=%2Fwp%2Fv2%2Fcomments&post=7427"}],"version-history":[{"count":6,"href":"https:\/\/www.moravecteam.cz\/index.php?rest_route=\/wp\/v2\/posts\/7427\/revisions"}],"predecessor-version":[{"id":7450,"href":"https:\/\/www.moravecteam.cz\/index.php?rest_route=\/wp\/v2\/posts\/7427\/revisions\/7450"}],"wp:featuredmedia":[{"embeddable":true,"href":"https:\/\/www.moravecteam.cz\/index.php?rest_route=\/wp\/v2\/media\/7437"}],"wp:attachment":[{"href":"https:\/\/www.moravecteam.cz\/index.php?rest_route=%2Fwp%2Fv2%2Fmedia&parent=7427"}],"wp:term":[{"taxonomy":"category","embeddable":true,"href":"https:\/\/www.moravecteam.cz\/index.php?rest_route=%2Fwp%2Fv2%2Fcategories&post=7427"},{"taxonomy":"post_tag","embeddable":true,"href":"https:\/\/www.moravecteam.cz\/index.php?rest_route=%2Fwp%2Fv2%2Ftags&post=7427"}],"curies":[{"name":"wp","href":"https:\/\/api.w.org\/{rel}","templated":true}]}}