{"id":7452,"date":"2017-02-26T23:44:14","date_gmt":"2017-02-26T22:44:14","guid":{"rendered":"http:\/\/www.moravecteam.cz\/?p=7452"},"modified":"2017-02-27T07:35:19","modified_gmt":"2017-02-27T06:35:19","slug":"co-se-bude-dit-st09-2","status":"publish","type":"post","link":"https:\/\/www.moravecteam.cz\/?p=7452","title":{"rendered":"Co se bude d\u00edt? (ST09)"},"content":{"rendered":"<h5><span style=\"color: #800000;\">St\u0159eda 1.3. 2017<\/span><\/h5>\n<p style=\"text-align: justify;\">Osm\u00fdm cvi\u010den\u00edm v r. 2017 d\u011bt\u00ed do 12-ti let v bene\u0161ovsk\u00e9 t\u011blocvi\u010dn\u011b budou v\u00a0r\u00e1mci pokra\u010duj\u00edc\u00ed zimn\u00ed p\u0159\u00edpravy. &#8222;Koudelkovy kapky&#8220;, kter\u00e9 bude d\u00e1vkovat \u00a0Petr. &#8222;Mrskat&#8220; s\u00a0sebou budeme tradi\u010dn\u011b od 16.30 do 18.30 hodin.<\/p>\n<h5 style=\"text-align: justify;\"><strong><span style=\"color: #800000;\">\u010ctvrtek\u00a02.3. 2017<\/span><\/strong><\/h5>\n<p style=\"text-align: justify;\">Osm d\u011bt\u00ed z tr\u00e9ninkov\u00e9 skupiny Milana Tlamky absolvuje v ambulanci MUDr. Ad\u00e1mkov\u00e9 v Brn\u011b, Zahradn\u00edkovy 2 ergometrick\u00e9 vy\u0161et\u0159en\u00ed. P\u0159esto, \u017ee podrobn\u00e9 instrukce jste ji\u017e obdr\u017eeli jak p\u00edsemn\u011b tak formou e-mailu, p\u0159esto &#8211; pro jistotu &#8211; uv\u00e1d\u00edm \u010dasy vy\u0161et\u0159en\u00ed jednotliv\u00fdch rajdr\u016f:<\/p>\n<ul>\n<li>\n<div style=\"text-align: justify;\">14.10 hod. Barborka Tlamkov\u00e1<\/div>\n<\/li>\n<li>14.30 hod. Am\u00e1lka Gottwaldov\u00e1<\/li>\n<li>14.50 hod. Ad\u00e9lka Zav\u0159elov\u00e1<\/li>\n<li>15.10 hod. Ad\u00e9lka Kubinov\u00e1<\/li>\n<li>15.30 hod. Maty\u00e1\u0161 Koudelka<\/li>\n<li>15.50 hod. Eli\u0161ka han\u00e1kov\u00e1<\/li>\n<li>16.10 hod. Krist\u00fdna Kol\u00e1\u0159ov\u00e1<\/li>\n<li>16.30 hod. V\u00ed\u0165a Lipensk\u00fd<\/li>\n<\/ul>\n<p style=\"text-align: justify;\">Vy\u0161et\u0159en\u00ed je za doprovodu rodi\u010d\u016f, pros\u00edm v\u011bnujte tomuto d\u016fle\u017eit\u00e9mu \u00fakonu n\u00e1le\u017eitou pozornost!<\/p>\n<h5><span style=\"color: #800000;\">P\u00e1tek 3.3. 2017<\/span><\/h5>\n<p style=\"text-align: justify;\">Osm\u00e9 cvi\u010den\u00ed v r. 2017 v bene\u0161ovsk\u00e9 t\u011blocvi\u010dn\u011b v r\u00e1mci zimn\u00ed p\u0159\u00edpravy &#8211; ob\u00e1van\u00e9 &#8222;Prudkov\u00e9 kapky&#8220;. Cvi\u010den\u00ed povede \u00a0Iv\u010da Prudkov\u00e1,\u00a0 a &#8222;mrskat&#8220; s sebou budeme od 18.00 do 20.00 hodin. Po tr\u00e9ninku prob\u011bhne sch\u016fzka, t\u00fdkaj\u00edc\u00ed se bl\u00ed\u017e\u00edc\u00edho se soust\u0159ed\u011bn\u00ed v Chorvatsku. Pros\u00edm o 100% \u00fa\u010dast v\u0161ech, kterch se to t\u00fdk\u00e1!<\/p>\n<h5 style=\"text-align: justify;\"><span style=\"color: #800000;\">Sobota 4.3. 2017<\/span><\/h5>\n<p style=\"text-align: justify;\">Osm\u00fd z\u00e1vod Brn\u011bnsk\u00e9ho b\u011b\u017eeck\u00e9ho poh\u00e1ru, kter\u00fd tentokr\u00e1t pohost\u00ed v Brn\u011b &#8211; Mod\u0159ic\u00edch. \u00da\u010dast a dopravu si ka\u017ed\u00fd zaji\u0161\u0165uje s\u00e1m, zde mrkn\u011bte na <strong><a href=\"http:\/\/www.atletikauni.cz\/cz\/s1522\/Kalendar-akci\/Seznam-akci\/c2130-Detail-akce\/ata359-BBP-8-Modricky-pohar\">propozice<\/a><\/strong>&#8230;<\/p>\n","protected":false},"excerpt":{"rendered":"<p>St\u0159eda 1.3. 2017 Osm\u00fdm cvi\u010den\u00edm v r. 2017 d\u011bt\u00ed do 12-ti let v bene\u0161ovsk\u00e9 t\u011blocvi\u010dn\u011b budou v\u00a0r\u00e1mci pokra\u010duj\u00edc\u00ed zimn\u00ed p\u0159\u00edpravy. &#8222;Koudelkovy kapky&#8220;, kter\u00e9 bude d\u00e1vkovat \u00a0Petr. &#8222;Mrskat&#8220; s\u00a0sebou budeme tradi\u010dn\u011b od 16.30 do 18.30 hodin. \u010ctvrtek\u00a02.3. 2017 Osm d\u011bt\u00ed z tr\u00e9ninkov\u00e9 skupiny Milana Tlamky absolvuje v ambulanci MUDr. Ad\u00e1mkov\u00e9 v Brn\u011b, Zahradn\u00edkovy 2 ergometrick\u00e9 vy\u0161et\u0159en\u00ed. &hellip; <a href=\"https:\/\/www.moravecteam.cz\/?p=7452\" class=\"more-link\">Pokra\u010dov\u00e1n\u00ed textu <span class=\"screen-reader-text\">Co se bude d\u00edt? (ST09)<\/span> <span class=\"meta-nav\">&rarr;<\/span><\/a><\/p>\n","protected":false},"author":3,"featured_media":7487,"comment_status":"open","ping_status":"closed","sticky":false,"template":"","format":"standard","meta":[],"categories":[11],"tags":[],"_links":{"self":[{"href":"https:\/\/www.moravecteam.cz\/index.php?rest_route=\/wp\/v2\/posts\/7452"}],"collection":[{"href":"https:\/\/www.moravecteam.cz\/index.php?rest_route=\/wp\/v2\/posts"}],"about":[{"href":"https:\/\/www.moravecteam.cz\/index.php?rest_route=\/wp\/v2\/types\/post"}],"author":[{"embeddable":true,"href":"https:\/\/www.moravecteam.cz\/index.php?rest_route=\/wp\/v2\/users\/3"}],"replies":[{"embeddable":true,"href":"https:\/\/www.moravecteam.cz\/index.php?rest_route=%2Fwp%2Fv2%2Fcomments&post=7452"}],"version-history":[{"count":7,"href":"https:\/\/www.moravecteam.cz\/index.php?rest_route=\/wp\/v2\/posts\/7452\/revisions"}],"predecessor-version":[{"id":7491,"href":"https:\/\/www.moravecteam.cz\/index.php?rest_route=\/wp\/v2\/posts\/7452\/revisions\/7491"}],"wp:featuredmedia":[{"embeddable":true,"href":"https:\/\/www.moravecteam.cz\/index.php?rest_route=\/wp\/v2\/media\/7487"}],"wp:attachment":[{"href":"https:\/\/www.moravecteam.cz\/index.php?rest_route=%2Fwp%2Fv2%2Fmedia&parent=7452"}],"wp:term":[{"taxonomy":"category","embeddable":true,"href":"https:\/\/www.moravecteam.cz\/index.php?rest_route=%2Fwp%2Fv2%2Fcategories&post=7452"},{"taxonomy":"post_tag","embeddable":true,"href":"https:\/\/www.moravecteam.cz\/index.php?rest_route=%2Fwp%2Fv2%2Ftags&post=7452"}],"curies":[{"name":"wp","href":"https:\/\/api.w.org\/{rel}","templated":true}]}}