{"id":7466,"date":"2017-02-26T23:16:38","date_gmt":"2017-02-26T22:16:38","guid":{"rendered":"http:\/\/www.moravecteam.cz\/?p=7466"},"modified":"2017-02-26T23:37:40","modified_gmt":"2017-02-26T22:37:40","slug":"cyklisticke-svrbeni","status":"publish","type":"post","link":"https:\/\/www.moravecteam.cz\/?p=7466","title":{"rendered":"Cyklistick\u00e9 &#8222;svrb\u011bn\u00ed&#8220;&#8230;"},"content":{"rendered":"<p style=\"text-align: justify;\"><strong><span style=\"color: #800000;\">Ne, nebojte se&#8230; Nechci v t\u00e9to aktualit\u011b v\u016fbec \u0159e\u0161it p\u0159\u00edpadn\u00e9 ko\u017en\u00ed choroby hyper-aktivn\u00edch cyklist\u016f&#8230; Jen si t\u00edmto \u010dl\u00e1nkem potvrd\u00edme, co napov\u00eddaj\u00ed tr\u00e9ninky z t\u011blocvi\u010dny z posledn\u00edch t\u00fddn\u016f: vysloven\u00fd hlad tr\u00e9nuj\u00edc\u00edch MORAVC\u016e po nasedenut\u00ed na kolo, po \u0161l\u00e1pnut\u00ed do ped\u00e1lu, po prvn\u00ed jarn\u00ed &#8211; nebo sp\u00ed\u0161e je\u0161t\u011b zimn\u00ed &#8211; cyklistick\u00e9 &#8211; kone\u010dn\u011b &#8222;\u010dertovin\u011b&#8220;&#8230; P\u0159edev\u0161\u00edm proto se na silnic\u00edch mezi Blanskem a Boskovicemi objevila posledn\u00ed \u00fanorovou ned\u011bli v jak\u017e \/ tak\u017e p\u0159ijateln\u00fdch klimatick\u00fdch podm\u00ednk\u00e1ch, docela siln\u00e1 \u00fadren\u00e1 grupa elitn\u00edch rajdr\u016f MORAVEC Teamu pro sez\u00f3nu 2017!<\/span><\/strong><\/p>\n<figure id=\"attachment_7473\" aria-describedby=\"caption-attachment-7473\" style=\"width: 1000px\" class=\"wp-caption alignnone\"><a href=\"http:\/\/www.moravecteam.cz\/?attachment_id=7473\" rel=\"attachment wp-att-7473\"><img decoding=\"async\" loading=\"lazy\" class=\" wp-image-7473\" alt=\"IMG_20170226_140251\" src=\"http:\/\/www.moravecteam.cz\/wp-content\/uploads\/2017\/02\/IMG_20170226_140251.jpg\" width=\"1000\" height=\"666\" srcset=\"https:\/\/www.moravecteam.cz\/wp-content\/uploads\/2017\/02\/IMG_20170226_140251.jpg 1000w, https:\/\/www.moravecteam.cz\/wp-content\/uploads\/2017\/02\/IMG_20170226_140251-300x199.jpg 300w\" sizes=\"(max-width: 1000px) 100vw, 1000px\" \/><\/a><figcaption id=\"caption-attachment-7473\" class=\"wp-caption-text\">M\u00e1 FANTOMAS v\u00e1\u017en\u00e9 \u00famysly s firmou Pyrotec nebo s firmou MORAVEC Team? Odpov\u011b\u010f na tuto ot\u00e1zku n\u00e1m ur\u010dit\u011b uk\u00e1\u017e\u00ed p\u0159\u00ed\u0161t\u00ed dny&#8230;<\/figcaption><\/figure>\n<p style=\"text-align: justify;\">Pod dohledem tren\u00e9r\u016f MORAVEC Teamu Milana Tlamky a Franty Pad\u011bry a za asistence b\u00fdval\u00e9 vynikaj\u00edc\u00ed bikerky a toho \u010dasu vrchn\u00ed rozhod\u010d\u00ed MTB Poh\u00e1ru Drahansk\u00e9 vrchoviny, \u00a0Terezy Tlamkov\u00e9, si zbyl\u00fdch \u0161est nad\u011bjn\u00fdch el\u00e9v\u016f dalo distanc \u00fadol\u00edm \u0159eky Svitavy Boskovice &#8211; Blansko tam a zp\u011bt (cca 30km), ani\u017e by se n\u011bjak v\u00fdrazn\u011bji zad\u00fdchalo&#8230;. A nebyla by to \u00fadern\u00e1 skupina MORAVCE, kdyby v r\u00e1mci sv\u00e9ho &#8222;\u0161vihu&#8220; neza\u017eila n\u011bjak\u00e9 to dobrodru\u017estv\u00ed&#8230; T\u00edm bylo bezesporu spe\u0161ovsk\u00e9 setk\u00e1n\u00ed nejen z \u0161ed\u00fdmi medv\u011bdy Grizzly, ale nap\u0159\u00edklad i s legend\u00e1rn\u00edm, mo\u017en\u00e1 st\u00e1le je\u0161t\u011b nejmocn\u011bj\u0161\u00edm mu\u017eem planety &#8211; FANTOMASEM&#8230; Zkr\u00e1tka nast\u00e1v\u00e1 doba, kter\u00e9 j\u00e1 \u0159\u00edk\u00e1m &#8211; &#8222;doba prol\u00edn\u00e1n\u00ed&#8220;&#8230; My\u0161leno t\u00edm nen\u00ed nic jin\u00e9ho, ne\u017e \u017ee &#8222;such\u00e1&#8220; bikersk\u00e1 t\u011blocvi\u010dnov\u00e1 pr\u016fprava bude \u010d\u00edm d\u00e1l t\u00edm v\u00edc ustupovat ostr\u00e9mu cyklistick\u00e9mu tr\u00e9ninku pod otev\u0159en\u00fdm nebem&#8230; <span style=\"color: #800000;\"><strong>Zde omrkn\u011bte fotogalerii Franty Pad\u011bry z ned\u011bln\u00edho tr\u00e9ninku (nejen) &#8222;Milanov\u00fdch d\u011bt\u00ed&#8220;:<\/strong><\/span><\/p>\n<div id='gallery-1' class='gallery galleryid-7466 gallery-columns-9 gallery-size-thumbnail'><figure class='gallery-item'>\n\t\t\t<div class='gallery-icon portrait'>\n\t\t\t\t<a href='https:\/\/www.moravecteam.cz\/?attachment_id=7467'><img width=\"25\" height=\"25\" src=\"https:\/\/www.moravecteam.cz\/wp-content\/uploads\/2017\/02\/1_IMG_20170226_140218-25x25.jpg\" class=\"attachment-thumbnail size-thumbnail\" alt=\"\" decoding=\"async\" loading=\"lazy\" aria-describedby=\"gallery-1-7467\" srcset=\"https:\/\/www.moravecteam.cz\/wp-content\/uploads\/2017\/02\/1_IMG_20170226_140218-25x25.jpg 25w, https:\/\/www.moravecteam.cz\/wp-content\/uploads\/2017\/02\/1_IMG_20170226_140218-374x372.jpg 374w\" sizes=\"(max-width: 25px) 100vw, 25px\" \/><\/a>\n\t\t\t<\/div>\n\t\t\t\t<figcaption class='wp-caption-text gallery-caption' id='gallery-1-7467'>\n\t\t\t\tAni\u010dka nem\u00e1 probl\u00e9m s pozdraven\u00edm star\u0161\u00ed osoby&#8230;\n\t\t\t\t<\/figcaption><\/figure><figure class='gallery-item'>\n\t\t\t<div class='gallery-icon landscape'>\n\t\t\t\t<a href='https:\/\/www.moravecteam.cz\/?attachment_id=7468'><img width=\"25\" height=\"25\" src=\"https:\/\/www.moravecteam.cz\/wp-content\/uploads\/2017\/02\/1_IMG_20170226_140218a-25x25.jpg\" class=\"attachment-thumbnail size-thumbnail\" alt=\"\" decoding=\"async\" loading=\"lazy\" aria-describedby=\"gallery-1-7468\" \/><\/a>\n\t\t\t<\/div>\n\t\t\t\t<figcaption class='wp-caption-text gallery-caption' id='gallery-1-7468'>\n\t\t\t\tAni ostan\u00ed MORAVCI s pozdraven\u00edm star\u0161\u00ed osoby nezav\u00e1hali a potvrdili tak vysokou m\u00edru z\u00e1kladn\u00ed etick\u00e9 v\u00fdchovy&#8230;\n\t\t\t\t<\/figcaption><\/figure><figure class='gallery-item'>\n\t\t\t<div class='gallery-icon landscape'>\n\t\t\t\t<a href='https:\/\/www.moravecteam.cz\/?attachment_id=7469'><img width=\"25\" height=\"25\" src=\"https:\/\/www.moravecteam.cz\/wp-content\/uploads\/2017\/02\/IMG_20170226_130546_BURST2-25x25.jpg\" class=\"attachment-thumbnail size-thumbnail\" alt=\"\" decoding=\"async\" loading=\"lazy\" aria-describedby=\"gallery-1-7469\" \/><\/a>\n\t\t\t<\/div>\n\t\t\t\t<figcaption class='wp-caption-text gallery-caption' id='gallery-1-7469'>\n\t\t\t\tDost siln\u00fd \u00fatok, p\u0159edev\u0161\u00edm d\u00edky lev\u00e9mu k\u0159\u00eddlu&#8230;.\n\t\t\t\t<\/figcaption><\/figure><figure class='gallery-item'>\n\t\t\t<div class='gallery-icon landscape'>\n\t\t\t\t<a href='https:\/\/www.moravecteam.cz\/?attachment_id=7470'><img width=\"25\" height=\"25\" src=\"https:\/\/www.moravecteam.cz\/wp-content\/uploads\/2017\/02\/IMG_20170226_130659-25x25.jpg\" class=\"attachment-thumbnail size-thumbnail\" alt=\"\" decoding=\"async\" loading=\"lazy\" aria-describedby=\"gallery-1-7470\" \/><\/a>\n\t\t\t<\/div>\n\t\t\t\t<figcaption class='wp-caption-text gallery-caption' id='gallery-1-7470'>\n\t\t\t\tV\u00fd\u010det bikov\u00fdch \u00fasp\u011bch\u016f Terky Tlamkov\u00e9 by zabral docela dost \u010dasu&#8230;\n\t\t\t\t<\/figcaption><\/figure><figure class='gallery-item'>\n\t\t\t<div class='gallery-icon landscape'>\n\t\t\t\t<a href='https:\/\/www.moravecteam.cz\/?attachment_id=7471'><img width=\"25\" height=\"25\" src=\"https:\/\/www.moravecteam.cz\/wp-content\/uploads\/2017\/02\/IMG_20170226_140204-25x25.jpg\" class=\"attachment-thumbnail size-thumbnail\" alt=\"\" decoding=\"async\" loading=\"lazy\" aria-describedby=\"gallery-1-7471\" \/><\/a>\n\t\t\t<\/div>\n\t\t\t\t<figcaption class='wp-caption-text gallery-caption' id='gallery-1-7471'>\n\t\t\t\tTak z tohoto grizzliho bych nem\u011bl strach ani j\u00e1&#8230;\n\t\t\t\t<\/figcaption><\/figure><figure class='gallery-item'>\n\t\t\t<div class='gallery-icon landscape'>\n\t\t\t\t<a href='https:\/\/www.moravecteam.cz\/?attachment_id=7472'><img width=\"25\" height=\"25\" src=\"https:\/\/www.moravecteam.cz\/wp-content\/uploads\/2017\/02\/IMG_20170226_140218-25x25.jpg\" class=\"attachment-thumbnail size-thumbnail\" alt=\"\" decoding=\"async\" loading=\"lazy\" aria-describedby=\"gallery-1-7472\" \/><\/a>\n\t\t\t<\/div>\n\t\t\t\t<figcaption class='wp-caption-text gallery-caption' id='gallery-1-7472'>\n\t\t\t\tDobr\u00e9 de\u0148 teta!\n\t\t\t\t<\/figcaption><\/figure><figure class='gallery-item'>\n\t\t\t<div class='gallery-icon landscape'>\n\t\t\t\t<a href='https:\/\/www.moravecteam.cz\/?attachment_id=7473'><img width=\"25\" height=\"25\" src=\"https:\/\/www.moravecteam.cz\/wp-content\/uploads\/2017\/02\/IMG_20170226_140251-25x25.jpg\" class=\"attachment-thumbnail size-thumbnail\" alt=\"\" decoding=\"async\" loading=\"lazy\" aria-describedby=\"gallery-1-7473\" \/><\/a>\n\t\t\t<\/div>\n\t\t\t\t<figcaption class='wp-caption-text gallery-caption' id='gallery-1-7473'>\n\t\t\t\tPr\u00fd tady te\u010f bydl\u00ed, v Blansku, v Pyroteku&#8230;\n\t\t\t\t<\/figcaption><\/figure><figure class='gallery-item'>\n\t\t\t<div class='gallery-icon landscape'>\n\t\t\t\t<a href='https:\/\/www.moravecteam.cz\/?attachment_id=7474'><img width=\"25\" height=\"25\" src=\"https:\/\/www.moravecteam.cz\/wp-content\/uploads\/2017\/02\/IMG_20170226_144042_1-25x25.jpg\" class=\"attachment-thumbnail size-thumbnail\" alt=\"\" decoding=\"async\" loading=\"lazy\" aria-describedby=\"gallery-1-7474\" \/><\/a>\n\t\t\t<\/div>\n\t\t\t\t<figcaption class='wp-caption-text gallery-caption' id='gallery-1-7474'>\n\t\t\t\tNed\u011bln\u00ed \u00fadern\u00e1 skupina s Milanem&#8230;\n\t\t\t\t<\/figcaption><\/figure><figure class='gallery-item'>\n\t\t\t<div class='gallery-icon landscape'>\n\t\t\t\t<a href='https:\/\/www.moravecteam.cz\/?attachment_id=7475'><img width=\"25\" height=\"25\" src=\"https:\/\/www.moravecteam.cz\/wp-content\/uploads\/2017\/02\/IMG_20170226_144055-25x25.jpg\" class=\"attachment-thumbnail size-thumbnail\" alt=\"\" decoding=\"async\" loading=\"lazy\" aria-describedby=\"gallery-1-7475\" \/><\/a>\n\t\t\t<\/div>\n\t\t\t\t<figcaption class='wp-caption-text gallery-caption' id='gallery-1-7475'>\n\t\t\t\tNed\u011bln\u00ed \u00fadern\u00e1 skupina s Franti\u0161kem&#8230;\n\t\t\t\t<\/figcaption><\/figure>\n\t\t<\/div>\n\n","protected":false},"excerpt":{"rendered":"<p>Ne, nebojte se&#8230; Nechci v t\u00e9to aktualit\u011b v\u016fbec \u0159e\u0161it p\u0159\u00edpadn\u00e9 ko\u017en\u00ed choroby hyper-aktivn\u00edch cyklist\u016f&#8230; Jen si t\u00edmto \u010dl\u00e1nkem potvrd\u00edme, co napov\u00eddaj\u00ed tr\u00e9ninky z t\u011blocvi\u010dny z posledn\u00edch t\u00fddn\u016f: vysloven\u00fd hlad tr\u00e9nuj\u00edc\u00edch MORAVC\u016e po nasedenut\u00ed na kolo, po \u0161l\u00e1pnut\u00ed do ped\u00e1lu, po prvn\u00ed jarn\u00ed &#8211; nebo sp\u00ed\u0161e je\u0161t\u011b zimn\u00ed &#8211; cyklistick\u00e9 &#8211; kone\u010dn\u011b &#8222;\u010dertovin\u011b&#8220;&#8230; P\u0159edev\u0161\u00edm proto se &hellip; <a href=\"https:\/\/www.moravecteam.cz\/?p=7466\" class=\"more-link\">Pokra\u010dov\u00e1n\u00ed textu <span class=\"screen-reader-text\">Cyklistick\u00e9 &#8222;svrb\u011bn\u00ed&#8220;&#8230;<\/span> <span class=\"meta-nav\">&rarr;<\/span><\/a><\/p>\n","protected":false},"author":3,"featured_media":7474,"comment_status":"open","ping_status":"closed","sticky":false,"template":"","format":"standard","meta":[],"categories":[9],"tags":[],"_links":{"self":[{"href":"https:\/\/www.moravecteam.cz\/index.php?rest_route=\/wp\/v2\/posts\/7466"}],"collection":[{"href":"https:\/\/www.moravecteam.cz\/index.php?rest_route=\/wp\/v2\/posts"}],"about":[{"href":"https:\/\/www.moravecteam.cz\/index.php?rest_route=\/wp\/v2\/types\/post"}],"author":[{"embeddable":true,"href":"https:\/\/www.moravecteam.cz\/index.php?rest_route=\/wp\/v2\/users\/3"}],"replies":[{"embeddable":true,"href":"https:\/\/www.moravecteam.cz\/index.php?rest_route=%2Fwp%2Fv2%2Fcomments&post=7466"}],"version-history":[{"count":7,"href":"https:\/\/www.moravecteam.cz\/index.php?rest_route=\/wp\/v2\/posts\/7466\/revisions"}],"predecessor-version":[{"id":7482,"href":"https:\/\/www.moravecteam.cz\/index.php?rest_route=\/wp\/v2\/posts\/7466\/revisions\/7482"}],"wp:featuredmedia":[{"embeddable":true,"href":"https:\/\/www.moravecteam.cz\/index.php?rest_route=\/wp\/v2\/media\/7474"}],"wp:attachment":[{"href":"https:\/\/www.moravecteam.cz\/index.php?rest_route=%2Fwp%2Fv2%2Fmedia&parent=7466"}],"wp:term":[{"taxonomy":"category","embeddable":true,"href":"https:\/\/www.moravecteam.cz\/index.php?rest_route=%2Fwp%2Fv2%2Fcategories&post=7466"},{"taxonomy":"post_tag","embeddable":true,"href":"https:\/\/www.moravecteam.cz\/index.php?rest_route=%2Fwp%2Fv2%2Ftags&post=7466"}],"curies":[{"name":"wp","href":"https:\/\/api.w.org\/{rel}","templated":true}]}}