{"id":7507,"date":"2017-03-04T10:55:25","date_gmt":"2017-03-04T09:55:25","guid":{"rendered":"http:\/\/www.moravecteam.cz\/?p=7507"},"modified":"2017-03-04T11:17:34","modified_gmt":"2017-03-04T10:17:34","slug":"otackovy-vrchol","status":"publish","type":"post","link":"https:\/\/www.moravecteam.cz\/?p=7507","title":{"rendered":"Ot\u00e1\u010dkov\u00fd vrchol!"},"content":{"rendered":"<p style=\"text-align: justify;\"><span style=\"color: #800000;\"><strong>\u017de MORAVEC polev\u00ed z &#8222;vyskokejch vot\u00e1\u010dek&#8220; v z\u00e1v\u011bru zimn\u00ed p\u0159\u00edpravy? Nikoli&#8230; P\u0159i pravd\u011bpodobn\u011b letos na ja\u0159e posledn\u00edch, tolik obl\u00edben\u00fdch, by\u0165 \u010dasto bolestiv\u00fdch, &#8222;Prudkov\u00e9&#8220; kapek&#8220; op\u011bt praskala sta\u0159i\u010dk\u00e1 bene\u0161ovsk\u00e1 t\u011blocvi\u010dna ve \u0161vech a ur\u010dit\u011b to nebylo t\u00edm, \u017ee se zde p\u0159i t\u00e9to p\u0159\u00edle\u017eitosti ladily &#8222;noty&#8220; na nejmohutn\u011bj\u0161\u00ed cizokrajn\u00fd v\u00fdpad, jak\u00fd se v r\u00e1mci historie MORAVCE p\u0159ipravuje&#8230; Budu se &#8211; po kolik\u00e1t\u00e9 u\u017e? &#8211; znovu opakovat, kdy\u017e pozoruji ve fin\u00e1le zimn\u00ed p\u0159\u00edpravy \u00a0u drtiv\u00e9 v\u011bt\u0161iny MORAVC\u016e nezkrotnost, v\u00fdbu\u0161nost, vitalitu, dynamiku&#8230; A z toho pramen\u00edc\u00ed chu\u0165 u\u017e se kone\u010dn\u011b naplno op\u0159\u00edt do ped\u00e1l\u016f! Snad i k MTB &#8222;year&#8220; 2017 m\u016f\u017eeme na z\u00e1klad\u011b tohoto bezesporu pozitivn\u00edho zji\u0161t\u011bn\u00ed vyhl\u00ed\u017eet s opatrn\u00fdm optimismem!<\/strong><\/span><\/p>\n<figure id=\"attachment_7513\" aria-describedby=\"caption-attachment-7513\" style=\"width: 1268px\" class=\"wp-caption alignnone\"><a href=\"http:\/\/www.moravecteam.cz\/?attachment_id=7513\" rel=\"attachment wp-att-7513\"><img decoding=\"async\" loading=\"lazy\" class=\" wp-image-7513 \" alt=\"IMG_5079\" src=\"http:\/\/www.moravecteam.cz\/wp-content\/uploads\/2017\/03\/IMG_5079.jpg\" width=\"1268\" height=\"1394\" srcset=\"https:\/\/www.moravecteam.cz\/wp-content\/uploads\/2017\/03\/IMG_5079.jpg 1268w, https:\/\/www.moravecteam.cz\/wp-content\/uploads\/2017\/03\/IMG_5079-272x300.jpg 272w, https:\/\/www.moravecteam.cz\/wp-content\/uploads\/2017\/03\/IMG_5079-931x1024.jpg 931w\" sizes=\"(max-width: 1268px) 100vw, 1268px\" \/><\/a><figcaption id=\"caption-attachment-7513\" class=\"wp-caption-text\">Komu \u010dest, tomu \u010dest! B\u00fdt tak \u0161t\u00edhl\u00fd, ladn\u00fd a ohebn\u00fd jako ty! A odpus\u0165, \u017ee z m\u00e9ho cvi\u010debn\u00edho projevu mus\u00ed\u0161 &#8222;\u0161\u00edlet&#8220;..! D\u00edky moc za v\u0161echny MORAVCE!<\/figcaption><\/figure>\n<p style=\"text-align: justify;\">Mumraj na\u017ehaven\u00fdch cvi\u010denc\u016f ozdobila svoj\u00ed osobn\u00ed \u00fa\u010dast\u00ed op\u011bt i p\u0159edsedkyn\u011b na\u0161eho FAN Klubu, Maru\u0161ka Zouharov\u00e1, kter\u00e1 osobn\u011b dohl\u00e9dla na prvotn\u00ed rozpravu z\u00fa\u010dastn\u011bn\u00fdch k operaci s p\u0159\u00edsn\u011b utajen\u00fdm kryc\u00edm n\u00e1zvem <span style=\"color: #800000;\"><strong>HAJDUK<\/strong><\/span>, kter\u00e1 stoj\u00ed jako velk\u00e1 v\u00fdzva p\u0159ed na\u0161\u00edm odd\u00edlem, zat\u00edm co Ivana u\u017e d\u00e1vkovala do &#8222;la\u010dn\u00fdch krk\u016f&#8220; cvi\u010denc\u016f a cvi\u010denek svoji vyhled\u00e1vanou tinkturu&#8230; Proto\u017ee m\u011bla Iv\u010da v p\u00e1tek pravd\u011bpodobne letos na ja\u0159e derni\u00e9ru, dala si v\u011bru na kvalit\u011b &#8222;kap\u00e1n\u00ed&#8220; i na jej\u00ed intenzit\u011b n\u00e1le\u017eit\u011b z\u00e1le\u017eet! Po krati\u010dk\u00e9m depu a relaxa\u010dn\u00ed vybi\u0161ce p\u0159i\u0161ly na \u0159adu explozivn\u00ed \u0161tafety, aby v\u0161e jako ona pov\u011bstn\u00e1 t\u0159e\u0161ni\u010dka na dortu dozdobila vy\u0159azovac\u00ed vybi\u0161ka&#8230;<\/p>\n<figure id=\"attachment_7514\" aria-describedby=\"caption-attachment-7514\" style=\"width: 1617px\" class=\"wp-caption alignnone\"><a href=\"http:\/\/www.moravecteam.cz\/?attachment_id=7514\" rel=\"attachment wp-att-7514\"><img decoding=\"async\" loading=\"lazy\" class=\" wp-image-7514\" alt=\"IMG_5088\" src=\"http:\/\/www.moravecteam.cz\/wp-content\/uploads\/2017\/03\/IMG_5088.jpg\" width=\"1617\" height=\"1219\" srcset=\"https:\/\/www.moravecteam.cz\/wp-content\/uploads\/2017\/03\/IMG_5088.jpg 1617w, https:\/\/www.moravecteam.cz\/wp-content\/uploads\/2017\/03\/IMG_5088-300x226.jpg 300w, https:\/\/www.moravecteam.cz\/wp-content\/uploads\/2017\/03\/IMG_5088-1024x771.jpg 1024w\" sizes=\"(max-width: 1617px) 100vw, 1617px\" \/><\/a><figcaption id=\"caption-attachment-7514\" class=\"wp-caption-text\">P\u00e1te\u010dn\u00ed Bene\u0161ovsk\u00e9 t\u011blocvi\u010dny &#8211; kone\u010dn\u00e1 stanice! P\u0159\u00ed\u0161t\u00ed zast\u00e1vka &#8211; Langenlois!<\/figcaption><\/figure>\n<p style=\"text-align: justify;\">Ne zas tak \u010dasto v \u017eivot\u011b se st\u00e1v\u00e1, \u017ee je v\u00e1m smutno po tom co \u010dlov\u011bka bol\u00ed&#8230; Ale v p\u0159\u00edpad\u011b &#8222;Prudkov\u00e9 kapek&#8220; si mysl\u00edm, \u017ee se mo\u017en\u00e1 o tuto, tak trochu rozporuplnou skute\u010dnost, jedn\u00e1&#8230; Ale nemus\u00edme v\u011b\u0161et hlavu! Z patn\u00e1ctilet\u00e9 historie odd\u00edlu u\u017e v\u00edme, \u017ee sez\u00f3na, ve kter\u00e9 t\u00fddenn\u00ed koloto\u010d z\u00e1vod\u016f b\u011b\u017e\u00ed v ostr\u00e9m tempu podle onoho pov\u011bstn\u00e9ho &#8222;tatatatatatata&#8220; (z onoho legend\u00e1rn\u00edho filmu o \u010dern\u00fdch baronech), ub\u011bhne je\u0161t\u011b rychleji ne\u017e &#8222;okurkov\u00fd \u010das&#8220; zimn\u00ed p\u0159\u00edpravy. Tak\u017ee ne\u017e \u0159ekneme &#8222;\u0160vec&#8220;, bude tady listopad a s n\u00edm zp\u011bt v t\u011blocvi\u010dn\u011b i skv\u011bl\u00e1 Ivana! Za svoje grandi\u00f3zn\u00ed p\u0159edstaven\u00ed na \u0159elomu rok\u016f 2016 \/ 2017 nemohla b\u00fdt neodm\u011bn\u011bna, p\u0159i\u010dem\u017e d\u00e1rek byl tekut\u00fd ve form\u011b kvalitn\u00edho (nejen) iontov\u00e9ho n\u00e1poje! <strong><a href=\"http:\/\/moravecteam.rajce.idnes.cz\/2017.03.03_Cviceni_v_telocvicne\/\">Zde mrkn\u011bte na hutnou fotogalerii<\/a><\/strong> z asi letos posledn\u00edho, p\u00e1te\u010dn\u00edho cvi\u010dka&#8230; P.S. v ned\u011bli 5.3.2017 nezapome\u0148te zm\u00e1\u010dknout pale\u010dky Ad\u00e9lce \u0160af\u00e1\u0159ov\u00e9: \u00a0jede na Kypru v r\u00e1mci <strong><a href=\"http:\/\/mtbs.cz\/clanek\/sunshine-cup-jde-do-finale-bez-kulhaveho-a-czeczinkarove\/kategorie\/popis-xc#.WLqS9vnhDIU\">fin\u00e1le Sunshine Cupu<\/a><\/strong> ten Limassol!<\/p>\n<p style=\"text-align: justify;\">\n","protected":false},"excerpt":{"rendered":"<p>\u017de MORAVEC polev\u00ed z &#8222;vyskokejch vot\u00e1\u010dek&#8220; v z\u00e1v\u011bru zimn\u00ed p\u0159\u00edpravy? Nikoli&#8230; P\u0159i pravd\u011bpodobn\u011b letos na ja\u0159e posledn\u00edch, tolik obl\u00edben\u00fdch, by\u0165 \u010dasto bolestiv\u00fdch, &#8222;Prudkov\u00e9&#8220; kapek&#8220; op\u011bt praskala sta\u0159i\u010dk\u00e1 bene\u0161ovsk\u00e1 t\u011blocvi\u010dna ve \u0161vech a ur\u010dit\u011b to nebylo t\u00edm, \u017ee se zde p\u0159i t\u00e9to p\u0159\u00edle\u017eitosti ladily &#8222;noty&#8220; na nejmohutn\u011bj\u0161\u00ed cizokrajn\u00fd v\u00fdpad, jak\u00fd se v r\u00e1mci historie MORAVCE p\u0159ipravuje&#8230; &hellip; <a href=\"https:\/\/www.moravecteam.cz\/?p=7507\" class=\"more-link\">Pokra\u010dov\u00e1n\u00ed textu <span class=\"screen-reader-text\">Ot\u00e1\u010dkov\u00fd vrchol!<\/span> <span class=\"meta-nav\">&rarr;<\/span><\/a><\/p>\n","protected":false},"author":3,"featured_media":7515,"comment_status":"open","ping_status":"closed","sticky":false,"template":"","format":"standard","meta":[],"categories":[9],"tags":[],"_links":{"self":[{"href":"https:\/\/www.moravecteam.cz\/index.php?rest_route=\/wp\/v2\/posts\/7507"}],"collection":[{"href":"https:\/\/www.moravecteam.cz\/index.php?rest_route=\/wp\/v2\/posts"}],"about":[{"href":"https:\/\/www.moravecteam.cz\/index.php?rest_route=\/wp\/v2\/types\/post"}],"author":[{"embeddable":true,"href":"https:\/\/www.moravecteam.cz\/index.php?rest_route=\/wp\/v2\/users\/3"}],"replies":[{"embeddable":true,"href":"https:\/\/www.moravecteam.cz\/index.php?rest_route=%2Fwp%2Fv2%2Fcomments&post=7507"}],"version-history":[{"count":10,"href":"https:\/\/www.moravecteam.cz\/index.php?rest_route=\/wp\/v2\/posts\/7507\/revisions"}],"predecessor-version":[{"id":7517,"href":"https:\/\/www.moravecteam.cz\/index.php?rest_route=\/wp\/v2\/posts\/7507\/revisions\/7517"}],"wp:featuredmedia":[{"embeddable":true,"href":"https:\/\/www.moravecteam.cz\/index.php?rest_route=\/wp\/v2\/media\/7515"}],"wp:attachment":[{"href":"https:\/\/www.moravecteam.cz\/index.php?rest_route=%2Fwp%2Fv2%2Fmedia&parent=7507"}],"wp:term":[{"taxonomy":"category","embeddable":true,"href":"https:\/\/www.moravecteam.cz\/index.php?rest_route=%2Fwp%2Fv2%2Fcategories&post=7507"},{"taxonomy":"post_tag","embeddable":true,"href":"https:\/\/www.moravecteam.cz\/index.php?rest_route=%2Fwp%2Fv2%2Ftags&post=7507"}],"curies":[{"name":"wp","href":"https:\/\/api.w.org\/{rel}","templated":true}]}}