{"id":7522,"date":"2017-03-04T15:16:11","date_gmt":"2017-03-04T14:16:11","guid":{"rendered":"http:\/\/www.moravecteam.cz\/?p=7522"},"modified":"2017-03-05T11:40:30","modified_gmt":"2017-03-05T10:40:30","slug":"operace-hajduk","status":"publish","type":"post","link":"https:\/\/www.moravecteam.cz\/?p=7522","title":{"rendered":"Operace HAJDUK"},"content":{"rendered":"<p style=\"text-align: justify;\"><strong><span style=\"color: #800000;\">Loni jsme prvn\u00ed p\u0159edjarn\u00ed kilometry &#8222;nakroutili&#8220; &#8211; vzpom\u00edn\u00e1te &#8211; v italsk\u00e9m Garganu. A v\u011bru, \u017ee to nebyl v\u016fbec \u0161patn\u00fd po\u010din! Na\u0161i elitn\u00ed snajp\u0159i &#8211; &#8222;garga\u0148\u00e1ci&#8220; se v pr\u016fb\u011bhu roku doslova p\u0159ekon\u00e1vali a d\u016fkazem toho jsou TOP medailov\u00e1 um\u00edst\u011bn\u00ed a\u0165 u\u017e na bikov\u00e9m M\u010cR, \u00a0nebo v n\u00e1rodn\u00edch poh\u00e1rech v bikov\u00fdch disciplin\u00e1ch a\u0165 u\u017eTom\u00e1\u0161e Tlamky &#8222;Contadora&#8220; (aktu\u00e1ln\u011b u\u017e t\u00fdmov\u011b p\u0159\u00edslu\u0161n\u00fd v Nutrend Specialized), Dominika Prudka, \u010di Ani\u010dky Zem\u00e1nkov\u00e9 nebo Jany Tesa\u0159ov\u00e9&#8230; A proto\u017ee prastar\u00e9 sportovn\u00ed pravidlo \u0159\u00edk\u00e1, \u017ee &#8222;v\u00edt\u011bzn\u00e1 sestava se nem\u00e1 m\u011bnit&#8220;, pro\u010d podobn\u00fd sc\u00e9n\u00e1\u0159 p\u0159\u00edpravy nezopakovat i letos?<\/span><\/strong><\/p>\n<p style=\"text-align: justify;\">Pojedeme &#8211; logicky &#8211; op\u011bt na jih, akor\u00e1t z\u00e1padn\u00ed stranu Apeninsk\u00e9ho poloostrova zam\u011bn\u00edme za v\u00fdchodn\u00ed. Rekordn\u00ed po\u010det dvou tuct\u016f MORAVC\u016e p\u0159iv\u00edt\u00e1 Chorvatsk\u00e9 m\u011bste\u010dko &#8211; <strong><a href=\"http:\/\/www.moravecteam.cz\/?attachment_id=7528\" rel=\"attachment wp-att-7528\">Podstrana &#8211; Dalmacie<\/a><\/strong>, kter\u00e9 le\u017e\u00ed asi 10 km od provin\u010dn\u00edho centra Dalmacie a fotbalov\u00e9 ba\u0161ty z\u00e1rove\u0148 &#8211; m\u011bsta Splitu. A proto\u017ee se jedn\u00e1 &#8211; co do po\u010dtu &#8211; opravdu nejmasov\u011bj\u0161\u00ed zahrani\u010dn\u00ed invazi MORAVEC Teamu, je t\u0159eba j\u00ed samoz\u0159ejm\u011b v\u011bnovat n\u00e1le\u017eitou pozornost&#8230; Tek\u017ee prvotn\u00ed informace k p\u0159ipravovan\u00e9mu v\u00fdsadku jsou tyto:<\/p>\n<h5 style=\"text-align: justify;\"><span style=\"color: #800000;\">Start<\/span><\/h5>\n<p style=\"text-align: justify;\">Den &#8222;D&#8220; je stanoven na p\u00e1tek 10. b\u0159ezna 2017. Abychom zm\u00e1tli nep\u0159\u00edtele, kter\u00fd &#8211; jak v\u00ed v\u0161ichni veter\u00e1ni z\u00e1kladn\u00ed vojensk\u00e9 slu\u017eby &#8211; st\u00e1le naslouch\u00e1, pojedou \u010dty\u0159i invazn\u00ed vozidla v r\u016fzn\u00fdch \u010dasech. Tyto \u010dasy si vy\u017e\u00e1dejte od \u00a0\u0159idi\u010d\u016f t\u011bchto vozidel:\u00a0<strong><a href=\"http:\/\/www.moravecteam.cz\/?attachment_id=7525\" rel=\"attachment wp-att-7525\">HAJDUK &#8211; jmenn\u00fd seznam<\/a><\/strong><\/p>\n<h5><span style=\"color: #800000;\">Nakl\u00e1dka materi\u00e1lu<\/span><\/h5>\n<p style=\"text-align: justify;\">Kola je pot\u0159eba m\u00edt ulo\u017eena do kartonov\u00fdch krabic (v pr\u016fb\u011bhu t\u00fddne si je obstarejte v region\u00e1ln\u00edch cykloprodejn\u00e9ch &#8211; v Boskovic\u00edch Kassai \u010di Radim Petr\u016f, v Blansku Kola Nov\u00e1k, prodejna Radka \u0160inkory nebo Milana \u0160ustka, pomoci by mohl i n\u00e1\u0161 V\u00ed\u0165a Prudek, ur\u010dit\u011b budou tyto krabice &#8211; kdy\u017e by bylo nejh\u016f\u0159 &#8211; u na\u0161ich \u010derstv\u00fdch partner\u016f &#8211; v prodejn\u00e1ch BB cyklosport v Pop\u016fvk\u00e1ch \u010di \u010cesk\u00e9 u Brna). Hlavn\u00ed nakl\u00e1dka materi\u00e1lu prob\u011bhe ve \u010dtvrtek 9.3.2017 do 18.00 na Okrouhl\u00e9 \u010d.117, nem\u00e1te-li dohodnutou tuto v\u011bc s \u0159idi\u010di ostatn\u00edch vozidel jinak. Nezapome\u0148te si s sebou vz\u00edt ve\u0161ker\u00fd podp\u016frn\u00fd velomateri\u00e1l, jak V\u00e1m u\u017e d\u0159\u00edve ur\u010dil velitel vsadku Milan Tlamka!<\/p>\n<h5 style=\"text-align: justify;\"><span style=\"color: #800000;\">Poji\u0161t\u011bn\u00ed<\/span><\/h5>\n<p style=\"text-align: justify;\"><span style=\"color: #000000;\">Na akci V\u00e1m je p\u0159ipravena za v\u00fdhodn\u00fdch podm\u00ednek zajistit hromadn\u00e9 poji\u0161t\u011bn\u00ed <strong><span style=\"color: #800000;\">Lenka Tlamkov\u00e1 &#8211; tel. 776 108 047<\/span><\/strong>. V p\u0159\u00edpad\u011b z\u00e1jmu ji kontaktujte <span style=\"text-decoration: underline;\">nejpozd\u011bji do ned\u011ble 5. b\u0159ezna<\/span> a p\u0159ipravte si pro ni tyto z\u00e1kladn\u00ed \u00fadaje, kter\u00e9 od V\u00e1s bude pot\u0159ebovat: <span style=\"text-decoration: underline;\">jm\u00e9no, p\u0159\u00edjmen\u00ed a rodn\u00e9 \u010d\u00edslo poji\u0161\u0165ovan\u00e9ho<\/span>. Pros\u00edm, aby v\u0161ichni toto m\u011bli p\u0159ed cestou vy\u0159\u00edzeno!!! \u017de se m\u016f\u017ee st\u00e1t (ani\u017e bych cht\u011bl n\u011bco p\u0159ivol\u00e1vat) cokoli &#8211; toho je p\u0159\u00edkladem z\u00e1va\u017en\u00fd zdravotn\u00ed probl\u00e9m, kter\u00fd postihl minul\u00fd t\u00fdden p\u0159i cyklistick\u00fdch aktivit\u00e1ch na Kypru \u010deskou \u0161pi\u010dkovou z\u00e1vodnici <strong><a href=\"http:\/\/www.reprezentacemtb.cz\/jana-czeczinkarova-ma-po-osklivem-padu-opet-usmev-na-tvari\/\">Janu Czeczinkarovou<\/a><\/strong>&#8230; Aby m\u011bli v\u0161ichni s sebou platn\u00fd cstovn\u00ed pas, snad p\u0159ipom\u00ednat nemus\u00edm&#8230; U d\u011bt\u00ed mlad\u0161\u00edch 15-ti let je pr\u016fkazem toto\u017enosti i euro-d\u011btsk\u00fd, ob\u010dansk\u00fd pr\u016fkaz.<\/span><\/p>\n<h5 style=\"text-align: justify;\"><strong><span style=\"color: #800000;\">Lokalita v\u00fdsadku<\/span><\/strong><\/h5>\n<p style=\"text-align: justify;\">M\u011bste\u010dko <strong><a href=\"http:\/\/www.apartmentsada.com\/\">Podstrana<\/a><\/strong> se nach\u00e1z\u00ed asi 10 km ji\u017en\u011b od Splitu u jadersk\u00e9ho pob\u0159e\u017e\u00ed Bydlet budete v bungalovech, strava je v na\u0161\u00ed re\u017eii a je zapo\u010dtena ji\u017e do ceny z\u00e1jezdu. Proto\u017ee n\u00e1\u0161 pobyt je \u010dasov\u00e1n je\u0161t\u011b hodn\u011b p\u0159ed za\u010d\u00e1tek turistick\u00e9 sez\u00f3ny, p\u0159edpokl\u00e1daj\u00ed se bezprobl\u00e9mov\u00e9 podm\u00ednky pro silni\u010dn\u00ed tr\u00e9nink, kter\u00fd bude nosnou \u010d\u00e1st\u00ed p\u0159\u00edpravy. Vhodost lokality ur\u010dil proviantn\u00ed n\u00e1\u0161eln\u00edk Jirka Zav\u0159el, m\u011b toto potvrdil Martin \u0160\u00edma z MaxCursoru s poz\u00e1mkou, \u017ee v dob\u00e1ch nejv\u011bt\u0161\u00ed sl\u00e1vy sem jarem jezdila naj\u00ed\u017ed\u011bt prvn\u00ed objemy nap\u0159\u00edklad tak\u00e9 v\u00fdborn\u00e1 bikerka \u0160\u00e1rka Chmurov\u00e1.<\/p>\n<h5 style=\"text-align: justify;\"><span style=\"color: #800000;\">Disciplina<\/span><\/h5>\n<p style=\"text-align: justify;\">Jede V\u00e1s, m\u00e1m-li p\u0159esn\u00e9 informace &#8211; 18 d\u011bt\u00ed a 6 dosp\u011bl\u00fdch, p\u0159i\u010dem\u017e za d\u011bti, kter\u00e9 na soust\u0159ed\u011bn\u00ed nebudou doprov\u00e1zet rodi\u010de, p\u0159eb\u00edraj\u00ed odpov\u011bdnost velitel v\u00fdsadku, jeho z\u00e1stupce a proviantn\u00ed n\u00e1\u010deln\u00edk. <strong><span style=\"color: #800000;\">Pros\u00edm tedy d\u011btskou \u010d\u00e1st v\u00fdsadku o maxim\u00e1ln\u00ed disciplinovanost a profesion\u00e1ln\u00ed pln\u011bn\u00ed v\u0161ech pokyn\u016f, kter\u00e9 V\u00e1m velitel\u00e9 oprace budou pr\u016fb\u011b\u017en\u011b ud\u011blovat!!!<\/span><\/strong> V invazn\u00ed lokalit\u011b budete operovat ve dvou skupin\u00e1ch, kdy\u017e star\u0161\u00ed a zdatn\u011bj\u0161\u00ed rajdry bude m\u00edt na starosti Honza \u0160indel\u00e1\u0159 a t\u011bm mlad\u0161\u00edm bude velet Milan Tlamka. A pr\u00e1v\u011b jich se po akci zept\u00e1m, jak jste byli disciplinovan\u00ed, a jak\u00fd byl v\u00e1\u0161 p\u0159\u00edstup k pln\u011bn\u00ed zadan\u00fdch \u00fakol\u016f. Jejich objektivn\u00ed hl\u00e1\u0161en\u00ed v tomto smyslu definitivn\u011b ur\u010d\u00ed Va\u0161e tabulkov\u00e9 hodnocen\u00ed, ze kter\u00e9ho se stanov\u00ed jednotliv\u00fdm elitn\u00edm jezdc\u016fm MORAVCE v\u00fd\u0161e podpory na sez\u00f3nu 2017.<\/p>\n<h5 style=\"text-align: justify;\"><span style=\"color: #800000;\">N\u00e1vrat<\/span><\/h5>\n<p>P\u0159i cest\u011b zp\u011bt se po\u010d\u00edt\u00e1 s p\u0159esunem p\u0159es Ma\u010farsko a s n\u00e1v\u0161t\u011bvou zdej\u0161\u00edch term\u00e1ln\u00edch l\u00e1zn\u00ed&#8230;<\/p>\n<p style=\"text-align: justify;\">Ve\u0161ker\u00e9 kontakty na \u00fa\u010dastn\u00edky HAJDUKU hledejte zde: <strong><a href=\"http:\/\/www.moravecteam.cz\/?attachment_id=7525\" rel=\"attachment wp-att-7525\">H<\/a><a href=\"http:\/\/www.moravecteam.cz\/?attachment_id=7525\" rel=\"attachment wp-att-7525\">AJDUK &#8211; jmenn\u00fd seznam<\/a>.\u00a0<\/strong>V\u00fdsadku HAJDUK &#8211; zdar!<\/p>\n","protected":false},"excerpt":{"rendered":"<p>Loni jsme prvn\u00ed p\u0159edjarn\u00ed kilometry &#8222;nakroutili&#8220; &#8211; vzpom\u00edn\u00e1te &#8211; v italsk\u00e9m Garganu. A v\u011bru, \u017ee to nebyl v\u016fbec \u0161patn\u00fd po\u010din! Na\u0161i elitn\u00ed snajp\u0159i &#8211; &#8222;garga\u0148\u00e1ci&#8220; se v pr\u016fb\u011bhu roku doslova p\u0159ekon\u00e1vali a d\u016fkazem toho jsou TOP medailov\u00e1 um\u00edst\u011bn\u00ed a\u0165 u\u017e na bikov\u00e9m M\u010cR, \u00a0nebo v n\u00e1rodn\u00edch poh\u00e1rech v bikov\u00fdch disciplin\u00e1ch a\u0165 u\u017eTom\u00e1\u0161e Tlamky &#8222;Contadora&#8220; (aktu\u00e1ln\u011b &hellip; <a href=\"https:\/\/www.moravecteam.cz\/?p=7522\" class=\"more-link\">Pokra\u010dov\u00e1n\u00ed textu <span class=\"screen-reader-text\">Operace HAJDUK<\/span> <span class=\"meta-nav\">&rarr;<\/span><\/a><\/p>\n","protected":false},"author":3,"featured_media":7530,"comment_status":"open","ping_status":"closed","sticky":false,"template":"","format":"standard","meta":[],"categories":[9],"tags":[],"_links":{"self":[{"href":"https:\/\/www.moravecteam.cz\/index.php?rest_route=\/wp\/v2\/posts\/7522"}],"collection":[{"href":"https:\/\/www.moravecteam.cz\/index.php?rest_route=\/wp\/v2\/posts"}],"about":[{"href":"https:\/\/www.moravecteam.cz\/index.php?rest_route=\/wp\/v2\/types\/post"}],"author":[{"embeddable":true,"href":"https:\/\/www.moravecteam.cz\/index.php?rest_route=\/wp\/v2\/users\/3"}],"replies":[{"embeddable":true,"href":"https:\/\/www.moravecteam.cz\/index.php?rest_route=%2Fwp%2Fv2%2Fcomments&post=7522"}],"version-history":[{"count":12,"href":"https:\/\/www.moravecteam.cz\/index.php?rest_route=\/wp\/v2\/posts\/7522\/revisions"}],"predecessor-version":[{"id":7538,"href":"https:\/\/www.moravecteam.cz\/index.php?rest_route=\/wp\/v2\/posts\/7522\/revisions\/7538"}],"wp:featuredmedia":[{"embeddable":true,"href":"https:\/\/www.moravecteam.cz\/index.php?rest_route=\/wp\/v2\/media\/7530"}],"wp:attachment":[{"href":"https:\/\/www.moravecteam.cz\/index.php?rest_route=%2Fwp%2Fv2%2Fmedia&parent=7522"}],"wp:term":[{"taxonomy":"category","embeddable":true,"href":"https:\/\/www.moravecteam.cz\/index.php?rest_route=%2Fwp%2Fv2%2Fcategories&post=7522"},{"taxonomy":"post_tag","embeddable":true,"href":"https:\/\/www.moravecteam.cz\/index.php?rest_route=%2Fwp%2Fv2%2Ftags&post=7522"}],"curies":[{"name":"wp","href":"https:\/\/api.w.org\/{rel}","templated":true}]}}