{"id":7544,"date":"2017-03-04T23:08:27","date_gmt":"2017-03-04T22:08:27","guid":{"rendered":"http:\/\/www.moravecteam.cz\/?p=7544"},"modified":"2017-03-06T07:26:27","modified_gmt":"2017-03-06T06:26:27","slug":"vikend-adelek","status":"publish","type":"post","link":"https:\/\/www.moravecteam.cz\/?p=7544","title":{"rendered":"V\u00edkend Ad\u00e9lek!"},"content":{"rendered":"<p style=\"text-align: justify;\"><span style=\"color: #800000;\"><strong>Brn\u011bnsk\u00fd b\u011b\u017eeck\u00fd poh\u00e1r pokra\u010doval dal\u0161\u00edm z\u00e1vodem prvn\u00ed b\u0159eznovou sobotu na tradi\u010dn\u00ed trati v Brn\u011b &#8211; Mod\u0159ic\u00edch. Tentokr\u00e1t se to tam na startu MORAVCI zrovna nehem\u017eilo&#8230; Ale nen\u00ed divu&#8230; Ro\u010dn\u00ed doba a hlavn\u011b p\u0159\u00edzniv\u00e9 klima u\u017e vel\u00ed nasko\u010dit do sedel, p\u0159esto v Mod\u0159ic\u00edch jsme mohli zatleskat v\u00fdborn\u00e9mu v\u00fdkonu borky z MORAVEC Teamu!<\/strong><\/span><\/p>\n<p><a href=\"http:\/\/www.moravecteam.cz\/?attachment_id=7547\" rel=\"attachment wp-att-7547\"><img decoding=\"async\" loading=\"lazy\" class=\"size-full wp-image-7547  alignleft\" title=\"Ad\u00e9la Kubinov\u00e1 si v Brn\u011b-Mod\u0159ic\u00edch dob\u011bhla p\u0159i dal\u0161\u00edm pokra\u010dov\u00e1n\u00ed BBP v kategorii mlad\u0161\u00edch \u017e\u00e1ky\u0148 pro v\u00fdborn\u00e9 12. m\u00edsto!\" alt=\"20161126_103444\" src=\"http:\/\/www.moravecteam.cz\/wp-content\/uploads\/2017\/03\/20161126_103444.jpg\" width=\"184\" height=\"250\" \/><\/a><\/p>\n<p style=\"text-align: justify;\">V kategorii mlad\u0161\u00edch \u017e\u00e1ky\u0148 si pro kvalitn\u00ed v\u00fdsledek dob\u011bhla rtu\u0165ovit\u00e1 <span style=\"color: #800000;\"><strong>Ad\u00e9la Kubinov\u00e1<\/strong> <\/span>kter\u00e1 tak op\u011bt potvrdila svoji nespornou \u00a0sportovn\u00ed univerz\u00e1lnost a \u00a0zah\u00e1jila tak trochu v\u00fdsledkov\u011b &#8211; obrazn\u011b \u0159e\u010deno v\u00edkend Ad\u00e9lek &#8211; kdy\u017e na jej\u00ed\u00a0v\u00fdborn\u00fd v\u00fdkon\u00a0nav\u00e1zala o den pozd\u011bji v kypersk\u00e9m Limassolu v z\u00e1vod\u011b MTB XCO taky Ad\u00e9la &#8211; tentokr\u00e1t \u0160af\u00e1\u0159ov\u00e1&#8230; V Mod\u0159ic\u00edch\u00a0b\u011b\u017eeckou extrat\u0159\u00eddu prok\u00e1zali\u00a0je\u0161t\u011b dva mu\u017ei kte\u0159\u00ed v\u011bru maj\u00ed co spole\u010dn\u00e9ho s MORAVCEM: na &#8222;p\u011btce&#8220; potvrdil\u00a0atletick\u00e9 vlohy\u00a0 v\u00fdkonem i v\u00fdsledkem <strong><span style=\"color: #800000;\">Petr Kone\u010dn\u00fd<\/span><\/strong> a na &#8222;des\u00edtce&#8220; se v\u00fdborn\u011b prezentoval multi-vytralec <span style=\"color: #800000;\"><strong>Petr Bo\u0159il<\/strong><\/span>. Sem koukn\u011bte na <strong><a href=\"http:\/\/www.atletikauni.cz\/cz\/s1522\/Vysledky\/Seznam-probehlych-akci\/c2132-Detail-akce\/ata359-BBP-8-Modricky-pohar\">v\u00fdsledkov\u00fd souhrn<\/a><\/strong> z Brna &#8211; Mod\u0159ic..<\/p>\n","protected":false},"excerpt":{"rendered":"<p>Brn\u011bnsk\u00fd b\u011b\u017eeck\u00fd poh\u00e1r pokra\u010doval dal\u0161\u00edm z\u00e1vodem prvn\u00ed b\u0159eznovou sobotu na tradi\u010dn\u00ed trati v Brn\u011b &#8211; Mod\u0159ic\u00edch. Tentokr\u00e1t se to tam na startu MORAVCI zrovna nehem\u017eilo&#8230; Ale nen\u00ed divu&#8230; Ro\u010dn\u00ed doba a hlavn\u011b p\u0159\u00edzniv\u00e9 klima u\u017e vel\u00ed nasko\u010dit do sedel, p\u0159esto v Mod\u0159ic\u00edch jsme mohli zatleskat v\u00fdborn\u00e9mu v\u00fdkonu borky z MORAVEC Teamu! V kategorii mlad\u0161\u00edch \u017e\u00e1ky\u0148 &hellip; <a href=\"https:\/\/www.moravecteam.cz\/?p=7544\" class=\"more-link\">Pokra\u010dov\u00e1n\u00ed textu <span class=\"screen-reader-text\">V\u00edkend Ad\u00e9lek!<\/span> <span class=\"meta-nav\">&rarr;<\/span><\/a><\/p>\n","protected":false},"author":3,"featured_media":7546,"comment_status":"open","ping_status":"closed","sticky":false,"template":"","format":"standard","meta":[],"categories":[1],"tags":[],"_links":{"self":[{"href":"https:\/\/www.moravecteam.cz\/index.php?rest_route=\/wp\/v2\/posts\/7544"}],"collection":[{"href":"https:\/\/www.moravecteam.cz\/index.php?rest_route=\/wp\/v2\/posts"}],"about":[{"href":"https:\/\/www.moravecteam.cz\/index.php?rest_route=\/wp\/v2\/types\/post"}],"author":[{"embeddable":true,"href":"https:\/\/www.moravecteam.cz\/index.php?rest_route=\/wp\/v2\/users\/3"}],"replies":[{"embeddable":true,"href":"https:\/\/www.moravecteam.cz\/index.php?rest_route=%2Fwp%2Fv2%2Fcomments&post=7544"}],"version-history":[{"count":7,"href":"https:\/\/www.moravecteam.cz\/index.php?rest_route=\/wp\/v2\/posts\/7544\/revisions"}],"predecessor-version":[{"id":7567,"href":"https:\/\/www.moravecteam.cz\/index.php?rest_route=\/wp\/v2\/posts\/7544\/revisions\/7567"}],"wp:featuredmedia":[{"embeddable":true,"href":"https:\/\/www.moravecteam.cz\/index.php?rest_route=\/wp\/v2\/media\/7546"}],"wp:attachment":[{"href":"https:\/\/www.moravecteam.cz\/index.php?rest_route=%2Fwp%2Fv2%2Fmedia&parent=7544"}],"wp:term":[{"taxonomy":"category","embeddable":true,"href":"https:\/\/www.moravecteam.cz\/index.php?rest_route=%2Fwp%2Fv2%2Fcategories&post=7544"},{"taxonomy":"post_tag","embeddable":true,"href":"https:\/\/www.moravecteam.cz\/index.php?rest_route=%2Fwp%2Fv2%2Ftags&post=7544"}],"curies":[{"name":"wp","href":"https:\/\/api.w.org\/{rel}","templated":true}]}}