{"id":7552,"date":"2017-03-05T23:56:16","date_gmt":"2017-03-05T22:56:16","guid":{"rendered":"http:\/\/www.moravecteam.cz\/?p=7552"},"modified":"2017-03-06T08:10:50","modified_gmt":"2017-03-06T07:10:50","slug":"dalsi-svih","status":"publish","type":"post","link":"https:\/\/www.moravecteam.cz\/?p=7552","title":{"rendered":"Dal\u0161\u00ed &#8222;\u0161vih&#8220;!"},"content":{"rendered":"<p style=\"text-align: justify;\"><strong><span style=\"color: #800000;\">Nat\u011b\u0161en\u00ed nasednout u\u017e kone\u010dn\u011b &#8222;na tvrdo&#8220; do sedel u rajdr\u016f MORAVEC Teamu p\u0159etrv\u00e1v\u00e1. D\u016fkazem toho je dal\u0161\u00ed &#8222;p\u0159edjarn\u00ed \u0161vih&#8220; borc\u016f a borek z tr\u00e9ninkov\u00e9 skupiny Junior Teamu Milana Tlamky, kter\u00fd na tradi\u010dn\u00ed trati mezi Boskovicemi a Blanskem prob\u011bhl i prvn\u00ed b\u0159eznovou ned\u011bli. Samoz\u0159ejm\u011b v\u0161emu napom\u00e1h\u00e1 i p\u0159\u00edjemn\u00e9, tepl\u00e9 po\u010das\u00ed t\u011bchto dn\u016f a kdy\u017e se nad ned\u011bln\u00edm r\u00e1nem uti\u0161il i siln\u00fd v\u00edtr, bylo jasn\u00e9, \u017ee v Boskovick\u00e9 br\u00e1zd\u011b m\u011bli (nejen) na\u0161i cyklist\u00e9 ve sv\u00e1te\u010dn\u00ed den opravdu docela na r\u016f\u017e\u00edch ustl\u00e1no&#8230;<\/span><\/strong><\/p>\n<figure id=\"attachment_7554\" aria-describedby=\"caption-attachment-7554\" style=\"width: 896px\" class=\"wp-caption alignnone\"><a href=\"http:\/\/www.moravecteam.cz\/?attachment_id=7554\" rel=\"attachment wp-att-7554\"><img decoding=\"async\" loading=\"lazy\" class=\" wp-image-7554\" alt=\"IMG_20170305_130149\" src=\"http:\/\/www.moravecteam.cz\/wp-content\/uploads\/2017\/03\/IMG_20170305_130149.jpg\" width=\"896\" height=\"560\" srcset=\"https:\/\/www.moravecteam.cz\/wp-content\/uploads\/2017\/03\/IMG_20170305_130149.jpg 896w, https:\/\/www.moravecteam.cz\/wp-content\/uploads\/2017\/03\/IMG_20170305_130149-300x187.jpg 300w\" sizes=\"(max-width: 896px) 100vw, 896px\" \/><\/a><figcaption id=\"caption-attachment-7554\" class=\"wp-caption-text\">Tradi\u010dn\u00ed n\u00e1stupn\u00ed m\u00edsto: Boskovice &#8211; maloprodejna Albert. Kdo \u017ee je to ale ten \u010dernob\u00edl\u00fd rajdr uprost\u0159ed?<\/figcaption><\/figure>\n<p style=\"text-align: justify;\">A proto\u017ee jsem tentokr\u00e1t neodolal ani j\u00e1 (by\u0165 jsem zvolil pon\u011bkud jinou a p\u0159edev\u0161\u00edm krat\u0161\u00ed trasu) m\u016f\u017eu &#8211; co by &#8222;absolvent&#8220; prakticky cel\u00e9 zimn\u00ed p\u0159\u00edpravy &#8211; podat objektivn\u00ed hl\u00e1\u0161en\u00ed o obecn\u00e9m stavu tr\u00e9novanosrti aktu\u00e1ln\u011b ji\u017e v sedle sed\u00edc\u00edch \u00a0\u010dlen\u016f MORAVEC Teamu a\u00a0stoj\u00edc\u00edch \u00a0na prahu nov\u00e9 sez\u00f3ny. \u0158eknu to dv\u011bma slovy: Dost dobr\u00fd..! Pro bikera kl\u00ed\u010dov\u00e9 \u00fastroj\u00ed &#8211; tj. &#8222;kliky&#8220; &#8211; nebo chcete-li doln\u00ed kon\u010detiny se nach\u00e1zej\u00ed &#8211; tedy alespo\u0148 u m\u011b &#8211; ve v\u00fdborn\u00e9 kondici a docela p\u0159i p\u0159ekvapiv\u00e9 s\u00edle! Koordinace pohyb\u016f a s\u00edla v pa\u017e\u00edch &#8211; to se pozn\u00e1, samoz\u0159ejm\u011b \u00a0a\u017e v tvrd\u00e9m ter\u00e9nu, kter\u00fd jsem dnes je\u0161t\u011b ne\u0159e\u0161il. S t\u00edmto ale dlouhodob\u011b nemaj\u00ed MORAVCI probl\u00e9my. Po cca deseti ujet\u00fdch kilometrech se u m\u011b na &#8222;star\u00e9 dobr\u00e9 \u010dasy&#8220; kupodivu rozpom\u011bli i moje pl\u00edce, tak\u017ee fin\u00e1ln\u00ed Pavlovsk\u00fd kopec nebyl v\u016fbec tr\u00e1pen\u00edm, jak jsem na za\u010d\u00e1tku &#8222;\u0161vihu&#8220; \u010dekal&#8230;J\u00e1 jsem aktu\u00e1ln\u011b handicapovan\u00fd docela razantn\u00ed nadv\u00e1hou, ale to jsem ze skupiny, kter\u00e1 absolvovala a je\u0161t\u011b bude absolvovat zimn\u00ed p\u0159\u00edpravu, prakticky jedin\u00fd&#8230;Tak\u017ee v\u0161ichni ostatn\u00ed, mus\u00ed c\u00edtit na za\u010d\u00e1tku sez\u00f3ny, co jsem c\u00edtil j\u00e1 dnes: s\u00edlu v nohou i pa\u017e\u00edch a kvalitn\u00ed aerobn\u00ed z\u00e1klad. A proto\u017ee v\u0161ichni, mimimo m\u011b, nemaj\u00ed s nadv\u00e1hou probl\u00e9m, umocn\u011bte to, co jsem napsal druhou mocninou&#8230; Na z\u00e1klad\u011b sv\u00e9 dne\u0161n\u00ed &#8222;\u0161vihov\u00e9&#8220; zku\u0161enosti tedy vid\u00edm \u0161ance v\u0161ech na\u0161ich ostatn\u00edch do startuj\u00edc\u00ed sez\u00f3ny jako dost vysok\u00e9&#8230; M\u016f\u017eete proti tomu protestovat, m\u016f\u017eete s t\u00edm nesouhlasit, ale to je asi tak v\u0161echno, co se s t\u00edm d\u00e1 d\u011blat&#8230; Jak jsem se svoj\u00ed progn\u00f3zou trefil &#8211; \u010di netrefil, si \u0159ekneme v polovin\u011b prosince t.r.<\/p>\n<figure id=\"attachment_7555\" aria-describedby=\"caption-attachment-7555\" style=\"width: 843px\" class=\"wp-caption alignnone\"><a href=\"http:\/\/www.moravecteam.cz\/?attachment_id=7555\" rel=\"attachment wp-att-7555\"><img decoding=\"async\" loading=\"lazy\" class=\" wp-image-7555\" alt=\"IMG_20170305_144417_BURST2\" src=\"http:\/\/www.moravecteam.cz\/wp-content\/uploads\/2017\/03\/IMG_20170305_144417_BURST2.jpg\" width=\"843\" height=\"682\" srcset=\"https:\/\/www.moravecteam.cz\/wp-content\/uploads\/2017\/03\/IMG_20170305_144417_BURST2.jpg 843w, https:\/\/www.moravecteam.cz\/wp-content\/uploads\/2017\/03\/IMG_20170305_144417_BURST2-300x242.jpg 300w\" sizes=\"(max-width: 843px) 100vw, 843px\" \/><\/a><figcaption id=\"caption-attachment-7555\" class=\"wp-caption-text\">Bez mobilu ani vte\u0159inu? U Kl\u00e1ry toto asi plat\u00ed&#8230; Ka\u017edop\u00e1dn\u011b v Dalmacii si od n\u011bj\u00a0 zaslou\u017eene odpo\u010dine&#8230; O to se \u017e tren\u00e9\u0159i ur\u010dit\u011b postaraj\u00ed&#8230;<\/figcaption><\/figure>\n<p style=\"text-align: justify;\">Ale zp\u011bt ke &#8222;\u0161vihu&#8220; na\u0161ich el\u00e9v\u016f, o kter\u00e9m jsem cht\u011bl referovat hlavn\u011b. Pevn\u011b v\u011b\u0159\u00edm, \u017ee s\u00edlu ze zimn\u00ed p\u0159\u00edpravy, kterou jsem na sv\u00e9m t\u011ble &#8222;Star\u00e9 Stanov\u00e9 K\u016f\u017ee&#8220; dnes jednozna\u010dn\u011b c\u00edtil, mus\u00ed na\u0161i (nejen) mlad\u00ed c\u00edtit taky! Konec konc\u016f z fotek je tato skute\u010dnost taky, mysl\u00edm, dob\u0159e patrn\u00e1&#8230; Pomyslnou t\u0159e\u0161ni\u010dkou na dortu zimn\u00ed p\u0159\u00edpravy bude bl\u00ed\u017e\u00edc\u00ed se &#8222;rozje\u017ed\u011bn\u00ed se&#8220; v Chorvatsku a pak u\u017e p\u0159ijdou na \u0159adu ostr\u00e9 z\u00e1vodn\u00ed \u00a0pruby, kter\u00e9 bu\u010f potvrd\u00ed, \u010di vyvr\u00e1t\u00ed moje aktu\u00e1ln\u00ed pocity&#8230; S nap\u011bt\u00edm se budeme t\u011b\u0161it&#8230; <a href=\"http:\/\/moravecteam.rajce.idnes.cz\/2017.03.05_Silnicni_trenink_Junior_Team\/\"><strong>Mrkn\u011bte na fotogalerii<\/strong><\/a> z na\u0161\u00ed ned\u011bln\u00ed silni\u010dn\u00ed &#8222;\u00faderky&#8220;&#8230;<\/p>\n","protected":false},"excerpt":{"rendered":"<p>Nat\u011b\u0161en\u00ed nasednout u\u017e kone\u010dn\u011b &#8222;na tvrdo&#8220; do sedel u rajdr\u016f MORAVEC Teamu p\u0159etrv\u00e1v\u00e1. D\u016fkazem toho je dal\u0161\u00ed &#8222;p\u0159edjarn\u00ed \u0161vih&#8220; borc\u016f a borek z tr\u00e9ninkov\u00e9 skupiny Junior Teamu Milana Tlamky, kter\u00fd na tradi\u010dn\u00ed trati mezi Boskovicemi a Blanskem prob\u011bhl i prvn\u00ed b\u0159eznovou ned\u011bli. Samoz\u0159ejm\u011b v\u0161emu napom\u00e1h\u00e1 i p\u0159\u00edjemn\u00e9, tepl\u00e9 po\u010das\u00ed t\u011bchto dn\u016f a kdy\u017e se nad &hellip; <a href=\"https:\/\/www.moravecteam.cz\/?p=7552\" class=\"more-link\">Pokra\u010dov\u00e1n\u00ed textu <span class=\"screen-reader-text\">Dal\u0161\u00ed &#8222;\u0161vih&#8220;!<\/span> <span class=\"meta-nav\">&rarr;<\/span><\/a><\/p>\n","protected":false},"author":3,"featured_media":7556,"comment_status":"open","ping_status":"closed","sticky":false,"template":"","format":"standard","meta":[],"categories":[9],"tags":[],"_links":{"self":[{"href":"https:\/\/www.moravecteam.cz\/index.php?rest_route=\/wp\/v2\/posts\/7552"}],"collection":[{"href":"https:\/\/www.moravecteam.cz\/index.php?rest_route=\/wp\/v2\/posts"}],"about":[{"href":"https:\/\/www.moravecteam.cz\/index.php?rest_route=\/wp\/v2\/types\/post"}],"author":[{"embeddable":true,"href":"https:\/\/www.moravecteam.cz\/index.php?rest_route=\/wp\/v2\/users\/3"}],"replies":[{"embeddable":true,"href":"https:\/\/www.moravecteam.cz\/index.php?rest_route=%2Fwp%2Fv2%2Fcomments&post=7552"}],"version-history":[{"count":8,"href":"https:\/\/www.moravecteam.cz\/index.php?rest_route=\/wp\/v2\/posts\/7552\/revisions"}],"predecessor-version":[{"id":7574,"href":"https:\/\/www.moravecteam.cz\/index.php?rest_route=\/wp\/v2\/posts\/7552\/revisions\/7574"}],"wp:featuredmedia":[{"embeddable":true,"href":"https:\/\/www.moravecteam.cz\/index.php?rest_route=\/wp\/v2\/media\/7556"}],"wp:attachment":[{"href":"https:\/\/www.moravecteam.cz\/index.php?rest_route=%2Fwp%2Fv2%2Fmedia&parent=7552"}],"wp:term":[{"taxonomy":"category","embeddable":true,"href":"https:\/\/www.moravecteam.cz\/index.php?rest_route=%2Fwp%2Fv2%2Fcategories&post=7552"},{"taxonomy":"post_tag","embeddable":true,"href":"https:\/\/www.moravecteam.cz\/index.php?rest_route=%2Fwp%2Fv2%2Ftags&post=7552"}],"curies":[{"name":"wp","href":"https:\/\/api.w.org\/{rel}","templated":true}]}}