{"id":756,"date":"2015-06-13T22:03:50","date_gmt":"2015-06-13T20:03:50","guid":{"rendered":"http:\/\/www.moravecteam.cz\/?p=756"},"modified":"2015-06-16T13:17:49","modified_gmt":"2015-06-16T11:17:49","slug":"cp-mtb-pec-pod-snezkou","status":"publish","type":"post","link":"https:\/\/www.moravecteam.cz\/?p=756","title":{"rendered":"\u010cP MTB Pec pod Sn\u011b\u017ekou"},"content":{"rendered":"<h5 style=\"text-align: justify;\"><span style=\"color: #800000;\">Ned\u011ble 14.6.2015 &#8211; z\u00e1vod XCO &#8211; dv\u011b &#8222;brambory&#8220;..!<\/span><\/h5>\n<p style=\"text-align: justify;\"><span style=\"color: #000000;\">I v ned\u011bln\u00edm klasick\u00e9m cross country, kter\u00e9 bylo na n\u00e1ro\u010dn\u00e9 horsk\u00e9 trati, ostr\u00e9 jako b\u0159itva, skute\u010dnou zkou\u0161kou pro v\u0161echny z\u016f\u010dastn\u011bn\u00e9 rajdry, se MORAVCI neztratili. Vytou\u017een\u00e1 &#8222;bedna&#8220; n\u00e1m ve dvou p\u0159\u00edpadech &#8211; <span style=\"color: #800000;\"><strong>Tere<\/strong><\/span><\/span><span style=\"color: #000000; line-height: 1.5;\"><span style=\"color: #800000;\"><strong>za Obo\u0159ilov\u00e1<\/strong> <\/span>(star\u0161\u00ed \u017e\u00e1kyn\u011b) a <strong><span style=\"color: #800000;\">Ad\u00e9la \u0160af\u00e1\u0159ov\u00e1<\/span><\/strong> (Nutrend Specialized &#8211; juniorky) &#8211; unikla jen velmi t\u011bsn\u011b&#8230;\u00a0<\/span>Dev\u00edtka MORAVC\u016e se nakonec zten\u010dila na osmi\u010dku, kdy\u017e po nep\u0159\u00edjemn\u00e9m p\u00e1du v sobotu p\u0159i tr\u00e9ninku na ned\u011bln\u00ed z\u00e1vod star\u0161\u00edch \u017e\u00e1ky\u0148 nenastoupila Ani\u010dka Zem\u00e1nkov\u00e1. Ti, co z\u00fastali se ale\u00a0rvali na n\u00e1ro\u010dn\u00fdch pecsk\u00fdch trat\u00edch do posledn\u00ed kapky potu..!<\/p>\n<figure id=\"attachment_786\" aria-describedby=\"caption-attachment-786\" style=\"width: 1398px\" class=\"wp-caption alignnone\"><a href=\"http:\/\/www.moravecteam.cz\/?attachment_id=786\" rel=\"attachment wp-att-786\"><img decoding=\"async\" loading=\"lazy\" class=\" wp-image-786\" alt=\"IMG_2170\" src=\"http:\/\/www.moravecteam.cz\/wp-content\/uploads\/2015\/06\/IMG_2170.jpg\" width=\"1398\" height=\"684\" srcset=\"https:\/\/www.moravecteam.cz\/wp-content\/uploads\/2015\/06\/IMG_2170.jpg 1398w, https:\/\/www.moravecteam.cz\/wp-content\/uploads\/2015\/06\/IMG_2170-300x146.jpg 300w, https:\/\/www.moravecteam.cz\/wp-content\/uploads\/2015\/06\/IMG_2170-1024x501.jpg 1024w\" sizes=\"(max-width: 1398px) 100vw, 1398px\" \/><\/a><figcaption id=\"caption-attachment-786\" class=\"wp-caption-text\">Jana Tesa\u0159ov\u00e1 odstartovala sv\u016fj z\u00e1vod kadetek v\u00fdborn\u011b!<\/figcaption><\/figure>\n<p style=\"text-align: justify;\">V\u0161e odstartoval v\u011b\u010dn\u011b usm\u011bvav\u00fd<span style=\"color: #800000;\"><strong> Jakub Tesa\u0159<\/strong><\/span>, kter\u00fd se v kategorii mlad\u0161\u00edch \u017e\u00e1k\u016f op\u011bt dok\u00e1zal prosadit do elitn\u00ed dvac\u00edtky. <strong><span style=\"color: #800000;\">Terezka Obo\u0159ilov\u00e1<\/span><\/strong>, kter\u00e1 si po zisku zlata v sobotn\u00edm sprintu brousila zuby na &#8222;bednu&#8220; i v ned\u011bli, svoje ambice potvrdila a v\u011bru moc nechyb\u011blo, aby to tentokr\u00e1t vy\u0161lo! S jistotou si dojeli pro body i star\u0161\u00ed \u017e\u00e1ci <strong><span style=\"color: #800000;\">Michal \u0160m\u00edda<\/span> <\/strong>s <strong><span style=\"color: #800000;\">Tom\u00e1\u0161em Tlamkou &#8222;Contadorem&#8220;,<\/span><\/strong> p\u0159i\u010dem\u017e v\u00fdsledek Majkla \u0160m\u00eddy je jeho dosavadn\u00edm maximem v z\u00e1vodech \u010cP! To pro kadety <strong><span style=\"color: #800000;\">Honzu \u0160m\u00eddu<\/span><\/strong> s <span style=\"color: #800000;\"><strong>Mat\u011bjem Maz\u00e1nkem<\/strong><\/span> vis\u00ed vytou\u017een\u00e9 body v jejich &#8222;na\u0159\u00edzl\u00e9&#8220; kategorii st\u00e1le bohu\u017eel p\u0159\u00edli\u0161 vysoko&#8230; Ur\u010dit\u011b spokojen\u011bj\u0161\u00ed jede z pod Sn\u011b\u017eky jejich v\u011bkov\u00e1 kolegyn\u011b <span style=\"color: #800000;\"><strong>Jana Tesa\u0159ov\u00e1<\/strong><\/span>, kter\u00e1 se spolu s Terkou Obo\u0159ilovou prosadila v\u00fdsledkov\u011b do elitn\u00ed des\u00edtky. A spokojen\u00fd jede ur\u010dit\u011b z nejvy\u0161\u0161\u00edch \u010desk\u00fdch hor i EXPERT <span style=\"color: #800000;\"><strong>Luk\u00e1\u0161 Gregor<\/strong><\/span>, lep\u0161\u00edc\u00ed se ve v\u00fdsledkov\u00fdch listin\u00e1ch z\u00e1vod od z\u00e1vodu&#8230;<\/p>\n<figure id=\"attachment_785\" aria-describedby=\"caption-attachment-785\" style=\"width: 1823px\" class=\"wp-caption alignnone\"><a href=\"http:\/\/www.moravecteam.cz\/?attachment_id=785\" rel=\"attachment wp-att-785\"><img decoding=\"async\" loading=\"lazy\" class=\" wp-image-785\" alt=\"IMG_2154\" src=\"http:\/\/www.moravecteam.cz\/wp-content\/uploads\/2015\/06\/IMG_2154.jpg\" width=\"1823\" height=\"707\" srcset=\"https:\/\/www.moravecteam.cz\/wp-content\/uploads\/2015\/06\/IMG_2154.jpg 1823w, https:\/\/www.moravecteam.cz\/wp-content\/uploads\/2015\/06\/IMG_2154-300x116.jpg 300w, https:\/\/www.moravecteam.cz\/wp-content\/uploads\/2015\/06\/IMG_2154-1024x397.jpg 1024w\" sizes=\"(max-width: 1823px) 100vw, 1823px\" \/><\/a><figcaption id=\"caption-attachment-785\" class=\"wp-caption-text\">Vedro vys\u00e1valo z\u00e1vodn\u00edk\u016fm s\u00edly&#8230;<\/figcaption><\/figure>\n<p style=\"text-align: justify;\">Bedliv\u011b jsme sledovali i na\u0161e odchovance &#8211; <span style=\"color: #800000;\"><strong>Dominika Prudka<\/strong><\/span> (GT Opportunity) a <span style=\"color: #800000;\"><strong>Ad\u00e9lu \u0160af\u00e1\u0159ovou<\/strong><\/span> (Nutrend Specialized), kte\u0159\u00ed op\u011bt potvrdili, \u017ee jsme je pro profikari\u00e9ru p\u0159ipravili velmi dob\u0159e: Dom\u010da se mohl v c\u00edli t\u011b\u0161it z 11. m\u00edsta a Adys je ta druh\u00e1, v\u00fd\u0161e zmi\u0148ovan\u00e1 &#8222;brambora&#8220;&#8230;\u00a0V &#8222;o\u0161lap\u00e1n\u00ed bedny&#8220;,\u00a0na kterou m\u011bla z\u00e1vod jednozna\u010dn\u011b rozjet\u00fd, j\u00ed zabr\u00e1nil docela hr\u016fzostra\u0161n\u00fd p\u00e1d, kter\u00fd se na\u0161t\u011bst\u00ed obe\u0161el bez zran\u011bn\u00ed talentovan\u00e9 bikerky.\u00a0\u00a0Adys tedy za\u017eila pod Sn\u011b\u017ekou vpravd\u011b &#8222;agrotechnicky &#8211; zeleninov\u00fd&#8220; v\u00edkend&#8230; \u00a0Slu\u0161\u00ed se je\u0161t\u011b p\u0159ipomenout v\u00fdsledek <span style=\"color: #800000;\"><strong>Jirky \u0160t\u011bpan\u00edka,<\/strong><\/span> toho \u010dasu juniora, kter\u00fd o MORAVEC v minulosti taky &#8222;\u0161krtnul&#8220; a kter\u00fd jezd\u00ed v sou\u010dasnosti v supr TOP t\u00fdmu Jardy Kulhav\u00e9ho. V Peci bral Jura 26. m\u00edsto.<\/p>\n<figure id=\"attachment_787\" aria-describedby=\"caption-attachment-787\" style=\"width: 937px\" class=\"wp-caption alignnone\"><a href=\"http:\/\/www.moravecteam.cz\/?attachment_id=787\" rel=\"attachment wp-att-787\"><img decoding=\"async\" loading=\"lazy\" class=\" wp-image-787 \" alt=\"IMG_2174\" src=\"http:\/\/www.moravecteam.cz\/wp-content\/uploads\/2015\/06\/IMG_2174.jpg\" width=\"937\" height=\"500\" srcset=\"https:\/\/www.moravecteam.cz\/wp-content\/uploads\/2015\/06\/IMG_2174.jpg 937w, https:\/\/www.moravecteam.cz\/wp-content\/uploads\/2015\/06\/IMG_2174-300x160.jpg 300w\" sizes=\"(max-width: 937px) 100vw, 937px\" \/><\/a><figcaption id=\"caption-attachment-787\" class=\"wp-caption-text\">Dresy MORAVCE byli v Peci pod Sn\u011b\u017ekou hodn\u011b vid\u011bt!<\/figcaption><\/figure>\n<p style=\"text-align: justify;\">Na to, \u017ee n\u00e1m v Krkono\u0161\u00edch chyb\u011bli n\u011bkter\u00e9 opory (Radim Kov\u00e1\u0159, Patrik Kol\u00e1\u0159, Eva a Ani\u010dka Zem\u00e1nkovic), nen\u00ed v\u00fdsledek v\u016fbec \u0161patn\u00fd a bohat\u00e1 sn\u016f\u0161ka mistrovsk\u00fdch bod\u016f je p\u0159\u00edslibem jak pro z\u00e1vod v Bed\u0159ichov\u011b (jede se v rychl\u00e1m sledu hned n\u00e1sleduj\u00edc\u00ed v\u00edkend) tak pro z\u00e1vod v Brn\u011b, ale hlavn\u011b pro vrchol sez\u00f3ny, kter\u00fdm bude Kutnohorsk\u00e9 \u010dervencov\u00e9 M\u010cR. D\u00edky v\u0161em na\u0161im rajdr\u016fm za &#8222;podlahov\u00e9&#8220; v\u00fdkony a podp\u016frn\u00e9mu t\u00fdmu za bezchybnou pr\u00e1ci! Souhrn na\u0161ich v\u00edkendov\u00fdch v\u00fdsledk\u016f v\u010detn\u011b um\u00edst\u011bn\u00ed na\u0161ich v pr\u016fb\u011b\u017en\u00e9m po\u0159ad\u00ed je tu\u0165:<\/p>\n<ul>\n<li>Mlad\u0161\u00ed \u017e\u00e1ci &#8211; Jakub Tesa\u0159 19. m\u00edsto \/ pr\u016fb\u011b\u017en\u011b v \u010cP 15. m\u00edsto<\/li>\n<li>Star\u0161\u00ed \u017e\u00e1kyn\u011b &#8211; Tereza Obo\u0159ilov\u00e1 4. \/ 9., Anna Zem\u00e1nkov\u00e1 &#8211; nestartovala \/ 18.<\/li>\n<li>Star\u0161\u00ed \u017e\u00e1ci &#8211; Michal \u0160m\u00edda 15. \/ 23., Tom\u00e1\u0161 Tlamka &#8222;Contador&#8220; 18. \/ 13.<\/li>\n<li>Kadetky &#8211; Jana Tesa\u0159ov\u00e1 8. \/ 4., Monika Kone\u010dn\u00e1 &#8211; nestartovala \/ 22.<\/li>\n<li>Kadeti &#8211; Jan \u0160m\u00edda 40. \/ neklasifikov\u00e1n (dosud nebodoval), Mat\u011bj Maz\u00e1nek 41. \/ neklasifikov\u00e1n (dosud nebodoval)<\/li>\n<li>Juniorky &#8211; \u00a0Ad\u00e9la \u0160af\u00e1\u0159ov\u00e1 4. \/ 2.<\/li>\n<li>Junio\u0159i &#8211; Dominik Prudek 11. \/ 10., Patrik Kol\u00e1\u0159 &#8211; nestartoval \/ 48.<\/li>\n<li>Mu\u017ei EXPERT &#8211; Luk\u00e1\u0161 Gregor 16. \/ 20.<\/li>\n<li><span style=\"line-height: 1.5;\">Mu\u017ei U23 &#8211; Radim Kov\u00e1\u0159 &#8211; nestartoval \/ 30. \u00a0<\/span><\/li>\n<\/ul>\n<p style=\"text-align: left;\">Kompletn\u00ed v\u00fdsledkov\u00fd servis najdete na\u00a0<strong><a href=\"http:\/\/sportsoft.cz\/cs\/zavod\/overview\/1526\">http:\/\/sportsoft.cz\/cs\/zavod\/overview\/1526<\/a>, <\/strong>fotky z hork\u00e9 Pece studujte zde: <strong><a href=\"http:\/\/moravecteam.rajce.idnes.cz\/2015.06.13-14_CP_MTB_Pec_Pod_Snezkou\/\">http:\/\/moravecteam.rajce.idnes.cz\/2015.06.13-14_CP_MTB_Pec_Pod_Snezkou\/<\/a><\/strong><\/p>\n<h5 style=\"text-align: justify;\"><span style=\"color: #800000;\">Sobota 13.6.2015 &#8211; z\u00e1vod XCE &#8211; zlat\u00e1 rozplavba!<\/span><\/h5>\n<p style=\"text-align: justify;\"><span style=\"color: #000000;\">Prologem t\u0159et\u00edho z\u00e1vodu \u010cesk\u00e9ho poh\u00e1ru horsk\u00fdch kol v Peci pod Sn\u011b\u017ekou byly z\u00e1vody v elimin\u00e1toru a k na\u0161\u00ed velk\u00e9 radosti v kategorii \u017e\u00e1ky\u0148 potvrdila svoje sprintersk\u00e9 schopnosti <span style=\"color: #800000;\"><strong>Tereza Obo\u0159ilov\u00e1<\/strong>,<\/span> kter\u00e1 z\u00e1vod s p\u0159ehledem vyhr\u00e1la! Blahop\u0159ejeme a d\u00edky za vzorn\u00e9 repre MORAVCE! Fin\u00e1lovou \u00fa\u010dast si mezi juniorkami zajistila i ne\u0161e odchovankyn\u011b <strong><span style=\"color: #800000;\">Ad\u00e9la \u0160af\u00e1\u0159ov\u00e1<\/span><\/strong> (aktu\u00e1ln\u011b Nutrend Specialized), na kterou nakonec ale zbyla za \u010dtvrt\u00e9 m\u00edsto nepopul\u00e1rn\u00ed &#8222;brambora&#8220;&#8230;<\/span><\/p>\n<figure id=\"attachment_790\" aria-describedby=\"caption-attachment-790\" style=\"width: 581px\" class=\"wp-caption alignnone\"><a href=\"http:\/\/www.moravecteam.cz\/?attachment_id=790\" rel=\"attachment wp-att-790\"><img decoding=\"async\" loading=\"lazy\" class=\" wp-image-790 \" alt=\"IMG_1519\" src=\"http:\/\/www.moravecteam.cz\/wp-content\/uploads\/2015\/06\/IMG_1519.jpg\" width=\"581\" height=\"515\" srcset=\"https:\/\/www.moravecteam.cz\/wp-content\/uploads\/2015\/06\/IMG_1519.jpg 581w, https:\/\/www.moravecteam.cz\/wp-content\/uploads\/2015\/06\/IMG_1519-300x265.jpg 300w\" sizes=\"(max-width: 581px) 100vw, 581px\" \/><\/a><figcaption id=\"caption-attachment-790\" class=\"wp-caption-text\">Terka Obo\u0159ilov\u00e1 prok\u00e1zala v Peci pod Sn\u011b\u017ekou svoje v\u00fdjime\u010dn\u00e9 sprintersk\u00e9 schopnosti a r\u00e1zem se za\u0159adila mezi favoritky MTB sprintu, kter\u00fd je sou\u010d\u00e1st\u00ed i bl\u00ed\u017e\u00edc\u00ed se Olympi\u00e1dy d\u011bt\u00ed a ml\u00e1de\u017ee v Plzni.<\/figcaption><\/figure>\n<p style=\"text-align: justify;\">Do elitn\u00ed &#8222;des\u00edtky&#8220; v r\u00e1mci v\u00fdsledkov\u00fdch listin se dostali je\u0161t\u011b dal\u0161\u00ed t\u0159i n\u00e1mi ost\u0159e sledovan\u00ed rajd\u0159i, kdy\u017e <strong><span style=\"color: #800000;\">Michal \u0160m\u00edda<\/span><\/strong> skon\u010dil v \u017e\u00e1c\u00edch na sedm\u00e9m m\u00edst\u011b, <strong><span style=\"color: #800000;\">Dominik Prudek<\/span><\/strong> (GT Opportunity) sprintoval mezi juniory jako osm\u00fd a kadetka <span style=\"color: #800000;\"><strong>Jana Tesa\u0159ov\u00e1<\/strong><\/span> si odv\u00e1\u017e\u00ed z Krkono\u0161 sprint\u00e9rsk\u00e9 dev\u00e1t\u00e9 m\u00edsto. I t\u011bmto t\u0159em pat\u0159\u00ed d\u00edk za vzorn\u00e9 repre odd\u00edlu.<\/p>\n<p style=\"text-align: justify;\">Do boj\u016f na kr\u00e1tk\u00e9 trati zas\u00e1hli v sobotu v Peci pod Sn\u011b\u017ekou je\u0161t\u011b t\u0159i dal\u0161\u00ed MORAVCI a ani jejich v\u00fdsledky nebyli v\u016fbec \u0161apatn\u00e9: v &#8222;na\u0159\u00edzl\u00e9&#8220; kategorii kadet\u016f byl <span style=\"color: #800000;\"><strong>Honza \u0160m\u00edda<\/strong><\/span> klasifikov\u00e1n jako 22., <strong><span style=\"color: #800000;\">Mat\u011bj Maz\u00e1nek<\/span><\/strong> 39. a mlad\u0161\u00ed \u017e\u00e1k <span style=\"color: #800000;\"><strong>Kuba Tesa\u0159<\/strong><\/span> se state\u010dn\u011b popasoval se star\u0161\u00edmi soupe\u0159i v kategorii star\u0161\u00edch \u017e\u00e1k\u016f, kdy\u017e dosprintoval na 37. pozici. Op\u011bt i t\u011bmto t\u0159em pat\u0159\u00ed d\u00edky za vzorn\u00e9 repre odd\u00edlu, v\u00fdborn\u00e9 v\u00fdsledky na\u0161ich ze sprintu jsou velmi nad\u011bjn\u00fdm sign\u00e1lem pro z\u00edt\u0159ej\u0161\u00ed klasick\u00e9 z\u00e1vody v cross country. Op\u011bt budeme dr\u017eet palce! Sobotn\u00ed XCE result studujte zde:\u00a0<strong><a href=\"http:\/\/sportsoft.cz\/cs\/zavod\/overview\/1526\">http:\/\/sportsoft.cz\/cs\/zavod\/overview\/1526<\/a><\/strong><\/p>\n<p style=\"text-align: justify;\">\n","protected":false},"excerpt":{"rendered":"<p>Ned\u011ble 14.6.2015 &#8211; z\u00e1vod XCO &#8211; dv\u011b &#8222;brambory&#8220;..! I v ned\u011bln\u00edm klasick\u00e9m cross country, kter\u00e9 bylo na n\u00e1ro\u010dn\u00e9 horsk\u00e9 trati, ostr\u00e9 jako b\u0159itva, skute\u010dnou zkou\u0161kou pro v\u0161echny z\u016f\u010dastn\u011bn\u00e9 rajdry, se MORAVCI neztratili. Vytou\u017een\u00e1 &#8222;bedna&#8220; n\u00e1m ve dvou p\u0159\u00edpadech &#8211; Tereza Obo\u0159ilov\u00e1 (star\u0161\u00ed \u017e\u00e1kyn\u011b) a Ad\u00e9la \u0160af\u00e1\u0159ov\u00e1 (Nutrend Specialized &#8211; juniorky) &#8211; unikla jen velmi t\u011bsn\u011b&#8230;\u00a0Dev\u00edtka &hellip; <a href=\"https:\/\/www.moravecteam.cz\/?p=756\" class=\"more-link\">Pokra\u010dov\u00e1n\u00ed textu <span class=\"screen-reader-text\">\u010cP MTB Pec pod Sn\u011b\u017ekou<\/span> <span class=\"meta-nav\">&rarr;<\/span><\/a><\/p>\n","protected":false},"author":3,"featured_media":762,"comment_status":"closed","ping_status":"closed","sticky":false,"template":"","format":"standard","meta":[],"categories":[1],"tags":[],"_links":{"self":[{"href":"https:\/\/www.moravecteam.cz\/index.php?rest_route=\/wp\/v2\/posts\/756"}],"collection":[{"href":"https:\/\/www.moravecteam.cz\/index.php?rest_route=\/wp\/v2\/posts"}],"about":[{"href":"https:\/\/www.moravecteam.cz\/index.php?rest_route=\/wp\/v2\/types\/post"}],"author":[{"embeddable":true,"href":"https:\/\/www.moravecteam.cz\/index.php?rest_route=\/wp\/v2\/users\/3"}],"replies":[{"embeddable":true,"href":"https:\/\/www.moravecteam.cz\/index.php?rest_route=%2Fwp%2Fv2%2Fcomments&post=756"}],"version-history":[{"count":17,"href":"https:\/\/www.moravecteam.cz\/index.php?rest_route=\/wp\/v2\/posts\/756\/revisions"}],"predecessor-version":[{"id":792,"href":"https:\/\/www.moravecteam.cz\/index.php?rest_route=\/wp\/v2\/posts\/756\/revisions\/792"}],"wp:featuredmedia":[{"embeddable":true,"href":"https:\/\/www.moravecteam.cz\/index.php?rest_route=\/wp\/v2\/media\/762"}],"wp:attachment":[{"href":"https:\/\/www.moravecteam.cz\/index.php?rest_route=%2Fwp%2Fv2%2Fmedia&parent=756"}],"wp:term":[{"taxonomy":"category","embeddable":true,"href":"https:\/\/www.moravecteam.cz\/index.php?rest_route=%2Fwp%2Fv2%2Fcategories&post=756"},{"taxonomy":"post_tag","embeddable":true,"href":"https:\/\/www.moravecteam.cz\/index.php?rest_route=%2Fwp%2Fv2%2Ftags&post=756"}],"curies":[{"name":"wp","href":"https:\/\/api.w.org\/{rel}","templated":true}]}}