{"id":7562,"date":"2017-03-06T00:29:29","date_gmt":"2017-03-05T23:29:29","guid":{"rendered":"http:\/\/www.moravecteam.cz\/?p=7562"},"modified":"2017-03-11T22:32:47","modified_gmt":"2017-03-11T21:32:47","slug":"co-se-bude-dit-st10-2","status":"publish","type":"post","link":"https:\/\/www.moravecteam.cz\/?p=7562","title":{"rendered":"Co se bude d\u00edt? (ST10)-2"},"content":{"rendered":"<h5><strong><span style=\"color: #800000;\">St\u0159eda 8.3. 2017<\/span><\/strong><\/h5>\n<p style=\"text-align: justify;\">Dev\u00e1t\u00fdm cvi\u010den\u00edm v r. 2017 d\u011bt\u00ed do 12-ti let v bene\u0161ovsk\u00e9 t\u011blocvi\u010dn\u011b budou v\u00a0r\u00e1mci pokra\u010duj\u00edc\u00ed zimn\u00ed p\u0159\u00edpravy. &#8222;Koudelkovy kapky&#8220;, kter\u00e9 bude d\u00e1vkovat \u00a0Petr. &#8222;Mrskat&#8220; s\u00a0sebou budeme &#8211; <span style=\"text-decoration: underline;\"><strong><span style=\"color: #ff0000; text-decoration: underline;\">POZOR netradi\u010dn\u011b o \u00a0p\u016fl hodiny d\u0159\u00edv, tj. od 16.00 do 18.00 hodin!!!\u00a0<\/span><\/strong><\/span><\/p>\n<h5><strong><span style=\"color: #800000;\">P\u00e1tek 10.3. 2017<\/span><\/strong><\/h5>\n<p style=\"text-align: justify;\">Odjezded na naj\u00ed\u017ed\u011bn\u00ed kilometr\u016f do Chorvatska. V\u0161e d\u016fle\u017eit\u00e9 <strong><a href=\"http:\/\/www.moravecteam.cz\/?p=7522\">je uvedeno zde<\/a><\/strong>, dbejte hlavn\u011b pokyn\u016f l\u00eddr\u016f operace <span style=\"color: #800000;\"><strong>HAJDUK<\/strong><\/span> &#8211; Milana Tlamky, Honzy \u0160indel\u00e1\u0159e st. a Jirky Zav\u0159ela st.<\/p>\n<h5 style=\"text-align: justify;\"><strong><span style=\"color: #800000;\">Ned\u011ble 12.3. 2017<\/span><\/strong><\/h5>\n<p style=\"text-align: justify;\">V\u00fdji\u017e\u010fka na kolech po trase z\u00e1vodu s hromadn\u00fdm startem M\u010cR \u017e\u00e1k\u016f a kadet\u016f z r. 2010 (30 km). Sraz state\u010dn\u00fdch ve 14.00 u Pavlovsk\u00e9 kapli\u010dky.<\/p>\n<h5 style=\"text-align: justify;\"><\/h5>\n<h5 style=\"text-align: justify;\"><\/h5>\n","protected":false},"excerpt":{"rendered":"<p>St\u0159eda 8.3. 2017 Dev\u00e1t\u00fdm cvi\u010den\u00edm v r. 2017 d\u011bt\u00ed do 12-ti let v bene\u0161ovsk\u00e9 t\u011blocvi\u010dn\u011b budou v\u00a0r\u00e1mci pokra\u010duj\u00edc\u00ed zimn\u00ed p\u0159\u00edpravy. &#8222;Koudelkovy kapky&#8220;, kter\u00e9 bude d\u00e1vkovat \u00a0Petr. &#8222;Mrskat&#8220; s\u00a0sebou budeme &#8211; POZOR netradi\u010dn\u011b o \u00a0p\u016fl hodiny d\u0159\u00edv, tj. od 16.00 do 18.00 hodin!!!\u00a0 P\u00e1tek 10.3. 2017 Odjezded na naj\u00ed\u017ed\u011bn\u00ed kilometr\u016f do Chorvatska. V\u0161e d\u016fle\u017eit\u00e9 je uvedeno &hellip; <a href=\"https:\/\/www.moravecteam.cz\/?p=7562\" class=\"more-link\">Pokra\u010dov\u00e1n\u00ed textu <span class=\"screen-reader-text\">Co se bude d\u00edt? (ST10)-2<\/span> <span class=\"meta-nav\">&rarr;<\/span><\/a><\/p>\n","protected":false},"author":3,"featured_media":7566,"comment_status":"open","ping_status":"closed","sticky":false,"template":"","format":"standard","meta":[],"categories":[11],"tags":[],"_links":{"self":[{"href":"https:\/\/www.moravecteam.cz\/index.php?rest_route=\/wp\/v2\/posts\/7562"}],"collection":[{"href":"https:\/\/www.moravecteam.cz\/index.php?rest_route=\/wp\/v2\/posts"}],"about":[{"href":"https:\/\/www.moravecteam.cz\/index.php?rest_route=\/wp\/v2\/types\/post"}],"author":[{"embeddable":true,"href":"https:\/\/www.moravecteam.cz\/index.php?rest_route=\/wp\/v2\/users\/3"}],"replies":[{"embeddable":true,"href":"https:\/\/www.moravecteam.cz\/index.php?rest_route=%2Fwp%2Fv2%2Fcomments&post=7562"}],"version-history":[{"count":5,"href":"https:\/\/www.moravecteam.cz\/index.php?rest_route=\/wp\/v2\/posts\/7562\/revisions"}],"predecessor-version":[{"id":7632,"href":"https:\/\/www.moravecteam.cz\/index.php?rest_route=\/wp\/v2\/posts\/7562\/revisions\/7632"}],"wp:featuredmedia":[{"embeddable":true,"href":"https:\/\/www.moravecteam.cz\/index.php?rest_route=\/wp\/v2\/media\/7566"}],"wp:attachment":[{"href":"https:\/\/www.moravecteam.cz\/index.php?rest_route=%2Fwp%2Fv2%2Fmedia&parent=7562"}],"wp:term":[{"taxonomy":"category","embeddable":true,"href":"https:\/\/www.moravecteam.cz\/index.php?rest_route=%2Fwp%2Fv2%2Fcategories&post=7562"},{"taxonomy":"post_tag","embeddable":true,"href":"https:\/\/www.moravecteam.cz\/index.php?rest_route=%2Fwp%2Fv2%2Ftags&post=7562"}],"curies":[{"name":"wp","href":"https:\/\/api.w.org\/{rel}","templated":true}]}}