{"id":7575,"date":"2017-03-06T21:53:52","date_gmt":"2017-03-06T20:53:52","guid":{"rendered":"http:\/\/www.moravecteam.cz\/?p=7575"},"modified":"2017-03-06T22:11:06","modified_gmt":"2017-03-06T21:11:06","slug":"pozvanka-od-kamaradu","status":"publish","type":"post","link":"https:\/\/www.moravecteam.cz\/?p=7575","title":{"rendered":"Pozv\u00e1nka od kamar\u00e1d\u016f!"},"content":{"rendered":"<p style=\"text-align: justify;\"><strong><span style=\"color: #800000;\">&#8222;Bike\u0159i v\u0161ech zem\u00ed, spojte se&#8220;! M\u00e1me zaps\u00e1no &#8211; mimo jin\u00e9 &#8211; pod fotkou Vlastimila MORAVCE na tituln\u00ed stran\u011b na\u0161eho webu. Za 15 let, co je MORAVEC \u00a0MORAVCEM nen\u00ed mnoho s n\u00e1mi sp\u0159\u00e1telen\u00fdch bikov\u00fdch t\u00fdm\u016f, kter\u00e9 by se mohli py\u0161nit obdobnou \u017eivotnost\u00ed \u00fast\u00edc\u00ed k adolescentn\u00edmu v\u011bku&#8230; Napad\u00e1 m\u011b moment\u00e1ln\u011b akor\u00e1t MaxCursor&#8230; Velmi sympaticky se v sou\u010dasnosti jev\u00ed \u00a0Han\u00e1ck\u00fd t\u00fdm BIKE Academy \u00a0pana Vladim\u00edra Opletala, t\u00fdm, se kter\u00fdm jsme hlavn\u00e9 v lo\u0148sk\u00e9m roce nav\u00e1zali velmi \u00fazk\u00e9 \u00a0a opravdu kamar\u00e1dsk\u00e9 \u00a0vztahy&#8230;<\/span><\/strong><\/p>\n<figure id=\"attachment_7583\" aria-describedby=\"caption-attachment-7583\" style=\"width: 3157px\" class=\"wp-caption alignnone\"><a href=\"http:\/\/www.moravecteam.cz\/?attachment_id=7583\" rel=\"attachment wp-att-7583\"><img decoding=\"async\" loading=\"lazy\" class=\" wp-image-7583\" alt=\"20161029_115651\" src=\"http:\/\/www.moravecteam.cz\/wp-content\/uploads\/2017\/03\/20161029_115651.jpg\" width=\"3157\" height=\"2513\" srcset=\"https:\/\/www.moravecteam.cz\/wp-content\/uploads\/2017\/03\/20161029_115651.jpg 3157w, https:\/\/www.moravecteam.cz\/wp-content\/uploads\/2017\/03\/20161029_115651-300x238.jpg 300w, https:\/\/www.moravecteam.cz\/wp-content\/uploads\/2017\/03\/20161029_115651-1024x815.jpg 1024w\" sizes=\"(max-width: 3157px) 100vw, 3157px\" \/><\/a><figcaption id=\"caption-attachment-7583\" class=\"wp-caption-text\">V Rad\u00edkov\u011b u Olomouce jsme si &#8222;st\u0159ihli&#8220; MTB sprint koncem \u0159\u00edjna lo\u0148sk\u00e9ho roku.<\/figcaption><\/figure>\n<p style=\"text-align: justify;\">Velmi mlad\u00e1 skupina, kter\u00e1 se stejn\u011b jako my, soust\u0159ed\u00ed na vyhled\u00e1v\u00e1n\u00ed p\u0159edev\u0161\u00edm mlad\u00fdch cyklistick\u00fdch talent\u016f, si s n\u00e1mi v uplynul\u00fdch m\u011bs\u00edc\u00edch porozum\u011bla tak dob\u0159e, \u017ee jsme obdr\u017eeli pozv\u00e1ni k \u00fa\u010dasti na jejich v\u00edkendov\u00fd tr\u00e9ninkov\u00fd kemp, kter\u00fd prob\u011bhne na p\u0159elomu b\u0159ezna a dubna. Z\u00e1kladn\u00ed informace jsou tyto:<\/p>\n<ul>\n<li>Term\u00edn: od 31.3. (p\u00e1tek) do 2.4. (ned\u011ble) 2017<\/li>\n<li>M\u00edsto:<a href=\"http:\/\/www.moravecteam.cz\/?p=5957\"> <strong>Rad\u00edkov<\/strong><\/a><\/li>\n<li>Cena za pobyt: do 1.000.- K\u010d<\/li>\n<li>Tr\u00e9nink: v\u00fdhradn\u011b na horsk\u00fdch kolech<\/li>\n<li>V\u011bk \u00fa\u010dastn\u00edk\u016f: do kategorie kadet<\/li>\n<\/ul>\n<p style=\"text-align: justify;\">Kdo z MORAVC\u016e v\u011bkem do 16-ti let bude m\u00edt z\u00e1jem se v\u00edkendov\u00e9ho kempu s Bike Academy v Rad\u00edkov\u011b z\u00fa\u010dastnit, <span style=\"text-decoration: underline; color: #800000;\"><strong>p\u0159ihlaste se co nejd\u0159\u00edve tren\u00e9rovi Milanu Tlamkovi (776 108 046) nejpozd\u011bji v\u0161ak do st\u0159edy 8.3.2017.<\/strong><\/span> Mo\u017en\u00e1, \u017ee po silni\u010dn\u00ed pr\u016fprav\u011b v Chorvatsku by tento typ, ji\u017e bikov\u00e9 p\u0159\u00edpravy, mohl b\u00fdt t\u00edm prav\u00fdm &#8222;o\u0159echov\u00fdm&#8220; na z\u00e1v\u011br p\u0159\u00edpravn\u00e9ho obdob\u00ed na\u0161ich &#8222;mlad\u00fdch pu\u0161ek&#8220;.<\/p>\n<p style=\"text-align: justify;\">\n","protected":false},"excerpt":{"rendered":"<p>&#8222;Bike\u0159i v\u0161ech zem\u00ed, spojte se&#8220;! M\u00e1me zaps\u00e1no &#8211; mimo jin\u00e9 &#8211; pod fotkou Vlastimila MORAVCE na tituln\u00ed stran\u011b na\u0161eho webu. Za 15 let, co je MORAVEC \u00a0MORAVCEM nen\u00ed mnoho s n\u00e1mi sp\u0159\u00e1telen\u00fdch bikov\u00fdch t\u00fdm\u016f, kter\u00e9 by se mohli py\u0161nit obdobnou \u017eivotnost\u00ed \u00fast\u00edc\u00ed k adolescentn\u00edmu v\u011bku&#8230; Napad\u00e1 m\u011b moment\u00e1ln\u011b akor\u00e1t MaxCursor&#8230; Velmi sympaticky se v sou\u010dasnosti &hellip; <a href=\"https:\/\/www.moravecteam.cz\/?p=7575\" class=\"more-link\">Pokra\u010dov\u00e1n\u00ed textu <span class=\"screen-reader-text\">Pozv\u00e1nka od kamar\u00e1d\u016f!<\/span> <span class=\"meta-nav\">&rarr;<\/span><\/a><\/p>\n","protected":false},"author":3,"featured_media":7582,"comment_status":"open","ping_status":"closed","sticky":false,"template":"","format":"standard","meta":[],"categories":[9],"tags":[],"_links":{"self":[{"href":"https:\/\/www.moravecteam.cz\/index.php?rest_route=\/wp\/v2\/posts\/7575"}],"collection":[{"href":"https:\/\/www.moravecteam.cz\/index.php?rest_route=\/wp\/v2\/posts"}],"about":[{"href":"https:\/\/www.moravecteam.cz\/index.php?rest_route=\/wp\/v2\/types\/post"}],"author":[{"embeddable":true,"href":"https:\/\/www.moravecteam.cz\/index.php?rest_route=\/wp\/v2\/users\/3"}],"replies":[{"embeddable":true,"href":"https:\/\/www.moravecteam.cz\/index.php?rest_route=%2Fwp%2Fv2%2Fcomments&post=7575"}],"version-history":[{"count":9,"href":"https:\/\/www.moravecteam.cz\/index.php?rest_route=\/wp\/v2\/posts\/7575\/revisions"}],"predecessor-version":[{"id":7586,"href":"https:\/\/www.moravecteam.cz\/index.php?rest_route=\/wp\/v2\/posts\/7575\/revisions\/7586"}],"wp:featuredmedia":[{"embeddable":true,"href":"https:\/\/www.moravecteam.cz\/index.php?rest_route=\/wp\/v2\/media\/7582"}],"wp:attachment":[{"href":"https:\/\/www.moravecteam.cz\/index.php?rest_route=%2Fwp%2Fv2%2Fmedia&parent=7575"}],"wp:term":[{"taxonomy":"category","embeddable":true,"href":"https:\/\/www.moravecteam.cz\/index.php?rest_route=%2Fwp%2Fv2%2Fcategories&post=7575"},{"taxonomy":"post_tag","embeddable":true,"href":"https:\/\/www.moravecteam.cz\/index.php?rest_route=%2Fwp%2Fv2%2Ftags&post=7575"}],"curies":[{"name":"wp","href":"https:\/\/api.w.org\/{rel}","templated":true}]}}