{"id":7587,"date":"2017-03-09T02:32:26","date_gmt":"2017-03-09T01:32:26","guid":{"rendered":"http:\/\/www.moravecteam.cz\/?p=7587"},"modified":"2017-03-09T20:50:10","modified_gmt":"2017-03-09T19:50:10","slug":"posledni-seqence","status":"publish","type":"post","link":"https:\/\/www.moravecteam.cz\/?p=7587","title":{"rendered":"Posledn\u00ed &#8222;seqence&#8220;&#8230;"},"content":{"rendered":"<p style=\"text-align: justify;\"><span style=\"color: #800000;\"><strong>&#8230;zimn\u00ed p\u0159\u00edpravy prob\u011bhla v r\u00e1mci tr\u00e9ninku MORAVEC Junior Teamu s nejv\u011bt\u0161\u00ed pravd\u011bpodobnost\u00ed minulou st\u0159edu. \u00dapln\u011b naposledy se snad je\u0161t\u011b sejdeme v bene\u0161ovsk\u00e9 t\u011blocvi\u010dn\u011b n\u011bkdy ve t\u0159et\u00ed b\u0159eznov\u00e9 dek\u00e1d\u011b, kdy\u00a0bychom r\u00e1di je\u0161t\u011b provedli d\u011btem fyziologick\u00e1 m\u011b\u0159en\u00ed MUDr.\u00a0Petra Zem\u00e1nka. Vzpom\u00edn\u00e1te:\u00a0sympatick\u00fd \u00a0pan doktor n\u00e1s prom\u011b\u0159oval na za\u010d\u00e1tku p\u0159\u00edpravn\u00e9ho obdob\u00ed loni v listopadu a poda\u0159\u00ed -li se test zopakovat letos\u00a0v z\u00e1v\u011bru \u00a0b\u0159ezna, budou m\u00edt tren\u00e9\u0159i\u00a0objektivn\u00ed \u00a0obraz, jak se zimn\u00ed tr\u00e9nink na na\u0161ich mlad\u00fdch rajdrech vlastn\u011b projevil&#8230; Ale poj\u010fme zp\u011bt ke st\u0159ede\u010dn\u00edmu podve\u010deru v bene\u0161ovsk\u00e9 t\u011blocvi\u010dn\u011b&#8230;<\/strong><\/span><\/p>\n<figure id=\"attachment_7595\" aria-describedby=\"caption-attachment-7595\" style=\"width: 1127px\" class=\"wp-caption alignnone\"><a href=\"http:\/\/www.moravecteam.cz\/?attachment_id=7595\" rel=\"attachment wp-att-7595\"><img decoding=\"async\" loading=\"lazy\" class=\" wp-image-7595\" alt=\"IMG_5089\" src=\"http:\/\/www.moravecteam.cz\/wp-content\/uploads\/2017\/03\/IMG_5089.jpg\" width=\"1127\" height=\"958\" srcset=\"https:\/\/www.moravecteam.cz\/wp-content\/uploads\/2017\/03\/IMG_5089.jpg 1127w, https:\/\/www.moravecteam.cz\/wp-content\/uploads\/2017\/03\/IMG_5089-300x255.jpg 300w, https:\/\/www.moravecteam.cz\/wp-content\/uploads\/2017\/03\/IMG_5089-1024x870.jpg 1024w\" sizes=\"(max-width: 1127px) 100vw, 1127px\" \/><\/a><figcaption id=\"caption-attachment-7595\" class=\"wp-caption-text\">Poctiv\u00e9 rozb\u011bh\u00e1n\u00ed je z\u00e1kladem ka\u017ed\u00e9ho kvalitn\u00edho cvi\u010den\u00ed.<\/figcaption><\/figure>\n<p style=\"text-align: justify;\">Syndrom &#8222;stla\u010den\u00e9 pru\u017einy&#8220; na na\u0161ich el\u00e9vech nejen, \u017ee p\u0159etrv\u00e1v\u00e1, ale m\u00e1m pocit, jako by se\u00a0 s bl\u00ed\u017e\u00edc\u00edm prvn\u00edm ostr\u00fdm \u0161l\u00e1pnut\u00edm do ped\u00e1l\u016f, je\u0161t\u011b stup\u0148oval&#8230;\u00a0Vitality, pohyblivosti, ak\u010dnosti a veskrze zdrav\u00e9 &#8222;divokosti&#8220; bylo ze strany mlad\u00fdch cvi\u010denc\u016f i ve st\u0159edu hodn\u011b nad pr\u016fm\u011br, a\u017e jsem m\u011bl strach, aby d\u00edky tomuto nezkrotn\u00e9mu pohybov\u00e9mu temperamentu nedo\u0161lo v samotn\u00e9m fin\u00e1le zimn\u00ed p\u0159\u00edpravy k n\u011bjak\u00e9mu ne\u0161\u0165astn\u00e9mu zran\u011bn\u00ed&#8230;<\/p>\n<figure id=\"attachment_7597\" aria-describedby=\"caption-attachment-7597\" style=\"width: 586px\" class=\"wp-caption alignnone\"><a href=\"http:\/\/www.moravecteam.cz\/?attachment_id=7597\" rel=\"attachment wp-att-7597\"><img decoding=\"async\" loading=\"lazy\" class=\" wp-image-7597\" alt=\"IMG_5106\" src=\"http:\/\/www.moravecteam.cz\/wp-content\/uploads\/2017\/03\/IMG_5106.jpg\" width=\"586\" height=\"706\" srcset=\"https:\/\/www.moravecteam.cz\/wp-content\/uploads\/2017\/03\/IMG_5106.jpg 586w, https:\/\/www.moravecteam.cz\/wp-content\/uploads\/2017\/03\/IMG_5106-249x300.jpg 249w\" sizes=\"(max-width: 586px) 100vw, 586px\" \/><\/a><figcaption id=\"caption-attachment-7597\" class=\"wp-caption-text\">Stre\u010dink kon\u010d\u00ed zpravidla ka\u017edou rozcvi\u010dku. Na prota\u017een\u00ed rukou navazuje i prota\u017een\u00ed no\u017ei\u010dek.<\/figcaption><\/figure>\n<p style=\"text-align: justify;\">U\u017e rozb\u011bh\u00e1n\u00ed a rozcvi\u010dka byly ve znamen\u00ed odpov\u011bdn\u00e9ho a dynamick\u00e9ho p\u0159\u00edstupu v\u0161ech o \u010dem\u017e <strong><a href=\"http:\/\/moravecteam.rajce.idnes.cz\/2017.03.08_Cviceni_v_telocvicne\/\">nejl\u00e9pe sv\u011bd\u010d\u00ed fotky<\/a><\/strong>&#8230; I vybi\u0161ku a &#8222;ryb\u00e1\u0159e s rybi\u010dkami&#8220; ozdobila mimo\u0159\u00e1dn\u00e1 pohybov\u00e1 aktivita tr\u00e9nuj\u00edc\u00edch&#8230; A \u0161tafety? Ty op\u011bt nemohly chyb\u011bt, p\u0159i\u010dem\u017e kapit\u00e1ni V\u00ed\u0165a Lipensk\u00fd, Jirka Zav\u0159el a Maty\u00e1\u0161 Koudelka navolili svoje \u0161esti\u010dlenn\u00e9 t\u00fdmy tak zku\u0161en\u011b, \u017ee jsme m\u011bli mo\u017enost zaznamenat dva zcela mrtv\u00e9 z\u00e1vody, bez v\u00edt\u011bze&#8230; A to je &#8211;\u00a0kdy\u017e vezmeme v \u00favahu, \u017ee jednotliv\u00ed cvi\u010denci &#8222;l\u00edtali&#8220; stanovenou distanc tam i zp\u011bt &#8211; u\u017e co \u0159\u00edct a ukazuje na vz\u00e1cnou vyrovnanost tr\u00e9nuj\u00edc\u00edch. Nechyb\u011bl op\u011bt ani tr\u00e9nink startovn\u00edch reakc\u00ed, do\u0161lo i na dlouho slibovan\u00e9 &#8222;krab\u00edky&#8220; a v\u0161e fin\u00e1ln\u011b zavr\u0161ila vy\u0159azovac\u00ed vybi\u0161ka. \u017de po uplynut\u00ed stanoven\u00e9 doby tr\u00e9ninku cht\u011bli d\u011bti &#8222;je\u0161t\u011b!&#8220; je pro dny p\u0159\u00ed\u0161t\u00ed\u00a0 velmi , velmi dobr\u00fdm znamen\u00edm&#8230;<\/p>\n<figure id=\"attachment_7598\" aria-describedby=\"caption-attachment-7598\" style=\"width: 1191px\" class=\"wp-caption alignnone\"><a href=\"http:\/\/www.moravecteam.cz\/?attachment_id=7598\" rel=\"attachment wp-att-7598\"><img decoding=\"async\" loading=\"lazy\" class=\" wp-image-7598\" alt=\"IMG_5118\" src=\"http:\/\/www.moravecteam.cz\/wp-content\/uploads\/2017\/03\/IMG_5118.jpg\" width=\"1191\" height=\"860\" srcset=\"https:\/\/www.moravecteam.cz\/wp-content\/uploads\/2017\/03\/IMG_5118.jpg 1191w, https:\/\/www.moravecteam.cz\/wp-content\/uploads\/2017\/03\/IMG_5118-300x216.jpg 300w, https:\/\/www.moravecteam.cz\/wp-content\/uploads\/2017\/03\/IMG_5118-1024x739.jpg 1024w\" sizes=\"(max-width: 1191px) 100vw, 1191px\" \/><\/a><figcaption id=\"caption-attachment-7598\" class=\"wp-caption-text\">Petr vypr\u00e1v\u00ed d\u011btem o hrdinovi kn\u00ed\u017eky, kterou pr\u00e1v\u011b dostal. Jirka Je\u017eek na ja\u0159e r. 2010 testoval silni\u010dn\u00ed mistrovskou tra\u0165 pro M\u010cR \u017e\u00e1k\u016f a kadet\u016f, jeho\u017e centrem byl Bene\u0161ov.<\/figcaption><\/figure>\n<p style=\"text-align: justify;\">Za jin\u00fdch okolnost\u00ed by se Petr nechal k &#8222;prodlou\u017een\u00e9 ukect&#8220;, ale tentokr\u00e1t to opravdu ne\u0161lo&#8230; \u010casov\u011b byl <strong><a href=\"http:\/\/www.moravecteam.cz\/?p=7590\">v\u00e1z\u00e1n je\u0161t\u011b dal\u0161\u00edmi povinnostmi<\/a><\/strong> a tak ne\u0161lo jinak ne\u017e cvi\u010den\u00ed &#8222;zabalit&#8220; ve stanoven\u00fd \u010das&#8230; P\u0159i n\u00e1stupu \u010dekalo na Petra je\u0161t\u011b jedno p\u0159ekv\u00e1pko: dostal Je\u017eka! Nikoli ale to bodlinkovat\u00e9 zv\u00ed\u0159\u00e1tko&#8230; Tyto zv\u00ed\u0159ec\u00ed exempl\u00e1\u0159e v t\u00e9to ro\u010dn\u00ed dob\u011b pravd\u011bpodobn\u011b je\u0161t\u011b zavr\u0161uj\u00ed obdob\u00ed zimn\u00edho sp\u00e1nku&#8230; M\u00ed\u0161a p\u0159edala Petrovi kn\u00ed\u017eku o skv\u011bl\u00e9m \u010desk\u00e9m handicapovan\u00e9m cyklistovi Jirkovi Je\u017ekovi! I s v\u011bnov\u00e1n\u00edm v\u0161ech ve st\u0159edu p\u0159\u00edtomn\u00fdch! Mil\u00e9, moc mil\u00e9&#8230; A v \u00fapln\u00e9m fini\u0161i je\u0161t\u011b halou ot\u0159\u00e1sl, jak jinak, \u00a0bojov\u00fd pok\u0159ik MORAVCE&#8230; P\u0159\u00ed\u0161t\u011b si u\u017e &#8222;za\u0159vem&#8220; na n\u011bkter\u00e9m z prvn\u00edch z\u00e1vod\u016f a samoz\u0159ejm\u011b u\u017e\u00a0pod \u0161ir\u00fdm nebem&#8230;<\/p>\n<p style=\"text-align: justify;\">\n","protected":false},"excerpt":{"rendered":"<p>&#8230;zimn\u00ed p\u0159\u00edpravy prob\u011bhla v r\u00e1mci tr\u00e9ninku MORAVEC Junior Teamu s nejv\u011bt\u0161\u00ed pravd\u011bpodobnost\u00ed minulou st\u0159edu. \u00dapln\u011b naposledy se snad je\u0161t\u011b sejdeme v bene\u0161ovsk\u00e9 t\u011blocvi\u010dn\u011b n\u011bkdy ve t\u0159et\u00ed b\u0159eznov\u00e9 dek\u00e1d\u011b, kdy\u00a0bychom r\u00e1di je\u0161t\u011b provedli d\u011btem fyziologick\u00e1 m\u011b\u0159en\u00ed MUDr.\u00a0Petra Zem\u00e1nka. Vzpom\u00edn\u00e1te:\u00a0sympatick\u00fd \u00a0pan doktor n\u00e1s prom\u011b\u0159oval na za\u010d\u00e1tku p\u0159\u00edpravn\u00e9ho obdob\u00ed loni v listopadu a poda\u0159\u00ed -li se test zopakovat &hellip; <a href=\"https:\/\/www.moravecteam.cz\/?p=7587\" class=\"more-link\">Pokra\u010dov\u00e1n\u00ed textu <span class=\"screen-reader-text\">Posledn\u00ed &#8222;seqence&#8220;&#8230;<\/span> <span class=\"meta-nav\">&rarr;<\/span><\/a><\/p>\n","protected":false},"author":3,"featured_media":7596,"comment_status":"open","ping_status":"closed","sticky":false,"template":"","format":"standard","meta":[],"categories":[9],"tags":[],"_links":{"self":[{"href":"https:\/\/www.moravecteam.cz\/index.php?rest_route=\/wp\/v2\/posts\/7587"}],"collection":[{"href":"https:\/\/www.moravecteam.cz\/index.php?rest_route=\/wp\/v2\/posts"}],"about":[{"href":"https:\/\/www.moravecteam.cz\/index.php?rest_route=\/wp\/v2\/types\/post"}],"author":[{"embeddable":true,"href":"https:\/\/www.moravecteam.cz\/index.php?rest_route=\/wp\/v2\/users\/3"}],"replies":[{"embeddable":true,"href":"https:\/\/www.moravecteam.cz\/index.php?rest_route=%2Fwp%2Fv2%2Fcomments&post=7587"}],"version-history":[{"count":7,"href":"https:\/\/www.moravecteam.cz\/index.php?rest_route=\/wp\/v2\/posts\/7587\/revisions"}],"predecessor-version":[{"id":7603,"href":"https:\/\/www.moravecteam.cz\/index.php?rest_route=\/wp\/v2\/posts\/7587\/revisions\/7603"}],"wp:featuredmedia":[{"embeddable":true,"href":"https:\/\/www.moravecteam.cz\/index.php?rest_route=\/wp\/v2\/media\/7596"}],"wp:attachment":[{"href":"https:\/\/www.moravecteam.cz\/index.php?rest_route=%2Fwp%2Fv2%2Fmedia&parent=7587"}],"wp:term":[{"taxonomy":"category","embeddable":true,"href":"https:\/\/www.moravecteam.cz\/index.php?rest_route=%2Fwp%2Fv2%2Fcategories&post=7587"},{"taxonomy":"post_tag","embeddable":true,"href":"https:\/\/www.moravecteam.cz\/index.php?rest_route=%2Fwp%2Fv2%2Ftags&post=7587"}],"curies":[{"name":"wp","href":"https:\/\/api.w.org\/{rel}","templated":true}]}}