{"id":7590,"date":"2017-03-09T09:24:43","date_gmt":"2017-03-09T08:24:43","guid":{"rendered":"http:\/\/www.moravecteam.cz\/?p=7590"},"modified":"2017-03-09T21:46:14","modified_gmt":"2017-03-09T20:46:14","slug":"slavnostni-podvecer","status":"publish","type":"post","link":"https:\/\/www.moravecteam.cz\/?p=7590","title":{"rendered":"Slavnostn\u00ed podve\u010der&#8230;"},"content":{"rendered":"<p style=\"text-align: justify;\"><strong><span style=\"color: #800000;\">Obdob\u00ed oce\u0148ov\u00e1n\u00ed nejlep\u0161\u00edch sportovc\u016f v\u0161eho druhu za lo\u0148sk\u00fd rok p\u0159etrv\u00e1v\u00e1. Minulou st\u0159edu v podve\u010der se v r\u00e1mci ve\u0159ejn\u00e9ho zased\u00e1n\u00ed Obecn\u00edho zastupitelstva Bene\u0161ov do\u010dkala ud\u011blen\u00ed titulu nejlep\u0161\u00edho sportovce\u00a0 Bene\u0161ova za r. 2016 na\u0161e v\u00fdborn\u00e1 bikerka &#8211; Ani\u010dka Zem\u00e1nkov\u00e1! V\u00edt\u011bzka \u010cesk\u00e9ho poh\u00e1ru v MTB sprintu za lo\u0148sk\u00fd rok v kategorii kadet a &#8222;brmborov\u00e1&#8220; z M\u010cR v Bed\u0159ichov\u011b v t\u00e9to discipl\u00edn\u011b si zcela po z\u00e1sluze u\u017eila ocen\u011bn\u00ed, kter\u00e9 ji za jej\u00ed poctivou d\u0159inu (nejen) v lo\u0148sk\u00e9m roce, n\u00e1le\u017e\u00ed zcela zaslou\u017een\u011b!<\/span><\/strong><\/p>\n<figure id=\"attachment_7606\" aria-describedby=\"caption-attachment-7606\" style=\"width: 1586px\" class=\"wp-caption alignnone\"><a href=\"http:\/\/www.moravecteam.cz\/?attachment_id=7606\" rel=\"attachment wp-att-7606\"><img decoding=\"async\" loading=\"lazy\" class=\" wp-image-7606\" alt=\"OLYMPUS DIGITAL CAMERA\" src=\"http:\/\/www.moravecteam.cz\/wp-content\/uploads\/2017\/03\/P1010121.jpg\" width=\"1586\" height=\"1319\" srcset=\"https:\/\/www.moravecteam.cz\/wp-content\/uploads\/2017\/03\/P1010121.jpg 1586w, https:\/\/www.moravecteam.cz\/wp-content\/uploads\/2017\/03\/P1010121-300x249.jpg 300w, https:\/\/www.moravecteam.cz\/wp-content\/uploads\/2017\/03\/P1010121-1024x851.jpg 1024w\" sizes=\"(max-width: 1586px) 100vw, 1586px\" \/><\/a><figcaption id=\"caption-attachment-7606\" class=\"wp-caption-text\">Ani\u010dka Zem\u00e1nkov\u00e1 na trat\u00edch MTB M\u010cR 2016 v Bed\u0159ichov\u011b.<\/figcaption><\/figure>\n<p style=\"text-align: justify;\">V historii obce se stala teprve druh\u00fdm sportovcem, kter\u00e9mu se tohoto ocen\u011bn\u00ed z rukou vrcholn\u00fdch p\u0159edstavitel\u016f Bene\u0161ova dostalo. V roce 2011 se obdobn\u011b mohl t\u011b\u0161it tehdej\u0161\u00ed juniorsk\u00fd Mistr <a href=\"http:\/\/www.moravecteam.cz\/?attachment_id=7610\" rel=\"attachment wp-att-7610\"><img decoding=\"async\" loading=\"lazy\" class=\"size-full wp-image-7610 alignleft\" title=\"Hrdinka st\u0159ede\u010dn\u00edho slavnostn\u00edho  podve\u010dera na fotce z r.2008.\" alt=\"OLYMPUS DIGITAL CAMERA\" src=\"http:\/\/www.moravecteam.cz\/wp-content\/uploads\/2017\/03\/P1010028.jpg\" width=\"229\" height=\"308\" srcset=\"https:\/\/www.moravecteam.cz\/wp-content\/uploads\/2017\/03\/P1010028.jpg 229w, https:\/\/www.moravecteam.cz\/wp-content\/uploads\/2017\/03\/P1010028-223x300.jpg 223w\" sizes=\"(max-width: 229px) 100vw, 229px\" \/><\/a>\u010cR v MTB XCO z Teplic Radim Kov\u00e1\u0159, shodou okolnost\u00ed taky tehdy i v sou\u010dasnosti \u010dlen MORAVEC Teamu. Jako Radima i Ani\u010dku &#8222;vykoval&#8220; l\u00e9ty MTB Poh\u00e1r Drahansk\u00e9 vrchoviny a stejn\u011b jako i Radima i u Ani\u010dky je patrn\u00e1 z\u00e1kladn\u00ed vlastnost ka\u017ed\u00e9ho sportovce s ambicemi na mety nejvy\u0161\u0161\u00ed: pracovitost&#8230; Ani\u010dku m\u00e1m &#8222;v oku&#8220; u\u017e od jej\u00edch \u00fatl\u00fdch d\u011btsk\u00fdch let a prvn\u00edch cyklistick\u00fdch kr\u016f\u010dk\u016f (vlastn\u011b l\u00e9pe \u0159e\u010deno prvn\u00edch najet\u00fdch kilometr\u016f) a vzhledem k talentu a s\u00edle,\u00a0kter\u00fdmi\u017e to vlastnostmi \u00a0je nesporn\u011b\u00a0 obdarov\u00e1na, jsem s\u00e1m zv\u011bdav, jak\u00fdch\u00a0ur\u010do supr sportovn\u00edch z\u00e1\u017eitk\u016f se je\u0161t\u011b s &#8222;A\u0148ou&#8220; do\u010dk\u00e1me&#8230; T\u011b\u0161\u00edme se a jako MORAVEC Team se budeme\u00a0sna\u017eit b\u00fdt \u00a0st\u00e1le k tomu, jak to jen p\u016fjde, n\u00e1pomocni!<\/p>\n<figure id=\"attachment_7608\" aria-describedby=\"caption-attachment-7608\" style=\"width: 2000px\" class=\"wp-caption alignnone\"><a href=\"http:\/\/www.moravecteam.cz\/?attachment_id=7608\" rel=\"attachment wp-att-7608\"><img decoding=\"async\" loading=\"lazy\" class=\" wp-image-7608\" alt=\"OLYMPUS DIGITAL CAMERA\" src=\"http:\/\/www.moravecteam.cz\/wp-content\/uploads\/2017\/03\/P7230189.jpg\" width=\"2000\" height=\"1500\" srcset=\"https:\/\/www.moravecteam.cz\/wp-content\/uploads\/2017\/03\/P7230189.jpg 2000w, https:\/\/www.moravecteam.cz\/wp-content\/uploads\/2017\/03\/P7230189-300x225.jpg 300w, https:\/\/www.moravecteam.cz\/wp-content\/uploads\/2017\/03\/P7230189-1024x768.jpg 1024w\" sizes=\"(max-width: 2000px) 100vw, 2000px\" \/><\/a><figcaption id=\"caption-attachment-7608\" class=\"wp-caption-text\">Lo\u0148sk\u00fd rok byl pro Ani\u010dku TOP! A taky pro MORAVEC Team!<\/figcaption><\/figure>\n<p style=\"text-align: justify;\">Velk\u00e9 d\u00edky pat\u0159\u00ed Obci Bene\u0161ov, \u017ee na svoji reprezentantku nezapomn\u011bla&#8230; Obdobn\u011b \u0161ly ode m\u011b informace o lo\u0148sk\u00fdch \u00fasp\u011b\u0161\u00edch rajdr\u016f MORAVEC Teamu i na obce Lysice (Dominik Prudek), Okrouhlou (Tom\u00e1\u0161 Tlamka &#8222;Contador&#8220;) a Spe\u0161ov (Jana Tes\u0159ov\u00e1). \u00dasp\u011b\u0161nost\u00a0 s jejich\u00a0ocen\u011bn\u00edm je ale zat\u00edm pouze 50%&#8230;. Krom\u011b Bene\u0161ova se k t\u00e9to v\u011bci postavili spravedliv\u011b a f\u00e9rov\u011b &#8222;\u010delem&#8220; u\u017e jen Lysice&#8230; <strong><a href=\"http:\/\/www.moravecteam.cz\/?p=6760\">Ale obdob\u00ed oce\u0148ov\u00e1n\u00ed<\/a><\/strong> nejlep\u0161\u00edch sportovc\u016f v\u0161eho druhu za lo\u0148sk\u00fd rok st\u00e1le p\u0159etrv\u00e1v\u00e1&#8230; A j\u00e1 v\u011b\u0159\u00edm, \u017ee\u00a0satisfakce za svoji d\u0159inu se od sv\u00fdch mate\u0159sk\u00fdch obc\u00ed do\u010dkaj\u00ed v nejbli\u017e\u0161\u00edch dnech i Jana Tesa\u0159ov\u00e1 a Tom\u00e1\u0161 Tlamka &#8222;Contador&#8220;&#8230;<\/p>\n<p>&nbsp;<\/p>\n","protected":false},"excerpt":{"rendered":"<p>Obdob\u00ed oce\u0148ov\u00e1n\u00ed nejlep\u0161\u00edch sportovc\u016f v\u0161eho druhu za lo\u0148sk\u00fd rok p\u0159etrv\u00e1v\u00e1. Minulou st\u0159edu v podve\u010der se v r\u00e1mci ve\u0159ejn\u00e9ho zased\u00e1n\u00ed Obecn\u00edho zastupitelstva Bene\u0161ov do\u010dkala ud\u011blen\u00ed titulu nejlep\u0161\u00edho sportovce\u00a0 Bene\u0161ova za r. 2016 na\u0161e v\u00fdborn\u00e1 bikerka &#8211; Ani\u010dka Zem\u00e1nkov\u00e1! V\u00edt\u011bzka \u010cesk\u00e9ho poh\u00e1ru v MTB sprintu za lo\u0148sk\u00fd rok v kategorii kadet a &#8222;brmborov\u00e1&#8220; z M\u010cR v Bed\u0159ichov\u011b &hellip; <a href=\"https:\/\/www.moravecteam.cz\/?p=7590\" class=\"more-link\">Pokra\u010dov\u00e1n\u00ed textu <span class=\"screen-reader-text\">Slavnostn\u00ed podve\u010der&#8230;<\/span> <span class=\"meta-nav\">&rarr;<\/span><\/a><\/p>\n","protected":false},"author":3,"featured_media":7605,"comment_status":"open","ping_status":"closed","sticky":false,"template":"","format":"standard","meta":[],"categories":[13],"tags":[],"_links":{"self":[{"href":"https:\/\/www.moravecteam.cz\/index.php?rest_route=\/wp\/v2\/posts\/7590"}],"collection":[{"href":"https:\/\/www.moravecteam.cz\/index.php?rest_route=\/wp\/v2\/posts"}],"about":[{"href":"https:\/\/www.moravecteam.cz\/index.php?rest_route=\/wp\/v2\/types\/post"}],"author":[{"embeddable":true,"href":"https:\/\/www.moravecteam.cz\/index.php?rest_route=\/wp\/v2\/users\/3"}],"replies":[{"embeddable":true,"href":"https:\/\/www.moravecteam.cz\/index.php?rest_route=%2Fwp%2Fv2%2Fcomments&post=7590"}],"version-history":[{"count":7,"href":"https:\/\/www.moravecteam.cz\/index.php?rest_route=\/wp\/v2\/posts\/7590\/revisions"}],"predecessor-version":[{"id":7612,"href":"https:\/\/www.moravecteam.cz\/index.php?rest_route=\/wp\/v2\/posts\/7590\/revisions\/7612"}],"wp:featuredmedia":[{"embeddable":true,"href":"https:\/\/www.moravecteam.cz\/index.php?rest_route=\/wp\/v2\/media\/7605"}],"wp:attachment":[{"href":"https:\/\/www.moravecteam.cz\/index.php?rest_route=%2Fwp%2Fv2%2Fmedia&parent=7590"}],"wp:term":[{"taxonomy":"category","embeddable":true,"href":"https:\/\/www.moravecteam.cz\/index.php?rest_route=%2Fwp%2Fv2%2Fcategories&post=7590"},{"taxonomy":"post_tag","embeddable":true,"href":"https:\/\/www.moravecteam.cz\/index.php?rest_route=%2Fwp%2Fv2%2Ftags&post=7590"}],"curies":[{"name":"wp","href":"https:\/\/api.w.org\/{rel}","templated":true}]}}