{"id":7613,"date":"2017-03-19T21:59:40","date_gmt":"2017-03-19T20:59:40","guid":{"rendered":"http:\/\/www.moravecteam.cz\/?p=7613"},"modified":"2017-03-19T23:23:21","modified_gmt":"2017-03-19T22:23:21","slug":"hajduk-startuje","status":"publish","type":"post","link":"https:\/\/www.moravecteam.cz\/?p=7613","title":{"rendered":"Hajduk rozto\u010dil kola! &#8211; 9"},"content":{"rendered":"<p style=\"text-align: justify;\"><span style=\"color: #800000;\"><strong>Des\u00e1t\u00fd b\u0159eznov\u00fd den leto\u0161n\u00edho roku se stal n\u00e1stupn\u00edm dnem v\u00fdsadku MORAVEC Teamu s kryc\u00edm n\u00e1zvem HAJDUK, kdy dva tucty na\u0161ich borc\u016f a borek operuj\u00ed v r\u00e1mci z\u00e1v\u011bre\u010dn\u00e9 f\u00e1ze zimn\u00ed p\u0159\u00edpravy na Balk\u00e1nsk\u00e9m poloostrov\u011b, p\u0159esn\u011bji v chorvatsk\u00e9 Dalmacii, \u00fapln\u011b p\u0159esn\u011b v m\u011bste\u010dku Podstrana, 10km ji\u017en\u011b od Splitu. Najet\u00ed optim\u00e1ln\u00edho mno\u017estv\u00ed objemov\u00fdch kilometr\u016f na silnici, v p\u0159\u00edzniv\u00fdch klimatick\u00fdch podm\u00ednk\u00e1ch &#8211; to je hlavn\u00ed c\u00edl zahrani\u010dn\u00ed mise, jen\u017e nem\u00e1 v odd\u00edlov\u00fdch d\u011bjin\u00e1ch obdoby&#8230; V t\u00e9to aktualit\u011b V\u00e1m budu &#8211; na z\u00e1klad\u011b depe\u0161\u00ed od velitel\u016f v\u00fdsadku a zpravodajsk\u00e9ho ser\u017eanta &#8211; p\u0159ibli\u017eovat d\u011bn\u00ed v r\u00e1mci desetidenn\u00ed p\u0159\u00edpravn\u00e9 mise, kter\u00e1 definitivn\u011b rozto\u010dila kola sez\u00f3ny 2017!<\/strong><\/span><\/p>\n<figure id=\"attachment_7731\" aria-describedby=\"caption-attachment-7731\" style=\"width: 1941px\" class=\"wp-caption alignnone\"><a href=\"http:\/\/www.moravecteam.cz\/?attachment_id=7731\" rel=\"attachment wp-att-7731\"><img decoding=\"async\" loading=\"lazy\" class=\" wp-image-7731\" alt=\"IMG_20170319_074219\" src=\"http:\/\/www.moravecteam.cz\/wp-content\/uploads\/2017\/03\/IMG_20170319_074219.jpg\" width=\"1941\" height=\"1697\" srcset=\"https:\/\/www.moravecteam.cz\/wp-content\/uploads\/2017\/03\/IMG_20170319_074219.jpg 1941w, https:\/\/www.moravecteam.cz\/wp-content\/uploads\/2017\/03\/IMG_20170319_074219-300x262.jpg 300w, https:\/\/www.moravecteam.cz\/wp-content\/uploads\/2017\/03\/IMG_20170319_074219-1024x895.jpg 1024w\" sizes=\"(max-width: 1941px) 100vw, 1941px\" \/><\/a><figcaption id=\"caption-attachment-7731\" class=\"wp-caption-text\">&#8222;Qartet&#8220; na\u0161ich invazn\u00edch vozidel na dr\u00e1ze &#8222;voln\u00e9ho n\u00e1vratu&#8220; st\u00e1le je\u0161t\u011b pod azurov\u00fdm balk\u00e1nsk\u00fdm nebem&#8230;<\/figcaption><\/figure>\n<h5><strong><span style=\"color: #800000;\">10. den &#8211; \u00a0ned\u011ble 19. b\u0159ezna \u00a0&#8211; hladk\u00e9 p\u0159ist\u00e1n\u00ed&#8230;<\/span><\/strong><\/h5>\n<p style=\"text-align: justify;\">P\u0159\u00edpravn\u00e1 mise HAJDUK, kter\u00e1 m\u011bla za \u00fakol v p\u0159\u00edzniv\u00fdch klimatick\u00fdch podm\u00edk\u00e1ch pohostinn\u00e9 Dalmacie vpravit do nohou na\u0161ich mlad\u00fdch biker\u016f pot\u0159ebn\u00e9 mno\u017estv\u00ed tr\u00e9ninkov\u00fdch kilometr\u016f, byla v ned\u011bli v podve\u010der \u00fasp\u011b\u0161n\u011b zavr\u0161ena &#8222;hladk\u00fdm p\u0159ist\u00e1n\u00edm&#8220; v\u0161ech \u010dty\u0159 invazn\u00edch vozidel. Pl\u00e1novan\u00fd \u010das p\u0159\u00edjezdu (ve 20.00 hodin k restauraci Morava Bene\u0161ov) byl usp\u00ed\u0161en d\u00edky bezprobl\u00e9mov\u00e9mu p\u0159esunu o rovn\u00e9 dv\u011b hodiny!<\/p>\n<figure id=\"attachment_7732\" aria-describedby=\"caption-attachment-7732\" style=\"width: 2000px\" class=\"wp-caption alignnone\"><a href=\"http:\/\/www.moravecteam.cz\/?attachment_id=7732\" rel=\"attachment wp-att-7732\"><img decoding=\"async\" loading=\"lazy\" class=\" wp-image-7732\" alt=\"IMG_20170319_135147\" src=\"http:\/\/www.moravecteam.cz\/wp-content\/uploads\/2017\/03\/IMG_20170319_135147.jpg\" width=\"2000\" height=\"1069\" srcset=\"https:\/\/www.moravecteam.cz\/wp-content\/uploads\/2017\/03\/IMG_20170319_135147.jpg 2000w, https:\/\/www.moravecteam.cz\/wp-content\/uploads\/2017\/03\/IMG_20170319_135147-300x160.jpg 300w, https:\/\/www.moravecteam.cz\/wp-content\/uploads\/2017\/03\/IMG_20170319_135147-1024x547.jpg 1024w\" sizes=\"(max-width: 2000px) 100vw, 2000px\" \/><\/a><figcaption id=\"caption-attachment-7732\" class=\"wp-caption-text\">Je\u0161t\u011b i v Rakousku panobalo v r\u016fb\u011bhu dne slunn\u00e9 a tepl\u00e9 po\u010das\u00ed!<\/figcaption><\/figure>\n<p style=\"text-align: justify;\">Auta Luk\u00e1\u0161e Gregora a Honzy \u0160indel\u00e1\u0159e, v\u010detn\u011b jejich os\u00e1dek zaparkovala dokonce je\u0161t\u011b d\u0159\u00edv, vozy Milana Tlamky a Jirky Zav\u0159ela jsem mohli uv\u00edtat na m\u00edst\u011b ur\u010den\u00ed podle opraven\u00e9ho \u010dasov\u00e9ho pl\u00e1nu kr\u00e1tce po 18.00 hdin\u011b. Pak u\u017e jsme se mohli v\u00edtat s &#8222;u\u010dastn\u00edky z\u00e1jezdu&#8220; p\u0159i\u010dem\u017e sjejich op\u00e1len\u00fdch tv\u00e1\u0159\u00ed \u0161lo jednozna\u010dn\u011b vypozorovat, \u017ee fotodokumentace o exluzivn\u00edm po\u010das\u00ed v m\u00edst\u011b v\u00fdsadku, v \u017e\u00e1dn\u00e9m p\u0159\u00edpad\u011b nelhala..!<\/p>\n<figure id=\"attachment_7733\" aria-describedby=\"caption-attachment-7733\" style=\"width: 1786px\" class=\"wp-caption alignnone\"><a href=\"http:\/\/www.moravecteam.cz\/?attachment_id=7733\" rel=\"attachment wp-att-7733\"><img decoding=\"async\" loading=\"lazy\" class=\" wp-image-7733\" alt=\"zIMG_5233\" src=\"http:\/\/www.moravecteam.cz\/wp-content\/uploads\/2017\/03\/zIMG_5233.jpg\" width=\"1786\" height=\"1433\" srcset=\"https:\/\/www.moravecteam.cz\/wp-content\/uploads\/2017\/03\/zIMG_5233.jpg 1786w, https:\/\/www.moravecteam.cz\/wp-content\/uploads\/2017\/03\/zIMG_5233-300x240.jpg 300w, https:\/\/www.moravecteam.cz\/wp-content\/uploads\/2017\/03\/zIMG_5233-1024x821.jpg 1024w\" sizes=\"(max-width: 1786px) 100vw, 1786px\" \/><\/a><figcaption id=\"caption-attachment-7733\" class=\"wp-caption-text\">Bene\u0161ov a vylo\u010fov\u00e1n\u00ed v chladu a de\u0161ti&#8230; Patn\u00e1ctistup\u0148ov\u00fd teplotn\u00ed kotrmelec&#8220;&#8230;<\/figcaption><\/figure>\n<p style=\"text-align: justify;\">Nyn\u00ed bude t\u0159eba dobr\u00e9, rychl\u00e9 aklimatizace bez nachlazen\u00ed, v\u017edy\u0165 na\u0161i je\u0161t\u011b po cest\u011b v rakousk\u00e9m Grazu za\u017e\u00edvali st\u00e1le p\u0159\u00edjemnou jarn\u00ed teplotu 20\u00b0C! A hle: cca 100 km severn\u011bji je o 15\u00b0C m\u00e9n\u011b&#8230; D\u00e1le bude t\u0159eba vydechnout a optim\u00e1ln\u011b doladit formu na prvn\u00ed v\u00edkendov\u00e9 ostr\u00e9 z\u00e1vodn\u00ed zkou\u0161ky, kter\u00e9 jsou u\u017e p\u0159ed n\u00e1mi! Velk\u00fd d\u00edk za zdar cel\u00e9 akce pat\u0159\u00ed realiza\u010dn\u00edmu t\u00fdmu v \u010dele s Milanem Tlamkou, jemu\u017e zdatn\u00fdmi pomocn\u00edky byli star\u0161\u00ed Honza \u0160indel\u00e1\u0159, man\u017eel\u00e9 Zav\u0159elovi a Kamil Koudelka.<\/p>\n<figure id=\"attachment_7736\" aria-describedby=\"caption-attachment-7736\" style=\"width: 2000px\" class=\"wp-caption alignnone\"><a href=\"http:\/\/www.moravecteam.cz\/?attachment_id=7736\" rel=\"attachment wp-att-7736\"><img decoding=\"async\" loading=\"lazy\" class=\" wp-image-7736\" alt=\"zIMG_5238\" src=\"http:\/\/www.moravecteam.cz\/wp-content\/uploads\/2017\/03\/zIMG_5238.jpg\" width=\"2000\" height=\"1500\" srcset=\"https:\/\/www.moravecteam.cz\/wp-content\/uploads\/2017\/03\/zIMG_5238.jpg 2000w, https:\/\/www.moravecteam.cz\/wp-content\/uploads\/2017\/03\/zIMG_5238-300x225.jpg 300w, https:\/\/www.moravecteam.cz\/wp-content\/uploads\/2017\/03\/zIMG_5238-1024x768.jpg 1024w\" sizes=\"(max-width: 2000px) 100vw, 2000px\" \/><\/a><figcaption id=\"caption-attachment-7736\" class=\"wp-caption-text\">Jako mnohokr\u00e1t v historii i tentokr\u00e1t poskytla na\u0161im Dalmacijsk\u00fdm &#8222;bijc\u016fm&#8220; pohostinn\u00e9 z\u00e1zem\u00ed nrestaurace Morava v Bene\u0161ov\u011b.<\/figcaption><\/figure>\n<p style=\"text-align: justify;\">Od velitel\u016f postupn\u011b zjist\u00edm, jak \u017ee byli disciplinovan\u00ed jejich sv\u011b\u0159enci, p\u0159i\u010dem\u017e prvn\u00ed hodnot\u00edc\u00ed informace jsou vesm\u011bs pozitivn\u00ed. No a jak deset p\u0159\u00edpravn\u00fdch dn\u016f v Dalmacii &#8222;podep\u00ed\u0161e&#8220; na form\u011b na\u0161ich rajdr\u016f, to n\u00e1m velmi p\u0159esn\u011b uk\u00e1\u017e\u00ed jejich v\u00fdkony a v\u00fdsledky v pr\u016fb\u011bhu sez\u00f3ny! <strong><a href=\"http:\/\/moravecteam.rajce.idnes.cz\/2017.03.19_Soustredeni_Chorvatsko_-_10\/\">Mrkn\u011bte na z\u00e1v\u011bre\u010dnou fotogalerii<\/a><\/strong> z cesty a &#8222;p\u0159ist\u00e1n\u00ed&#8220; (poloviny v\u00fdsadku).<\/p>\n<figure id=\"attachment_7702\" aria-describedby=\"caption-attachment-7702\" style=\"width: 1626px\" class=\"wp-caption alignnone\"><a href=\"http:\/\/www.moravecteam.cz\/?attachment_id=7702\" rel=\"attachment wp-att-7702\"><img decoding=\"async\" loading=\"lazy\" class=\" wp-image-7702\" alt=\"IMG_20170318_170526\" src=\"http:\/\/www.moravecteam.cz\/wp-content\/uploads\/2017\/03\/IMG_20170318_170526.jpg\" width=\"1626\" height=\"1087\" srcset=\"https:\/\/www.moravecteam.cz\/wp-content\/uploads\/2017\/03\/IMG_20170318_170526.jpg 1626w, https:\/\/www.moravecteam.cz\/wp-content\/uploads\/2017\/03\/IMG_20170318_170526-300x200.jpg 300w, https:\/\/www.moravecteam.cz\/wp-content\/uploads\/2017\/03\/IMG_20170318_170526-1024x684.jpg 1024w\" sizes=\"(max-width: 1626px) 100vw, 1626px\" \/><\/a><figcaption id=\"caption-attachment-7702\" class=\"wp-caption-text\">Karel: Je\u0161t\u011b \u0161t\u011bst\u00ed, \u017ee um\u00edm po\u010d\u00edtat a\u017e do sta..!<\/figcaption><\/figure>\n<h5><span style=\"color: #800000;\">9. den &#8211; \u00a0sobota 18. b\u0159ezna \u00a0&#8211; &#8222;brzd\u00edc\u00ed z\u00e1\u017eeh&#8220;&#8230;<\/span><\/h5>\n<p style=\"text-align: justify;\">Nic netrv\u00e1 v\u011b\u010dn\u011b&#8230; Jednoduch\u00e1 v\u011bta postihuj\u00edc\u00ed v obecn\u00e9 poloze hlubokou pravdu&#8230; Ani p\u0159\u00edpravn\u00fd kemp MORAVEC Teamu v Dalmacijsk\u00e9 Podstran\u011b nem\u016f\u017ee b\u00fdt &#8222;na v\u011bky&#8220; a proto dev\u00e1t\u00fd den mise, po p\u0159edchoz\u00edch pl\u00e1novan\u00fdch posledn\u00edch dopoledn\u00edch v\u00fdj\u00ed\u017e\u010fk\u00e1ch obou tr\u00e9ninkov\u00fdch skupin, byl ve znamen\u00ed &#8222;brzd\u00edc\u00edho z\u00e1\u017eehu&#8220; co\u017e neznamenalo nic jin\u00e9ho, ne\u017e, \u017ee na\u0161i v odpoledn\u00edch hodin\u00e1ch pomalu, ale jist\u011b za\u010dali &#8222;balit kufry&#8220;&#8230;<\/p>\n<figure id=\"attachment_7703\" aria-describedby=\"caption-attachment-7703\" style=\"width: 1291px\" class=\"wp-caption alignnone\"><a href=\"http:\/\/www.moravecteam.cz\/?attachment_id=7703\" rel=\"attachment wp-att-7703\"><img decoding=\"async\" loading=\"lazy\" class=\" wp-image-7703\" alt=\"IMG_20170318_170656\" src=\"http:\/\/www.moravecteam.cz\/wp-content\/uploads\/2017\/03\/IMG_20170318_170656.jpg\" width=\"1291\" height=\"1117\" srcset=\"https:\/\/www.moravecteam.cz\/wp-content\/uploads\/2017\/03\/IMG_20170318_170656.jpg 1291w, https:\/\/www.moravecteam.cz\/wp-content\/uploads\/2017\/03\/IMG_20170318_170656-300x259.jpg 300w, https:\/\/www.moravecteam.cz\/wp-content\/uploads\/2017\/03\/IMG_20170318_170656-1024x885.jpg 1024w\" sizes=\"(max-width: 1291px) 100vw, 1291px\" \/><\/a><figcaption id=\"caption-attachment-7703\" class=\"wp-caption-text\">&#8222;Suterday and final Dancing in The Hotel&#8230; Bravo Girls!&#8220;<\/figcaption><\/figure>\n<p style=\"text-align: justify;\">Z <strong><a href=\"http:\/\/moravecteam.rajce.idnes.cz\/2017.03.18_Soustredeni_Chorvatsko_-_8\/#\">fotek \u00a0p\u0159edposledn\u00edho dne<\/a><\/strong> je patrn\u00e1 p\u0159etrv\u00e1vaj\u00edc\u00ed t\u00fdmov\u00e1 pohoda, kter\u00e1 vedla pravd\u011bpodobn\u011b i k zaj\u00edmav\u00fdm spont\u00e1nn\u00edm d\u00edv\u010d\u00edm tane\u010dn\u00edm kreac\u00edm! \u017de n\u00e1s zkontaktoval jeden m\u00edstn\u00ed usedl\u00edk s nab\u00eddkou v\u00fdj\u00ed\u017ed\u011bk po mo\u0159i, je d\u016fkazem, \u017ee na\u0161i p\u0159i sv\u00e9m operov\u00e1n\u00ed v lokalit\u011b v\u00fdsadku p\u016fsobili na sv\u00e9 okol\u00ed velmi p\u0159\u00e1telsky a t\u00edm pozitivn\u011b! \u017de po cel\u00fdch (skoro) deset dn\u016f z el\u00e9v\u016f MORAVCE nikdo nesmutnil po mamince \u010di tat\u00ednkovi, je zase d\u016fkazem toho, jak na\u0161i tren\u00e9\u0159i desetidenn\u00ed pr\u00e1ci s d\u011btmi excelentn\u011b zvl\u00e1dli! Jedin\u00e1 v\u011bc je te\u010f nadm\u00edru d\u016fle\u017eit\u00e1: aby po z\u00edt\u0159ej\u0161\u00edm &#8222;p\u0159ist\u00e1n\u00ed&#8220; na st\u00e1le je\u0161t\u011b prochladl\u00e9 Drahansk\u00e9 Vrchovin\u011b (Bene\u0161ov-Pavlov \u00a0dnes r\u00e1no hl\u00e1sil -1\u00b0C a 2cm \u010derstv\u00e9ho mokr\u00e9ho sn\u011bhu) v\u0161ichni zvl\u00e1dli aklimatize\u010dn\u00ed teplotn\u00ed p\u0159echodov\u00fd extr\u00e9m bez onemocn\u011bn\u00ed&#8230; Ale jak zn\u00e1m fyzick\u00fd a zdravotn\u00ed fond t\u00e9to skupiny, nevid\u00edm v tomto nijak zvl\u00e1\u0161tn\u00ed probl\u00e9m&#8230;<\/p>\n<figure id=\"attachment_7701\" aria-describedby=\"caption-attachment-7701\" style=\"width: 2000px\" class=\"wp-caption alignnone\"><a href=\"http:\/\/www.moravecteam.cz\/?attachment_id=7701\" rel=\"attachment wp-att-7701\"><img decoding=\"async\" loading=\"lazy\" class=\" wp-image-7701\" alt=\"IMG_20170317_165250\" src=\"http:\/\/www.moravecteam.cz\/wp-content\/uploads\/2017\/03\/IMG_20170317_165250.jpg\" width=\"2000\" height=\"1500\" srcset=\"https:\/\/www.moravecteam.cz\/wp-content\/uploads\/2017\/03\/IMG_20170317_165250.jpg 2000w, https:\/\/www.moravecteam.cz\/wp-content\/uploads\/2017\/03\/IMG_20170317_165250-300x225.jpg 300w, https:\/\/www.moravecteam.cz\/wp-content\/uploads\/2017\/03\/IMG_20170317_165250-1024x768.jpg 1024w\" sizes=\"(max-width: 2000px) 100vw, 2000px\" \/><\/a><figcaption id=\"caption-attachment-7701\" class=\"wp-caption-text\">Vejdeme se tam v\u0161ichni \u010dty\u0159i v\u016fbec?<\/figcaption><\/figure>\n<p style=\"text-align: justify;\">No a te\u010f u\u017e k vlastn\u00edm z\u00edt\u0159ej\u0161\u00edmu &#8222;p\u0159ist\u00e1n\u00ed v drahansk\u00e9 kaza\u0161sk\u00e9 stepi&#8220;&#8230; <span style=\"text-decoration: underline;\"><span style=\"color: #800000;\"><strong>Cel\u00e1 skupina \u010dty\u0159 voz\u016f by m\u011bla &#8222;dosednout&#8220; u restaurace Morava Bene\u0161ov v cca 20.00 hodin S\u010c. \u010cas &#8222;dosedu&#8220; zp\u0159esn\u00ed rodi\u010d\u016fm telefonicky na\u0161i rajd\u0159i ihned po p\u0159ekro\u010den\u00ed hranic do \u010cesk\u00e9 Republiky.<\/strong><\/span><\/span> Tak\u017ee rodi\u010dov\u00e9: dobijte si svoje &#8222;vys\u00edla\u010dky&#8220;, abyste z\u00edtra v odpoledn\u00edch hodin\u00e1ch byli bez probl\u00e9m\u016f na 100% p\u0159\u00edjmu! Neb v\u00fdsadek HAJDUK bude v tu dobu po &#8222;dr\u00e1ze voln\u00e9ho n\u00e1vratu&#8220; u\u017e ve velmi razantn\u00edm p\u0159ibl\u00ed\u017een\u00ed k m\u00edstu p\u0159ist\u00e1n\u00ed&#8230; \u0160\u0165astnou cestu HAJDUK!<\/p>\n<p><a href=\"http:\/\/www.moravecteam.cz\/?attachment_id=7693\" rel=\"attachment wp-att-7693\"><img decoding=\"async\" loading=\"lazy\" class=\" wp-image-7693\" alt=\"20170317_122150\" src=\"http:\/\/www.moravecteam.cz\/wp-content\/uploads\/2017\/03\/20170317_122150.jpg\" width=\"1767\" height=\"1234\" srcset=\"https:\/\/www.moravecteam.cz\/wp-content\/uploads\/2017\/03\/20170317_122150.jpg 1767w, https:\/\/www.moravecteam.cz\/wp-content\/uploads\/2017\/03\/20170317_122150-300x209.jpg 300w, https:\/\/www.moravecteam.cz\/wp-content\/uploads\/2017\/03\/20170317_122150-1024x715.jpg 1024w\" sizes=\"(max-width: 1767px) 100vw, 1767px\" \/><\/a><\/p>\n<dl class=\"wp-caption alignnone\" id=\"attachment_7693\" style=\"width: 1777px;\">\n<dd class=\"wp-caption-dd\">MORAVCI p\u0159i nat\u00e1\u010den\u00ed klipu k legend\u00e1rn\u00ed p\u00edsni &#8222;Hands Up?&#8220;<\/dd>\n<\/dl>\n<h5><span style=\"color: #800000;\">8. den &#8211; \u00a0p\u00e1tek 17. b\u0159ezna \u00a0&#8211; na po\u010dest Vlast\u00edkovi!<\/span><\/h5>\n<p style=\"text-align: justify;\">P\u00e1tek &#8211; mont\u00e9r\u016f sv\u00e1tek&#8230; Mont\u00e9r\u016f mo\u017en\u00e1&#8230; MORAVEC Team slavil v Chorvatsk\u00e9 Podstran\u011b tento den pouze symbolicky. Proto\u017ee 17. b\u0159ezna je Vlastimila, ur\u010dit\u011b si dva tucty na\u0161ich ak\u010dn\u00edch &#8222;v\u00fdsadk\u00e1\u0159\u016f&#8220; neopom\u011blo tento &#8211; pro odd\u00edl v\u00fdznamn\u00fd den &#8211; p\u0159ipomenout, nicm\u00e9n\u011b o n\u011bjak\u00e9m bujar\u00e9m slaven\u00ed jmenin borce, po kter\u00e9m je n\u00e1\u0161 odd\u00edl pojmenov\u00e1n, nemohlo b\u00fdt ani \u0159e\u010di&#8230;<\/p>\n<figure id=\"attachment_7692\" aria-describedby=\"caption-attachment-7692\" style=\"width: 1722px\" class=\"wp-caption alignnone\"><a href=\"http:\/\/www.moravecteam.cz\/?attachment_id=7692\" rel=\"attachment wp-att-7692\"><img decoding=\"async\" loading=\"lazy\" class=\" wp-image-7692\" alt=\"20170317_111802\" src=\"http:\/\/www.moravecteam.cz\/wp-content\/uploads\/2017\/03\/20170317_111802.jpg\" width=\"1722\" height=\"1300\" srcset=\"https:\/\/www.moravecteam.cz\/wp-content\/uploads\/2017\/03\/20170317_111802.jpg 1722w, https:\/\/www.moravecteam.cz\/wp-content\/uploads\/2017\/03\/20170317_111802-300x226.jpg 300w, https:\/\/www.moravecteam.cz\/wp-content\/uploads\/2017\/03\/20170317_111802-1024x773.jpg 1024w\" sizes=\"(max-width: 1722px) 100vw, 1722px\" \/><\/a><figcaption id=\"caption-attachment-7692\" class=\"wp-caption-text\">Kdo se odhodlal na po\u010dest jmenin Vlastimila MORAVCE k s\u00f3lov\u00e9mu \u00faniku?<\/figcaption><\/figure>\n<p style=\"text-align: justify;\">konstantn\u00ed m\u00ed\u0159e pokra\u010dovalo vzorn\u00e9 naj\u00ed\u017ed\u011bn\u00ed objemov\u00fdch kilometr\u016f, kdy\u017e op\u011bt spojencem na\u0161im bylo den ode dne s\u00edl\u00edc\u00ed Dalmacijsk\u00e9 slun\u00ed\u010dko. Osmahl\u00ed jsou u\u017e v\u0161ichni na\u0161i, jako &#8222;jeden mu\u017e&#8220; a vskutku by bylo zaj\u00edmv\u00e9 zjistit, jak kdo po\u010d\u00edtal\/ nepo\u010d\u00edtal s t\u00edmto m\u00edstn\u00edm fenom\u00e9nem a p\u0159ibalil si \/ nep\u0159ibalil do batohu mimo jin\u00e9 i kr\u00e9m na opalov\u00e1n\u00ed&#8230; Ztr\u00e1ty i osm\u00fd den mise HAJDUK nesoj\u00ed za \u0159e\u010d (pouze jedno od\u0159en\u00e9 koleno), t\u00fdm st\u00e1le hl\u00e1s\u00ed psychickou pohodu, v\u00fdbornou kondici i zdravotn\u00ed stav a neust\u00e1lou, neutuchaj\u00edc\u00ed chu\u0165 splnit bezezbytku pl\u00e1n mise&#8230; K \u00fasp\u011b\u0161n\u00e9mu zavr\u0161en\u00ed mise chyb\u00ed na\u0161im u\u017e jen velmi m\u00e1lo&#8230; Zde si p\u0159ipome\u0148te \u00a0zat\u00edm posledn\u00ed <strong><a href=\"http:\/\/moravecteam.rajce.idnes.cz\/2017.03.17_Soustredeni_Chorvatsko_-_8\/\">fotomateri\u00e1l <\/a><\/strong>z Balk\u00e1nsk\u00e9ho poloostrova&#8230;<\/p>\n<p style=\"text-align: justify;\"><a style=\"font-weight: bold;\" href=\"http:\/\/www.moravecteam.cz\/?attachment_id=7681\" rel=\"attachment wp-att-7681\"><img decoding=\"async\" loading=\"lazy\" class=\" wp-image-7681\" alt=\"20170316_123853\" src=\"http:\/\/www.moravecteam.cz\/wp-content\/uploads\/2017\/03\/20170316_123853.jpg\" width=\"2560\" height=\"1440\" srcset=\"https:\/\/www.moravecteam.cz\/wp-content\/uploads\/2017\/03\/20170316_123853.jpg 2560w, https:\/\/www.moravecteam.cz\/wp-content\/uploads\/2017\/03\/20170316_123853-300x168.jpg 300w, https:\/\/www.moravecteam.cz\/wp-content\/uploads\/2017\/03\/20170316_123853-1024x576.jpg 1024w\" sizes=\"(max-width: 2560px) 100vw, 2560px\" \/><\/a><\/p>\n<dl class=\"wp-caption alignnone\" id=\"attachment_7681\" style=\"width: 2570px;\">\n<dd class=\"wp-caption-dd\">I &#8222;mlad\u00e9 pu\u0161ky&#8220; vystoupali ve \u010dtvrtek docela vysoko do hor!<\/dd>\n<\/dl>\n<h5><span style=\"color: #800000;\">7. den &#8211; \u00a0\u010dtvrtek 16. b\u0159ezna \u00a0&#8211; Omi\u0161, Makarsk\u00e1, kopce&#8230;<\/span><\/h5>\n<p style=\"text-align: justify;\">Ve \u010dtvrtek se naplnil t\u00fdden operac\u00ed mise HAJDUK v lokalit\u011b Podstrana v Chorvatsk\u00e9 Dalmacii. S pot\u011b\u0161en\u00edm m\u016f\u017eeme vyhodnotit, \u017ee v\u00fdsadek je zat\u00edm velmi \u00fasp\u011b\u0161n\u00fd. Objemov\u00e9 kilometry vst\u0159eb\u00e1vaj\u00ed na\u0161i velmi zodpov\u011bdn\u011b, p\u00e1d\u016f a zran\u011bn\u00ed, jako\u017e i technick\u00fdch probl\u00e9m\u016f \u010di defekt\u016f je minimum, po\u010das\u00ed je &#8222;jako vymalovan\u00e9&#8220;&#8230;<\/p>\n<figure id=\"attachment_7682\" aria-describedby=\"caption-attachment-7682\" style=\"width: 1883px\" class=\"wp-caption alignnone\"><a href=\"http:\/\/www.moravecteam.cz\/?attachment_id=7682\" rel=\"attachment wp-att-7682\"><img decoding=\"async\" loading=\"lazy\" class=\" wp-image-7682\" alt=\"IMG_20170316_093040\" src=\"http:\/\/www.moravecteam.cz\/wp-content\/uploads\/2017\/03\/IMG_20170316_093040.jpg\" width=\"1883\" height=\"1475\" srcset=\"https:\/\/www.moravecteam.cz\/wp-content\/uploads\/2017\/03\/IMG_20170316_093040.jpg 1883w, https:\/\/www.moravecteam.cz\/wp-content\/uploads\/2017\/03\/IMG_20170316_093040-300x234.jpg 300w, https:\/\/www.moravecteam.cz\/wp-content\/uploads\/2017\/03\/IMG_20170316_093040-1024x802.jpg 1024w\" sizes=\"(max-width: 1883px) 100vw, 1883px\" \/><\/a><figcaption id=\"caption-attachment-7682\" class=\"wp-caption-text\">Kl\u00ed\u010dov\u00e1 osoba v\u00fdsadku &#8211; proviantn\u00ed n\u00e1\u010deln\u00edk Jirka Zav\u0159el. Jako v\u017edy, si vede excelentn\u011b!<\/figcaption><\/figure>\n<p style=\"text-align: justify;\">MORAVCI Junio\u0159i operovali ve \u010dvrtek v okol\u00ed m\u011bste\u010dka Omi\u0161 a op\u011bt m\u016f\u017eeme z <strong><a href=\"http:\/\/moravecteam.rajce.idnes.cz\/2017.03.16_Soustredeni_Chorvatsko_-_7\/\">fotomateri\u00e1lu<\/a><\/strong> obdivovat, v jak atraktivn\u00edm a kr\u00e1sn\u00e9m prost\u0159ed\u00ed se na\u0161i pohybuj\u00ed&#8230; Na\u0161i elitn\u00ed snajp\u0159i operovali &#8211; podobn\u011b jako v\u010dera &#8211; v m\u00edstn\u00edm n\u00e1ro\u010dn\u00e9m hornat\u00e9m ter\u00e9nu. Dal\u0161\u00edmi pozitivy \u00a0je, \u017ee jsou v\u0161ichni &#8222;\u00fa\u010dastn\u00edc\u00ed z\u00e1jezdu&#8220; zdrav\u00ed, hodn\u00ed a disciplinovan\u00ed a v neust\u00e1le p\u0159etrv\u00e1vaj\u00edc\u00edm vit\u00e1ln\u00edm tr\u00e9ninkov\u00e9m rozpolo\u017een\u00ed! A proto\u017ee i po\u010das\u00ed na\u0161im st\u00e1le p\u0159eje, je re\u00e1ln\u00fd p\u0159edpokladem, \u017ee i zbyl\u00e9 t\u0159i dny mise prob\u011bhnou v pohod\u011b&#8230;<\/p>\n<figure id=\"attachment_7657\" aria-describedby=\"caption-attachment-7657\" style=\"width: 945px\" class=\"wp-caption alignnone\"><a href=\"http:\/\/www.moravecteam.cz\/?attachment_id=7657\" rel=\"attachment wp-att-7657\"><img decoding=\"async\" loading=\"lazy\" class=\" wp-image-7657\" alt=\"IMG_20170313_124615\" src=\"http:\/\/www.moravecteam.cz\/wp-content\/uploads\/2017\/03\/IMG_20170313_124615.jpg\" width=\"945\" height=\"498\" srcset=\"https:\/\/www.moravecteam.cz\/wp-content\/uploads\/2017\/03\/IMG_20170313_124615.jpg 945w, https:\/\/www.moravecteam.cz\/wp-content\/uploads\/2017\/03\/IMG_20170313_124615-300x158.jpg 300w\" sizes=\"(max-width: 945px) 100vw, 945px\" \/><\/a><figcaption id=\"caption-attachment-7657\" class=\"wp-caption-text\">Skupina Honzy \u0160indal\u00e1\u0159e po v\u00fdjezdu do Dalmacijsk\u00e9ho hornat\u00e9ho ter\u00e9nu.<\/figcaption><\/figure>\n<dl class=\"wp-caption alignnone\" id=\"attachment_7677\" style=\"width: 1988px;\">\n<dt class=\"wp-caption-dt\" style=\"display: inline !important;\"><\/dt>\n<\/dl>\n<dl class=\"wp-caption alignnone\" id=\"attachment_7677\" style=\"width: 1988px;\">\n<dd class=\"wp-caption-dd\"><strong style=\"font-size: 18px; text-align: justify; color: #2b2b2b;\"><span style=\"color: #800000;\">6. den &#8211; \u00a0st\u0159eda 15. b\u0159ezna \u00a0&#8211; ji\u017en\u00ed &#8222;zoncna rumpluje&#8220;!<\/span><\/strong><\/dd>\n<\/dl>\n<p style=\"text-align: justify;\">Znalci &#8222;brn\u011bnskyho hantecu&#8220; velmi p\u0159esn\u011b v\u00ed, co znamen\u00e1 zd\u00e1nliv\u011b zmaten\u00fd v\u00fdraz &#8211; &#8222;zoncna rumpluje&#8220;&#8230; Ano, voln\u00fd p\u0159eklad tohoto souslov\u00ed je: slunce (siln\u011b) sv\u00edt\u00ed. A toto je pr\u016fvodn\u00edm znakem aktu\u00e1ln\u00ed klimatick\u00e9 situace v Dalmacii, kde dva tucty borc\u016f a borek MORAVEC \u00a0Teamu ve st\u0159edu &#8222;odstartovalo&#8220; \u00a0ve v\u00fdborn\u00e9 n\u00e1lad\u011b a kondici do druh\u00e9 poloviny pln\u011bn\u00ed \u00fakol\u016f v r\u00e1mci p\u0159\u00edpravn\u00e9 mise HAJDUK.<\/p>\n<figure id=\"attachment_7674\" aria-describedby=\"caption-attachment-7674\" style=\"width: 2000px\" class=\"wp-caption alignnone\"><a href=\"http:\/\/www.moravecteam.cz\/?attachment_id=7674\" rel=\"attachment wp-att-7674\"><img decoding=\"async\" loading=\"lazy\" class=\" wp-image-7674\" alt=\"20170315_112848\" src=\"http:\/\/www.moravecteam.cz\/wp-content\/uploads\/2017\/03\/20170315_112848.jpg\" width=\"2000\" height=\"1173\" srcset=\"https:\/\/www.moravecteam.cz\/wp-content\/uploads\/2017\/03\/20170315_112848.jpg 2000w, https:\/\/www.moravecteam.cz\/wp-content\/uploads\/2017\/03\/20170315_112848-300x175.jpg 300w, https:\/\/www.moravecteam.cz\/wp-content\/uploads\/2017\/03\/20170315_112848-1024x600.jpg 1024w\" sizes=\"(max-width: 2000px) 100vw, 2000px\" \/><\/a><figcaption id=\"caption-attachment-7674\" class=\"wp-caption-text\">MORAVCI s Vikingem.<\/figcaption><\/figure>\n<p style=\"text-align: justify;\">Po v\u010derej\u0161\u00edm odpo\u010dinkov\u00e9m dnu se dnes op\u011bt rozto\u010dila kola na\u0161ich bycikl\u016f za ide\u00e1ln\u00edho po\u010das\u00ed: slune\u010dno, teplo, bez v\u011btru&#8230; V Dalmacii \u00a0panuj\u00ed skute\u010dn\u011b aktu\u00e1ln\u011b nadpr\u016fm\u011brn\u00e9 teploty a d\u00edky nim na\u0161i rajd\u0159i za\u017e\u00edvaj\u00ed na sv\u00e9 poko\u017ece zaj\u00edmav\u00e9 optick\u00e9 zm\u011bny. jednodu\u0161e se tomu \u0159\u00edk\u00e1 &#8211; opalov\u00e1n\u00ed&#8230; U\u017e tak\u00e9 po dne\u0161ku v\u00edme, kdo z na\u0161ich je vlastn\u00edkem tu v\u00edce &#8211; tu m\u00e9n\u011b fotocitliv\u00e9 poko\u017eky&#8230;<\/p>\n<figure id=\"attachment_7673\" aria-describedby=\"caption-attachment-7673\" style=\"width: 1417px\" class=\"wp-caption alignnone\"><a href=\"http:\/\/www.moravecteam.cz\/?attachment_id=7673\" rel=\"attachment wp-att-7673\"><img decoding=\"async\" loading=\"lazy\" class=\" wp-image-7673\" alt=\"20170314_173243\" src=\"http:\/\/www.moravecteam.cz\/wp-content\/uploads\/2017\/03\/20170314_173243.jpg\" width=\"1417\" height=\"871\" srcset=\"https:\/\/www.moravecteam.cz\/wp-content\/uploads\/2017\/03\/20170314_173243.jpg 1417w, https:\/\/www.moravecteam.cz\/wp-content\/uploads\/2017\/03\/20170314_173243-300x184.jpg 300w, https:\/\/www.moravecteam.cz\/wp-content\/uploads\/2017\/03\/20170314_173243-1024x629.jpg 1024w\" sizes=\"(max-width: 1417px) 100vw, 1417px\" \/><\/a><figcaption id=\"caption-attachment-7673\" class=\"wp-caption-text\">Na &#8222;\u0161pac\u00edru&#8220; v historick\u00e9 \u010d\u00e1sti spr\u00e1vn\u00edho st\u0159ediska Dalmacie.<\/figcaption><\/figure>\n<p style=\"text-align: justify;\">Zat\u00edm, co &#8222;Milanovy d\u011bti&#8220; \u00a0\u017ehavily asfalt na pob\u0159e\u017en\u00edch silnic\u00edch, &#8222;Honzovy d\u011bti&#8220; si z pilnosti nalo\u017eily silni\u010dn\u00ed v\u00fdjezd do nedalek\u00fdch horsk\u00fdch lokalit. P\u0159i odpoledn\u00edm stre\u010dinku se na\u0161im zpravodajc\u016fm poda\u0159ilo poprv\u00e9 zachytit rajdry p\u0159i cvi\u010den\u00ed na nafukovac\u00edch tr\u00e9ninkov\u00fdch maxim\u00ed\u010d\u00edch&#8230; A z <strong><a href=\"http:\/\/moravecteam.rajce.idnes.cz\/2017.03.14_Soustredeni_Chorvatsko_-_6\/\">posledn\u00ed fotogalerie<\/a><\/strong> je taky jasn\u011b patrn\u00e9, jak\u00fdm zp\u016fsobem (mimo jin\u00fdch) dopl\u0148uj\u00ed na\u0161i do sv\u00fdch atletick\u00fdch t\u00edlek tolik pot\u0159ebn\u00e9 cukry&#8230;<\/p>\n<figure id=\"attachment_7675\" aria-describedby=\"caption-attachment-7675\" style=\"width: 1375px\" class=\"wp-caption alignnone\"><a href=\"http:\/\/www.moravecteam.cz\/?attachment_id=7675\" rel=\"attachment wp-att-7675\"><img decoding=\"async\" loading=\"lazy\" class=\" wp-image-7675\" alt=\"IMG_20170315_155620\" src=\"http:\/\/www.moravecteam.cz\/wp-content\/uploads\/2017\/03\/IMG_20170315_155620.jpg\" width=\"1375\" height=\"1103\" srcset=\"https:\/\/www.moravecteam.cz\/wp-content\/uploads\/2017\/03\/IMG_20170315_155620.jpg 1375w, https:\/\/www.moravecteam.cz\/wp-content\/uploads\/2017\/03\/IMG_20170315_155620-300x240.jpg 300w, https:\/\/www.moravecteam.cz\/wp-content\/uploads\/2017\/03\/IMG_20170315_155620-1024x821.jpg 1024w\" sizes=\"(max-width: 1375px) 100vw, 1375px\" \/><\/a><figcaption id=\"caption-attachment-7675\" class=\"wp-caption-text\">Netradi\u010dn\u00ed, ale \u00fa\u010dinn\u00fd tr\u00e9ninkov\u00fd &#8222;vercajk&#8220;&#8230;<\/figcaption><\/figure>\n<p style=\"text-align: justify;\">A pozorn\u00fdm \u010dten\u00e1\u0159\u016fm je\u0161t\u011b dlu\u017e\u00edm sl\u00edben\u00fd popis onoho dramatick\u00e9ho momentu, ker\u00fd za\u017eila na jedn\u00e9 z prvn\u00edch vyj\u00ed\u017ed\u011bk Kl\u00e1rka Odehnalov\u00e1 a o n\u011bm\u017e se na\u0161i rajd\u0159i zm\u00ednili ve sv\u00fdch v\u010derej\u0161\u00edch supr reportech. Dle popisu tren\u00e9ra se ke Kl\u00e1\u0159e p\u0159ipojil n\u011bjak\u00fd m\u00edstn\u00ed cyklista a v okam\u017eiku, kdy tuto dvojici p\u0159edj\u00ed\u017ed\u011blo auto, dom\u00e1c\u00ed rajdr se asi lekl v\u00edc ne\u017e m\u011bl a uhnul v pravo taky v\u00edc, ne\u017e m\u011bl. Uhnul tak moc, \u017ee na\u0161i Kl\u00e1ru &#8222;sest\u0159elil&#8220;&#8230; Ta pak dominov\u00fdm efektem &#8222;sest\u0159elila&#8220; odpadkov\u00fd ko\u0161&#8230; Prora\u017een\u00e1 pneumatika na kole a nara\u017een\u00fd loket, to jsou jedin\u00e1 dv\u011b, v celku nev\u00fdznamn\u00e1 \u00a0negativa, z t\u00e9to kolizn\u00ed epizody&#8230;<\/p>\n<figure id=\"attachment_7668\" aria-describedby=\"caption-attachment-7668\" style=\"width: 720px\" class=\"wp-caption alignnone\"><a href=\"http:\/\/www.moravecteam.cz\/?attachment_id=7668\" rel=\"attachment wp-att-7668\"><img decoding=\"async\" loading=\"lazy\" class=\" wp-image-7668\" alt=\"received_1798001683860362\" src=\"http:\/\/www.moravecteam.cz\/wp-content\/uploads\/2017\/03\/received_1798001683860362.jpeg\" width=\"720\" height=\"666\" srcset=\"https:\/\/www.moravecteam.cz\/wp-content\/uploads\/2017\/03\/received_1798001683860362.jpeg 720w, https:\/\/www.moravecteam.cz\/wp-content\/uploads\/2017\/03\/received_1798001683860362-300x277.jpeg 300w\" sizes=\"(max-width: 720px) 100vw, 720px\" \/><\/a><figcaption id=\"caption-attachment-7668\" class=\"wp-caption-text\">K+K pod Balk\u00e1nsk\u00fdm nebem..<\/figcaption><\/figure>\n<p style=\"text-align: justify;\"><strong style=\"font-size: 18px;\"><span style=\"color: #800000;\">5. den &#8211; \u00a0\u00fater\u00fd 14. b\u0159ezna \u00a0&#8211; relax!\u00a0<\/span><\/strong><\/p>\n<p style=\"text-align: justify;\"><strong><span style=\"color: #800000;\">Nejt\u011b\u017e\u0161\u00ed pro zpravodeje, report\u00e9ra, novin\u00e1\u0159e, ale t\u0159eba i p\u0159isp\u00edvatele na www str\u00e1nky je ps\u00e1t o n\u011b\u010dem, co nevid\u011bl, kde nebyl, co na vlastn\u00ed k\u016f\u017ei neza\u017eil&#8230; I kdy\u017e m\u00e1 docela p\u0159esn\u00e9 informace tak \u0159\u00edkaj\u00edc, z prvn\u00ed ruky, nenahrad\u00ed tyto stav b\u00fdt p\u0159\u00edmo v centru d\u011bn\u00ed&#8230; Jestli-\u017ee jsem prvn\u00ed \u010dty\u0159i dny reportov\u00e1n\u00ed mise HAJDUK byl v pozici &#8222;nez\u00fa\u010dastn\u011bn\u00e9ho&#8220;, p\u00e1t\u00fd den je \u00fapln\u011b o n\u011b\u010dem jin\u00e9m&#8230; O sv\u00fdch &#8222;live&#8220; pocitech se pozoruhodn\u011b rozpov\u00eddali p\u0159\u00edm\u00ed \u00fa\u0159astn\u00edci soust\u0159ed\u011bn\u00ed &#8211; tj, samotn\u00e9 (nejen) d\u011bti&#8230; A v\u011b\u0159te, \u017ee tren\u00e9\u0159i nad nimi v\u016fbec nemuseli st\u00e1t s r\u00e1koskami&#8230;<\/span><\/strong><\/p>\n<figure id=\"attachment_7655\" aria-describedby=\"caption-attachment-7655\" style=\"width: 807px\" class=\"wp-caption alignnone\"><a href=\"http:\/\/www.moravecteam.cz\/?attachment_id=7655\" rel=\"attachment wp-att-7655\"><img decoding=\"async\" loading=\"lazy\" class=\" wp-image-7655\" alt=\"IMG_20170313_121350\" src=\"http:\/\/www.moravecteam.cz\/wp-content\/uploads\/2017\/03\/IMG_20170313_121350.jpg\" width=\"807\" height=\"605\" srcset=\"https:\/\/www.moravecteam.cz\/wp-content\/uploads\/2017\/03\/IMG_20170313_121350.jpg 807w, https:\/\/www.moravecteam.cz\/wp-content\/uploads\/2017\/03\/IMG_20170313_121350-300x224.jpg 300w\" sizes=\"(max-width: 807px) 100vw, 807px\" \/><\/a><figcaption id=\"caption-attachment-7655\" class=\"wp-caption-text\">Pod nejvy\u0161\u0161\u00ed mo\u017enou ochranou&#8230;<\/figcaption><\/figure>\n<p style=\"text-align: justify;\">Zdarec Moravec, cesta autem byla dlouh\u00e1, ale zvl\u00e1dli jsme ji ve zdrav\u00ed. Zvl\u00e1dli jsme nav\u0161t\u00edvit i Plitvick\u00e1 jezera. Na ubytov\u00e1n\u00ed jsme dorazili unaven\u00ed, i p\u0159es to jsme state\u010dn\u011b vyrazili na kolo. P\u0159i prvn\u00ed vyj\u00ed\u017e\u010fce jsme prozkoumali okol\u00ed a omrkli podm\u00ednky. Nap\u0159\u00ed\u010d urputn\u00e9mu v\u011btru jsme dorazili unaven\u00ed, ale v po\u0159\u00e1dku. Dal\u0161\u00ed den jsme zapo\u010dali vydatn\u00fdm b\u011bhem a rozcvi\u010dkou, kter\u00e1 n\u00e1sledovala v\u00fdte\u010dnou sn\u00eddan\u00ed. Po sn\u00eddani jsme odv\u00e1\u017en\u011b vyrazili sm\u011br Makarsk\u00e1. Po zakon\u010den\u00ed tr\u00e9ninku jsme si dali v\u00fdborn\u00fd ob\u011bd. Na zapo\u010dat\u00fd tr\u00e9nink jsme nav\u00e1zali spole\u010dn\u00fdm posilov\u00e1n\u00edm a stre\u010dinkem, kter\u00fd jsme zakon\u010dili ve\u010de\u0159\u00ed. V pond\u011bl\u00ed jsme se zase probudili do dal\u0161\u00edho kr\u00e1sn\u00e9ho slunn\u00e9ho dne ,kter\u00fd jsme jako p\u0159ede\u0161l\u00fd den zapo\u010dali rozcvi\u010dkou a sn\u00edd\u00e1n\u00ed. Po sn\u00eddani jsme se odebrali na sv\u00e9 stroje a state\u010dn\u011b vyrazili do hor. Na\u0161e tempo bylo vra\u017eedn\u00e9, na\u0161\u00edm rev\u00edrem byly hory a na\u0161i protivn\u00edci byly prudk\u00e9 zat\u00e1\u010dky. V\u0161e jsme p\u0159ekonali ve zdrav\u00ed a s kr\u00e1sn\u00fdmi vzpom\u00ednkami a panoramaty se vr\u00e1tili na na\u0161i z\u00e1kladnu. Na\u0161e s\u00edly doplnilo pe\u010den\u00e9 ku\u0159e s bramborovou ka\u0161\u00ed a zeleninou. Odpoledne jsme u\u017e\u00edvali slun\u00ed\u010dko a teplo na pl\u00e1\u017ei. I kdy\u017e se n\u00e1m z pl\u00e1\u017ee moc necht\u011blo, pustili jsme se do cvi\u010den\u00ed a stre\u010dinku. Den jsme zakon\u010dili ve\u010de\u0159\u00ed, kter\u00e1 byla v re\u017eii Zav\u0159elov\u00fdch zase v\u00fdte\u010dn\u00e1. \u010ctvrt\u00fd den byl ve znamen\u00ed odpo\u010dinku. Kr\u00e1tkou vyj\u00ed\u017e\u010fkou do Omi\u0161e, p\u0159i kter\u00e9 jsme nav\u0161t\u00edvili kav\u00e1rnu na pl\u00e1\u017ei, jsme si zp\u0159\u00edjemnili pobyt. Po ob\u011bd\u011b jsme se hromadn\u011b odebrali do Splitu, kde jsme str\u00e1vili odpoledne v plaveck\u00e9m baz\u00e9nu.Den jsme zakon\u010dili proch\u00e1zkou po pob\u0159e\u017e\u00ed Splitu p\u0159i z\u00e1padu slunce se zmrzlinou v ruce. M\u00e1me se zde v\u00fdte\u010dn\u011b, vr\u00e1t\u00edme se maxim\u00e1ln\u011b s bolav\u00fdma nohama a se spoustou z\u00e1\u017eitk\u016f a u\u017e se nem\u016f\u017eeme do\u010dkat leto\u0161n\u00ed sez\u00f3ny.\u00a0S pozdravem\u00a0<strong><span style=\"color: #800000;\">D\u017eejn (Jana Tesa\u0159ov\u00e1), Tyg\u0159ice (Monika Kone\u010dn\u00e1), Drso\u0148ka (Ani\u010dka Zem\u00e1nkov\u00e1)<\/span><\/strong>&#8230; Co k textu dodat? Pravopis a sloh 5.9 skoro 6.0! Tak\u017ee skoro nejvy\u0161\u0161\u00ed zn\u00e1mka!<\/p>\n<p style=\"text-align: justify;\">Dobry vecer,\u00a0posilame rychly kodovany report \ud83d\ude42\u00a0mejte se.\u00a0<strong><a href=\"http:\/\/www.moravecteam.cz\/?attachment_id=7649\" rel=\"attachment wp-att-7649\">Hajduk report <span style=\"color: #800000;\">Luk\u00e1\u0161 Gregor<\/span><\/a>\u00a0 <span style=\"color: #800000;\">&amp; spol<\/span>.<\/strong><\/p>\n<figure id=\"attachment_7658\" aria-describedby=\"caption-attachment-7658\" style=\"width: 601px\" class=\"wp-caption alignnone\"><a href=\"http:\/\/www.moravecteam.cz\/?attachment_id=7658\" rel=\"attachment wp-att-7658\"><img decoding=\"async\" loading=\"lazy\" class=\" wp-image-7658\" alt=\"IMG_20170313_124948\" src=\"http:\/\/www.moravecteam.cz\/wp-content\/uploads\/2017\/03\/IMG_20170313_124948.jpg\" width=\"601\" height=\"734\" srcset=\"https:\/\/www.moravecteam.cz\/wp-content\/uploads\/2017\/03\/IMG_20170313_124948.jpg 601w, https:\/\/www.moravecteam.cz\/wp-content\/uploads\/2017\/03\/IMG_20170313_124948-245x300.jpg 245w\" sizes=\"(max-width: 601px) 100vw, 601px\" \/><\/a><figcaption id=\"caption-attachment-7658\" class=\"wp-caption-text\">P\u0159ed na\u0161\u00edm pelotonkem &#8222;lev\u00e1 vostr\u00e1&#8220;&#8230;<\/figcaption><\/figure>\n<p dir=\"ltr\" style=\"text-align: justify;\">Zdarec Moravec, \u00a0cesta byla dlouh\u00e1 a nekone\u010dn\u00e1. Po p\u0159\u00edjezdu jsme byli uchv\u00e1ceni kr\u00e1sn\u00fdm v\u00fdhledem. Odpoledne jsme vyrazili na vyj\u00ed\u017e\u010fku, kter\u00e1 neza\u010dala v\u016fbec dob\u0159e. P\u00e1r kilometr\u016f od apartm\u00e1nu postihl Barboru Tlamkovou p\u00e1d. Zbytek vyj\u00ed\u017eky byl bez problem\u016f. V dal\u0161\u00edch dnech p\u00e1d postihl Kl\u00e1rku Odehnalovou, kterou srazil m\u00edstn\u00ed obyvatel a men\u0161\u00ed p\u00e1d Ad\u00e9lu Kubinovou. \u010ctvrt\u00fd den odpoledne jsme nav\u0161t\u00edvili ,,koupali\u0161t\u011b&#8220; a pro\u0161li se v centru m\u011bsta Split. Pobyt v Chorvatsku si u\u017e\u00edv\u00e1me a j\u00eddlo je vynikaj\u00edc\u00ed.<strong>\u00a0<span style=\"color: #800000;\">Ad\u00e9la, Kl\u00e1ra, Krist\u00fdna, Eli\u0161ka.<\/span><\/strong><\/p>\n<figure id=\"attachment_7659\" aria-describedby=\"caption-attachment-7659\" style=\"width: 800px\" class=\"wp-caption alignnone\"><a href=\"http:\/\/www.moravecteam.cz\/?attachment_id=7659\" rel=\"attachment wp-att-7659\"><img decoding=\"async\" loading=\"lazy\" class=\" wp-image-7659\" alt=\"received_1798001653860365\" src=\"http:\/\/www.moravecteam.cz\/wp-content\/uploads\/2017\/03\/received_1798001653860365.jpeg\" width=\"800\" height=\"600\" srcset=\"https:\/\/www.moravecteam.cz\/wp-content\/uploads\/2017\/03\/received_1798001653860365.jpeg 800w, https:\/\/www.moravecteam.cz\/wp-content\/uploads\/2017\/03\/received_1798001653860365-300x225.jpeg 300w\" sizes=\"(max-width: 800px) 100vw, 800px\" \/><\/a><figcaption id=\"caption-attachment-7659\" class=\"wp-caption-text\">Takov\u00e9 \u0161t\u011bst\u00ed! Je zde skoro kompletn\u00ed MORAVEC Team z Czech Republic! Jenom a\u0165 se mi moc nevrt\u00ed, aby ta fotka vy\u0161la&#8230;<\/figcaption><\/figure>\n<p dir=\"ltr\" style=\"text-align: justify;\">Moc se n\u00e1m tu l\u00edb\u00ed. Tren\u00e9\u0159i jsou tu na n\u00e1s hodn\u00ed. Je tu velk\u00e1 z\u00e1bava a teplo. Na koup\u00e1n\u00ed to, ale nen\u00ed. Va\u0159\u00ed tu v\u00fdborn\u011b a j\u00eddlo je tu kvalitn\u00ed. Jezd\u00edme tady po rovin\u00e1ch i do kopc\u016f. Jsme r\u00e1di \u017ee tu m\u016f\u017eeme b\u00fdt.\u00a0<strong><span style=\"color: #800000;\">Jakub Tesa\u0159,\u00a0Roman \u0160indel\u00e1\u0159,\u00a0V\u00edtek Lipensky, Maty\u00e1\u0161 Koudelka.<\/span><\/strong><\/p>\n<div id=\"wm-message\">\n<div id=\"wm-message-body\">\n<div id=\"wm-message-text\" lang=\"cs\" style=\"text-align: justify;\">Dobr\u00fd den pane Koudelko. Zdrav\u00edme v\u00e1s z Chorvatsk\u00e9ho soust\u0159ed\u011bn\u00ed. Cesta byla dlouh\u00e1 a nudn\u00e1.Jak jsme p\u0159ijeli tak jsme si vybalili a hned jsme vyrazili na kola. Po t\u0159ech kilometrech nastal p\u00e1d Bar\u010di Tlamkov\u00e9. Druh\u00fd den jsme jeli do velk\u00e9ho kopce. Samoz\u0159ejm\u011b jsme chodili na rozcvi\u010dky a stre\u010dink. To bylo na\u0161ich p\u00e1r dn\u016f v Chorvatsku a je\u0161t\u011b pokra\u010duj\u00ed. <strong><span style=\"color: #800000;\">Ad\u00e9lka a Barunka<\/span><\/strong>.<\/div>\n<div lang=\"cs\" style=\"text-align: justify;\"><\/div>\n<div lang=\"cs\" style=\"text-align: justify;\"><\/div>\n<div id=\"attachments-box\"><a href=\"http:\/\/www.moravecteam.cz\/?attachment_id=7662\" rel=\"attachment wp-att-7662\"><img decoding=\"async\" loading=\"lazy\" class=\" wp-image-7662\" title=\"S \u00fasm\u011bvem jde v\u0161echno l\u00edp!\" alt=\"IMG_20170313_123248\" src=\"http:\/\/www.moravecteam.cz\/wp-content\/uploads\/2017\/03\/IMG_20170313_1232481.jpg\" width=\"798\" height=\"749\" srcset=\"https:\/\/www.moravecteam.cz\/wp-content\/uploads\/2017\/03\/IMG_20170313_1232481.jpg 798w, https:\/\/www.moravecteam.cz\/wp-content\/uploads\/2017\/03\/IMG_20170313_1232481-300x281.jpg 300w\" sizes=\"(max-width: 798px) 100vw, 798px\" \/><\/a><\/div>\n<\/div>\n<\/div>\n<div style=\"text-align: justify;\"><\/div>\n<div id=\"wm-quick-reply\" style=\"text-align: justify;\">Z v\u00fd\u0161e publikovan\u00e9ho je zcela jasn\u011b patrno, \u017ee nejen cyklistick\u00fdmi vlohami se m\u016f\u017eou MORAVCI py\u0161nit&#8230; Ale i spisovatelsk\u00fdmi! jen tak d\u00e1l! Bravo MORAVEC! Zde mrkn\u011bte na<strong><a href=\"http:\/\/moravecteam.rajce.idnes.cz\/2017.03.14_Soustredeni_Chorvatsko_-_5\/\"> fotogalerii (nejen) z p\u00e1t\u00e9ho dne<\/a> <\/strong>mise&#8230;<\/div>\n<div style=\"text-align: justify;\"><\/div>\n<dl class=\"wp-caption alignnone\" id=\"attachment_7641\" style=\"width: 1095px;\">\n<dt class=\"wp-caption-dt\" style=\"display: inline !important;\"><a href=\"http:\/\/www.moravecteam.cz\/?attachment_id=7641\" rel=\"attachment wp-att-7641\"><img decoding=\"async\" loading=\"lazy\" class=\" wp-image-7641  alignnone\" alt=\"\" src=\"http:\/\/www.moravecteam.cz\/wp-content\/uploads\/2017\/03\/20170313_104236.jpg\" width=\"1085\" height=\"678\" srcset=\"https:\/\/www.moravecteam.cz\/wp-content\/uploads\/2017\/03\/20170313_104236.jpg 1085w, https:\/\/www.moravecteam.cz\/wp-content\/uploads\/2017\/03\/20170313_104236-300x187.jpg 300w, https:\/\/www.moravecteam.cz\/wp-content\/uploads\/2017\/03\/20170313_104236-1024x639.jpg 1024w\" sizes=\"(max-width: 1085px) 100vw, 1085px\" \/><\/a><\/dt>\n<\/dl>\n<dl class=\"wp-caption alignnone\" id=\"attachment_7641\" style=\"width: 1095px;\">\n<dd class=\"wp-caption-dd\">Mod\u0159 na na\u0161ich dresech dost dob\u0159e lad\u00ed se soustavn\u00fdm azurem na m\u00edstn\u00ed obloze..!<\/dd>\n<\/dl>\n<h5><span style=\"color: #800000;\">4. den &#8211; pond\u011bl\u00ed 13. b\u0159ezna &#8211; &#8222;na pln\u00fd pecky&#8220;!<\/span><\/h5>\n<p style=\"text-align: justify;\">MORAVEC Team je u\u017e ve slunn\u00e9 Dalmacii, tak \u0159\u00edkaj\u00edc, zabydlen. Nejd\u016fle\u017eit\u011bj\u0161\u00ed je fakt, \u017ee jsou v\u0161ichni zdr\u00e1vi a hladov\u00ed &#8222;pospolykat&#8220; co nejv\u00edce p\u0159\u00edpravn\u00fdch kilometr\u016f! Velmi jim v tom napom\u00e1h\u00e1 m\u00edstn\u00ed klima, kter\u00e9 jde na\u0161im zat\u00edm &#8222;na ruku&#8220;, o \u010dem\u017e nejl\u00e9pe sv\u011bd\u010d\u00ed bohat\u00e1 fotodolumentace, kter\u00e1 pravideln\u011b a plynule na 1000 km vzd\u00e1lenou Drahanskou Vrchovinu od na\u0161ich zpravodajsk\u00fdch ser\u017eant\u016f p\u0159ich\u00e1z\u00ed. A jak vypad\u00e1 rutinn\u00ed tr\u00e9ninkov\u00fd den?\u00a0R\u00e1no za\u010d\u00edn\u00e1 &#8211; jak jinak &#8211; bud\u00ed\u010dkem a rozcvi\u010dkou a n\u00e1sledn\u00fdm myt\u00edm t\u011bla studenou vodou (v r\u00e1mci otu\u017eov\u00e1n\u00ed na\u0161\u00ed skupiny nesm\u00ed b\u00fdt \u00a0voda &#8211; dle pokynu tren\u00e9r\u016f &#8211; \u00a0teplej\u0161\u00ed ne\u017e +4\u00b0C &#8211; digit\u00e1ln\u00edm teplom\u011brem osobn\u011b p\u0159em\u011b\u0159uje velitel v\u00fdsadku).<\/p>\n<figure id=\"attachment_7642\" aria-describedby=\"caption-attachment-7642\" style=\"width: 1119px\" class=\"wp-caption alignnone\"><a href=\"http:\/\/www.moravecteam.cz\/?attachment_id=7642\" rel=\"attachment wp-att-7642\"><img decoding=\"async\" loading=\"lazy\" class=\" wp-image-7642\" alt=\"20170313_112414\" src=\"http:\/\/www.moravecteam.cz\/wp-content\/uploads\/2017\/03\/20170313_112414.jpg\" width=\"1119\" height=\"979\" srcset=\"https:\/\/www.moravecteam.cz\/wp-content\/uploads\/2017\/03\/20170313_112414.jpg 1119w, https:\/\/www.moravecteam.cz\/wp-content\/uploads\/2017\/03\/20170313_112414-300x262.jpg 300w, https:\/\/www.moravecteam.cz\/wp-content\/uploads\/2017\/03\/20170313_112414-1024x895.jpg 1024w\" sizes=\"(max-width: 1119px) 100vw, 1119px\" \/><\/a><figcaption id=\"caption-attachment-7642\" class=\"wp-caption-text\">Kdo prvn\u00ed vyjel z &#8222;tun\u00fdlku&#8220;? Tentokr\u00e1t nikoli Barton\u00ed\u010dek&#8230; Ale &#8211; Zav\u0159elov\u00e1!!!!!<\/figcaption><\/figure>\n<p style=\"text-align: justify;\">Po sn\u00eddani podle pl\u00e1nu vyr\u00e1\u017e\u00ed na\u0161i na Dalmacijsk\u00e9 silnice ve dvou skupin\u00e1ch, p\u0159i\u010dem\u017e jedof\u00e1zov\u011b, v del\u0161\u00edm \u010dasov\u00e9m \u00faseku jezd\u00ed s Honzou \u0160indel\u00e1\u0159em na\u0161i &#8222;v\u011bt\u0161\u00ed bombar\u010f\u00e1ci&#8220; a dvouf\u00e1zov\u011b, ve dvou krat\u0161\u00edch \u010dasov\u00fdch intervalech \u0159e\u0161\u00ed kilometrov\u00e9 objemy Milan Tlamka se skupinou na\u0161ich &#8222;men\u0161\u00edch bombar\u010f\u00e1k\u016f&#8220;. Dnes (pond\u011bl\u00ed 13.3.) se uti\u0161il v\u00edtr, kter\u00fd v minul\u00fdch dnech v\u00fdj\u00ed\u017e\u010fky na\u0161im tak trochu zt\u011b\u017eoval, tak\u017ee klimatick\u00e9 podm\u00ednky se \u00a0k t\u011bm optim\u00e1ln\u00edm u\u017e hodn\u011b p\u0159ibl\u00ed\u017eili. Po &#8222;kilometrov\u00e9 denn\u00ed porci&#8220; p\u0159ich\u00e1z\u00ed regenerace, pravideln\u00e1 strava a ve\u010derem spole\u010dn\u00fd stre\u010dink. \u017de u\u017e na\u0161i mlad\u00ed rajd\u0159i za\u017eili nejeden dramatick\u00fd moment, a \u017ee na\u0161i velitel\u00e9 v nich i v jejich voln\u00e9m \u010dase st\u00e1le utu\u017euj\u00ed p\u0159irozenou sout\u011b\u017eivost, o tom V\u00e1m budu vypr\u00e1v\u011bt zase z\u00edtra&#8230; Tak\u017ee nezapome\u0148te sem zase mrknout&#8230; Tu\u0165 je \u010derstv\u00fd <a href=\"http:\/\/moravecteam.rajce.idnes.cz\/2017.03.13_Soustredeni_Chorvatsko_-_4\/\"><strong>fotografick\u00fd materi\u00e1l&#8230;<\/strong><\/a><\/p>\n<figure id=\"attachment_7633\" aria-describedby=\"caption-attachment-7633\" style=\"width: 2000px\" class=\"wp-caption alignnone\"><a href=\"http:\/\/www.moravecteam.cz\/?attachment_id=7633\" rel=\"attachment wp-att-7633\"><img decoding=\"async\" loading=\"lazy\" class=\" wp-image-7633\" alt=\"P1140006\" src=\"http:\/\/www.moravecteam.cz\/wp-content\/uploads\/2017\/03\/P1140006.jpg\" width=\"2000\" height=\"1500\" srcset=\"https:\/\/www.moravecteam.cz\/wp-content\/uploads\/2017\/03\/P1140006.jpg 2000w, https:\/\/www.moravecteam.cz\/wp-content\/uploads\/2017\/03\/P1140006-300x225.jpg 300w, https:\/\/www.moravecteam.cz\/wp-content\/uploads\/2017\/03\/P1140006-1024x768.jpg 1024w\" sizes=\"(max-width: 2000px) 100vw, 2000px\" \/><\/a><figcaption id=\"caption-attachment-7633\" class=\"wp-caption-text\">Junior Team MORAVCE p\u0159ibrzdil na sv\u00e9m v\u00fdjezdu i v jednom z m\u00edstn\u00edch p\u0159\u00edstav\u016f&#8230;<\/figcaption><\/figure>\n<h5><span style=\"color: #800000;\"><strong>3. den &#8211; ned\u011ble 12. b\u0159ezna &#8211; prvn\u00ed kilometry nato\u010deny!<\/strong><\/span><\/h5>\n<p style=\"text-align: justify;\">Po sobotn\u00edm &#8222;o\u0165uk\u00e1n\u00ed&#8220; ter\u00e9nu, vyrazil MORAVEC Team k prvn\u00edmu ostr\u00e9mu tr\u00e9ninku v r\u00e1mci sv\u00e9 mise HaAJDUK v balk\u00e1nsk\u00e9 Dalmacii. Z fotek je patrn\u00e9, \u017ee po\u010das\u00ed na\u0161im p\u0159eje: azurov\u00e1 obloha n\u00e1s vyb\u00edz\u00ed k z\u00e1vid\u011bn\u00ed, kdy\u017e si uv\u011bdom\u00edme, \u017ee Bene\u0161ov u Boskovic se ve stejn\u00fd den probudil do mraziv\u00e9ho r\u00e1na s popra\u0161kem sn\u011bhu&#8230; Ob\u011b v\u00fdkonostn\u00ed skupiny pod veden\u00edm Milana Tlamky a Honzy \u0160indel\u00e1\u0159e splnili v r\u00e1mci sv\u00fdch v\u00fdjezd\u016f pl\u00e1novan\u00e9 objemy a v\u0161ichni na\u0161i st\u00edha\u010di se v po\u0159\u00e1dku vr\u00e1tili na svoji do\u010dasnou z\u00e1kladnu, kde se o z\u00e1zem\u00ed v\u00fdborn\u011b star\u00e1 Zav\u0159elovic sehran\u00fd Team-work! \u017d\u00e1dn\u00e9 ztr\u00e1ty nejsou hl\u00e1\u0161eny. V pond\u011bl\u00ed prob\u011bhne s HAJDUKEM dal\u0161\u00ed pl\u00e1novan\u00e9 akustick\u00e9 komunika\u010dn\u00ed okno, tak\u017ee se ve\u010derem nezapome\u0148te na na\u0161e www mrknout a ov\u011b\u0159it si, co je u MORAVC\u016e v Dalm\u00e1cii aktu\u00e1ln\u011b nov\u00e9ho&#8230; Zde jsou k omrknut\u00ed <strong><a href=\"http:\/\/moravecteam.rajce.idnes.cz\/2017.03.12_Soustredeni_Chorvatsko_-_2\/\">fotky je\u0161t\u011b dal\u0161\u00ed \u00a0p\u00e1tku \/ soboty<\/a><\/strong> a zde u\u017e je &#8222;hork\u00e1&#8220; <a href=\"http:\/\/moravecteam.rajce.idnes.cz\/2017.03.12_Soustredeni_Chorvatsko_-_3\/\"><strong>fotodokumentace z ned\u011ble<\/strong><\/a>&#8230;<\/p>\n<figure id=\"attachment_7634\" aria-describedby=\"caption-attachment-7634\" style=\"width: 1194px\" class=\"wp-caption alignnone\"><a href=\"http:\/\/www.moravecteam.cz\/?attachment_id=7634\" rel=\"attachment wp-att-7634\"><img decoding=\"async\" loading=\"lazy\" class=\" wp-image-7634\" alt=\"IMG_20170312_103406\" src=\"http:\/\/www.moravecteam.cz\/wp-content\/uploads\/2017\/03\/IMG_20170312_103406.jpg\" width=\"1194\" height=\"637\" srcset=\"https:\/\/www.moravecteam.cz\/wp-content\/uploads\/2017\/03\/IMG_20170312_103406.jpg 1194w, https:\/\/www.moravecteam.cz\/wp-content\/uploads\/2017\/03\/IMG_20170312_103406-300x160.jpg 300w, https:\/\/www.moravecteam.cz\/wp-content\/uploads\/2017\/03\/IMG_20170312_103406-1024x546.jpg 1024w\" sizes=\"(max-width: 1194px) 100vw, 1194px\" \/><\/a><figcaption id=\"caption-attachment-7634\" class=\"wp-caption-text\">Na\u0161i elitn\u00ed &#8222;bombar\u010f\u00e1ci&#8220; v ost\u0159e v akci po Dalm\u00e1tsk\u00fdch silnic\u00edch&#8230;<\/figcaption><\/figure>\n<p><strong><span style=\"color: #800000;\">2. den &#8211; sobota 11. b\u0159ezna &#8211; &#8222;p\u0159edmost\u00ed&#8220; zbudov\u00e1no!<\/span><\/strong><\/p>\n<p style=\"text-align: justify;\">Nad pl\u00e1n vyrazily ob\u011b na\u0161e \u00fadern\u00e9 jaednotky na prvn\u00ed pr\u016fzkumn\u00e9 cesty v okol\u00ed na\u0161\u00ed do\u010dasn\u00e9 invazn\u00ed z\u00e1kladny! Info o t\u00e9to skute\u010dnosti m\u00e1me od velitele v\u00fdsadku, Milana, kter\u00fd se s raportem ozval v \u010dase T: 17:59. Teplota v m\u00edst\u011b man\u00e9vru 15\u00b0C, slune\u010dno. Jedin\u00e1 skute\u010dnost, kter\u00e1 na\u0161im zat\u00edm znep\u0159\u00edjem\u0148uje \u017eivot, je docela siln\u00fd v\u00edtr&#8230; M\u00edstn\u00ed silnice docela frekventovan\u00e9, ztr\u00e1ty prvn\u00edho dne: jedno nara\u017een\u00e9 koleno. Ve\u010der na\u0161e rajdry \u010dek\u00e1 je\u0161t\u011b stre\u010dink a z\u00edtra se u\u017e do ped\u00e1l\u016f op\u0159ou na plno!<\/p>\n<figure style=\"width: 2592px\" class=\"wp-caption alignnone\"><img decoding=\"async\" loading=\"lazy\" alt=\"IMG_20170311_184156\" src=\"http:\/\/www.moravecteam.cz\/wp-content\/uploads\/2017\/03\/IMG_20170311_184156.jpg\" width=\"2592\" height=\"1944\" \/><figcaption class=\"wp-caption-text\">Pohoda prvn\u00edho ve\u010dera na z\u00e1kladn\u011b po \u00fasp\u011b\u0161n\u00e9m p\u0159esunu a prvn\u00ed seznamovac\u00ed v\u00fdj\u00ed\u017e\u010fce.<\/figcaption><\/figure>\n<p style=\"text-align: justify;\">Mezi jmenovan\u00fdm zpravodajsk\u00fdm ser\u017eantem Ilonou a \u0161t\u00e1bn\u00edm poru\u010d\u00edkem Petrem prob\u011bhla po r\u00e1nu (9:31:05 hod.) tato stru\u010dn\u00e1 a jasn\u00e1 \u00a0komunikace: &#8222;Ahoj v\u0161ichni jsme v po\u0159\u00e1dku! Zdarec MORAVEC Ilona.&#8220; Petr poslal na jih zp\u011bt tuto stru\u010dnou depe\u0161i:\u00a0Roger HAJDUK. D\u00edky moc!\u00a0Potvrzuji\u00a0<strong><a href=\"http:\/\/moravecteam.rajce.idnes.cz\/2017.03.11_Soustredeni_Chorvatsko_-_1\/\">komunika\u010dn\u00ed frekvenci<\/a><\/strong>.\u00a0Spojen\u00ed OK.\u00a0Po odpo\u010dinku zahajte podle pl\u00e1nu pln\u011bn\u00ed hlavn\u00edho \u00fakolu mise.\u00a0Zdarec MORAVEC, Petr K.<\/p>\n<dl class=\"wp-caption \" id=\"attachment_7625\" style=\"width: 2602px;\">\n<dt><strong style=\"font-size: 18px; text-align: justify; color: #2b2b2b;\"><span style=\"color: #800000;\">1. den &#8211; p\u00e1tek 10. b\u0159ezna &#8211; prvn\u00ed kolona na z\u00e1kladn\u011b!<\/span><\/strong><\/dt>\n<\/dl>\n<p style=\"text-align: justify;\">Z\u00e1stupce velitele v\u00fdsadku Honza \u0160indel\u00e1\u0159 hl\u00e1s\u00ed ve 20.25 hod. S\u010c, \u017ee po cestovn\u00edch \u00fatrap\u00e1ch (sn\u00edh, d\u00e9\u0161\u0165 a v\u00edtr) dorazil v\u00fdsadek na m\u00edsto ur\u010den\u00ed. Po krat\u0161\u00ed prodlev\u011b Honza potvrzuje (20.55 hod.) setk\u00e1n\u00ed s kontaktn\u00ed osobou na ubytov\u00e1n\u00ed do c\u00edle doraziv\u0161\u00ed prvn\u00ed \u010d\u00e1sti MORAVEC Teamu.<\/p>\n<figure id=\"attachment_7620\" aria-describedby=\"caption-attachment-7620\" style=\"width: 1580px\" class=\"wp-caption alignnone\"><a href=\"http:\/\/www.moravecteam.cz\/?attachment_id=7620\" rel=\"attachment wp-att-7620\"><img decoding=\"async\" loading=\"lazy\" class=\" wp-image-7620\" alt=\"IMG_20170311_090245\" src=\"http:\/\/www.moravecteam.cz\/wp-content\/uploads\/2017\/03\/IMG_20170311_090245.jpg\" width=\"1580\" height=\"1178\" srcset=\"https:\/\/www.moravecteam.cz\/wp-content\/uploads\/2017\/03\/IMG_20170311_090245.jpg 1580w, https:\/\/www.moravecteam.cz\/wp-content\/uploads\/2017\/03\/IMG_20170311_090245-300x223.jpg 300w, https:\/\/www.moravecteam.cz\/wp-content\/uploads\/2017\/03\/IMG_20170311_090245-1024x763.jpg 1024w\" sizes=\"(max-width: 1580px) 100vw, 1580px\" \/><\/a><figcaption id=\"caption-attachment-7620\" class=\"wp-caption-text\">Sobotn\u00ed dopoledne a vybalov\u00e1n\u00ed na\u0161ich hlavn\u00edch &#8222;zbran\u00ed&#8220; pro spln\u011bn\u00ed \u00fakolu mise HAJDUK.<\/figcaption><\/figure>\n<h5 style=\"text-align: justify;\"><span style=\"color: #800000;\"><strong>\u00a0<\/strong><\/span><\/h5>\n","protected":false},"excerpt":{"rendered":"<p>Des\u00e1t\u00fd b\u0159eznov\u00fd den leto\u0161n\u00edho roku se stal n\u00e1stupn\u00edm dnem v\u00fdsadku MORAVEC Teamu s kryc\u00edm n\u00e1zvem HAJDUK, kdy dva tucty na\u0161ich borc\u016f a borek operuj\u00ed v r\u00e1mci z\u00e1v\u011bre\u010dn\u00e9 f\u00e1ze zimn\u00ed p\u0159\u00edpravy na Balk\u00e1nsk\u00e9m poloostrov\u011b, p\u0159esn\u011bji v chorvatsk\u00e9 Dalmacii, \u00fapln\u011b p\u0159esn\u011b v m\u011bste\u010dku Podstrana, 10km ji\u017en\u011b od Splitu. Najet\u00ed optim\u00e1ln\u00edho mno\u017estv\u00ed objemov\u00fdch kilometr\u016f na silnici, v p\u0159\u00edzniv\u00fdch &hellip; <a href=\"https:\/\/www.moravecteam.cz\/?p=7613\" class=\"more-link\">Pokra\u010dov\u00e1n\u00ed textu <span class=\"screen-reader-text\">Hajduk rozto\u010dil kola! &#8211; 9<\/span> <span class=\"meta-nav\">&rarr;<\/span><\/a><\/p>\n","protected":false},"author":3,"featured_media":7677,"comment_status":"open","ping_status":"closed","sticky":false,"template":"","format":"standard","meta":[],"categories":[9],"tags":[],"_links":{"self":[{"href":"https:\/\/www.moravecteam.cz\/index.php?rest_route=\/wp\/v2\/posts\/7613"}],"collection":[{"href":"https:\/\/www.moravecteam.cz\/index.php?rest_route=\/wp\/v2\/posts"}],"about":[{"href":"https:\/\/www.moravecteam.cz\/index.php?rest_route=\/wp\/v2\/types\/post"}],"author":[{"embeddable":true,"href":"https:\/\/www.moravecteam.cz\/index.php?rest_route=\/wp\/v2\/users\/3"}],"replies":[{"embeddable":true,"href":"https:\/\/www.moravecteam.cz\/index.php?rest_route=%2Fwp%2Fv2%2Fcomments&post=7613"}],"version-history":[{"count":63,"href":"https:\/\/www.moravecteam.cz\/index.php?rest_route=\/wp\/v2\/posts\/7613\/revisions"}],"predecessor-version":[{"id":7738,"href":"https:\/\/www.moravecteam.cz\/index.php?rest_route=\/wp\/v2\/posts\/7613\/revisions\/7738"}],"wp:featuredmedia":[{"embeddable":true,"href":"https:\/\/www.moravecteam.cz\/index.php?rest_route=\/wp\/v2\/media\/7677"}],"wp:attachment":[{"href":"https:\/\/www.moravecteam.cz\/index.php?rest_route=%2Fwp%2Fv2%2Fmedia&parent=7613"}],"wp:term":[{"taxonomy":"category","embeddable":true,"href":"https:\/\/www.moravecteam.cz\/index.php?rest_route=%2Fwp%2Fv2%2Fcategories&post=7613"},{"taxonomy":"post_tag","embeddable":true,"href":"https:\/\/www.moravecteam.cz\/index.php?rest_route=%2Fwp%2Fv2%2Ftags&post=7613"}],"curies":[{"name":"wp","href":"https:\/\/api.w.org\/{rel}","templated":true}]}}