{"id":771,"date":"2015-06-15T13:55:25","date_gmt":"2015-06-15T11:55:25","guid":{"rendered":"http:\/\/www.moravecteam.cz\/?p=771"},"modified":"2015-06-15T14:55:34","modified_gmt":"2015-06-15T12:55:34","slug":"uz-hori","status":"publish","type":"post","link":"https:\/\/www.moravecteam.cz\/?p=771","title":{"rendered":"U\u017e ho\u0159\u00ed&#8230;"},"content":{"rendered":"<p style=\"text-align: justify;\"><span style=\"color: #000000;\">&#8230; od ned\u011ble 14. \u010dervna v Plzni olympijsk\u00fd ohe\u0148 her VII.\u00a0Letn\u00ed olympi\u00e1dy d\u011bt\u00ed a ml\u00e1de\u017ee, na kter\u00e9 budou Jihomoravsk\u00fd kraj reprezentovat z na\u0161ich \u0159ad \u017e\u00e1kyn\u011b <strong><span style=\"color: #800000;\">Terezka Obo\u0159ilov\u00e1<\/span> <\/strong>a \u017e\u00e1ci <strong><span style=\"color: #800000;\">Michal \u0160m\u00edda<\/span> <\/strong>s <span style=\"color: #800000;\"><strong>Tom\u00e1\u0161em Tlamkou &#8222;Contadorem&#8220;. <\/strong><span style=\"color: #000000;\">Krom\u011b jin\u00fdch sportovn\u00edch celebrit asistoval slavnostn\u00edmu aktu zap\u00e1len\u00ed\u00a0posv\u00e1tn\u00e9ho ohn\u011b i olympijsk\u00fd v\u00edt\u011bz z Nagana a rodil\u00fd Plze\u0148\u00e1k a b\u00fdval\u00fd excelentn\u00ed hokejista &#8211;\u00a0\u00a0Martin Straka. <\/span><\/span>V\u0161echny t\u0159i na\u0161e\u00a0&#8222;mlad\u00e9 pu\u0161ky&#8220; \u00a0maj\u00ed pod praporem s p\u011bti kruhy premi\u00e9ru, kdy\u017e k<\/span>ou\u010dovat je bude\u00a0 ve m\u011bst\u011b\u00a0piva\u00a0 zku\u0161en\u00fd vedouc\u00ed SCM Brno Luk\u00e1\u0161 Petr.\u00a0Na\u0161e trio \u010dek\u00e1 v tomto t\u00fddnu tento n\u00e1ro\u010dn\u00fd olympijsk\u00fd cyklistick\u00fd program:<\/p>\n<ul>\n<li>Pond\u011bl\u00ed 15.6.2015 &#8211; MTB sprint<\/li>\n<li>\u00dater\u00fd 16.6.2015 &#8211; MTB XCO<\/li>\n<li>St\u0159eda 17.6.2015 &#8211;\u00a0silni\u010dn\u00ed krit\u00e9rium<\/li>\n<\/ul>\n<p style=\"text-align: justify;\">Na\u0161im budeme samoz\u0159ejm\u011b dr\u017eet palce, aby n\u00e1ro\u010dn\u00fd program t\u0159\u00ed vrcholn\u00fdch cyklistick\u00fdch podnik\u016f v rychl\u00e9m sledu jdouc\u00edch, zvl\u00e1dli na jednu\u0161ku a osv\u011bd\u010dili pov\u011bst vzorn\u00fdch reprezentant\u016f rodn\u00e9ho Kraje, kterou vydobyli v minulosti jejich \u00fasp\u011b\u0161n\u00ed p\u0159edch\u016fdci Radim Kov\u00e1\u0159, Nikola Hlubinkov\u00e1, Adam Sekanina \u010di Ad\u00e9la \u0160af\u00e1\u0159ov\u00e1&#8230; V tomto p\u0159\u00edsp\u011bvku budu pr\u016fb\u011b\u017en\u011b v\u00fdsledky na\u0161ich monitorovat, jinak v\u0161e, co se olympijsk\u00e9ho d\u011bn\u00ed t\u00fd\u010de (v\u010detn\u011b v\u00fdsledk\u016f), najdete na <strong><a href=\"http:\/\/odm.olympic.cz\/2015\">http:\/\/odm.olympic.cz\/2015<\/a><\/strong><\/p>\n<p>&nbsp;<\/p>\n<p>&nbsp;<\/p>\n","protected":false},"excerpt":{"rendered":"<p>&#8230; od ned\u011ble 14. \u010dervna v Plzni olympijsk\u00fd ohe\u0148 her VII.\u00a0Letn\u00ed olympi\u00e1dy d\u011bt\u00ed a ml\u00e1de\u017ee, na kter\u00e9 budou Jihomoravsk\u00fd kraj reprezentovat z na\u0161ich \u0159ad \u017e\u00e1kyn\u011b Terezka Obo\u0159ilov\u00e1 a \u017e\u00e1ci Michal \u0160m\u00edda s Tom\u00e1\u0161em Tlamkou &#8222;Contadorem&#8220;. Krom\u011b jin\u00fdch sportovn\u00edch celebrit asistoval slavnostn\u00edmu aktu zap\u00e1len\u00ed\u00a0posv\u00e1tn\u00e9ho ohn\u011b i olympijsk\u00fd v\u00edt\u011bz z Nagana a rodil\u00fd Plze\u0148\u00e1k a b\u00fdval\u00fd excelentn\u00ed &hellip; <a href=\"https:\/\/www.moravecteam.cz\/?p=771\" class=\"more-link\">Pokra\u010dov\u00e1n\u00ed textu <span class=\"screen-reader-text\">U\u017e ho\u0159\u00ed&#8230;<\/span> <span class=\"meta-nav\">&rarr;<\/span><\/a><\/p>\n","protected":false},"author":3,"featured_media":776,"comment_status":"closed","ping_status":"closed","sticky":false,"template":"","format":"standard","meta":[],"categories":[1],"tags":[],"_links":{"self":[{"href":"https:\/\/www.moravecteam.cz\/index.php?rest_route=\/wp\/v2\/posts\/771"}],"collection":[{"href":"https:\/\/www.moravecteam.cz\/index.php?rest_route=\/wp\/v2\/posts"}],"about":[{"href":"https:\/\/www.moravecteam.cz\/index.php?rest_route=\/wp\/v2\/types\/post"}],"author":[{"embeddable":true,"href":"https:\/\/www.moravecteam.cz\/index.php?rest_route=\/wp\/v2\/users\/3"}],"replies":[{"embeddable":true,"href":"https:\/\/www.moravecteam.cz\/index.php?rest_route=%2Fwp%2Fv2%2Fcomments&post=771"}],"version-history":[{"count":6,"href":"https:\/\/www.moravecteam.cz\/index.php?rest_route=\/wp\/v2\/posts\/771\/revisions"}],"predecessor-version":[{"id":778,"href":"https:\/\/www.moravecteam.cz\/index.php?rest_route=\/wp\/v2\/posts\/771\/revisions\/778"}],"wp:featuredmedia":[{"embeddable":true,"href":"https:\/\/www.moravecteam.cz\/index.php?rest_route=\/wp\/v2\/media\/776"}],"wp:attachment":[{"href":"https:\/\/www.moravecteam.cz\/index.php?rest_route=%2Fwp%2Fv2%2Fmedia&parent=771"}],"wp:term":[{"taxonomy":"category","embeddable":true,"href":"https:\/\/www.moravecteam.cz\/index.php?rest_route=%2Fwp%2Fv2%2Fcategories&post=771"},{"taxonomy":"post_tag","embeddable":true,"href":"https:\/\/www.moravecteam.cz\/index.php?rest_route=%2Fwp%2Fv2%2Ftags&post=771"}],"curies":[{"name":"wp","href":"https:\/\/api.w.org\/{rel}","templated":true}]}}