{"id":7739,"date":"2017-03-20T22:37:17","date_gmt":"2017-03-20T21:37:17","guid":{"rendered":"http:\/\/www.moravecteam.cz\/?p=7739"},"modified":"2017-03-21T19:14:18","modified_gmt":"2017-03-21T18:14:18","slug":"co-se-bude-dit-st12-2","status":"publish","type":"post","link":"https:\/\/www.moravecteam.cz\/?p=7739","title":{"rendered":"Co se bude d\u00edt? (ST12)-2"},"content":{"rendered":"<h5><span style=\"color: #800000;\"><strong>St\u0159eda 22.3. 2017<\/strong><\/span><\/h5>\n<p style=\"text-align: justify;\">Prvn\u00ed jarn\u00ed ter\u00e9nn\u00ed tr\u00e9nink MORAVEC Junior Teamu. Sraz mlad\u00fdch biker\u016f je v 16.30 hodin, na Okrouhl\u00e9 \u010d. 117 (u Tlamk\u016f). Tr\u00e9nink povede <span style=\"color: #800000;\"><strong>Milan Tlamka<\/strong><\/span>, v p\u0159\u00edpad\u011b dotaz\u016f ho v\u010das kontaktujte na jeho mobil<span style=\"color: #800000;\"><strong> 776 108 046<\/strong><\/span>.<\/p>\n<h5><span style=\"color: #800000;\">Sobota 25.3. 2017<\/span><\/h5>\n<ul>\n<li style=\"text-align: justify;\">Prvn\u00ed ostr\u00e1 z\u00e1vodnick\u00e1 bikov\u00e1 pruba na tradi\u010dn\u00ed \u0161taci &#8211; v rakousk\u00e9m Langenlois. P\u0159ihl\u00e1\u0161eni jsou v\u0161ichni z\u00e1vodn\u00edci, kter\u00fdm byla vystavena licence na r. 2017 (krom\u011b mu\u017e\u016f U23 Dominika Prudka a Jirky \u0160t\u011bpan\u00edka a juniorky Jany Tesa\u0159ov\u00e9, kte\u0159\u00ed jedou sv\u016fj z\u00e1vod o den pozd\u011bji), co\u017e ale neznamen\u00e1, \u017ee Langenlois mus\u00edte absolvovat. \u00da\u010dast samoz\u0159ejm\u011b povinn\u00e1 nen\u00ed&#8230; Sv\u016fj p\u0159\u00edpadn\u00fd start konzultujte se sv\u00fdmi tren\u00e9ry. Kdo se rozhodne v Rakousku jet, ozv\u011bte se mi v\u010das na moje <strong><span style=\"color: #800000;\">605 0J\u00e1gr 0Nagano,<\/span><\/strong> dohodneme se na p\u0159ed\u00e1n\u00ed licenc\u00ed. Dopravu si ka\u017ed\u00fd zaji\u0161\u0165uje s\u00e1m, v\u0161e d\u016fle\u017eit\u00e9 naleznete <strong><a href=\"https:\/\/www.kamptal-klassik-trophy.at\/en\/\">na ofici\u00e1ln\u00ed str\u00e1nce<\/a><\/strong> presti\u017en\u00ed race.<\/li>\n<li style=\"text-align: justify;\">Alternativou pro kadety <strong><span style=\"color: #800000;\">Annu Zem\u00e1nkovou<\/span><\/strong> a <span style=\"color: #800000;\"><strong>Honzu &#8222;D\u017eonyho&#8220; \u0160indel\u00e1\u0159e<\/strong><\/span> m\u016f\u017ee b\u00fdt silni\u010dn\u00ed z\u00e1vod v Hlohovci, kter\u00fd je prvn\u00edm nomina\u010dn\u00edm na \u010dervnovou Olympi\u00e1du d\u011bt\u00ed a ml\u00e1de\u017ee v Brn\u011b. Ani\u010dka i Honza jsou v \u0161ir\u0161\u00ed olympijsk\u00e9 nominaci tren\u00e9ra Petra Hermana. Zde <strong><a href=\"http:\/\/www.sportcomplex.cz\/\">najdete propozice<\/a><\/strong>.<\/li>\n<li style=\"text-align: justify;\">Brn\u011bnsk\u00fd b\u011b\u017eeck\u00fd poh\u00e1r vrchol\u00ed! Dev\u00e1t\u00fdm, p\u0159edposledn\u00edm z\u00e1vodem pokra\u010duje v Brn\u011b, na trat\u00edch kolem hotelu Myslivna. \u00da\u010dast a dopravu si ka\u017ed\u00fd zaji\u0161\u0165uje s\u00e1m, sem mrkn\u011bte na <strong><a href=\"http:\/\/www.atletikauni.cz\/cz\/s1522\/Kalendar-akci\/Seznam-akci\/c2130-Detail-akce\/ata360-BBP-9-Beh-kolem-Myslivny\">propozice<\/a><\/strong>.<\/li>\n<\/ul>\n<h5 style=\"text-align: justify;\"><span style=\"color: #800000;\"><strong>Ned\u011ble 26.3. 2017<\/strong><\/span><\/h5>\n<ul>\n<li style=\"text-align: justify;\">Prvn\u00ed ostr\u00e1 z\u00e1vodnick\u00e1 bikov\u00e1 pruba na tradi\u010dn\u00ed \u0161taci &#8211; v rakousk\u00e9m Langenlois, kde se pojede MTB XCO C1. Na z\u00e1vod mu\u017e\u016f ELITE U23 jsou p\u0159ihl\u00e1\u0161eni dva na\u0161i mlad\u00ed mu\u017ei &#8211; Dominik Prudek a Jirka \u0160t\u011bpan\u00edk ml. a juniorka Jana &#8222;D\u017eejn&#8220; Tesa\u0159ov\u00e1. S Jirkou \u00a0a Janou se akor\u00e1t dohodnu na v\u010dasn\u00e9m p\u0159ed\u00e1n\u00ed licence, dopravu si rajd\u0159i zaji\u0161\u0165uj\u00ed sami. V\u0161e d\u016fle\u017eit\u00e9 naleznete\u00a0<strong><a href=\"https:\/\/www.kamptal-klassik-trophy.at\/en\/\">na ofici\u00e1ln\u00ed str\u00e1nce<\/a><\/strong>\u00a0presti\u017en\u00ed race.<\/li>\n<li style=\"text-align: justify;\">Po roce op\u011bt vyraz\u00edme po stop\u00e1ch YETTI, kte\u0159\u00ed se p\u0159ed l\u00e9ty usadili v les\u00edch jihov\u00fdchodn\u011b od Bene\u0161ova, a se kter\u00fdmi udr\u017eujeme ravideln\u00e9 p\u0159\u00e1telsk\u00e9 kontakty. Sraz stopa\u0159\u016f je u restaurace Morava Bene\u0161ov ve 13.30 hodin, stopovat budeme jak na bicyklech tak i p\u011b\u0161ky. Nezapome\u0148te si s sebou vz\u00edt p\u00e1re\u010dek na ope\u010den\u00ed, tepl\u00fd n\u00e1poj je zaji\u0161t\u011bn! Mrkn\u011bte na ofici\u00e1ln\u00ed pozv\u00e1nku:\u00a0<strong><a href=\"http:\/\/www.moravecteam.cz\/?attachment_id=7746\" rel=\"attachment wp-att-7746\">Po stop\u00e1ch YETTI<\/a>. <\/strong>Kontakt s YETTI uskute\u010dn\u00edme v ned\u011bli &#8211; v\u011b\u0159te \/ nev\u011b\u0159te &#8211; u\u017e po t\u0159in\u00e1ct\u00e9&#8230; <strong><a href=\"http:\/\/moravec.benesov-u-boskovic.cz\/cz\/vylety\/2005\/zimni-piknik-6-3-2005\/\">Mrkn\u011bte, jak vypadalo kdysi prvn\u00ed stopov\u00e1n\u00ed.<\/a><\/strong> A Kdo uhodne bytostn\u00ed podstatu prvn\u00edho YETTIHO, m\u00e1 u m\u011b odm\u011bnu!<\/li>\n<\/ul>\n","protected":false},"excerpt":{"rendered":"<p>St\u0159eda 22.3. 2017 Prvn\u00ed jarn\u00ed ter\u00e9nn\u00ed tr\u00e9nink MORAVEC Junior Teamu. Sraz mlad\u00fdch biker\u016f je v 16.30 hodin, na Okrouhl\u00e9 \u010d. 117 (u Tlamk\u016f). Tr\u00e9nink povede Milan Tlamka, v p\u0159\u00edpad\u011b dotaz\u016f ho v\u010das kontaktujte na jeho mobil 776 108 046. Sobota 25.3. 2017 Prvn\u00ed ostr\u00e1 z\u00e1vodnick\u00e1 bikov\u00e1 pruba na tradi\u010dn\u00ed \u0161taci &#8211; v rakousk\u00e9m Langenlois. P\u0159ihl\u00e1\u0161eni &hellip; <a href=\"https:\/\/www.moravecteam.cz\/?p=7739\" class=\"more-link\">Pokra\u010dov\u00e1n\u00ed textu <span class=\"screen-reader-text\">Co se bude d\u00edt? (ST12)-2<\/span> <span class=\"meta-nav\">&rarr;<\/span><\/a><\/p>\n","protected":false},"author":3,"featured_media":7745,"comment_status":"open","ping_status":"closed","sticky":false,"template":"","format":"standard","meta":[],"categories":[11],"tags":[],"_links":{"self":[{"href":"https:\/\/www.moravecteam.cz\/index.php?rest_route=\/wp\/v2\/posts\/7739"}],"collection":[{"href":"https:\/\/www.moravecteam.cz\/index.php?rest_route=\/wp\/v2\/posts"}],"about":[{"href":"https:\/\/www.moravecteam.cz\/index.php?rest_route=\/wp\/v2\/types\/post"}],"author":[{"embeddable":true,"href":"https:\/\/www.moravecteam.cz\/index.php?rest_route=\/wp\/v2\/users\/3"}],"replies":[{"embeddable":true,"href":"https:\/\/www.moravecteam.cz\/index.php?rest_route=%2Fwp%2Fv2%2Fcomments&post=7739"}],"version-history":[{"count":12,"href":"https:\/\/www.moravecteam.cz\/index.php?rest_route=\/wp\/v2\/posts\/7739\/revisions"}],"predecessor-version":[{"id":7754,"href":"https:\/\/www.moravecteam.cz\/index.php?rest_route=\/wp\/v2\/posts\/7739\/revisions\/7754"}],"wp:featuredmedia":[{"embeddable":true,"href":"https:\/\/www.moravecteam.cz\/index.php?rest_route=\/wp\/v2\/media\/7745"}],"wp:attachment":[{"href":"https:\/\/www.moravecteam.cz\/index.php?rest_route=%2Fwp%2Fv2%2Fmedia&parent=7739"}],"wp:term":[{"taxonomy":"category","embeddable":true,"href":"https:\/\/www.moravecteam.cz\/index.php?rest_route=%2Fwp%2Fv2%2Fcategories&post=7739"},{"taxonomy":"post_tag","embeddable":true,"href":"https:\/\/www.moravecteam.cz\/index.php?rest_route=%2Fwp%2Fv2%2Ftags&post=7739"}],"curies":[{"name":"wp","href":"https:\/\/api.w.org\/{rel}","templated":true}]}}