{"id":7783,"date":"2017-03-26T23:33:58","date_gmt":"2017-03-26T21:33:58","guid":{"rendered":"http:\/\/www.moravecteam.cz\/?p=7783"},"modified":"2017-03-27T09:25:45","modified_gmt":"2017-03-27T07:25:45","slug":"langenlois-karel-i","status":"publish","type":"post","link":"https:\/\/www.moravecteam.cz\/?p=7783","title":{"rendered":"Langenlois: Karel I."},"content":{"rendered":"<p style=\"text-align: justify;\"><span style=\"color: #800000;\"><strong>Z historie je bezesporu nejzn\u00e1m\u011bj\u0161\u00ed z Karl\u016f ten &#8211; obrazn\u011b \u0159e\u010deno &#8211; s po\u0159adov\u00fdm \u010d\u00edslem IV. Nebojte se ale, v tomto \u010dl\u00e1nku skute\u010dn\u011b nechci \u0159e\u0161it hodn\u011b d\u00e1vn\u00e9 d\u011bjiny. Naopak. C\u00edlem je popsat ud\u00e1losti \u00a0ze soboty 25. b\u0159ezna, kter\u00e9 se ud\u00e1ly v r\u00e1mci tradi\u010dn\u00edho presti\u017en\u00edho MTB kl\u00e1n\u00ed \u00a0v rakousk\u00e9 vesnici mezi vinicemi, jej\u00ed\u017e jm\u00e9no &#8211; Langenlois &#8211; zn\u00e1 snad ka\u017ed\u00fd pravov\u011brn\u00fd biker. No a ani letos nechyb\u011bly na popul\u00e1rn\u00ed Kamptal Klassik Trophy barvy MORAVEC Teamu, kdy\u017e v sobotu zas\u00e1hla do boj\u016f \u00faderka v po\u010dtu 6+1 a v ned\u011bli bylo na\u0161e \u00fa\u010dastnick\u00e9 sk\u00f3re v po\u010dtu 3+1. Vlastn\u011b m\u011blo b\u00fdt&#8230;<\/strong><\/span><\/p>\n<figure id=\"attachment_7795\" aria-describedby=\"caption-attachment-7795\" style=\"width: 940px\" class=\"wp-caption alignnone\"><a href=\"http:\/\/www.moravecteam.cz\/?attachment_id=7795\" rel=\"attachment wp-att-7795\"><img decoding=\"async\" loading=\"lazy\" class=\" wp-image-7795\" alt=\"DSCN5336\" src=\"http:\/\/www.moravecteam.cz\/wp-content\/uploads\/2017\/03\/DSCN5336.jpg\" width=\"940\" height=\"594\" srcset=\"https:\/\/www.moravecteam.cz\/wp-content\/uploads\/2017\/03\/DSCN5336.jpg 940w, https:\/\/www.moravecteam.cz\/wp-content\/uploads\/2017\/03\/DSCN5336-300x189.jpg 300w\" sizes=\"(max-width: 940px) 100vw, 940px\" \/><\/a><figcaption id=\"caption-attachment-7795\" class=\"wp-caption-text\">Ml\u00e1d\u00ed sklouben\u00e9 se zku\u0161enost\u00ed&#8230; tak by se dal charakterizovat \u00fadern\u00fd sobotn\u00ed sextet MORAVC\u016e v Langenlois.<\/figcaption><\/figure>\n<h5 style=\"text-align: justify;\"><span style=\"color: #800000;\"><strong>Sobota 25. b\u0159ezna<\/strong><\/span><\/h5>\n<p style=\"text-align: justify;\">Ale zp\u011bt k obratu Karel Prvn\u00ed v nadpisu t\u00e9to aktuality. N\u00e1\u0161 biker <strong><span style=\"color: #800000;\">Karel Vinick\u00fd<\/span> <\/strong>ovl\u00e1dl toti\u017e s p\u0159ehledem v sobotu z\u00e1vod junior\u016f a co v\u00edc: z\u00e1da mu skv\u011ble p\u0159ikryl a s asi minutovou ztr\u00e1tou dospurtoval do c\u00edle n\u00e1ro\u010dn\u00e9ho z\u00e1vodu za K\u00e1jou \u00fapln\u00fd novic v na\u0161ich \u0159ad\u00e1ch &#8211; <span style=\"color: #800000;\"><strong>Tom\u00e1\u0161 Dou\u0161ek<\/strong><\/span>! Bravo kluci! V Rakousku jste se skv\u011ble prezentovali v \u00faloze on\u011bch pov\u011bstn\u00fdch &#8222;\u010dern\u00fdch kon\u00ed&#8220; kter\u00e9 daly konkurenci razantn\u00ed a nekompromisn\u00ed mat&#8230; Karel Vinick\u00fd se tak stal po Tom\u00e1\u0161ovi Tlamkovi &#8222;Contadorovi&#8220; \u00a0historicky druh\u00fdm MORAVCEM, kter\u00fd kdy v Langenlois &#8222;o\u0161l\u00e1pl prvn\u00ed bednu&#8220;&#8230; Jen pro p\u0159ipomenut\u00ed &#8211; lo\u0148sk\u00fd zlat\u00fd &#8222;Contador\u016fv&#8220; \u00faspech mezi star\u0161\u00edmi \u017e\u00e1ky m\u00e1te jist\u011b je\u0161t\u011b v pam\u011bti&#8230;<\/p>\n<figure id=\"attachment_7796\" aria-describedby=\"caption-attachment-7796\" style=\"width: 812px\" class=\"wp-caption alignnone\"><a href=\"http:\/\/www.moravecteam.cz\/?attachment_id=7796\" rel=\"attachment wp-att-7796\"><img decoding=\"async\" loading=\"lazy\" class=\" wp-image-7796\" alt=\"DSCN5389\" src=\"http:\/\/www.moravecteam.cz\/wp-content\/uploads\/2017\/03\/DSCN5389.jpg\" width=\"812\" height=\"580\" srcset=\"https:\/\/www.moravecteam.cz\/wp-content\/uploads\/2017\/03\/DSCN5389.jpg 812w, https:\/\/www.moravecteam.cz\/wp-content\/uploads\/2017\/03\/DSCN5389-300x214.jpg 300w\" sizes=\"(max-width: 812px) 100vw, 812px\" \/><\/a><figcaption id=\"caption-attachment-7796\" class=\"wp-caption-text\">Monika a Janou na spole\u010dn\u00e9 fotce s Tom\u00e1\u0161em Tlamkou &#8222;Contadorem&#8220;.<\/figcaption><\/figure>\n<p style=\"text-align: justify;\">\u00dasp\u011bchem junior\u016f Karla s Tom\u00e1\u0161em pro n\u00e1s ale medailov\u011b sobota v Langenlois \u00a0je\u0161t\u011b neskon\u010dila&#8230; Nit dok\u00e1zala nav\u00e1zat ziskem st\u0159\u00edbrn\u00e9 medaile v z\u00e1vod\u011b spole\u010dn\u00e9 kategorie \u017een a juniorek kapit\u00e1nka na\u0161eho &#8222;\u00e1\u010dka&#8220; <strong><span style=\"color: #800000;\">Monika Kone\u010dn\u00e1<\/span><\/strong>! I ona si, podobn\u011b jako jej\u00ed t\u00fdmov\u00ed par\u0165\u00e1ci K\u00e1ja s Tomem, dojela pro prvn\u00ed velk\u00fd v\u00fdsledek v mezin\u00e1rodn\u00ed konkurenci na ob\u00e1van\u00e9 a n\u00e1ro\u010dn\u00e9 trati! Bravo &#8222;Tyg\u0159ice&#8220;! State\u010dn\u011b se t\u011b\u017ekou konkurenc\u00ed pasovalo i zbyl\u00e9 trio borc\u016f a borek v dresech MORAVEC Teamu.<\/p>\n<figure id=\"attachment_7797\" aria-describedby=\"caption-attachment-7797\" style=\"width: 501px\" class=\"wp-caption alignnone\"><a href=\"http:\/\/www.moravecteam.cz\/?attachment_id=7797\" rel=\"attachment wp-att-7797\"><img decoding=\"async\" loading=\"lazy\" class=\" wp-image-7797\" alt=\"DSCN5411\" src=\"http:\/\/www.moravecteam.cz\/wp-content\/uploads\/2017\/03\/DSCN5411.jpg\" width=\"501\" height=\"554\" srcset=\"https:\/\/www.moravecteam.cz\/wp-content\/uploads\/2017\/03\/DSCN5411.jpg 501w, https:\/\/www.moravecteam.cz\/wp-content\/uploads\/2017\/03\/DSCN5411-271x300.jpg 271w\" sizes=\"(max-width: 501px) 100vw, 501px\" \/><\/a><figcaption id=\"caption-attachment-7797\" class=\"wp-caption-text\">Jakub \u0160af\u00e1\u0159 na startu z\u00e1vodu star\u0161\u00edch \u0159\u00e1k\u016f.<\/figcaption><\/figure>\n<p style=\"text-align: justify;\">Vlastn\u011b jako prvn\u00ed zas\u00e1hla v sobotu do boj\u016f v kategorii Masters II na\u0161e dal\u0161\u00ed v\u00fdznamn\u00e1 posila pro sez\u00f3nu 2017, <span style=\"color: #800000;\"><strong>Franta Pad\u011bra.<\/strong>\u00a0<span style=\"color: #000000;\">I on uk\u00e1zal na za\u010d\u00e1tku sez\u0144y v\u00fdbornou formu, kdy\u017e v c\u00edli bral &#8211; jako nejlep\u0161\u00ed z \u010cech\u016f &#8211; 26. m\u00edsto! Do elitn\u00ed TOP30 se ve\u0161el v z\u00e1vod\u011b star\u0161\u00edch \u017e\u00e1k\u016f i <strong><span style=\"color: #800000;\">Jakub Tesa\u0159<\/span><\/strong> (v c\u00edli 29. m\u00edsto), stejn\u011b jako dal\u0161\u00ed posila MORAVE Teamu, star\u0161\u00ed \u017e\u00e1kyn\u011b <strong><span style=\"color: #800000;\">Ad\u00e9la Kubinov\u00e1<\/span><\/strong> (v c\u00edli klasifikovan\u00e1 na 25. m\u00edst\u011b). Sextetu v barv\u00e1ch MORAVCE pat\u0159\u00ed za sobotn\u00ed poctiv\u00e9 v\u00fdkony velk\u00fd d\u00edk za vzorn\u00e9 repre odd\u00edlu, d\u00edky pat\u0159\u00ed samoz\u0159ejm\u011b i podp\u016frn\u00fdm rodinn\u00fdm t\u00fdm\u016fm. V\u00fdsledky \u0161esti na\u0161ich rajdr\u016f n\u00e1s v\u011bru siln\u011b navnadilo na ned\u011bln\u00ed starty&#8230;.<\/span><span style=\"color: #000000;\"><br \/>\n<\/span><\/span><\/p>\n<figure id=\"attachment_7802\" aria-describedby=\"caption-attachment-7802\" style=\"width: 384px\" class=\"wp-caption aligncenter\"><a href=\"http:\/\/www.moravecteam.cz\/?attachment_id=7802\" rel=\"attachment wp-att-7802\"><img decoding=\"async\" loading=\"lazy\" class=\"size-full wp-image-7802 \" alt=\"DSCN5433\" src=\"http:\/\/www.moravecteam.cz\/wp-content\/uploads\/2017\/03\/DSCN5433.jpg\" width=\"384\" height=\"463\" srcset=\"https:\/\/www.moravecteam.cz\/wp-content\/uploads\/2017\/03\/DSCN5433.jpg 384w, https:\/\/www.moravecteam.cz\/wp-content\/uploads\/2017\/03\/DSCN5433-248x300.jpg 248w\" sizes=\"(max-width: 384px) 100vw, 384px\" \/><\/a><figcaption id=\"caption-attachment-7802\" class=\"wp-caption-text\">Prvn\u00ed mezin\u00e1rodn\u00ed z\u00e1vodnickou zku\u0161enost m\u00e1 za sebou ze soboty tak\u00e9 Ad\u00e9la Kubinov\u00e1.<\/figcaption><\/figure>\n<p style=\"text-align: justify;\">Je\u0161t\u011b jeden start n\u00e1s ale v sobotu zaj\u00edmal. Po poledn\u00ed vyrazila na tra\u0165 sme\u010dka kategorie U17-m &#8211; voln\u011b p\u0159elo\u017eeno &#8211; odstartovali kadeti. Svoji premi\u00e9ru v dresu Nutrend Specialized zde za\u017eil dal\u0161\u00ed n\u00e1\u0161 odchovanec &#8211; <strong><span style=\"color: #800000;\">Tom\u00e1\u0161 Tlamka &#8222;Contador&#8220;<\/span><\/strong>, kter\u00fd je pro zm\u011bnu \u010derstvou posilou t\u00fdmu &#8222;Rud\u00fdch \u010f\u00e1bl\u016f&#8220; reprezenta\u010dn\u00edho tren\u00e9ra Viktora Zapletala. Tom\u00e1\u0161 p\u0159edvedl v\u00fdkon a v\u00fdsledek (8. m\u00edsto), kter\u00fd Viktora bezesporu utvrdil o jeho spr\u00e1vn\u00e9 volb\u011b&#8230; V ned\u011bli bude &#8222;Contador&#8220; dr\u017eet palce t\u00fdmov\u00e9 kolegyni Ad\u00e9le \u0160af\u00e1\u0159ov\u00e9, kterou \u010dek\u00e1 v Langenlois premi\u00e9rov\u011b z\u00e1vod \u017een ELITE&#8230; <strong><a href=\"https:\/\/www.kamptal-klassik-trophy.at\/en\/service\/results\/\">V\u00fdsledky se sobotn\u00edch kl\u00e1n\u00ed v Rakousku studujte zde<\/a>&#8230; <\/strong>A mrkn\u011bte i na <strong><a href=\"http:\/\/moravecteam.rajce.idnes.cz\/2017.03.25_MTB_Langenlois\/\">p\u011bknou fotogalerii<\/a>&#8230;<\/strong><\/p>\n<figure id=\"attachment_7805\" aria-describedby=\"caption-attachment-7805\" style=\"width: 1000px\" class=\"wp-caption alignnone\"><a href=\"http:\/\/www.moravecteam.cz\/?attachment_id=7805\" rel=\"attachment wp-att-7805\"><img decoding=\"async\" loading=\"lazy\" class=\" wp-image-7805\" alt=\"DSCN5481\" src=\"http:\/\/www.moravecteam.cz\/wp-content\/uploads\/2017\/03\/DSCN5481.jpg\" width=\"1000\" height=\"637\" srcset=\"https:\/\/www.moravecteam.cz\/wp-content\/uploads\/2017\/03\/DSCN5481.jpg 1000w, https:\/\/www.moravecteam.cz\/wp-content\/uploads\/2017\/03\/DSCN5481-300x191.jpg 300w\" sizes=\"(max-width: 1000px) 100vw, 1000px\" \/><\/a><figcaption id=\"caption-attachment-7805\" class=\"wp-caption-text\">Prvn\u00ed leto\u0161n\u00ed bikov\u00e9 vav\u0159\u00edny pro MORAVEC Team za\u0159\u00eddili v Langenlois Monika, Tom\u00e1\u0161 a Karel!<\/figcaption><\/figure>\n<h5 style=\"text-align: justify;\"><strong><span style=\"color: #800000;\">Ned\u011ble 26. b\u0159ezna<\/span><\/strong><\/h5>\n<p style=\"text-align: justify;\">V z\u00e1vodech elitn\u00edch kategori\u00ed m\u011bli zas\u00e1hnout \u00a0v ned\u011bli do souboj\u016f dva borci a jedna borky v na\u0161ich barv\u00e1ch. Nakonec se ale Dominik Prudek na startu neobjevil (den p\u0159ed t\u00edm absolvoval t\u011b\u017ek\u00fd silni\u010dn\u00ed z\u00e1vod v Hlohovci) a tak v z\u00e1vod\u011b mu\u017e\u016f ELITE jako jedin\u00fd podr\u017eel v kategorii mu\u017e\u016f U23 prapor MORAVCE pouze <strong><span style=\"color: #800000;\">Jirka \u0160t\u011bpan\u00edk<\/span><\/strong> a po state\u010dn\u00e9m v\u00e1konu byl v c\u00edli klasifikov\u00e1n ne konci osm\u00e9 des\u00edtky &#8222;na\u0159\u00edzl\u00e9&#8220; v\u00fdsledkov\u00e9 listiny. Z\u00e1vod nedokon\u010dilo dal\u0161\u00ed na\u0161e ned\u011bln\u00ed \u017eel\u00edzko v ohni &#8211; <span style=\"color: #800000;\"><strong>Jana &#8222;D\u017eejn&#8220; Tesa\u0159ov\u00e1<\/strong><\/span>, tak\u017ee nep\u0159\u00edmo zachr\u00e1nila v proslun\u011bn\u00e9m sv\u00e1te\u010dn\u00edm dni v Langenlois v\u00fdsledkov\u011b barvy MORAVCE na\u0161e odchovankyn\u011b <strong><span style=\"color: #800000;\">Ad\u00e9la \u0160af\u00e1\u0159ov\u00e1<\/span><\/strong>, kter\u00e1 dojela v z\u00e1vod\u011b \u017een na \u00a0jist\u011b v\u00fdborn\u00e9m, 14. m\u00edst\u011b&#8230; Inu MORAVCI, v\u011b\u0159te, \u017ee nen\u00ed ka\u017ed\u00fd den posv\u00edcen\u00ed&#8230; Sem mrkn\u011bte i na <strong><a href=\"https:\/\/www.kamptal-klassik-trophy.at\/en\/service\/results\/\">ned\u011bln\u00ed v\u00fdsledky<\/a><\/strong>&#8230;<\/p>\n<p>&nbsp;<\/p>\n","protected":false},"excerpt":{"rendered":"<p>Z historie je bezesporu nejzn\u00e1m\u011bj\u0161\u00ed z Karl\u016f ten &#8211; obrazn\u011b \u0159e\u010deno &#8211; s po\u0159adov\u00fdm \u010d\u00edslem IV. Nebojte se ale, v tomto \u010dl\u00e1nku skute\u010dn\u011b nechci \u0159e\u0161it hodn\u011b d\u00e1vn\u00e9 d\u011bjiny. Naopak. C\u00edlem je popsat ud\u00e1losti \u00a0ze soboty 25. b\u0159ezna, kter\u00e9 se ud\u00e1ly v r\u00e1mci tradi\u010dn\u00edho presti\u017en\u00edho MTB kl\u00e1n\u00ed \u00a0v rakousk\u00e9 vesnici mezi vinicemi, jej\u00ed\u017e jm\u00e9no &#8211; Langenlois &hellip; <a href=\"https:\/\/www.moravecteam.cz\/?p=7783\" class=\"more-link\">Pokra\u010dov\u00e1n\u00ed textu <span class=\"screen-reader-text\">Langenlois: Karel I.<\/span> <span class=\"meta-nav\">&rarr;<\/span><\/a><\/p>\n","protected":false},"author":3,"featured_media":7793,"comment_status":"open","ping_status":"closed","sticky":false,"template":"","format":"standard","meta":[],"categories":[1],"tags":[],"_links":{"self":[{"href":"https:\/\/www.moravecteam.cz\/index.php?rest_route=\/wp\/v2\/posts\/7783"}],"collection":[{"href":"https:\/\/www.moravecteam.cz\/index.php?rest_route=\/wp\/v2\/posts"}],"about":[{"href":"https:\/\/www.moravecteam.cz\/index.php?rest_route=\/wp\/v2\/types\/post"}],"author":[{"embeddable":true,"href":"https:\/\/www.moravecteam.cz\/index.php?rest_route=\/wp\/v2\/users\/3"}],"replies":[{"embeddable":true,"href":"https:\/\/www.moravecteam.cz\/index.php?rest_route=%2Fwp%2Fv2%2Fcomments&post=7783"}],"version-history":[{"count":13,"href":"https:\/\/www.moravecteam.cz\/index.php?rest_route=\/wp\/v2\/posts\/7783\/revisions"}],"predecessor-version":[{"id":7813,"href":"https:\/\/www.moravecteam.cz\/index.php?rest_route=\/wp\/v2\/posts\/7783\/revisions\/7813"}],"wp:featuredmedia":[{"embeddable":true,"href":"https:\/\/www.moravecteam.cz\/index.php?rest_route=\/wp\/v2\/media\/7793"}],"wp:attachment":[{"href":"https:\/\/www.moravecteam.cz\/index.php?rest_route=%2Fwp%2Fv2%2Fmedia&parent=7783"}],"wp:term":[{"taxonomy":"category","embeddable":true,"href":"https:\/\/www.moravecteam.cz\/index.php?rest_route=%2Fwp%2Fv2%2Fcategories&post=7783"},{"taxonomy":"post_tag","embeddable":true,"href":"https:\/\/www.moravecteam.cz\/index.php?rest_route=%2Fwp%2Fv2%2Ftags&post=7783"}],"curies":[{"name":"wp","href":"https:\/\/api.w.org\/{rel}","templated":true}]}}