{"id":7807,"date":"2017-03-27T14:40:59","date_gmt":"2017-03-27T12:40:59","guid":{"rendered":"http:\/\/www.moravecteam.cz\/?p=7807"},"modified":"2017-03-27T14:40:59","modified_gmt":"2017-03-27T12:40:59","slug":"yetti-po-trinacte","status":"publish","type":"post","link":"https:\/\/www.moravecteam.cz\/?p=7807","title":{"rendered":"YETTI po t\u0159in\u00e1ct\u00e9!"},"content":{"rendered":"<p style=\"text-align: justify;\"><strong><span style=\"color: #800000;\">Z\u00e1v\u011br p\u0159\u00edpravn\u00e9ho obdob\u00ed\u00a0doprov\u00e1z\u00ed u\u017e po l\u00e9ta\u00a0dal\u0161\u00ed z akc\u00ed s visa\u010dkou &#8222;Made In MORAVEC&#8220;. U\u017e po t\u0159in\u00e1ct\u00e9 jsme se vydali minulou ned\u011bli stopovat b\u00e1jn\u00e9 sn\u011b\u017en\u00e9 mu\u017ee YETTI, kte\u0159\u00ed v po\u010dtu dva po stejn\u00fd po\u010det rok\u016f p\u0159eb\u00fdvaj\u00ed v b\u00fdval\u00e9 partyz\u00e1nsk\u00e9 chat\u011b Hana\u010dka asi 3km v les\u00edch jihov\u00fdchodn\u011b od Bene\u0161ova. Stopov\u00e1n\u00ed bylo oproti minul\u00fdm rok\u016fm pon\u011bkud slo\u017eit\u011bj\u0161\u00ed v tom, \u017ee po sn\u011bhu u\u017e nen\u00ed na Drahansk\u00e9 vrchovin\u011b ani stopy a nespat\u0159ili jsme ho letos ani v m\u00edst\u011b p\u0159\u00edbytku sn\u011b\u017en\u00fdch mu\u017e\u016f, kter\u00fd se nach\u00e1z\u00ed na druh\u00e9m nejvy\u0161\u0161\u00edm bod\u011b Drahansk\u00e9 vrchoviny,\u00a0na kopci\u00a0Sk\u00e1ly, pnouc\u00ed se 734 metr\u016f vysoko nad hladinou Severn\u00edho mo\u0159e&#8230;<\/span><\/strong><\/p>\n<figure id=\"attachment_7824\" aria-describedby=\"caption-attachment-7824\" style=\"width: 1923px\" class=\"wp-caption alignnone\"><a href=\"http:\/\/www.moravecteam.cz\/?attachment_id=7824\" rel=\"attachment wp-att-7824\"><img decoding=\"async\" loading=\"lazy\" class=\" wp-image-7824\" alt=\"IMG_5250\" src=\"http:\/\/www.moravecteam.cz\/wp-content\/uploads\/2017\/03\/IMG_5250.jpg\" width=\"1923\" height=\"1013\" srcset=\"https:\/\/www.moravecteam.cz\/wp-content\/uploads\/2017\/03\/IMG_5250.jpg 1923w, https:\/\/www.moravecteam.cz\/wp-content\/uploads\/2017\/03\/IMG_5250-300x158.jpg 300w, https:\/\/www.moravecteam.cz\/wp-content\/uploads\/2017\/03\/IMG_5250-1024x539.jpg 1024w\" sizes=\"(max-width: 1923px) 100vw, 1923px\" \/><\/a><figcaption id=\"caption-attachment-7824\" class=\"wp-caption-text\">Spole\u010dn\u00e1 na startu p\u00e1tra\u010dky u restaurace Morava. Po\u010das\u00ed bylo tak\u0159ka ide\u00e1ln\u00ed!<\/figcaption><\/figure>\n<p style=\"text-align: justify;\">YETTI vy\u0159e\u0161ili nedostate\u010dn\u00e9 stopovac\u00ed podm\u00ednky velice elegantn\u011b a po sv\u00e9m: Aby n\u00e1m v\u0161e usnadnili a aby\u00a0se kontakt s nimi vyda\u0159il i letos,\u00a0poskytovali n\u00e1m zna\u010dky ve form\u011b obkreslen\u00e9 stopy jejich lev\u00e9 nohy na vhodn\u00fdch, dob\u0159e viditeln\u00fdch m\u00edstech (zpravidla na jehli\u010dnat\u00e9m povrchu okraje lesn\u00ed cesty). Nav\u00edc zanech\u00e1vali stopa\u0159\u016fm i dob\u0159e viditeln\u00e9 naviga\u010dn\u00ed body formou jednoduch\u00fdch psan\u00fdch zpr\u00e1v (na cel\u00e9 trase jich bylo celkem p\u011bt), tak\u017ee v kr\u00e1sn\u00e9m slunn\u00e9m odpoledni bylo zakr\u00e1tko v\u00edce ne\u017e jasn\u00e9, \u017ee se kontakt op\u011bt poda\u0159\u00ed!<\/p>\n<figure id=\"attachment_7825\" aria-describedby=\"caption-attachment-7825\" style=\"width: 1203px\" class=\"wp-caption alignnone\"><a href=\"http:\/\/www.moravecteam.cz\/?attachment_id=7825\" rel=\"attachment wp-att-7825\"><img decoding=\"async\" loading=\"lazy\" class=\" wp-image-7825\" alt=\"IMG_5328\" src=\"http:\/\/www.moravecteam.cz\/wp-content\/uploads\/2017\/03\/IMG_5328.jpg\" width=\"1203\" height=\"1388\" srcset=\"https:\/\/www.moravecteam.cz\/wp-content\/uploads\/2017\/03\/IMG_5328.jpg 1203w, https:\/\/www.moravecteam.cz\/wp-content\/uploads\/2017\/03\/IMG_5328-260x300.jpg 260w, https:\/\/www.moravecteam.cz\/wp-content\/uploads\/2017\/03\/IMG_5328-887x1024.jpg 887w\" sizes=\"(max-width: 1203px) 100vw, 1203px\" \/><\/a><figcaption id=\"caption-attachment-7825\" class=\"wp-caption-text\">Hrdinov\u00e9 dne&#8230; Oba YETTI se po roce t\u011b\u0161\u00ed v\u00fdborn\u00e9 kondici a na setk\u00e1n\u00ed s n\u00e1mi se t\u011b\u0161ili!<\/figcaption><\/figure>\n<p style=\"text-align: justify;\">P\u0159edvoj p\u00e1trac\u00ed skupiny tvo\u0159ila tentokr\u00e1t docela po\u010detn\u00e1 skupina osmi cyklist\u016f, kter\u00e1 se \u00a0jako prvn\u00ed se dv\u011bma YETTI v m\u00edst\u011b jejich &#8222;bydli\u0161t\u011b&#8220; kolem druh\u00e9 hodiny odpoledn\u00ed u\u017e letn\u00edho st\u0159edoevropsk\u00e9ho \u010dasu, pozdravila. Postupn\u011b\u00a0se u\u00a0oh\u00fdnku\u00a0v prostoru lesn\u00ed chaty\u00a0objevovali i dal\u0161\u00ed, p\u0159edev\u0161\u00edm p\u011b\u0161\u00ed skupinky, kter\u00e9 pohostili YETTI v tradi\u010dn\u00edm duchu, a se kter\u00fdmi n\u00e1sledn\u011b ope\u010den\u00fd bu\u0159t\u00edk chutnal dvojn\u00e1sob. I kdy\u017e tradi\u010dn\u00ed p\u00e1tra\u010di z Brna, kter\u00fdmi po n\u011bkolik let zp\u00e1tky v\u017edy byli na\u0161i p\u0159\u00e1tel\u00e9 z firmy Delikomat, se tentokr\u00e1t na posledn\u00ed chv\u00edli omluvili, nechyb\u011bla ani letos p\u0159edsedkyn\u011b na\u0161eho FAN Klubu Maru\u0161ka Zouharov\u00e1 a k na\u0161\u00ed velk\u00e9 radosti s n\u00e1mi po stop\u00e1ch poprv\u00e9 vyrazila i sen\u00e1torka \u010cR, ale hlavn\u011b na\u0161e kamar\u00e1dka, Mirka V\u00edtkov\u00e1 s man\u017eelem Jardou.<\/p>\n<figure id=\"attachment_7827\" aria-describedby=\"caption-attachment-7827\" style=\"width: 1493px\" class=\"wp-caption alignnone\"><a href=\"http:\/\/www.moravecteam.cz\/?attachment_id=7827\" rel=\"attachment wp-att-7827\"><img decoding=\"async\" loading=\"lazy\" class=\" wp-image-7827\" alt=\"IMG_5355\" src=\"http:\/\/www.moravecteam.cz\/wp-content\/uploads\/2017\/03\/IMG_5355.jpg\" width=\"1493\" height=\"1401\" srcset=\"https:\/\/www.moravecteam.cz\/wp-content\/uploads\/2017\/03\/IMG_5355.jpg 1493w, https:\/\/www.moravecteam.cz\/wp-content\/uploads\/2017\/03\/IMG_5355-300x281.jpg 300w, https:\/\/www.moravecteam.cz\/wp-content\/uploads\/2017\/03\/IMG_5355-1024x960.jpg 1024w\" sizes=\"(max-width: 1493px) 100vw, 1493px\" \/><\/a><figcaption id=\"caption-attachment-7827\" class=\"wp-caption-text\">Maru\u0161ka u chaty nezah\u00e1lela a p\u0159edvedla v\u0161em p\u0159\u00edtomn\u00fdm, jak soustavn\u011b mak\u00e1 s gumov\u00fdmi posilovac\u00edmi \u0161\u00e1lami.<\/figcaption><\/figure>\n<p style=\"text-align: justify;\">Krom\u011b stravovac\u00edho re\u017eimu, jsme nezapomn\u011bli samoz\u0159ejm\u011b dodr\u017eovat ani ten pitn\u00fd, no a \u017ee se n\u00e1m z proslun\u011bn\u00e9ho kopce od chaty YETTIj\u016f op\u011bt moc necht\u011blo, nemus\u00edm ani p\u0159ipom\u00ednat&#8230; P\u0159esto kolem p\u00e1t\u00e9 hodiny odpoledn\u00ed n\u00e1s p\u0159iv\u00edtalo \u00fatuln\u00e9 neku\u0159\u00e1ck\u00e9 k\u0159\u00eddlo bene\u0161ovsk\u00e9 \u00a0restaurace Morava, kde jsme pohodov\u00e9 slun\u00ed\u010dkov\u00e9 odpoledne &#8211; jako v\u017edy &#8211; zakon\u010dili. A i kdy\u017e s n\u00e1stupem letn\u00edho \u010dasu se slune\u010dn\u00ed svit prodlou\u017eil o hodinu, p\u0159esto jsme se rozch\u00e1zeli z m\u00edstn\u00ed restaurace &#8211; a\u017e za tmy&#8230; Jak jinak&#8230; Mrkn\u011bte na <strong><a href=\"http:\/\/moravecteam.rajce.idnes.cz\/2017.03.26_Po_stopach_YETTI\/\">bohatou fotogalerii <\/a><\/strong>z leto\u0161n\u00ed YETTI &#8222;p\u00e1tra\u010dky&#8220;&#8230;<\/p>\n<figure id=\"attachment_7828\" aria-describedby=\"caption-attachment-7828\" style=\"width: 2000px\" class=\"wp-caption alignnone\"><a href=\"http:\/\/www.moravecteam.cz\/?attachment_id=7828\" rel=\"attachment wp-att-7828\"><img decoding=\"async\" loading=\"lazy\" class=\" wp-image-7828\" alt=\"IMG_5375\" src=\"http:\/\/www.moravecteam.cz\/wp-content\/uploads\/2017\/03\/IMG_5375.jpg\" width=\"2000\" height=\"1379\" srcset=\"https:\/\/www.moravecteam.cz\/wp-content\/uploads\/2017\/03\/IMG_5375.jpg 2000w, https:\/\/www.moravecteam.cz\/wp-content\/uploads\/2017\/03\/IMG_5375-300x206.jpg 300w, https:\/\/www.moravecteam.cz\/wp-content\/uploads\/2017\/03\/IMG_5375-1024x706.jpg 1024w\" sizes=\"(max-width: 2000px) 100vw, 2000px\" \/><\/a><figcaption id=\"caption-attachment-7828\" class=\"wp-caption-text\">Z\u00e1v\u011bre\u010dn\u00e1 fotka &#8222;zdrav\u00e9ho j\u00e1dra&#8220; odd\u00edlu, u\u017e po soumraku&#8230;.<\/figcaption><\/figure>\n","protected":false},"excerpt":{"rendered":"<p>Z\u00e1v\u011br p\u0159\u00edpravn\u00e9ho obdob\u00ed\u00a0doprov\u00e1z\u00ed u\u017e po l\u00e9ta\u00a0dal\u0161\u00ed z akc\u00ed s visa\u010dkou &#8222;Made In MORAVEC&#8220;. U\u017e po t\u0159in\u00e1ct\u00e9 jsme se vydali minulou ned\u011bli stopovat b\u00e1jn\u00e9 sn\u011b\u017en\u00e9 mu\u017ee YETTI, kte\u0159\u00ed v po\u010dtu dva po stejn\u00fd po\u010det rok\u016f p\u0159eb\u00fdvaj\u00ed v b\u00fdval\u00e9 partyz\u00e1nsk\u00e9 chat\u011b Hana\u010dka asi 3km v les\u00edch jihov\u00fdchodn\u011b od Bene\u0161ova. Stopov\u00e1n\u00ed bylo oproti minul\u00fdm rok\u016fm pon\u011bkud slo\u017eit\u011bj\u0161\u00ed v &hellip; <a href=\"https:\/\/www.moravecteam.cz\/?p=7807\" class=\"more-link\">Pokra\u010dov\u00e1n\u00ed textu <span class=\"screen-reader-text\">YETTI po t\u0159in\u00e1ct\u00e9!<\/span> <span class=\"meta-nav\">&rarr;<\/span><\/a><\/p>\n","protected":false},"author":3,"featured_media":7826,"comment_status":"open","ping_status":"closed","sticky":false,"template":"","format":"standard","meta":[],"categories":[13],"tags":[],"_links":{"self":[{"href":"https:\/\/www.moravecteam.cz\/index.php?rest_route=\/wp\/v2\/posts\/7807"}],"collection":[{"href":"https:\/\/www.moravecteam.cz\/index.php?rest_route=\/wp\/v2\/posts"}],"about":[{"href":"https:\/\/www.moravecteam.cz\/index.php?rest_route=\/wp\/v2\/types\/post"}],"author":[{"embeddable":true,"href":"https:\/\/www.moravecteam.cz\/index.php?rest_route=\/wp\/v2\/users\/3"}],"replies":[{"embeddable":true,"href":"https:\/\/www.moravecteam.cz\/index.php?rest_route=%2Fwp%2Fv2%2Fcomments&post=7807"}],"version-history":[{"count":4,"href":"https:\/\/www.moravecteam.cz\/index.php?rest_route=\/wp\/v2\/posts\/7807\/revisions"}],"predecessor-version":[{"id":7829,"href":"https:\/\/www.moravecteam.cz\/index.php?rest_route=\/wp\/v2\/posts\/7807\/revisions\/7829"}],"wp:featuredmedia":[{"embeddable":true,"href":"https:\/\/www.moravecteam.cz\/index.php?rest_route=\/wp\/v2\/media\/7826"}],"wp:attachment":[{"href":"https:\/\/www.moravecteam.cz\/index.php?rest_route=%2Fwp%2Fv2%2Fmedia&parent=7807"}],"wp:term":[{"taxonomy":"category","embeddable":true,"href":"https:\/\/www.moravecteam.cz\/index.php?rest_route=%2Fwp%2Fv2%2Fcategories&post=7807"},{"taxonomy":"post_tag","embeddable":true,"href":"https:\/\/www.moravecteam.cz\/index.php?rest_route=%2Fwp%2Fv2%2Ftags&post=7807"}],"curies":[{"name":"wp","href":"https:\/\/api.w.org\/{rel}","templated":true}]}}