{"id":794,"date":"2015-06-16T22:10:24","date_gmt":"2015-06-16T20:10:24","guid":{"rendered":"http:\/\/www.moravecteam.cz\/?p=794"},"modified":"2015-06-18T17:27:12","modified_gmt":"2015-06-18T15:27:12","slug":"olympijske-stribro","status":"publish","type":"post","link":"https:\/\/www.moravecteam.cz\/?p=794","title":{"rendered":"Olympijsk\u00e9 st\u0159\u00edbro a bronz!"},"content":{"rendered":"<p style=\"text-align: justify;\"><span style=\"color: #800000;\"><strong>V pln\u00e9m proudu jsou VII. hry olympi\u00e1dy d\u011bt\u00ed a ml\u00e1de\u017ee v Plzni za \u00fa\u010dasti t\u0159\u00ed cyklist\u016f z \u0159ad MORAVCE. Ti svoje \u00fa\u010dinkov\u00e1n\u00ed skon\u010dili v r\u00e1mci cyklistick\u00fdch disciplin u\u017e ve st\u0159edu 17. \u010dervna 2015. A k na\u0161\u00ed velk\u00e9 radosti n\u00e1m\u00a0z\u00e1vody v klasick\u00e9m cross country a v silni\u010dn\u00edm kriteriu p\u0159inesly hned dv\u011b medaile &#8211; st\u0159\u00edbrnou a bronzovou!<\/strong><\/span><\/p>\n<p style=\"text-align: justify;\">Nejen pro MORAVEC, ale hlavn\u011b pro Jihomoravsk\u00fd kraj\u00a0 vybojovala v\u00a0kategorii star\u0161\u00edch \u017e\u00e1ky\u0148 \u00a0t\u0159in\u00e1ctilet\u00e1 <span style=\"color: #800000;\"><strong>Tereza Obo\u0159ilov\u00e1<\/strong> <span style=\"color: #000000;\">st\u0159\u00edbro<\/span> <span style=\"color: #000000;\">v klasick\u00e9m cross country (\u00fater\u00fd 16.6 2015) a bronz v silni\u010dn\u00edm krit\u00e9riu (st\u0159eda 17.6.2015)<\/span>.<\/span>\u00a0\u010ctvrt\u00e1 borka z ned\u00e1vn\u00e9ho z\u00e1vodu \u010cesk\u00e9ho poh\u00e1ru horsk\u00fdch kol v Peci pod Sn\u011b\u017ekou nesta\u010dila v \u00fatern\u00edm z\u00e1vod\u011b horsk\u00fdch kol jen na reprezentantku St\u0159edo\u010desk\u00e9ho kraje Magdalenu Mi\u0161o\u0148ovou a v silni\u010dn\u00edm krit\u00e9riu ji dok\u00e1zali p\u0159edjet pouze Burlov\u00e1 s Vernerovou. K prvn\u00edm\u00a0dv\u011bma olympijsk\u00fdm medail\u00edm\u00a0Terce blahop\u0159ejeme a d\u00edk za vzorn\u00e9 repre jak rodn\u00e9ho Kraje, tak i mate\u0159sk\u00e9ho odd\u00edlu!\u00a0<strong>\u00a0<\/strong>V na\u0161\u00ed par\u00e1dn\u00ed discipl\u00edn\u011b &#8211; MTB XCO\u00a0\u00a0kategorie \u017e\u00e1k\u016f se bohu\u017eel na\u0161i dva reprezentanti do elitn\u00ed des\u00edtky neve\u0161li. Bl\u00ed\u017ee k n\u00ed m\u011bl v c\u00edli dvan\u00e1ct\u00fd <span style=\"color: #800000;\"><strong>Michal \u0160m\u00edda,<\/strong><\/span> <strong><span style=\"color: #800000;\">Tom\u00e1\u0161 Tlamka &#8222;Contador&#8220;<\/span> <\/strong>fini\u0161oval na 17. m\u00edst\u011b.<\/p>\n<p style=\"text-align: justify;\">Ani ve st\u0159ede\u010dn\u00edm\u00a0silni\u010dn\u00edm krit\u00e9riu na\u0161i dva borci do elitn\u00ed des\u00edtky &#8211; p\u0159es v\u0161echnu snahu &#8211; nepronikli. &#8222;Contador&#8220; fini\u0161oval na 14. m\u00edst\u011b, Michal \u0160m\u00edda se v ofici\u00e1ln\u00ed v\u00fdsledkov\u00e9 listin\u011b zat\u00edm neobjevil, co se mu stalo, snad n\u00e1m\u00a0brzy up\u0159esn\u00ed v Plzni p\u0159\u00edtomn\u00fd podp\u016frn\u00fd t\u00fdm MORAVCE.<\/p>\n<p style=\"text-align: justify;\">V pond\u011bl\u00ed 15. \u010dervna 2015 startovali dva na\u0161i mu\u0161ket\u00fd\u0159\u00ed a jedna mu\u0161ket\u00fdrka v MTB sprintech a op\u011bt se v\u00edce da\u0159ilo mu\u0161ket\u00fdrce &#8211; <span style=\"color: #800000;\"><strong>Tereze Obo\u0159ilov\u00e9<\/strong><\/span>, kter\u00e1 byla po v\u00edt\u011bzstv\u00ed v \u017e\u00e1kovsk\u00e9m z\u00e1vod\u011b \u010cesk\u00e9ho poh\u00e1ru minul\u00fd v\u00edkend v Peci pod Sn\u011b\u017ekou horkou favoritkou i t\u00e9to olympijsk\u00e9 race. Terka se s p\u0159ehledm &#8222;prokousala&#8220; s\u00edtem rozj\u00ed\u017ed\u011bk do fin\u00e1le, ve kter\u00e9m nakonec dojela na nepopul\u00e1rn\u00edm, \u010dtvrt\u00e9m m\u00edst\u011b. Da\u0159ilo se j\u00ed ka\u017edop\u00e1dn\u011b v\u00edce, ne\u017e na\u0161i hoch\u016fm: ani <span style=\"color: #800000;\"><strong>Michal \u0160m\u00edda<\/strong><\/span> (ve v\u00fdsledkov\u00e9 listin\u011b bez uveden\u00ed po\u0159ad\u00ed) ani <strong><span style=\"color: #800000;\">Tom\u00e1\u0161 Tlamka &#8222;Contador&#8220;<\/span><\/strong> (ve v\u00fdsledkov\u00e9 listin\u011b zaps\u00e1n na 14. m\u00edst\u011b) se z rozj\u00ed\u017ed\u011bk do fin\u00e1lov\u00e9 j\u00edzdy bohu\u017eel neprobojovali.\u00a0\u00a0Kompletn\u00ed v\u00fdsledkov\u00e9 listiny t\u0159\u00ed olympijsk\u00fdch cyklistick\u00fdch z\u00e1vod\u016f \u017e\u00e1kovsk\u00fdch kategori\u00ed, ve kter\u00fdch byli v akci rajd\u0159i MORAVCE,\u00a0\u00a0jsou \u00a0k ov\u011b\u0159en\u00ed zde:\u00a0<strong><a href=\"http:\/\/odm.olympic.cz\/2015\/sport\/10-cyklistika\">http:\/\/odm.olympic.cz\/2015\/sport\/10-cyklistika<\/a><\/strong><\/p>\n","protected":false},"excerpt":{"rendered":"<p>V pln\u00e9m proudu jsou VII. hry olympi\u00e1dy d\u011bt\u00ed a ml\u00e1de\u017ee v Plzni za \u00fa\u010dasti t\u0159\u00ed cyklist\u016f z \u0159ad MORAVCE. Ti svoje \u00fa\u010dinkov\u00e1n\u00ed skon\u010dili v r\u00e1mci cyklistick\u00fdch disciplin u\u017e ve st\u0159edu 17. \u010dervna 2015. A k na\u0161\u00ed velk\u00e9 radosti n\u00e1m\u00a0z\u00e1vody v klasick\u00e9m cross country a v silni\u010dn\u00edm kriteriu p\u0159inesly hned dv\u011b medaile &#8211; st\u0159\u00edbrnou a bronzovou! &hellip; <a href=\"https:\/\/www.moravecteam.cz\/?p=794\" class=\"more-link\">Pokra\u010dov\u00e1n\u00ed textu <span class=\"screen-reader-text\">Olympijsk\u00e9 st\u0159\u00edbro a bronz!<\/span> <span class=\"meta-nav\">&rarr;<\/span><\/a><\/p>\n","protected":false},"author":3,"featured_media":802,"comment_status":"closed","ping_status":"closed","sticky":false,"template":"","format":"standard","meta":[],"categories":[1],"tags":[],"_links":{"self":[{"href":"https:\/\/www.moravecteam.cz\/index.php?rest_route=\/wp\/v2\/posts\/794"}],"collection":[{"href":"https:\/\/www.moravecteam.cz\/index.php?rest_route=\/wp\/v2\/posts"}],"about":[{"href":"https:\/\/www.moravecteam.cz\/index.php?rest_route=\/wp\/v2\/types\/post"}],"author":[{"embeddable":true,"href":"https:\/\/www.moravecteam.cz\/index.php?rest_route=\/wp\/v2\/users\/3"}],"replies":[{"embeddable":true,"href":"https:\/\/www.moravecteam.cz\/index.php?rest_route=%2Fwp%2Fv2%2Fcomments&post=794"}],"version-history":[{"count":15,"href":"https:\/\/www.moravecteam.cz\/index.php?rest_route=\/wp\/v2\/posts\/794\/revisions"}],"predecessor-version":[{"id":821,"href":"https:\/\/www.moravecteam.cz\/index.php?rest_route=\/wp\/v2\/posts\/794\/revisions\/821"}],"wp:featuredmedia":[{"embeddable":true,"href":"https:\/\/www.moravecteam.cz\/index.php?rest_route=\/wp\/v2\/media\/802"}],"wp:attachment":[{"href":"https:\/\/www.moravecteam.cz\/index.php?rest_route=%2Fwp%2Fv2%2Fmedia&parent=794"}],"wp:term":[{"taxonomy":"category","embeddable":true,"href":"https:\/\/www.moravecteam.cz\/index.php?rest_route=%2Fwp%2Fv2%2Fcategories&post=794"},{"taxonomy":"post_tag","embeddable":true,"href":"https:\/\/www.moravecteam.cz\/index.php?rest_route=%2Fwp%2Fv2%2Ftags&post=794"}],"curies":[{"name":"wp","href":"https:\/\/api.w.org\/{rel}","templated":true}]}}