{"id":825,"date":"2015-06-20T23:04:47","date_gmt":"2015-06-20T21:04:47","guid":{"rendered":"http:\/\/www.moravecteam.cz\/?p=825"},"modified":"2015-06-22T21:07:05","modified_gmt":"2015-06-22T19:07:05","slug":"cp-mtb-bedrichov","status":"publish","type":"post","link":"https:\/\/www.moravecteam.cz\/?p=825","title":{"rendered":"\u010cP MTB Bed\u0159ichov"},"content":{"rendered":"<h5 style=\"text-align: justify;\"><span style=\"color: #800000;\">St\u0159\u00edbrn\u00fdm p\u00edsmem s bronzov\u00fdm st\u00ednov\u00e1n\u00edm bude na tmav\u00e9m podkladov\u00e9m list\u011b zaps\u00e1na v odd\u00edlov\u00e9 kronice report\u00e1\u017e ze \u010dtvrt\u00e9ho z\u00e1vodu \u010cesk\u00e9ho poh\u00e1ru horsk\u00fdch kol, kter\u00fd se jel p\u0159edposledn\u00ed \u010dervnov\u00fd v\u00edkend r. 2015! O p\u011btin\u00e1sobn\u00fd z\u00e1pis v\u00a0t\u011bchto cenn\u00fdch barv\u00e1ch se v sobotu i v ned\u011bli postarala t\u0159i na\u0161e \u0161ikovn\u00e1 d\u011bv\u010data a jeden rtu\u0165ovit\u00fd hoch, p\u0159i\u010dem\u017e dv\u011b jezd\u00ed aktu\u00e1ln\u011b v dresu MORAVCE, jedna &#8222;sedl\u00e1 o\u0159e&#8220; st\u00e1je Nutrend Specialized a onen zm\u00edn\u011bn\u00fd mlad\u00fd mu\u017e jezd\u00ed za st\u00e1j GT Opportunity.\u00a0Po \u00a0zadu ale nez\u016fstali ani dal\u0161\u00ed na\u0161i rajd\u0159i kte\u0159\u00ed na n\u00e1ro\u010dn\u00e9 Bed\u0159ichovk\u00e9 trati, op\u011bt trpce ko\u0159en\u011bn\u00e9 de\u0161tiv\u00fdm po\u010das\u00edm, zas\u00e1hli po oba dny do boj\u016f jak v sobotn\u00edm z\u00e1vod\u011b XCE tak v ned\u011bln\u00ed XCO klasice. V\u00fdsledkem je velmi tu\u010dn\u00fd bodov\u00fd zisk, kter\u00fd n\u00e1s samoz\u0159ejm\u011b\u00a0moc t\u011b\u0161\u00ed!<\/span><\/h5>\n<h5><span style=\"color: #800000;\">Ned\u011ble 21.6.2015 &#8211;\u00a0XCO &#8211; st\u0159\u00edbro na pokar\u010dov\u00e1n\u00ed!<\/span><\/h5>\n<p style=\"text-align: justify;\">Kdo zn\u00e1 Bed\u0159ichovsk\u00e9\u00a0okruhy dob\u0159e v\u00ed, jak n\u00e1ro\u010dn\u00e9 jsou za sucha, a jejich obt\u00ed\u017enost se samoz\u0159ejm\u011b za de\u0161tiv\u00e9ho po\u010das\u00ed je\u0161t\u011b n\u00e1sob\u00ed. Po lo\u0148sk\u00fdch &#8222;bahenn\u00edch l\u00e1zn\u00edch&#8220; nebyli bike\u0159i u\u0161et\u0159eni extr\u00e9mu v podob\u011b bl\u00e1tiv\u00fdch a kluzk\u00fdch trat\u00edch ani letos, kdy a\u017e p\u0159i posledn\u00edm startu \u00a0kategorie mu\u017e\u016f ELITE se dalo hovo\u0159it o jak\u017e-tak\u017e oschl\u00e9 trati&#8230; To u\u017e jsme ale m\u011bli v ohni jenom jedno, posledn\u00ed\u00a0\u017eel\u00edzko&#8230;<\/p>\n<figure id=\"attachment_852\" aria-describedby=\"caption-attachment-852\" style=\"width: 600px\" class=\"wp-caption alignnone\"><a href=\"http:\/\/www.moravecteam.cz\/?attachment_id=852\" rel=\"attachment wp-att-852\"><img decoding=\"async\" loading=\"lazy\" class=\" wp-image-852\" alt=\"KONICA MINOLTA DIGITAL CAMERA\" src=\"http:\/\/www.moravecteam.cz\/wp-content\/uploads\/2015\/06\/01.jpg\" width=\"600\" height=\"417\" srcset=\"https:\/\/www.moravecteam.cz\/wp-content\/uploads\/2015\/06\/01.jpg 600w, https:\/\/www.moravecteam.cz\/wp-content\/uploads\/2015\/06\/01-300x208.jpg 300w\" sizes=\"(max-width: 600px) 100vw, 600px\" \/><\/a><figcaption id=\"caption-attachment-852\" class=\"wp-caption-text\">Obr\u00e1zek, kter\u00fd se neokouk\u00e1! V Bed\u0159ichov\u011b st\u0159\u00edbrn\u00e1 star\u0161\u00ed \u017e\u00e1kyn\u011b Terka Obo\u0159ilov\u00e1!<\/figcaption><\/figure>\n<p style=\"text-align: justify;\">P\u011bt na\u0161ich \u017e\u00e1k\u016f se na n\u00e1ro\u010dn\u00e9m\u00a0krat\u0161\u00edm okruhu p\u0159edstavilo v prvn\u00edm rann\u00edm startu a sv\u00fdmi state\u010dn\u00fdmi v\u00fdkony jakoby\u00a0zahr\u00e1li spr\u00e1vn\u00fd t\u00f3n i t\u011bm ostatn\u00edm. A\u0165 u\u017e to byl <strong><span style=\"color: #800000;\">Jakub Tesa\u0159<\/span><\/strong>, kter\u00fd se v mlad\u0161\u00edch \u017e\u00e1c\u00edch op\u011bt dok\u00e1zal prosadit do elitn\u00ed dvac\u00edtky, \u010di jeho star\u0161\u00ed \u017e\u00e1kov\u0161t\u00ed par\u0165\u00e1ci <strong><span style=\"color: #800000;\">Michal \u0160m\u00edda<\/span> <\/strong>(v c\u00edli 22.) s <strong><span style=\"color: #800000;\">Tom\u00e1\u0161em Tlamkou &#8222;Contadorem&#8220;<\/span><\/strong> (16. m\u00edsto), kte\u0159\u00ed do horn\u00ed poloviny v\u00fdsledkov\u00fdch listin pat\u0159\u00ed ji\u017e stabiln\u011b, \u010di star\u0161\u00ed \u017e\u00e1kyn\u011b <strong><span style=\"color: #800000;\">Terka Obo\u0159ilov\u00e1<\/span><\/strong> s <span style=\"color: #800000;\"><strong>Ani\u010dkou Zem\u00e1nkovou<\/strong> <\/span>(dojela na 14. m\u00edst\u011b), kdy prvn\u011b jmenovan\u00e1 po si po v\u00fdborn\u00e9m v\u00fdkonu dojela v Bed\u0159ichov\u011b pro\u00a0premi\u00e9rovou velkou bikovou medaili &#8211; a hned rovnou pro st\u0159\u00edbrnou!<\/p>\n<p style=\"text-align: justify;\">Mezi po\u010detn\u00fdm startovn\u00edm polem kadet\u016f sv\u00e1d\u011bl z MORAVC\u016e s\u00e1m jedin\u00fd state\u010dn\u00e9 souboje s tvrdou\u00a0 konkurenc\u00ed <strong><span style=\"color: #800000;\">Honza \u0160m\u00edda<\/span><\/strong> a tentokr\u00e1t fini\u0161oval na 36. m\u00edst\u011b, co\u017e znamen\u00e1, \u017ee ho od vytou\u017een\u00fdch prvn\u00edch leto\u0161n\u00edch poh\u00e1rov\u00fdch bod\u016f\u00a0d\u011blila ji\u017e jen jedna pouhopouh\u00e1 pozice&#8230;<\/p>\n<figure id=\"attachment_853\" aria-describedby=\"caption-attachment-853\" style=\"width: 600px\" class=\"wp-caption alignnone\"><a href=\"http:\/\/www.moravecteam.cz\/?attachment_id=853\" rel=\"attachment wp-att-853\"><img decoding=\"async\" loading=\"lazy\" class=\" wp-image-853\" alt=\"KONICA MINOLTA DIGITAL CAMERA\" src=\"http:\/\/www.moravecteam.cz\/wp-content\/uploads\/2015\/06\/02.jpg\" width=\"600\" height=\"455\" srcset=\"https:\/\/www.moravecteam.cz\/wp-content\/uploads\/2015\/06\/02.jpg 600w, https:\/\/www.moravecteam.cz\/wp-content\/uploads\/2015\/06\/02-300x227.jpg 300w\" sizes=\"(max-width: 600px) 100vw, 600px\" \/><\/a><figcaption id=\"caption-attachment-853\" class=\"wp-caption-text\">St\u0159\u00edbrnou &#8222;bednovou&#8220; premi\u00e9ru m\u00e1 z Bed\u0159ichova \u00fasp\u011b\u0161n\u011b za sebou i kadetka Jana Tesa\u0159ov\u00e1!<\/figcaption><\/figure>\n<p style=\"text-align: justify;\">Kadetky jeli z na\u0161ich \u0159ad &#8211; podobn\u011b jako v Praze &#8211; v s\u00edle dvou d\u00edvek a obdobn\u011b jako n\u00e1m medailov\u00fdm \u00fasp\u011bchem ud\u011blala radost Terka Obo\u0159ilov\u00e1, dok\u00e1zala ji do punt\u00edku napodobit v\u00fdborn\u00fdm v\u00fdkonem i v\u00fdsledkem <strong><span style=\"color: #800000;\">Jana Tesa\u0159ov\u00e1<\/span><\/strong>! I ona si tedy v Bed\u0159ichov\u011b po z\u00e1sluze vychutnala prvn\u00ed velkou &#8222;bednu&#8220;. A v\u00fdte\u010dn\u011b si p\u0159i sv\u00e9m teprve druh\u00e9m poh\u00e1rov\u00e9m startu op\u011bt vedla v c\u00edli \u010dtrn\u00e1ct\u00e1 <strong><span style=\"color: #800000;\">Monika Kone\u010dn\u00e1,<\/span><\/strong> kter\u00e1 tak obh\u00e1jila v\u00fdborn\u00fd v\u00fdsledek z pra\u017esk\u00fdch \u0158ep.\u00a0Kdateky zkr\u00e1tka v Bed\u0159ichov\u011b &#8222;v\u00e1lely&#8220;!<\/p>\n<p style=\"text-align: justify;\">Starty juniorsk\u00fdch kategori\u00ed n\u00e1s tentokr\u00e1t zaj\u00edmaly v souvislosti s \u00fa\u010dinkov\u00e1n\u00edm v nich na\u0161ich odchovanc\u016f <strong><span style=\"color: #800000;\">Dominika Prudka<\/span> <\/strong>a <span style=\"color: #800000;\"><strong>Ad\u00e9ly \u0160af\u00e1\u0159ov\u00e9<\/strong><\/span>. Oba ani tentokr\u00e1t nezklamali, kdy\u017e Dom\u010da taky hodn\u011b\u00a0dlouho pom\u00fd\u0161lel na medailov\u00e9 um\u00edst\u011bn\u00ed (v c\u00edli z toho bylo nakonec 6. m\u00edsto) a stejn\u011b tak si na medaili brousila zuby i Adys.\u00a0A poda\u0159ilo se:\u00a0druh\u00fdm m\u00edstem podr\u017eela &#8222;barvu&#8220; toho dne, kterou pro n\u00e1s byla jednozna\u010dn\u011b st\u0159\u00edbrn\u00e1. Dopln\u00edm je\u0161t\u011b um\u00edst\u011bn\u00ed t\u0159et\u00edho na\u0161eho odchovance &#8211; <strong><span style=\"color: #800000;\">Jirky \u0160t\u011bpan\u00edka<\/span> <\/strong>(Kulhav\u00fd Cycling), kter\u00fd dokon\u010dil z\u00e1vod junior\u016f na 22. m\u00edst\u011b.<\/p>\n<figure id=\"attachment_854\" aria-describedby=\"caption-attachment-854\" style=\"width: 600px\" class=\"wp-caption alignnone\"><a href=\"http:\/\/www.moravecteam.cz\/?attachment_id=854\" rel=\"attachment wp-att-854\"><img decoding=\"async\" loading=\"lazy\" class=\" wp-image-854\" alt=\"KONICA MINOLTA DIGITAL CAMERA\" src=\"http:\/\/www.moravecteam.cz\/wp-content\/uploads\/2015\/06\/03.jpg\" width=\"600\" height=\"385\" srcset=\"https:\/\/www.moravecteam.cz\/wp-content\/uploads\/2015\/06\/03.jpg 600w, https:\/\/www.moravecteam.cz\/wp-content\/uploads\/2015\/06\/03-300x192.jpg 300w\" sizes=\"(max-width: 600px) 100vw, 600px\" \/><\/a><figcaption id=\"caption-attachment-854\" class=\"wp-caption-text\">Ad\u00e9la \u0160af\u00e1\u0159ov\u00e1 nav\u00e1zala na st\u0159\u00edbrnou nit na\u0161ich holek! V z\u00e1vod\u011b juniorek nestihla p\u0159edjet pouze Janu Czecinkarovou.<\/figcaption><\/figure>\n<p style=\"text-align: justify;\">Dva na\u0161i dosp\u011bl\u00ed mu\u017e\u0161t\u00ed z\u00e1stupci beze zbytku \u00a0tak\u00e9 potvrdili celkovou \u00fasp\u011b\u0161nost\u00a0v\u00edkendov\u00e9ho v\u00fdsadku SILVER C. <strong><span style=\"color: #800000;\">Luk\u00e1\u0161 Gregor<\/span><\/strong> si i v Bed\u0159ichov\u011b dojel zku\u0161en\u011b mezi EXPERTY pro body za 17. m\u00edsto v c\u00edli a <strong><span style=\"color: #800000;\">Radim Kov\u00e1\u0159<\/span> <\/strong>se po leto\u0161n\u00edm nejlep\u0161\u00edm v\u00fdkonu dral v z\u00e1vod\u011b Eli\u0165\u00e1k\u016f mocn\u011b do prvn\u00ed dvac\u00edtky. Tentokr\u00e1t to je\u0161t\u011b t\u011bsn\u011b nevy\u0161lo, ale 23. m\u00edsto absolutn\u011b a 7.\u00a0m\u00edsto\u00a0v U23 je v\u00fdborn\u00fdm po\u010dinem\u00a0 rajdra, kter\u00fd z\u00e1vod\u00ed st\u00e1le je\u0161t\u011b zdravotn\u011b determinov\u00e1n.<\/p>\n<p style=\"text-align: justify;\">Na\u0161im medailist\u016fm blahop\u0159ejeme a v\u0161em pak bez v\u00fdjimky vysek\u00e1v\u00e1m hlubokou poklonu za odvedenou v\u00edkendovou pr\u00e1ci, podp\u016frn\u00fd t\u00fdm samoz\u0159ejm\u011b nevyj\u00edmaje! Pot\u011b\u0161uj\u00edc\u00ed v\u00fdsledkov\u00fd ned\u011bln\u00ed sum\u00e1\u0159 na\u0161ich z Bed\u0159ichova je tedy (v\u010detn\u011b uveden\u00ed pr\u016fb\u011b\u017en\u00e9ho po\u0159ad\u00ed po \u010dty\u0159ech z\u00e1vodech) tento:<\/p>\n<ul>\n<li>Mlad\u0161\u00ed \u017e\u00e1ci &#8211; Jakub Tesa\u0159 19. m\u00edsto \/ celkov\u011b 15. m\u00edsto<\/li>\n<li>Star\u0161\u00ed \u017e\u00e1kyn\u011b &#8211; <span style=\"color: #800000;\"><strong>Tereza Obo\u0159ilov\u00e1 2.m\u00edsto<\/strong>\u00a0<span style=\"color: #000000;\">\/ 6. m\u00edsto<\/span><\/span>, \u00a0Anna Zem\u00e1nkov\u00e1 14. m\u00edsto \/ 17. m\u00edsto<\/li>\n<li>Star\u0161\u00ed \u017e\u00e1ci &#8211; Tom\u00e1\u0161 Tlamka &#8222;Contador&#8220; 16. m\u00edsto \/ 12. m\u00edsto, Michal \u0160m\u00edda 22. m\u00edsto \/ 23. m\u00edsto<\/li>\n<li>Kadetky &#8211; <strong><span style=\"color: #800000;\">Jana Tesa\u0159ov\u00e1 2. m\u00edsto<\/span><\/strong><span style=\"color: #800000;\">\u00a0<\/span><span style=\"color: #800000;\"><span style=\"color: #000000;\">\/ 3. m\u00edsto<\/span><\/span>, Monika Kone\u010dn\u00e1 14. m\u00edsto \/ 16. m\u00edsto<\/li>\n<li>Kadeti &#8211; Honza \u0160m\u00edda 36. m\u00edsto \/ dosud nebodoval &#8211; celkov\u011b bez ur\u010den\u00ed po\u0159ad\u00ed, Mat\u011bj Maz\u00e1nek nestartoval \/ dosud nebodoval &#8211; celkov\u011b bez ur\u010den\u00ed po\u0159ad\u00ed<\/li>\n<li>Juniorky &#8211; <strong><span style=\"color: #800000;\">Ad\u00e9la \u0160af\u00e1\u0159ov\u00e1 2. m\u00edsto<\/span><\/strong><span style=\"color: #800000;\">\u00a0<\/span><span style=\"color: #800000;\"><span style=\"color: #000000;\">\/ 2. m\u00edsto<\/span><\/span><\/li>\n<li>Junio\u0159i &#8211; Dominik Prudek 6. m\u00edsto \/ 6. m\u00edsto, Jirka \u0160t\u011bpan\u00edk 22. m\u00edsto \/ 29. m\u00edsto, Patrik Kol\u00e1\u0159 nestartoval \/ celkov\u011b 54. m\u00edsto<\/li>\n<li>Mu\u017ei EXPERT &#8211; Luk\u00e1\u0161 Gregor 17. m\u00edsto \/ 20. m\u00edsto<\/li>\n<li>Mu\u017ei \u00a0ELITE \/ U23 &#8211; Radim Kov\u00e1\u0159 23. m\u00edsto \/ 60. m\u00edsto &#8211; 7. m\u00edsto \/ 24. m\u00edsto<\/li>\n<\/ul>\n<p style=\"text-align: justify;\">V\u00fdsledky:<strong> <a href=\"http:\/\/sportsoft.cz\/cs\/zavod\/overview\/1527\">http:\/\/sportsoft.cz\/cs\/zavod\/overview\/1527<\/a><\/strong>.<\/p>\n<p style=\"text-align: justify;\">Fotky: <a href=\"http:\/\/moravecteam.rajce.idnes.cz\/2015.06.20-21._CP_MTB_Bedrichov\/\"><strong>http:\/\/moravecteam.rajce.idnes.cz\/<\/strong><\/a><\/p>\n<h5><span style=\"color: #800000;\">Sobota 20.6.2015 &#8211;\u00a0XCE &#8211; st\u0159\u00edbro Tereza, bronz Dom\u010da<\/span><\/h5>\n<p style=\"text-align: justify;\">Sedm na\u0161ich rajdr\u016f zas\u00e1hlo do sprintersk\u00fdch souboj\u016f v prologu \u010dtvrt\u00e9ho z\u00e1vodu \u010cesk\u00e9ho poh\u00e1ru horsk\u00fdch kol v Bed\u0159ichov\u011b. \u010cty\u0159i um\u00edst\u011bn\u00ed v prvn\u00ed des\u00edtce nazna\u010duj\u00ed, \u017ee sprint\u00e9rsky se n\u00e1m letos nad m\u00edru da\u0159\u00ed. Svoje v\u00fdsadn\u00ed postaven\u00ed v t\u00e9to disciplin\u011b potvrdila mezi \u017e\u00e1kyn\u011bmi st\u0159\u00edbrnou bednou t\u0159in\u00e1ctilet\u00e1\u00a0<strong><span style=\"color: #800000;\">Tereza Obo\u0159ilov\u00e1<\/span><\/strong> a potvrdila, \u017ee ani zlato z p\u0159edchoz\u00edho z\u00e1vodu \u010cP v Peci pod Sn\u011b\u017ekou, ani medaile z Olympi\u00e1dy d\u011bt\u00ed a ml\u00e1de\u017ee v Plzni nebyly zdaleka n\u00e1hodn\u00fdm v\u00fdsledkem, Terka za\u017eila deset \u00fasp\u011b\u0161n\u00fdch dn\u016f ozdoben\u00fdch medailemi v pravd\u011b v\u0161eho druhu! Blahop\u0159ejeme a d\u00edky za vzorn\u00e9 repre MORAVCE.<\/p>\n<figure id=\"attachment_855\" aria-describedby=\"caption-attachment-855\" style=\"width: 600px\" class=\"wp-caption alignnone\"><a href=\"http:\/\/www.moravecteam.cz\/?attachment_id=855\" rel=\"attachment wp-att-855\"><img decoding=\"async\" loading=\"lazy\" class=\" wp-image-855\" alt=\"KONICA MINOLTA DIGITAL CAMERA\" src=\"http:\/\/www.moravecteam.cz\/wp-content\/uploads\/2015\/06\/04.jpg\" width=\"600\" height=\"434\" srcset=\"https:\/\/www.moravecteam.cz\/wp-content\/uploads\/2015\/06\/04.jpg 600w, https:\/\/www.moravecteam.cz\/wp-content\/uploads\/2015\/06\/04-300x217.jpg 300w\" sizes=\"(max-width: 600px) 100vw, 600px\" \/><\/a><figcaption id=\"caption-attachment-855\" class=\"wp-caption-text\">Kapky st\u0159\u00edbrn\u00e9ho lesku zkropili zaslou\u017een\u011b po sobotn\u00edm sprintu Terezu Obo\u0159ilovou!<\/figcaption><\/figure>\n<p style=\"text-align: justify;\">Pozadu nez\u016fstali ani dal\u0161\u00ed na\u0161i mlad\u00ed bike\u0159i. Na n\u00e1hradn\u00edm kole si dosprintovala pro \u0161est\u00e9 m\u00edsto Ter\u010dina kolegyn\u011b v kategorii &#8211; <span style=\"color: #800000;\"><strong>Ani\u010dka Zem\u00e1nkov\u00e1.<\/strong> <\/span>Stejn\u00e9ho v\u00fdsledku dos\u00e1hl ve stejn\u00e9 v\u011bkov\u00e9 klu\u010d\u010di\u010d\u00ed kategorii (byla z\u00e1vodnicky nejv\u00edce obsazen\u00e1) <strong><span style=\"color: #800000;\">Michal \u0160m\u00edda<\/span><\/strong>, kdy jeho par\u0165\u00e1k <strong><span style=\"color: #800000;\">Tom\u00e1\u0161 Tlamka &#8222;Contador&#8220;<\/span><\/strong> fini\u0161oval na 13. m\u00edst\u011b a 37. p\u0159\u00ed\u010dku si vyjel mezi star\u0161\u00edmi \u017e\u00e1ky v\u011bkem je\u0161t\u011b mlad\u0161\u00ed \u017e\u00e1k &#8211; <strong><span style=\"color: #800000;\">Jakub Tesa\u0159.<\/span><\/strong> Po &#8222;bedn\u011b&#8220; op\u011bt po\u0161ilh\u00e1vala kadetka <span style=\"color: #800000;\"><strong>Jana Tesa\u0159ov\u00e1<\/strong><\/span>, kterou d\u011blili od bronzu nakonec necel\u00e9 t\u0159i vte\u0159inky&#8230; Kadet <strong><span style=\"color: #800000;\">Honza \u0160m\u00edda<\/span><\/strong> se ve\u0161el ve v\u00fdsledkov\u00fdch listin\u00e1ch do elitn\u00ed dvac\u00edtky (19. m\u00edsto). I tu\u0165 se slu\u0161\u00ed p\u011btici na\u0161ich pochv\u00e1lit za bojovn\u00e9 v\u00fdkony a vzorn\u00e9 repre odd\u00edlu.<\/p>\n<figure id=\"attachment_856\" aria-describedby=\"caption-attachment-856\" style=\"width: 600px\" class=\"wp-caption alignnone\"><a href=\"http:\/\/www.moravecteam.cz\/?attachment_id=856\" rel=\"attachment wp-att-856\"><img decoding=\"async\" loading=\"lazy\" class=\" wp-image-856\" alt=\"KONICA MINOLTA DIGITAL CAMERA\" src=\"http:\/\/www.moravecteam.cz\/wp-content\/uploads\/2015\/06\/05.jpg\" width=\"600\" height=\"347\" srcset=\"https:\/\/www.moravecteam.cz\/wp-content\/uploads\/2015\/06\/05.jpg 600w, https:\/\/www.moravecteam.cz\/wp-content\/uploads\/2015\/06\/05-300x173.jpg 300w\" sizes=\"(max-width: 600px) 100vw, 600px\" \/><\/a><figcaption id=\"caption-attachment-856\" class=\"wp-caption-text\">Smoln\u00e9 dny jsou kone\u010dn\u011b pry\u010d! Dominik Prudek si dospurtoval v sobotn\u00edm zmokl\u00e9m ELIMINATORU pro zaslou\u017een\u00fd bronz!<\/figcaption><\/figure>\n<p style=\"text-align: justify;\">Ve v\u00fdborn\u00e9m sv\u011btle se v ELIMIN\u00c1TORU p\u0159edtavili i na\u0161i odchovanci. <strong><span style=\"color: #800000;\">Ad\u00e9la \u0160af\u00e1\u0159ov\u00e1<\/span><\/strong> (Nutrend Specialized) byla klasifikov\u00e1na na 5. m\u00edst\u011b a <strong><span style=\"color: #800000;\">Dominik Prudek<\/span><\/strong> (GT Opportunity) kone\u010dn\u011b zp\u0159etrhal pavu\u010diny sm\u016fly, kter\u00fdmi byl v minul\u00fdch z\u00e1vodech veskrze ovinut a &#8222;do\u0161purtoval&#8220; si pro zaslou\u017een\u00fd bronz! Blahop\u0159ejeme! Kompletn\u00ed v\u00fdsledkov\u00fd servis je u\u017e k ov\u011b\u0159en\u00ed zde:<strong><a href=\"http:\/\/sportsoft.cz\/cs\/zavod\/overview\/1527\">http:\/\/sportsoft.cz\/cs\/zavod\/overview\/1527<\/a>.\u00a0<\/strong><\/p>\n","protected":false},"excerpt":{"rendered":"<p>St\u0159\u00edbrn\u00fdm p\u00edsmem s bronzov\u00fdm st\u00ednov\u00e1n\u00edm bude na tmav\u00e9m podkladov\u00e9m list\u011b zaps\u00e1na v odd\u00edlov\u00e9 kronice report\u00e1\u017e ze \u010dtvrt\u00e9ho z\u00e1vodu \u010cesk\u00e9ho poh\u00e1ru horsk\u00fdch kol, kter\u00fd se jel p\u0159edposledn\u00ed \u010dervnov\u00fd v\u00edkend r. 2015! O p\u011btin\u00e1sobn\u00fd z\u00e1pis v\u00a0t\u011bchto cenn\u00fdch barv\u00e1ch se v sobotu i v ned\u011bli postarala t\u0159i na\u0161e \u0161ikovn\u00e1 d\u011bv\u010data a jeden rtu\u0165ovit\u00fd hoch, p\u0159i\u010dem\u017e dv\u011b jezd\u00ed aktu\u00e1ln\u011b &hellip; <a href=\"https:\/\/www.moravecteam.cz\/?p=825\" class=\"more-link\">Pokra\u010dov\u00e1n\u00ed textu <span class=\"screen-reader-text\">\u010cP MTB Bed\u0159ichov<\/span> <span class=\"meta-nav\">&rarr;<\/span><\/a><\/p>\n","protected":false},"author":3,"featured_media":844,"comment_status":"closed","ping_status":"closed","sticky":false,"template":"","format":"standard","meta":[],"categories":[1],"tags":[],"_links":{"self":[{"href":"https:\/\/www.moravecteam.cz\/index.php?rest_route=\/wp\/v2\/posts\/825"}],"collection":[{"href":"https:\/\/www.moravecteam.cz\/index.php?rest_route=\/wp\/v2\/posts"}],"about":[{"href":"https:\/\/www.moravecteam.cz\/index.php?rest_route=\/wp\/v2\/types\/post"}],"author":[{"embeddable":true,"href":"https:\/\/www.moravecteam.cz\/index.php?rest_route=\/wp\/v2\/users\/3"}],"replies":[{"embeddable":true,"href":"https:\/\/www.moravecteam.cz\/index.php?rest_route=%2Fwp%2Fv2%2Fcomments&post=825"}],"version-history":[{"count":28,"href":"https:\/\/www.moravecteam.cz\/index.php?rest_route=\/wp\/v2\/posts\/825\/revisions"}],"predecessor-version":[{"id":859,"href":"https:\/\/www.moravecteam.cz\/index.php?rest_route=\/wp\/v2\/posts\/825\/revisions\/859"}],"wp:featuredmedia":[{"embeddable":true,"href":"https:\/\/www.moravecteam.cz\/index.php?rest_route=\/wp\/v2\/media\/844"}],"wp:attachment":[{"href":"https:\/\/www.moravecteam.cz\/index.php?rest_route=%2Fwp%2Fv2%2Fmedia&parent=825"}],"wp:term":[{"taxonomy":"category","embeddable":true,"href":"https:\/\/www.moravecteam.cz\/index.php?rest_route=%2Fwp%2Fv2%2Fcategories&post=825"},{"taxonomy":"post_tag","embeddable":true,"href":"https:\/\/www.moravecteam.cz\/index.php?rest_route=%2Fwp%2Fv2%2Ftags&post=825"}],"curies":[{"name":"wp","href":"https:\/\/api.w.org\/{rel}","templated":true}]}}