{"id":860,"date":"2015-06-22T22:11:45","date_gmt":"2015-06-22T20:11:45","guid":{"rendered":"http:\/\/www.moravecteam.cz\/?p=860"},"modified":"2015-06-25T09:32:27","modified_gmt":"2015-06-25T07:32:27","slug":"co-se-bude-dit-st26","status":"publish","type":"post","link":"https:\/\/www.moravecteam.cz\/?p=860","title":{"rendered":"Co se bude d\u00edt? (ST26)"},"content":{"rendered":"<h5><span style=\"color: #800000;\">\u00dater\u00fd 23.6.2015<\/span><\/h5>\n<p>Pravideln\u00fd tr\u00e9nink z\u00e1vodn\u00edho t\u00fdmu pro \u010cesk\u00e9 poh\u00e1ry s\u00a0V\u00ed\u0165ou Prudkem.\u00a0Sraz v Boskovic\u00edch u Novibry v 17.00 hodin. Kdo se nebude moci \u00fa\u010dastnit, omluvte se v\u010das V\u00ed\u0165ovi na jeho mobiln\u00ed apart\u00e1t s identifik\u00e1torem\u00a0731 180 096.<\/p>\n<h5><span style=\"color: #800000;\">St\u0159eda 24.6.2015<\/span><\/h5>\n<p style=\"text-align: justify;\">Pravideln\u00fd tr\u00e9nink biker\u016f MORAVCE &#8222;druh\u00e9ho sledu&#8220; &#8211; tj. t\u011bch, kte\u0159\u00ed je\u0161t\u011b \u010cesk\u00fd poh\u00e1r horsk\u00fdch kol nejezd\u00ed, ale jsou zdatn\u00ed v region\u00e1ln\u00edm seri\u00e1lu o Poh\u00e1r Drahansk\u00e9 vrchoviny. Sraz mlad\u00fdch biker\u016f je v 17.00 hodin, u Z\u0160 Bene\u0161ov, tr\u00e9nink povede\u00a0Milan Tlamka.\u00a0V p\u0159\u00edpad\u011b \u00a0dotaz\u016f kontaktujte Milana na jeho mobiln\u00ed apar\u00e1t s identifik\u00e1torem\u00a0776 108 046.<\/p>\n<h5><span style=\"color: #800000;\">Sobota\u00a027.6. 2015<\/span><\/h5>\n<p>\u010ctvrt\u00fd\u00a0z\u00e1vod MTB Poh\u00e1ru Drahansk\u00e9 vrchoviny, kter\u00fd se jede ve \u017d\u010f\u00e1rn\u00e9.\u00a0<span style=\"line-height: 1.5;\">Propozice:\u00a0<\/span><strong><a title=\"PDV \u017d\u010f\u00e1rn\u00e1\" href=\"http:\/\/www.pohardrahanskevrchoviny.cz\/zdarenske-obecni-kriterium\/\">http:\/\/www.pohardrahanskevrchoviny.cz\/zdarenske-obecni-kriterium\/<\/a><\/strong>. \u00da\u010dast a dopravu si ka\u017ed\u00fd zaji\u0161\u0165uje s\u00e1m.<strong style=\"line-height: 1.5;\"><br \/>\n<\/strong><\/p>\n<h5 style=\"text-align: justify;\"><span style=\"color: #800000;\"><strong>St\u0159eda 24.6.2015 a\u017e ned\u011ble 28.6.2015<\/strong><\/span><\/h5>\n<p style=\"text-align: justify;\">Silni\u010dn\u00ed mistrovstv\u00ed \u010cR junior\u016f a dosp\u011bl\u00fdch, kter\u00e9 se kon\u00e1 v \u017dilin\u011b. Budeme bedliv\u011b sledovat, proto\u017ee v juniorsk\u00fdch kategori\u00edch zde budou startovat na\u0161i odchovanci &#8211; Ad\u00e9la \u0160af\u00e1\u0159ov\u00e1 a Dominik Prudek. Odkaz na propozice najdete na Svazov\u00fdch str\u00e1nk\u00e1ch : <a href=\"http:\/\/www.ceskysvazcyklistiky.cz\/\"><strong>http:\/\/www.ceskysvazcyklistiky.cz\/<\/strong><\/a><\/p>\n<p style=\"text-align: justify;\">\n<p>&nbsp;<\/p>\n<h5><\/h5>\n","protected":false},"excerpt":{"rendered":"<p>\u00dater\u00fd 23.6.2015 Pravideln\u00fd tr\u00e9nink z\u00e1vodn\u00edho t\u00fdmu pro \u010cesk\u00e9 poh\u00e1ry s\u00a0V\u00ed\u0165ou Prudkem.\u00a0Sraz v Boskovic\u00edch u Novibry v 17.00 hodin. Kdo se nebude moci \u00fa\u010dastnit, omluvte se v\u010das V\u00ed\u0165ovi na jeho mobiln\u00ed apart\u00e1t s identifik\u00e1torem\u00a0731 180 096. St\u0159eda 24.6.2015 Pravideln\u00fd tr\u00e9nink biker\u016f MORAVCE &#8222;druh\u00e9ho sledu&#8220; &#8211; tj. t\u011bch, kte\u0159\u00ed je\u0161t\u011b \u010cesk\u00fd poh\u00e1r horsk\u00fdch kol nejezd\u00ed, ale jsou &hellip; <a href=\"https:\/\/www.moravecteam.cz\/?p=860\" class=\"more-link\">Pokra\u010dov\u00e1n\u00ed textu <span class=\"screen-reader-text\">Co se bude d\u00edt? (ST26)<\/span> <span class=\"meta-nav\">&rarr;<\/span><\/a><\/p>\n","protected":false},"author":3,"featured_media":0,"comment_status":"closed","ping_status":"closed","sticky":false,"template":"","format":"standard","meta":[],"categories":[11],"tags":[],"_links":{"self":[{"href":"https:\/\/www.moravecteam.cz\/index.php?rest_route=\/wp\/v2\/posts\/860"}],"collection":[{"href":"https:\/\/www.moravecteam.cz\/index.php?rest_route=\/wp\/v2\/posts"}],"about":[{"href":"https:\/\/www.moravecteam.cz\/index.php?rest_route=\/wp\/v2\/types\/post"}],"author":[{"embeddable":true,"href":"https:\/\/www.moravecteam.cz\/index.php?rest_route=\/wp\/v2\/users\/3"}],"replies":[{"embeddable":true,"href":"https:\/\/www.moravecteam.cz\/index.php?rest_route=%2Fwp%2Fv2%2Fcomments&post=860"}],"version-history":[{"count":6,"href":"https:\/\/www.moravecteam.cz\/index.php?rest_route=\/wp\/v2\/posts\/860\/revisions"}],"predecessor-version":[{"id":868,"href":"https:\/\/www.moravecteam.cz\/index.php?rest_route=\/wp\/v2\/posts\/860\/revisions\/868"}],"wp:attachment":[{"href":"https:\/\/www.moravecteam.cz\/index.php?rest_route=%2Fwp%2Fv2%2Fmedia&parent=860"}],"wp:term":[{"taxonomy":"category","embeddable":true,"href":"https:\/\/www.moravecteam.cz\/index.php?rest_route=%2Fwp%2Fv2%2Fcategories&post=860"},{"taxonomy":"post_tag","embeddable":true,"href":"https:\/\/www.moravecteam.cz\/index.php?rest_route=%2Fwp%2Fv2%2Ftags&post=860"}],"curies":[{"name":"wp","href":"https:\/\/api.w.org\/{rel}","templated":true}]}}