{"id":869,"date":"2015-06-25T09:44:00","date_gmt":"2015-06-25T07:44:00","guid":{"rendered":"http:\/\/www.moravecteam.cz\/?p=869"},"modified":"2015-06-25T11:48:12","modified_gmt":"2015-06-25T09:48:12","slug":"dve-placky-z-tour-de-kids","status":"publish","type":"post","link":"https:\/\/www.moravecteam.cz\/?p=869","title":{"rendered":"&#8222;Placky&#8220; z Tour de Kids!"},"content":{"rendered":"<p style=\"text-align: justify;\">Seri\u00e1l cyklistick\u00fdch z\u00e1vod\u016f pro nejmen\u0161\u00ed &#8211; Tour de Kids m\u011bl minulou sobotu dostaven\u00ed\u010dko v Brn\u011b a tato skute\u010dnost neunikla <a href=\"http:\/\/www.moravecteam.cz\/?attachment_id=919\" rel=\"attachment wp-att-919\"><img decoding=\"async\" loading=\"lazy\" class=\" wp-image-919 alignleft\" title=\"Lucinka Koudelkov\u00e1 v Brn\u011b prok\u00e1zala svoje bikersk\u00e9 kvality!\" alt=\"lucinka\" src=\"http:\/\/www.moravecteam.cz\/wp-content\/uploads\/2015\/06\/lucinka.jpg\" width=\"104\" height=\"150\" \/><\/a><a href=\"http:\/\/www.moravecteam.cz\/?attachment_id=920\" rel=\"attachment wp-att-920\"><img decoding=\"async\" loading=\"lazy\" class=\"size-full wp-image-920 alignleft\" title=\"Maty\u00e1\u0161 Koudelka nez\u00fastal za svou sestrou o moc pozadu!\" alt=\"maty\u00e1\u0161\" src=\"http:\/\/www.moravecteam.cz\/wp-content\/uploads\/2015\/06\/maty\u00e1\u0161.jpg\" width=\"110\" height=\"150\" \/><\/a>sourozenc\u016fm Lucii a Maty\u00e1\u0161ovi Koudelkov\u00fdm, resp. jejich starostliv\u00fdm rodi\u010d\u016fm, kte\u0159\u00ed svoje mal\u00e9 talentovan\u00e9 sv\u011b\u0159ence do z\u00e1vodu p\u0159ihl\u00e1sili a do boj\u016f vyslali.\u00a0A nemuseli litovat. Naopak. Jejich ratolesti se jim odvd\u011b\u010dili nejen v\u00fdborn\u00fdmi v\u00fdkony, ale p\u0159edev\u0161\u00edm medailov\u00fdmi v\u00fdsledky, kdy\u017e <span style=\"color: #800000;\"><strong>Lucinka Koudelkov\u00e1<\/strong> <\/span>svoji kategorii s p\u0159ehledem vyhr\u00e1la a <strong><span style=\"color: #800000;\">Maty\u00e1\u0161ek Koudelka<\/span> <\/strong>fini\u0161oval t\u011bsn\u011b na druh\u00e9m m\u00edst\u011b! Na\u0161im dv\u011bma \u0161ikovn\u00fdm rajdr\u016fm blahop\u0159ejeme a d\u00edky za vzorn\u00e9 repre MORAVCE. V\u00fdborn\u00e9 v\u00fdsledky si m\u016f\u017eete ov\u011b\u0159it zde: <strong><a href=\"http:\/\/www.tourdekids.cz\/zavody-2015\/brno\/\">http:\/\/www.tourdekids.cz\/zavody-2015\/brno\/<\/a>, <\/strong>v\u010detn\u011b dal\u0161\u00edch informac\u00ed o st\u00e1le popul\u00e1rn\u011bj\u0161\u00edm\u00a0seri\u00e1lu d\u011btsk\u00fdch cyklistick\u00fdch z\u00e1vod\u016f. <strong><span style=\"color: #800000;\">T\u0159in\u00e1ct po\u0159adatelsk\u00fdch fotek s na\u0161imi rajdry omrkn\u011bte tu\u0165:<\/span><\/strong><\/p>\n<div id='gallery-1' class='gallery galleryid-869 gallery-columns-9 gallery-size-thumbnail'><figure class='gallery-item'>\n\t\t\t<div class='gallery-icon landscape'>\n\t\t\t\t<a href='https:\/\/www.moravecteam.cz\/?attachment_id=904'><img width=\"25\" height=\"25\" src=\"https:\/\/www.moravecteam.cz\/wp-content\/uploads\/2015\/06\/1_28330_DSC_0610-25x25.jpg\" class=\"attachment-thumbnail size-thumbnail\" alt=\"\" decoding=\"async\" loading=\"lazy\" aria-describedby=\"gallery-1-904\" \/><\/a>\n\t\t\t<\/div>\n\t\t\t\t<figcaption class='wp-caption-text gallery-caption' id='gallery-1-904'>\n\t\t\t\tMaty\u00e1\u0161\u016fv atak zprava.\n\t\t\t\t<\/figcaption><\/figure><figure class='gallery-item'>\n\t\t\t<div class='gallery-icon landscape'>\n\t\t\t\t<a href='https:\/\/www.moravecteam.cz\/?attachment_id=905'><img width=\"25\" height=\"25\" src=\"https:\/\/www.moravecteam.cz\/wp-content\/uploads\/2015\/06\/1_28332_DSC_0612-25x25.jpg\" class=\"attachment-thumbnail size-thumbnail\" alt=\"\" decoding=\"async\" loading=\"lazy\" aria-describedby=\"gallery-1-905\" \/><\/a>\n\t\t\t<\/div>\n\t\t\t\t<figcaption class='wp-caption-text gallery-caption' id='gallery-1-905'>\n\t\t\t\tTypick\u00fd bojovn\u00fd projev na\u0161eho bikera.\n\t\t\t\t<\/figcaption><\/figure><figure class='gallery-item'>\n\t\t\t<div class='gallery-icon landscape'>\n\t\t\t\t<a href='https:\/\/www.moravecteam.cz\/?attachment_id=906'><img width=\"25\" height=\"25\" src=\"https:\/\/www.moravecteam.cz\/wp-content\/uploads\/2015\/06\/1_28406_DSC_0706-25x25.jpg\" class=\"attachment-thumbnail size-thumbnail\" alt=\"\" decoding=\"async\" loading=\"lazy\" aria-describedby=\"gallery-1-906\" \/><\/a>\n\t\t\t<\/div>\n\t\t\t\t<figcaption class='wp-caption-text gallery-caption' id='gallery-1-906'>\n\t\t\t\tDal\u0161\u00ed Ma\u0165\u016fv &#8222;prav\u00fd h\u00e1k&#8220;.\n\t\t\t\t<\/figcaption><\/figure><figure class='gallery-item'>\n\t\t\t<div class='gallery-icon landscape'>\n\t\t\t\t<a href='https:\/\/www.moravecteam.cz\/?attachment_id=907'><img width=\"25\" height=\"25\" src=\"https:\/\/www.moravecteam.cz\/wp-content\/uploads\/2015\/06\/1_28407_DSC_0707-25x25.jpg\" class=\"attachment-thumbnail size-thumbnail\" alt=\"\" decoding=\"async\" loading=\"lazy\" aria-describedby=\"gallery-1-907\" \/><\/a>\n\t\t\t<\/div>\n\t\t\t\t<figcaption class='wp-caption-text gallery-caption' id='gallery-1-907'>\n\t\t\t\tTentokr\u00e1t Ma\u0165o \u00fato\u010d\u00ed zleva.\n\t\t\t\t<\/figcaption><\/figure><figure class='gallery-item'>\n\t\t\t<div class='gallery-icon landscape'>\n\t\t\t\t<a href='https:\/\/www.moravecteam.cz\/?attachment_id=908'><img width=\"25\" height=\"25\" src=\"https:\/\/www.moravecteam.cz\/wp-content\/uploads\/2015\/06\/1_28448_DSC_0764-25x25.jpg\" class=\"attachment-thumbnail size-thumbnail\" alt=\"\" decoding=\"async\" loading=\"lazy\" aria-describedby=\"gallery-1-908\" \/><\/a>\n\t\t\t<\/div>\n\t\t\t\t<figcaption class='wp-caption-text gallery-caption' id='gallery-1-908'>\n\t\t\t\tZaslou\u017een\u00e1 st\u0159\u00edbrn\u00e1 &#8222;bedna&#8220;.\n\t\t\t\t<\/figcaption><\/figure><figure class='gallery-item'>\n\t\t\t<div class='gallery-icon landscape'>\n\t\t\t\t<a href='https:\/\/www.moravecteam.cz\/?attachment_id=909'><img width=\"25\" height=\"25\" src=\"https:\/\/www.moravecteam.cz\/wp-content\/uploads\/2015\/06\/1_28450_DSC_0766-25x25.jpg\" class=\"attachment-thumbnail size-thumbnail\" alt=\"\" decoding=\"async\" loading=\"lazy\" aria-describedby=\"gallery-1-909\" \/><\/a>\n\t\t\t<\/div>\n\t\t\t\t<figcaption class='wp-caption-text gallery-caption' id='gallery-1-909'>\n\t\t\t\tBrn\u011bnsk\u00e9 stupn\u011b Maty\u00e1\u0161ovi slu\u0161\u00ed!\n\t\t\t\t<\/figcaption><\/figure><figure class='gallery-item'>\n\t\t\t<div class='gallery-icon landscape'>\n\t\t\t\t<a href='https:\/\/www.moravecteam.cz\/?attachment_id=910'><img width=\"25\" height=\"25\" src=\"https:\/\/www.moravecteam.cz\/wp-content\/uploads\/2015\/06\/1_28523_DSC_0847-25x25.jpg\" class=\"attachment-thumbnail size-thumbnail\" alt=\"\" decoding=\"async\" loading=\"lazy\" aria-describedby=\"gallery-1-910\" \/><\/a>\n\t\t\t<\/div>\n\t\t\t\t<figcaption class='wp-caption-text gallery-caption' id='gallery-1-910'>\n\t\t\t\tNa trati Lucinka!\n\t\t\t\t<\/figcaption><\/figure><figure class='gallery-item'>\n\t\t\t<div class='gallery-icon landscape'>\n\t\t\t\t<a href='https:\/\/www.moravecteam.cz\/?attachment_id=911'><img width=\"25\" height=\"25\" src=\"https:\/\/www.moravecteam.cz\/wp-content\/uploads\/2015\/06\/1_28525_DSC_0850-25x25.jpg\" class=\"attachment-thumbnail size-thumbnail\" alt=\"\" decoding=\"async\" loading=\"lazy\" aria-describedby=\"gallery-1-911\" \/><\/a>\n\t\t\t<\/div>\n\t\t\t\t<figcaption class='wp-caption-text gallery-caption' id='gallery-1-911'>\n\t\t\t\tLucka si pr\u00e1v\u011b p\u0159ipravuje \u00fatok&#8230;\n\t\t\t\t<\/figcaption><\/figure><figure class='gallery-item'>\n\t\t\t<div class='gallery-icon landscape'>\n\t\t\t\t<a href='https:\/\/www.moravecteam.cz\/?attachment_id=912'><img width=\"25\" height=\"25\" src=\"https:\/\/www.moravecteam.cz\/wp-content\/uploads\/2015\/06\/1_28588_DSC_0929-25x25.jpg\" class=\"attachment-thumbnail size-thumbnail\" alt=\"\" decoding=\"async\" loading=\"lazy\" aria-describedby=\"gallery-1-912\" \/><\/a>\n\t\t\t<\/div>\n\t\t\t\t<figcaption class='wp-caption-text gallery-caption' id='gallery-1-912'>\n\t\t\t\t&#8230;kter\u00fd se vyda\u0159il!\n\t\t\t\t<\/figcaption><\/figure><figure class='gallery-item'>\n\t\t\t<div class='gallery-icon landscape'>\n\t\t\t\t<a href='https:\/\/www.moravecteam.cz\/?attachment_id=913'><img width=\"25\" height=\"25\" src=\"https:\/\/www.moravecteam.cz\/wp-content\/uploads\/2015\/06\/1_28589_DSC_0930-25x25.jpg\" class=\"attachment-thumbnail size-thumbnail\" alt=\"\" decoding=\"async\" loading=\"lazy\" aria-describedby=\"gallery-1-913\" \/><\/a>\n\t\t\t<\/div>\n\t\t\t\t<figcaption class='wp-caption-text gallery-caption' id='gallery-1-913'>\n\t\t\t\tLucinka si s p\u0159ehled hl\u00edd\u00e1 prvn\u00ed m\u00edsto.\n\t\t\t\t<\/figcaption><\/figure><figure class='gallery-item'>\n\t\t\t<div class='gallery-icon landscape'>\n\t\t\t\t<a href='https:\/\/www.moravecteam.cz\/?attachment_id=914'><img width=\"25\" height=\"25\" src=\"https:\/\/www.moravecteam.cz\/wp-content\/uploads\/2015\/06\/1_28593_DSC_0934-25x25.jpg\" class=\"attachment-thumbnail size-thumbnail\" alt=\"\" decoding=\"async\" loading=\"lazy\" aria-describedby=\"gallery-1-914\" \/><\/a>\n\t\t\t<\/div>\n\t\t\t\t<figcaption class='wp-caption-text gallery-caption' id='gallery-1-914'>\n\t\t\t\tSoupe\u0159k\u00e1m ujela a vyhr\u00e1la o &#8222;parn\u00edk&#8220;\n\t\t\t\t<\/figcaption><\/figure><figure class='gallery-item'>\n\t\t\t<div class='gallery-icon landscape'>\n\t\t\t\t<a href='https:\/\/www.moravecteam.cz\/?attachment_id=915'><img width=\"25\" height=\"25\" src=\"https:\/\/www.moravecteam.cz\/wp-content\/uploads\/2015\/06\/1_28630_DSC_0978-25x25.jpg\" class=\"attachment-thumbnail size-thumbnail\" alt=\"\" decoding=\"async\" loading=\"lazy\" aria-describedby=\"gallery-1-915\" \/><\/a>\n\t\t\t<\/div>\n\t\t\t\t<figcaption class='wp-caption-text gallery-caption' id='gallery-1-915'>\n\t\t\t\t\u017dlut\u00fd trikot na spr\u00e1vn\u00e9m t\u00edlku!\n\t\t\t\t<\/figcaption><\/figure><figure class='gallery-item'>\n\t\t\t<div class='gallery-icon portrait'>\n\t\t\t\t<a href='https:\/\/www.moravecteam.cz\/?attachment_id=916'><img width=\"25\" height=\"25\" src=\"https:\/\/www.moravecteam.cz\/wp-content\/uploads\/2015\/06\/1_28631_DSC_0979-25x25.jpg\" class=\"attachment-thumbnail size-thumbnail\" alt=\"\" decoding=\"async\" loading=\"lazy\" aria-describedby=\"gallery-1-916\" \/><\/a>\n\t\t\t<\/div>\n\t\t\t\t<figcaption class='wp-caption-text gallery-caption' id='gallery-1-916'>\n\t\t\t\tI Lucince brn\u011bnsk\u00e9 stupn\u011b po \u010dertech slu\u0161\u00ed..!\n\t\t\t\t<\/figcaption><\/figure>\n\t\t<\/div>\n\n<p>&nbsp;<\/p>\n","protected":false},"excerpt":{"rendered":"<p>Seri\u00e1l cyklistick\u00fdch z\u00e1vod\u016f pro nejmen\u0161\u00ed &#8211; Tour de Kids m\u011bl minulou sobotu dostaven\u00ed\u010dko v Brn\u011b a tato skute\u010dnost neunikla sourozenc\u016fm Lucii a Maty\u00e1\u0161ovi Koudelkov\u00fdm, resp. jejich starostliv\u00fdm rodi\u010d\u016fm, kte\u0159\u00ed svoje mal\u00e9 talentovan\u00e9 sv\u011b\u0159ence do z\u00e1vodu p\u0159ihl\u00e1sili a do boj\u016f vyslali.\u00a0A nemuseli litovat. Naopak. Jejich ratolesti se jim odvd\u011b\u010dili nejen v\u00fdborn\u00fdmi v\u00fdkony, ale p\u0159edev\u0161\u00edm medailov\u00fdmi v\u00fdsledky, &hellip; <a href=\"https:\/\/www.moravecteam.cz\/?p=869\" class=\"more-link\">Pokra\u010dov\u00e1n\u00ed textu <span class=\"screen-reader-text\">&#8222;Placky&#8220; z Tour de Kids!<\/span> <span class=\"meta-nav\">&rarr;<\/span><\/a><\/p>\n","protected":false},"author":3,"featured_media":923,"comment_status":"closed","ping_status":"closed","sticky":false,"template":"","format":"standard","meta":[],"categories":[1],"tags":[],"_links":{"self":[{"href":"https:\/\/www.moravecteam.cz\/index.php?rest_route=\/wp\/v2\/posts\/869"}],"collection":[{"href":"https:\/\/www.moravecteam.cz\/index.php?rest_route=\/wp\/v2\/posts"}],"about":[{"href":"https:\/\/www.moravecteam.cz\/index.php?rest_route=\/wp\/v2\/types\/post"}],"author":[{"embeddable":true,"href":"https:\/\/www.moravecteam.cz\/index.php?rest_route=\/wp\/v2\/users\/3"}],"replies":[{"embeddable":true,"href":"https:\/\/www.moravecteam.cz\/index.php?rest_route=%2Fwp%2Fv2%2Fcomments&post=869"}],"version-history":[{"count":11,"href":"https:\/\/www.moravecteam.cz\/index.php?rest_route=\/wp\/v2\/posts\/869\/revisions"}],"predecessor-version":[{"id":925,"href":"https:\/\/www.moravecteam.cz\/index.php?rest_route=\/wp\/v2\/posts\/869\/revisions\/925"}],"wp:featuredmedia":[{"embeddable":true,"href":"https:\/\/www.moravecteam.cz\/index.php?rest_route=\/wp\/v2\/media\/923"}],"wp:attachment":[{"href":"https:\/\/www.moravecteam.cz\/index.php?rest_route=%2Fwp%2Fv2%2Fmedia&parent=869"}],"wp:term":[{"taxonomy":"category","embeddable":true,"href":"https:\/\/www.moravecteam.cz\/index.php?rest_route=%2Fwp%2Fv2%2Fcategories&post=869"},{"taxonomy":"post_tag","embeddable":true,"href":"https:\/\/www.moravecteam.cz\/index.php?rest_route=%2Fwp%2Fv2%2Ftags&post=869"}],"curies":[{"name":"wp","href":"https:\/\/api.w.org\/{rel}","templated":true}]}}