{"id":90,"date":"2015-02-01T13:03:09","date_gmt":"2015-02-01T12:03:09","guid":{"rendered":"http:\/\/www.moravecteam.cz\/?p=90"},"modified":"2015-08-19T19:17:13","modified_gmt":"2015-08-19T17:17:13","slug":"dve-nove-fotky-s-vlastikem-moravcem","status":"publish","type":"post","link":"https:\/\/www.moravecteam.cz\/?p=90","title":{"rendered":"Dv\u011b nov\u00e9 fotky!"},"content":{"rendered":"<h6 style=\"text-align: justify;\"><span style=\"color: #800000;\">Dv\u011b nov\u00e9 fotky n\u00e1m poslal Vlast\u00edk\u016fv &#8222;ze\u0165\u00e1k&#8220;\u00a0 V\u00edtek Bartol\u0161ic, man\u017eel \u201emal\u00e9\u201d Evy MORAVCOV\u00c9, dnes ji\u017e tedy Bartol\u0161ic-MORAVCOV\u00c9.<\/span><\/h6>\n<p style=\"text-align: justify;\">Origin\u00e1ln\u00ed V\u00edtk\u016fv popis fotografick\u00fdch artefakt\u016f:<\/p>\n<p style=\"text-align: justify;\"><span style=\"color: #800000;\"><strong>Foto 01:<\/strong><\/span> Vlastimil MORAVEC, Jirka Bartol\u0161ic (soupe\u0159 a kamar\u00e1d Vlast\u00edka, tat\u00ednek V\u00edtka).<\/p>\n<p style=\"text-align: justify;\"><a href=\"http:\/\/www.moravecteam.cz\/?attachment_id=1233\" rel=\"attachment wp-att-1233\"><img decoding=\"async\" loading=\"lazy\" class=\"alignnone size-full wp-image-1233\" alt=\"01\" src=\"http:\/\/www.moravecteam.cz\/wp-content\/uploads\/2015\/02\/01.jpg\" width=\"800\" height=\"601\" srcset=\"https:\/\/www.moravecteam.cz\/wp-content\/uploads\/2015\/02\/01.jpg 800w, https:\/\/www.moravecteam.cz\/wp-content\/uploads\/2015\/02\/01-300x225.jpg 300w\" sizes=\"(max-width: 800px) 100vw, 800px\" \/><\/a><\/p>\n<p style=\"text-align: justify;\"><span style=\"color: #800000;\"><strong>Foto 02:<\/strong><\/span> Svatba D\u00e1\u0161i Jursov\u00e9\u00a0s p.Hejhalem, Brn\u011bnsk\u00e1 radnice. Zleva: Rudolf Labus za n\u00edm J\u00ed\u0159\u00ed Daler, vedle Franta Kali\u0161, nev\u011bsta D\u00e1\u0161a Jursov\u00e1 za n\u00ed schovan\u00fd Ji\u0159\u00ed Bartol\u0161ic, vzadu za nimi Petr Pavl\u00ed\u010dek, vedle a vzadu nev\u00edm, \u017eenich Hejhal, vedle vpravo vykukuje mas\u00e9r Ul\u010d , vedle Miroslav S\u00fdkora za nimi vzadu Milo\u0161 Hrazd\u00edra, Vlasta Moravec, vedle Karel V\u00e1vra, Ji\u0159\u00ed \u0160koda, blon\u010f\u00e1k s kn\u00edrem a v obleku Jaroslav Bl\u00e1ha (dlouholet\u00fd tren\u00e9r ve Favoritu, jeho syn jezd\u00ed v Dukle Praha), posledn\u00ed vpravo Franti\u0161ek Jursa (dlouholet\u00fd \u0161\u00e9f a str\u016fjce \u00fasp\u011bch\u016f Dukly).<\/p>\n<p style=\"text-align: justify;\"><a href=\"http:\/\/www.moravecteam.cz\/?attachment_id=1234\" rel=\"attachment wp-att-1234\"><img decoding=\"async\" loading=\"lazy\" class=\"alignnone size-full wp-image-1234\" alt=\"02\" src=\"http:\/\/www.moravecteam.cz\/wp-content\/uploads\/2015\/02\/02.jpg\" width=\"800\" height=\"632\" srcset=\"https:\/\/www.moravecteam.cz\/wp-content\/uploads\/2015\/02\/02.jpg 800w, https:\/\/www.moravecteam.cz\/wp-content\/uploads\/2015\/02\/02-300x237.jpg 300w\" sizes=\"(max-width: 800px) 100vw, 800px\" \/><\/a><\/p>\n<p style=\"text-align: justify;\"><strong><span style=\"color: #800000;\">Fotky v maxim\u00e1ln\u00edm rozli\u0161en\u00ed:<\/span><\/strong><\/p>\n<p style=\"text-align: justify;\"><strong><a href=\"http:\/\/www.moravecteam.cz\/?attachment_id=1234\">Foto 01<\/a>, <a href=\"http:\/\/www.moravecteam.cz\/?attachment_id=1234\">Foto 02<\/a><br \/>\n<\/strong><\/p>\n<p>&nbsp;<\/p>\n","protected":false},"excerpt":{"rendered":"<p>Dv\u011b nov\u00e9 fotky n\u00e1m poslal Vlast\u00edk\u016fv &#8222;ze\u0165\u00e1k&#8220;\u00a0 V\u00edtek Bartol\u0161ic, man\u017eel \u201emal\u00e9\u201d Evy MORAVCOV\u00c9, dnes ji\u017e tedy Bartol\u0161ic-MORAVCOV\u00c9. Origin\u00e1ln\u00ed V\u00edtk\u016fv popis fotografick\u00fdch artefakt\u016f: Foto 01: Vlastimil MORAVEC, Jirka Bartol\u0161ic (soupe\u0159 a kamar\u00e1d Vlast\u00edka, tat\u00ednek V\u00edtka). Foto 02: Svatba D\u00e1\u0161i Jursov\u00e9\u00a0s p.Hejhalem, Brn\u011bnsk\u00e1 radnice. Zleva: Rudolf Labus za n\u00edm J\u00ed\u0159\u00ed Daler, vedle Franta Kali\u0161, nev\u011bsta D\u00e1\u0161a Jursov\u00e1 &hellip; <a href=\"https:\/\/www.moravecteam.cz\/?p=90\" class=\"more-link\">Pokra\u010dov\u00e1n\u00ed textu <span class=\"screen-reader-text\">Dv\u011b nov\u00e9 fotky!<\/span> <span class=\"meta-nav\">&rarr;<\/span><\/a><\/p>\n","protected":false},"author":1,"featured_media":1277,"comment_status":"closed","ping_status":"open","sticky":false,"template":"","format":"standard","meta":[],"categories":[8],"tags":[],"_links":{"self":[{"href":"https:\/\/www.moravecteam.cz\/index.php?rest_route=\/wp\/v2\/posts\/90"}],"collection":[{"href":"https:\/\/www.moravecteam.cz\/index.php?rest_route=\/wp\/v2\/posts"}],"about":[{"href":"https:\/\/www.moravecteam.cz\/index.php?rest_route=\/wp\/v2\/types\/post"}],"author":[{"embeddable":true,"href":"https:\/\/www.moravecteam.cz\/index.php?rest_route=\/wp\/v2\/users\/1"}],"replies":[{"embeddable":true,"href":"https:\/\/www.moravecteam.cz\/index.php?rest_route=%2Fwp%2Fv2%2Fcomments&post=90"}],"version-history":[{"count":18,"href":"https:\/\/www.moravecteam.cz\/index.php?rest_route=\/wp\/v2\/posts\/90\/revisions"}],"predecessor-version":[{"id":1373,"href":"https:\/\/www.moravecteam.cz\/index.php?rest_route=\/wp\/v2\/posts\/90\/revisions\/1373"}],"wp:featuredmedia":[{"embeddable":true,"href":"https:\/\/www.moravecteam.cz\/index.php?rest_route=\/wp\/v2\/media\/1277"}],"wp:attachment":[{"href":"https:\/\/www.moravecteam.cz\/index.php?rest_route=%2Fwp%2Fv2%2Fmedia&parent=90"}],"wp:term":[{"taxonomy":"category","embeddable":true,"href":"https:\/\/www.moravecteam.cz\/index.php?rest_route=%2Fwp%2Fv2%2Fcategories&post=90"},{"taxonomy":"post_tag","embeddable":true,"href":"https:\/\/www.moravecteam.cz\/index.php?rest_route=%2Fwp%2Fv2%2Ftags&post=90"}],"curies":[{"name":"wp","href":"https:\/\/api.w.org\/{rel}","templated":true}]}}