{"id":926,"date":"2015-06-26T07:25:15","date_gmt":"2015-06-26T05:25:15","guid":{"rendered":"http:\/\/www.moravecteam.cz\/?p=926"},"modified":"2015-06-26T07:56:48","modified_gmt":"2015-06-26T05:56:48","slug":"nominace-na-mistrak","status":"publish","type":"post","link":"https:\/\/www.moravecteam.cz\/?p=926","title":{"rendered":"Nominace na &#8222;Mistr\u00e1k&#8220;"},"content":{"rendered":"<p style=\"text-align: justify;\">\u0160ir\u0161\u00ed nominace na nezadr\u017eiteln\u011b se bl\u00ed\u017e\u00edc\u00ed vrchol sez\u00f3ny (<span style=\"color: #ff0000;\"><strong><span style=\"color: #800000;\">Mistovstv\u00ed \u010cesk\u00e9 republiky horsk\u00fdch kol XCE, XCO &#8211; Kutn\u00e1 Hora 18. &#8211; 19.7. 2015<\/span><\/strong><\/span>)\u00a0 ozn\u00e1mil v\u010dera \u0161\u00e9ftren\u00e9r MORAVEC Teamu V\u00ed\u0165a Prudek. N\u00ed\u017ee jmenovan\u00e9 zve na soust\u0159ed\u011bn\u00ed, kter\u00e9 bude kutnohorsk\u00e9mu z\u00e1vodu 30.6. &#8211; 5.6. 2015\u00a0v Jesen\u00edk\u00e1ch p\u0159edch\u00e1zet. Tren\u00e9rovu d\u016fv\u011bru dost\u00e1v\u00e1 t\u011bchto\u00a0\u010dtrn\u00e1ct rajdr\u016f:<\/p>\n<ul>\n<li>\n<div style=\"text-align: justify;\">Mlad\u0161\u00ed \u017e\u00e1ci &#8211; <strong><span style=\"color: #800000;\">Jakub Tesa\u0159<\/span><\/strong><\/div>\n<\/li>\n<li>Star\u0161\u00ed \u017e\u00e1kyn\u011b &#8211; <strong><span style=\"color: #800000;\">Tereza Obo\u0159ilov\u00e1, Anna Zem\u00e1nkov\u00e1<\/span><\/strong><\/li>\n<li>Star\u0161\u00ed \u017e\u00e1ci &#8211; <span style=\"color: #800000;\"><strong>Tom\u00e1\u0161 Tlamka &#8222;Contador&#8220;, Michal \u0160m\u00edda<\/strong><\/span><\/li>\n<li>Kadetky &#8211; <span style=\"color: #800000;\"><strong>Jana Tesa\u0159ov\u00e1, Monika Kone\u010dn\u00e1<\/strong><\/span><\/li>\n<li>Kadeti &#8211;<strong><span style=\"color: #800000;\"> Jan \u0160m\u00edda, Mat\u011bj maz\u00e1nek<\/span><\/strong><\/li>\n<li>Junio\u0159i &#8211; <span style=\"color: #800000;\"><strong>Patrik Kol\u00e1\u0159<\/strong><\/span><\/li>\n<li>Mu\u017ei &#8211; <span style=\"color: #800000;\"><strong>Radim Kov\u00e1\u0159, Luk\u00e1\u0161 Gregor, Tom\u00e1\u0161 Tlamka<\/strong><\/span><\/li>\n<li>\u017deny &#8211; <span style=\"color: #800000;\"><strong>Eva Zem\u00e1nkov\u00e1<\/strong><\/span><\/li>\n<\/ul>\n<p style=\"text-align: justify;\">Cena za pobyt bude v rozsahu 400.- a\u017e 450.- K\u010d\/osobu s polopenz\u00ed. Odd\u00edl p\u0159isp\u011bje nominovan\u00fdm na \u00fahradu ubytovac\u00edch n\u00e1klad\u016f\u00a0podle jejich za\u0159azen\u00ed\u00a0pro leto\u0161n\u00ed sez\u00f3nu, kter\u00e9 jsme letos u odd\u00edlem ur\u010den\u00fdch akci za\u010dali pou\u017e\u00edvat, a kter\u00e9 n\u00ed\u017ee p\u0159ipom\u00edn\u00e1m.<\/p>\n<p style=\"text-align: justify;\">Pros\u00edm o potvrzen\u00ed Va\u0161\u00ed\u00a0\u00fa\u010dasti na tomto d\u016fle\u017eit\u00e9m\u00a0p\u0159\u00edpravn\u00e9m kempu \u00a0(nebo sd\u011blen\u00ed omluvy v p\u0159\u00edpad\u011b, kdy nebude mo\u017en\u00e9, abyste se soust\u0159ed\u011bn\u00ed z\u016f\u010dastnili) na moji zn\u00e1mou \u00a0e-mailovou adresu <strong><a href=\"starosta.benesov@seznam.cz\">starosta.benesov@seznam.cz<\/a><\/strong>,<a href=\"starosta.benesov@seznam.cz \">\u00a0<\/a>p\u0159\u00edpadn\u011b telefonickou formou na moje\u00a0tradi\u010dn\u00ed <span style=\"color: #800000;\"><strong>6050J\u00e1gr0nagano\u00a0<a href=\"starosta.benesov@seznam.cz \"><span style=\"color: #800000;\">\u00a0<\/span><\/a><\/strong><span style=\"color: #000000;\">nejpozd\u011bji do <span style=\"text-decoration: underline;\">soboty 27.6.2015 do 20.00 h<\/span><\/span><\/span><span style=\"text-decoration: underline;\">odin.<\/span> Kdo z V\u00e1s pojede ten den PDV ve \u017d\u010f\u00e1rn\u00e9, m\u016f\u017eete mi toto info sd\u011blit tam, budu tam cel\u00fd den.<\/p>\n<p style=\"text-align: justify;\">P\u0159\u00edsp\u011bvek odd\u00edlu pro z\u00e1vodn\u00edky na ubytov\u00e1n\u00ed: 100% &#8211; Tereza Obo\u0159ilov\u00e1, Tom\u00e1\u0161 Tlamka &#8222;Contador&#8220;, Jana Tesa\u0159ov\u00e1. 70% &#8211; Anna Zem\u00e1nkov\u00e1, Michal \u0160m\u00edda, Jan \u0160m\u00edda, Patrik Kol\u00e1\u0159, Eva Zem\u00e1nkov\u00e1, Tom\u00e1\u0161 Tlamka. 50% &#8211; Jakub Tesa\u0159, Monika Kone\u010dn\u00e1, Mat\u011bj Maz\u00e1nek, Radim Kov\u00e1\u0159, Luk\u00e1\u0161 Gregor.<\/p>\n<p style=\"text-align: justify;\">\n","protected":false},"excerpt":{"rendered":"<p>\u0160ir\u0161\u00ed nominace na nezadr\u017eiteln\u011b se bl\u00ed\u017e\u00edc\u00ed vrchol sez\u00f3ny (Mistovstv\u00ed \u010cesk\u00e9 republiky horsk\u00fdch kol XCE, XCO &#8211; Kutn\u00e1 Hora 18. &#8211; 19.7. 2015)\u00a0 ozn\u00e1mil v\u010dera \u0161\u00e9ftren\u00e9r MORAVEC Teamu V\u00ed\u0165a Prudek. N\u00ed\u017ee jmenovan\u00e9 zve na soust\u0159ed\u011bn\u00ed, kter\u00e9 bude kutnohorsk\u00e9mu z\u00e1vodu 30.6. &#8211; 5.6. 2015\u00a0v Jesen\u00edk\u00e1ch p\u0159edch\u00e1zet. Tren\u00e9rovu d\u016fv\u011bru dost\u00e1v\u00e1 t\u011bchto\u00a0\u010dtrn\u00e1ct rajdr\u016f: Mlad\u0161\u00ed \u017e\u00e1ci &#8211; Jakub Tesa\u0159 Star\u0161\u00ed &hellip; <a href=\"https:\/\/www.moravecteam.cz\/?p=926\" class=\"more-link\">Pokra\u010dov\u00e1n\u00ed textu <span class=\"screen-reader-text\">Nominace na &#8222;Mistr\u00e1k&#8220;<\/span> <span class=\"meta-nav\">&rarr;<\/span><\/a><\/p>\n","protected":false},"author":3,"featured_media":931,"comment_status":"closed","ping_status":"closed","sticky":false,"template":"","format":"standard","meta":[],"categories":[1],"tags":[],"_links":{"self":[{"href":"https:\/\/www.moravecteam.cz\/index.php?rest_route=\/wp\/v2\/posts\/926"}],"collection":[{"href":"https:\/\/www.moravecteam.cz\/index.php?rest_route=\/wp\/v2\/posts"}],"about":[{"href":"https:\/\/www.moravecteam.cz\/index.php?rest_route=\/wp\/v2\/types\/post"}],"author":[{"embeddable":true,"href":"https:\/\/www.moravecteam.cz\/index.php?rest_route=\/wp\/v2\/users\/3"}],"replies":[{"embeddable":true,"href":"https:\/\/www.moravecteam.cz\/index.php?rest_route=%2Fwp%2Fv2%2Fcomments&post=926"}],"version-history":[{"count":5,"href":"https:\/\/www.moravecteam.cz\/index.php?rest_route=\/wp\/v2\/posts\/926\/revisions"}],"predecessor-version":[{"id":928,"href":"https:\/\/www.moravecteam.cz\/index.php?rest_route=\/wp\/v2\/posts\/926\/revisions\/928"}],"wp:featuredmedia":[{"embeddable":true,"href":"https:\/\/www.moravecteam.cz\/index.php?rest_route=\/wp\/v2\/media\/931"}],"wp:attachment":[{"href":"https:\/\/www.moravecteam.cz\/index.php?rest_route=%2Fwp%2Fv2%2Fmedia&parent=926"}],"wp:term":[{"taxonomy":"category","embeddable":true,"href":"https:\/\/www.moravecteam.cz\/index.php?rest_route=%2Fwp%2Fv2%2Fcategories&post=926"},{"taxonomy":"post_tag","embeddable":true,"href":"https:\/\/www.moravecteam.cz\/index.php?rest_route=%2Fwp%2Fv2%2Ftags&post=926"}],"curies":[{"name":"wp","href":"https:\/\/api.w.org\/{rel}","templated":true}]}}