{"id":933,"date":"2015-06-29T13:09:10","date_gmt":"2015-06-29T11:09:10","guid":{"rendered":"http:\/\/www.moravecteam.cz\/?p=933"},"modified":"2015-06-29T13:50:53","modified_gmt":"2015-06-29T11:50:53","slug":"zdarna-s-puncem-svetovosti","status":"publish","type":"post","link":"https:\/\/www.moravecteam.cz\/?p=933","title":{"rendered":"\u017d\u010f\u00e1rn\u00e1 s puncem sv\u011btovosti!"},"content":{"rendered":"<p style=\"text-align: justify;\"><span style=\"color: #800000;\"><strong>Dal\u0161\u00ed pokra\u010dov\u00e1n\u00ed seri\u00e1lu MTB z\u00e1vod\u016f o Poh\u00e1r Drahansk\u00e9 vrchoviny, jej\u00edm\u017e po\u0159adatelem byla obec \u017d\u010f\u00e1rn\u00e1,\u00a0m\u011blo v pravd\u011b punc sv\u011btovosti. Po del\u0161\u00edm \u010dase jsme mohli na &#8222;Vrchovin\u011b&#8220; p\u0159iv\u00edtat \u0161\u00e9fa profit\u00fdmu GT Opportunity Du\u0161ana Olejn\u00ed\u010dka, kter\u00fd v roli &#8222;hraj\u00edc\u00edho&#8220; tren\u00e9ra a vedouc\u00edho t\u00fdmu ozdobil svou \u00fa\u010dast\u00ed start mu\u017e\u016f Masters III a jeho sv\u011b\u0159enkyn\u011b, Lucie Vesel\u00e1, kter\u00e1 ho ve \u017d\u010f\u00e1rn\u00e9\u00a0doprov\u00e1zela, pro zm\u011bnu dodala &#8222;\u0161\u0165\u00e1vu&#8220;\u00a0z\u00e1vodu ELITE \u017een\u00a0 K zhl\u00e9dnut\u00ed byl i jeden mistrovsk\u00fd dres,\u00a0ve kter\u00e9m nastoupil lo\u0148sk\u00fd cyklokrosa\u0159sk\u00fd \u0161ampion \u00a0v kategorii veter\u00e1n\u016f &#8211; toho \u010dasu MORAVEC &#8211; Pavel Bal\u00e1k.<\/strong> <strong>Elitn\u00ed kategorie ovl\u00e1dli mezi \u017eenami ji\u017e zm\u00edn\u011bn\u00e1 favoritka Lucie Vesel\u00e1 a mu\u017e\u016fm kraloval Dan Mayer z Polni\u010dky.<\/strong><\/span><\/p>\n<figure id=\"attachment_946\" aria-describedby=\"caption-attachment-946\" style=\"width: 1119px\" class=\"wp-caption alignnone\"><a href=\"http:\/\/www.moravecteam.cz\/?attachment_id=946\" rel=\"attachment wp-att-946\"><img decoding=\"async\" loading=\"lazy\" class=\" wp-image-946\" alt=\"01\" src=\"http:\/\/www.moravecteam.cz\/wp-content\/uploads\/2015\/06\/011.jpg\" width=\"1119\" height=\"1006\" srcset=\"https:\/\/www.moravecteam.cz\/wp-content\/uploads\/2015\/06\/011.jpg 1119w, https:\/\/www.moravecteam.cz\/wp-content\/uploads\/2015\/06\/011-300x269.jpg 300w, https:\/\/www.moravecteam.cz\/wp-content\/uploads\/2015\/06\/011-1024x920.jpg 1024w\" sizes=\"(max-width: 1119px) 100vw, 1119px\" \/><\/a><figcaption id=\"caption-attachment-946\" class=\"wp-caption-text\">O prvn\u00ed &#8222;double&#8220; pro MORAVEC se postarala Krist\u00fdnka Kol\u00e1\u0159ov\u00e1 s Ani\u010dkou Smutnou.<\/figcaption><\/figure>\n<p style=\"text-align: justify;\"><span style=\"color: #800000;\"><span style=\"color: #000000;\">Bezchybn\u011b pracuj\u00edc\u00ed m\u00edstn\u00ed t\u00fdm po\u0159adatel\u016f v \u010dele s Mirkem Maz\u00e1nkem p\u0159ipravil pro v\u00edce jak stovku z\u00e1vodn\u00edk\u016f tentokr\u00e1t opravd<span style=\"color: #2b2b2b;\">u \u0161irok\u00e9ho v\u011bkov\u00e9ho rozptylu (v kategorii Masters III startoval i p. Olbert z Olomouce, ro\u010dn\u00edk narozen\u00ed 1935!) hned \u010dty\u0159i varianty okruh\u016f, kdy\u017e ten hlavn\u00ed byl oproti lo\u0148sk\u00e9mu roku vylep\u0161en\u00a0zkr\u00e1cen\u00edm ji\u017en\u00ed nen\u00e1ro\u010dn\u00e9 pas\u00e1\u017ee a prodlou\u017een\u00edm severn\u00ed, n\u00e1ro\u010dn\u011bj\u0161\u00ed\u00a0\u010d\u00e1sti trat\u011b s dopln\u011bn\u00edm um\u011bl\u00e9ho skoku. Ten byl sv\u00fdmi konstruk\u010dn\u00edmi parametry\u00a0pro mnoh\u00e9 prub\u00ed\u0159sk\u00fdm kamenem, ale\u00a0m\u011bl z\u00e1rove\u0148 na trati paraleln\u00ed, podstatn\u011b m\u00e9n\u011b n\u00e1ro\u010dnou alternativu, tak\u017ee kdo si\u00a0na n\u011bj netroufl, mohl pohodln\u011b zvolit &#8222;pl\u00e1n B&#8220;. \u00a0<\/span><\/span><\/span><\/p>\n<figure id=\"attachment_947\" aria-describedby=\"caption-attachment-947\" style=\"width: 1632px\" class=\"wp-caption alignnone\"><a href=\"http:\/\/www.moravecteam.cz\/?attachment_id=947\" rel=\"attachment wp-att-947\"><img decoding=\"async\" loading=\"lazy\" class=\" wp-image-947 \" alt=\"02\" src=\"http:\/\/www.moravecteam.cz\/wp-content\/uploads\/2015\/06\/021.jpg\" width=\"1632\" height=\"1242\" srcset=\"https:\/\/www.moravecteam.cz\/wp-content\/uploads\/2015\/06\/021.jpg 1632w, https:\/\/www.moravecteam.cz\/wp-content\/uploads\/2015\/06\/021-300x228.jpg 300w, https:\/\/www.moravecteam.cz\/wp-content\/uploads\/2015\/06\/021-1024x779.jpg 1024w\" sizes=\"(max-width: 1632px) 100vw, 1632px\" \/><\/a><figcaption id=\"caption-attachment-947\" class=\"wp-caption-text\">I o druh\u00e9 &#8222;double&#8220; pro n\u00e1s se postaraly holky: Terka Obo\u0159ilov\u00e1 s Ani\u010dkou Zem\u00e1nkovou, kdy\u017e jim v\u00fdborn\u011b sekundovala i Anetka Fritzov\u00e1.<\/figcaption><\/figure>\n<p style=\"text-align: justify;\">Borci z MORAVEC Teamu ve \u017d\u010f\u00e1rn\u00e9 potvrdili, \u017ee se aktu\u00e1ln\u011b t\u011b\u0161\u00ed\u00a0 v\u00fdborn\u00e9 pohod\u011b a form\u011b. Pot\u011b\u0161il bronz Michala Fritze, kter\u00fd se na trat\u011b PDV vr\u00e1til po zlomenin\u011b ruky, a kter\u00fd\u00a0dok\u00e1zal vybojovat zaslou\u017een\u00fd bronz! Hned t\u0159ikr\u00e1t jsme se mohli t\u011b\u0161it z &#8222;double&#8220; a to d\u00edky Krist\u00fdnce Kol\u00e1\u0159ov\u00e9 s Ani\u010dkou Smutnou, Terce Obo\u0159ilov\u00e9 s A\u0148ou Zem\u00e1nkovou a Tom\u00e1\u0161i Tlamkovi &#8222;Contadorovi&#8220; s Michalem \u0160m\u00eddou, p\u0159i\u010dem\u017e souboj dvou posledn\u011b jmenovan\u00fdch byl ozdobou dne a musel div\u00e1ky pomysln\u011b zvednout ze sedadel. Pro jist\u00e1 prvenstv\u00ed si pak dojeli ve sv\u00fdch kategori\u00edch i v sou\u010dasnosti\u00a0 ve velk\u00e9 z\u00e1vodnick\u00e9 pohod\u011b\u00a0jezd\u00edc\u00ed spe\u0161ov\u0161t\u00ed sourozenci Jana a Jakub\u00a0\u00a0Tesa\u0159ovi a premi\u00e9rov\u00e9 zlato do odd\u00edlov\u00e9 pokladnice vybojoval i jejich krajan Martin Gottwald, kter\u00fd si k n\u00e1m na\u0161el cestu, a kter\u00fd si v pravd\u011b pohr\u00e1l se sv\u00fdmi s soupe\u0159i v dosp\u011bl\u00e9 kategorii Masters II.\u00a0Na\u0161e \u00fasp\u011b\u0161n\u00e9 medailisty uv\u00e1d\u00edm n\u00ed\u017ee,\u00a0 d\u00edky za vzorn\u00e9 repre MORAVCE pat\u0159\u00ed ale\u00a0beze zbytku v\u0161em, kte\u0159\u00ed do boj\u016f posledn\u00ed \u010dervnovou sobotu na nen\u00e1padn\u00fdch, ale ne zrovna jednoduch\u00fdch \u017e\u010f\u00e1\u0159ensk\u00fdch trat\u00edch zas\u00e1hli. A ani podp\u016frn\u00e9 rodinn\u00e9 t\u00fdmy samoz\u0159ejm\u011b s d\u011bkova\u010dkou neopom\u00edn\u00e1m. Medailov\u00e9 rezum\u00e9 v po\u0159ad\u00ed OPEN je pro MORAVEC\u00a0tedy toto:<\/p>\n<ul>\n<li>\n<div style=\"text-align: justify;\">Zlato &#8211; <span style=\"color: #800000;\"><strong>Jakub Tesa\u0159<\/strong> <\/span>(11-12 let), <strong><span style=\"color: #800000;\">Krist\u00fdna Kol\u00e1\u0159ov\u00e1<\/span> <\/strong>(11-12 let), <span style=\"color: #800000;\"><strong>Tom\u00e1\u0161 Tlamka &#8222;Contador&#8220;<\/strong><\/span> (13-14 let), <strong><span style=\"color: #800000;\">Tereza Obo\u0159ilov\u00e1<\/span> <\/strong>(13-14 let), <span style=\"color: #800000;\"><strong>Jana Tesa\u0159ov\u00e1<\/strong> <\/span>(kadetky, juniorky), <strong><span style=\"color: #800000;\">Martin Gottwald<\/span> <\/strong>(Masters II).<\/div>\n<\/li>\n<li style=\"text-align: justify;\">St\u0159\u00edbro &#8211; <strong><span style=\"color: #800000;\">Anna Smutn\u00e1<\/span> <\/strong>(11-12 let), <span style=\"color: #800000;\"><strong>Michal \u0160m\u00edda<\/strong> <\/span>(13-14 let), <span style=\"color: #800000;\"><strong>Anna Zem\u00e1nkov\u00e1<\/strong> <\/span>(13-14 let), <strong><span style=\"color: #800000;\">Patrik Kol\u00e1\u0159<\/span> <\/strong>(kadeti, junio\u0159i), <span style=\"color: #800000;\"><strong>Pavel Bal\u00e1k<\/strong> <\/span>(mu\u017ei ELITE).<\/li>\n<li style=\"text-align: justify;\">Bronz &#8211; <span style=\"color: #800000;\"><strong>Terezka Fritzov\u00e1<\/strong> <\/span>(odr\u00e1\u017eedla), <span style=\"color: #800000;\"><strong>Barbora Tlamkov\u00e1<\/strong> <\/span>(7-8 let), <span style=\"color: #800000;\"><strong>Michal Fritz<\/strong> <\/span>(9-10 let), <span style=\"color: #800000;\"><strong>Monika Kone\u010dn\u00e1<\/strong> <\/span>(kadetky, juniorky), <span style=\"color: #800000;\"><strong>Radim Kov\u00e1\u0159<\/strong> <\/span>(mu\u017ei ELITE).<\/li>\n<\/ul>\n<figure id=\"attachment_948\" aria-describedby=\"caption-attachment-948\" style=\"width: 1835px\" class=\"wp-caption alignnone\"><a href=\"http:\/\/www.moravecteam.cz\/?attachment_id=948\" rel=\"attachment wp-att-948\"><img decoding=\"async\" loading=\"lazy\" class=\" wp-image-948\" alt=\"03\" src=\"http:\/\/www.moravecteam.cz\/wp-content\/uploads\/2015\/06\/031.jpg\" width=\"1835\" height=\"1196\" srcset=\"https:\/\/www.moravecteam.cz\/wp-content\/uploads\/2015\/06\/031.jpg 1835w, https:\/\/www.moravecteam.cz\/wp-content\/uploads\/2015\/06\/031-300x195.jpg 300w, https:\/\/www.moravecteam.cz\/wp-content\/uploads\/2015\/06\/031-1024x667.jpg 1024w\" sizes=\"(max-width: 1835px) 100vw, 1835px\" \/><\/a><figcaption id=\"caption-attachment-948\" class=\"wp-caption-text\">Do t\u0159etice &#8222;tuplovan\u00e1&#8220; radost pro MORAVEC d\u00edk Tom\u00e1\u0161i Tlamkovi &#8222;Contadorovi&#8220; a Michalu \u0160m\u00eddovi. I zde na\u0161e velmi dob\u0159e doplnil v c\u00edli &#8222;bramborov\u00fd&#8220; V\u00ed\u0165a Such\u00e1nek.<\/figcaption><\/figure>\n<p style=\"text-align: justify;\">Konvoj Poh\u00e1ru Drahansk\u00e9 vrchoviny se na za\u010d\u00e1tku pr\u00e1zdnin p\u0159\u00edli\u0161 nezabrzd\u00ed, proto\u017ee u\u017e na sv\u00e1te\u010dn\u00ed pond\u011bl\u00ed 6. \u010dervence pokra\u010duje seri\u00e1l dal\u0161\u00edm z\u00e1vodem na n\u00e1ro\u010dn\u00fdch trat\u00edch ve Spe\u0161ov\u011b. Kopletn\u00ed v\u00fdsledkov\u00fd a propozice na pond\u011bln\u00ed Spe\u0161ov\u00a0servis hledejte zde <strong><a href=\"http:\/\/www.pohardrahanskevrchoviny.cz\/\">http:\/\/www.pohardrahanskevrchoviny.cz\/<\/a>, <\/strong>fotky jsou zase\u00a0tu\u0165: <strong><a href=\"http:\/\/moravecteam.rajce.idnes.cz\/2015.06.27._PDV_Zdarna\/\">http:\/\/moravecteam.rajce.idnes.cz\/2015.06.27._PDV_Zdarna\/<\/a><\/strong><\/p>\n","protected":false},"excerpt":{"rendered":"<p>Dal\u0161\u00ed pokra\u010dov\u00e1n\u00ed seri\u00e1lu MTB z\u00e1vod\u016f o Poh\u00e1r Drahansk\u00e9 vrchoviny, jej\u00edm\u017e po\u0159adatelem byla obec \u017d\u010f\u00e1rn\u00e1,\u00a0m\u011blo v pravd\u011b punc sv\u011btovosti. Po del\u0161\u00edm \u010dase jsme mohli na &#8222;Vrchovin\u011b&#8220; p\u0159iv\u00edtat \u0161\u00e9fa profit\u00fdmu GT Opportunity Du\u0161ana Olejn\u00ed\u010dka, kter\u00fd v roli &#8222;hraj\u00edc\u00edho&#8220; tren\u00e9ra a vedouc\u00edho t\u00fdmu ozdobil svou \u00fa\u010dast\u00ed start mu\u017e\u016f Masters III a jeho sv\u011b\u0159enkyn\u011b, Lucie Vesel\u00e1, kter\u00e1 ho ve &hellip; <a href=\"https:\/\/www.moravecteam.cz\/?p=933\" class=\"more-link\">Pokra\u010dov\u00e1n\u00ed textu <span class=\"screen-reader-text\">\u017d\u010f\u00e1rn\u00e1 s puncem sv\u011btovosti!<\/span> <span class=\"meta-nav\">&rarr;<\/span><\/a><\/p>\n","protected":false},"author":3,"featured_media":945,"comment_status":"closed","ping_status":"closed","sticky":false,"template":"","format":"standard","meta":[],"categories":[1],"tags":[],"_links":{"self":[{"href":"https:\/\/www.moravecteam.cz\/index.php?rest_route=\/wp\/v2\/posts\/933"}],"collection":[{"href":"https:\/\/www.moravecteam.cz\/index.php?rest_route=\/wp\/v2\/posts"}],"about":[{"href":"https:\/\/www.moravecteam.cz\/index.php?rest_route=\/wp\/v2\/types\/post"}],"author":[{"embeddable":true,"href":"https:\/\/www.moravecteam.cz\/index.php?rest_route=\/wp\/v2\/users\/3"}],"replies":[{"embeddable":true,"href":"https:\/\/www.moravecteam.cz\/index.php?rest_route=%2Fwp%2Fv2%2Fcomments&post=933"}],"version-history":[{"count":9,"href":"https:\/\/www.moravecteam.cz\/index.php?rest_route=\/wp\/v2\/posts\/933\/revisions"}],"predecessor-version":[{"id":949,"href":"https:\/\/www.moravecteam.cz\/index.php?rest_route=\/wp\/v2\/posts\/933\/revisions\/949"}],"wp:featuredmedia":[{"embeddable":true,"href":"https:\/\/www.moravecteam.cz\/index.php?rest_route=\/wp\/v2\/media\/945"}],"wp:attachment":[{"href":"https:\/\/www.moravecteam.cz\/index.php?rest_route=%2Fwp%2Fv2%2Fmedia&parent=933"}],"wp:term":[{"taxonomy":"category","embeddable":true,"href":"https:\/\/www.moravecteam.cz\/index.php?rest_route=%2Fwp%2Fv2%2Fcategories&post=933"},{"taxonomy":"post_tag","embeddable":true,"href":"https:\/\/www.moravecteam.cz\/index.php?rest_route=%2Fwp%2Fv2%2Ftags&post=933"}],"curies":[{"name":"wp","href":"https:\/\/api.w.org\/{rel}","templated":true}]}}