{"id":9378,"date":"2017-08-14T22:44:44","date_gmt":"2017-08-14T20:44:44","guid":{"rendered":"http:\/\/www.moravecteam.cz\/?p=9378"},"modified":"2017-08-15T07:42:18","modified_gmt":"2017-08-15T05:42:18","slug":"dabelska-bukova","status":"publish","type":"post","link":"https:\/\/www.moravecteam.cz\/?p=9378","title":{"rendered":"&#8222;\u010e\u00e1belsk\u00e1&#8220; Bukov\u00e1!"},"content":{"rendered":"<p style=\"text-align: justify;\"><span style=\"color: #800000;\"><strong>I\u00a0p\u0159es vrchol\u00edc\u00ed obdob\u00ed pr\u00e1zdnin a dovolen\u00fdch se na des\u00e1t\u00e9 leto\u0161n\u00ed MTB Superior &#8222;Vrchovin\u011b&#8220; se\u0161la v Bukov\u00e9 prvot\u0159\u00eddn\u00ed konkurence a d\u00edky tomu m\u011bli rajd\u0159i MORAVEC Temu skute\u010dn\u011b soupe\u0159e v\u00edc, ne\u017e zdatn\u00e9! Budi\u017e jim ale ke cti, \u017ee se\u00a0tvrd\u00e9 konkurence nikterak nezalekli a vybojovali\u00a0\u00a0\u00factyhodn\u00fdch 14 medail\u00ed, p\u0159i\u010dem\u017e t\u00e9m\u011b\u0159 polovina jich byla zlat\u00fdch! V\u00fdsledek je o to cenn\u011bj\u0161\u00ed,\u00a0vezmeme-li v \u00favahu, \u017ee st\u0159edn\u00ed\u00a0 a velk\u00e1 tra\u0165 doznaly v Bukov\u00e9 pro leto\u0161ek z\u00e1sadn\u00edch zm\u011bn\u00a0 ve smyslu zv\u00fd\u0161en\u00e9 obt\u00ed\u017enosti. \u017de to i za t\u011bchto okolnost\u00ed zvl\u00e1dli borci a borky MORAVEC Teamu tak dob\u0159e sv\u011bd\u010d\u00ed o jejich v\u00fdborn\u00e9 tr\u00e9novanosti, \u00a0technick\u00e9 vyzr\u00e1losti a velk\u00e9 m\u00ed\u0159e tra\u0165ov\u00e9 p\u0159izp\u016fsobivosti! I po Bukov\u00e9 zn\u00ed tedy hol\u00e1 v\u011bta &#8222;Bravo MORAVEC&#8220; zcela opr\u00e1vn\u011bn\u011b!<\/strong><\/span><\/p>\n<figure id=\"attachment_9394\" aria-describedby=\"caption-attachment-9394\" style=\"width: 2000px\" class=\"wp-caption alignnone\"><a href=\"http:\/\/www.moravecteam.cz\/?attachment_id=9394\" rel=\"attachment wp-att-9394\"><img decoding=\"async\" loading=\"lazy\" class=\" wp-image-9394\" alt=\"IMG_0277\" src=\"http:\/\/www.moravecteam.cz\/wp-content\/uploads\/2017\/08\/IMG_0277.jpg\" width=\"2000\" height=\"1500\" srcset=\"https:\/\/www.moravecteam.cz\/wp-content\/uploads\/2017\/08\/IMG_0277.jpg 2000w, https:\/\/www.moravecteam.cz\/wp-content\/uploads\/2017\/08\/IMG_0277-300x225.jpg 300w, https:\/\/www.moravecteam.cz\/wp-content\/uploads\/2017\/08\/IMG_0277-1024x768.jpg 1024w\" sizes=\"(max-width: 2000px) 100vw, 2000px\" \/><\/a><figcaption id=\"caption-attachment-9394\" class=\"wp-caption-text\">P\u00f3dium juniorek a kadetek obsadily ze dvou t\u0159etin na\u0161e d\u011bv\u010data: zlat\u00e1 Jana &#8222;D\u017eejn&#8220; Tesa\u0159ov\u00e1 a bronzov\u00e1 Anna Zem\u00e1nkov\u00e1!<\/figcaption><\/figure>\n<p style=\"text-align: justify;\">Krom\u011b tradi\u010dn\u00edch siln\u00fdch soupe\u0159\u016f\u00a0a\u0165 u\u017e region\u00e1ln\u00edch\u00a0(Drahansk\u00fd Sportt\u00fdm, \u010di ACT Lerak) nebo p\u0159espoln\u00edch (TUFO CZ Otrokovice, Cykloteam MXM Hul\u00edn, Favorit Brno) se v\u016fbec historicky poprv\u00e9 na MTB &#8222;Vrchovin\u011b&#8220; objevili rajd\u0159i \u0161pi\u010dkov\u00e9ho\u00a0tuzemsk\u00e9ho t\u00fdmu Nutrend Specilized Racing, kter\u00fd do Bukov\u00e9 nep\u0159ivedl nikdo jin\u00fd, ne\u017e tren\u00e9r \u010desk\u00e9 bikov\u00e9 reprezentace <span style=\"color: #800000;\"><strong>Viktor Zapletal<\/strong> <\/span>a jeho\u017e \u010dleny jsou aktu\u00e1ln\u011b i dva na\u0161i odchovanci &#8211; <strong><span style=\"color: #800000;\">Ad\u00e9la \u0160af\u00e1\u0159ov\u00e1<\/span> <\/strong>a <strong><span style=\"color: #800000;\">Tom\u00e1\u0161 Tlamka &#8222;Contador&#8220;.<\/span> <\/strong>Proto\u017ee\u00a0je tento &#8222;man\u010daft&#8220; p\u0159ezd\u00edv\u00e1n jako &#8222;Rud\u00ed \u010e\u00e1blov\u00e9&#8220; (\u017ee jsou skute\u010dn\u011b \u010f\u00e1belsky rychl\u00ed, potvrzuj\u00ed v\u00fdsledky, kter\u00fdch v sobotu v Bukov\u00e9 dos\u00e1hli), nen\u00ed snad tedy nadpis t\u00e9to aktuality\u00a0tak zcela od v\u011bci&#8230;<\/p>\n<figure id=\"attachment_9396\" aria-describedby=\"caption-attachment-9396\" style=\"width: 953px\" class=\"wp-caption alignnone\"><a href=\"http:\/\/www.moravecteam.cz\/?attachment_id=9396\" rel=\"attachment wp-att-9396\"><img decoding=\"async\" loading=\"lazy\" class=\" wp-image-9396\" alt=\"P1110258\" src=\"http:\/\/www.moravecteam.cz\/wp-content\/uploads\/2017\/08\/P1110258.jpg\" width=\"953\" height=\"939\" srcset=\"https:\/\/www.moravecteam.cz\/wp-content\/uploads\/2017\/08\/P1110258.jpg 953w, https:\/\/www.moravecteam.cz\/wp-content\/uploads\/2017\/08\/P1110258-25x25.jpg 25w, https:\/\/www.moravecteam.cz\/wp-content\/uploads\/2017\/08\/P1110258-300x295.jpg 300w\" sizes=\"(max-width: 953px) 100vw, 953px\" \/><\/a><figcaption id=\"caption-attachment-9396\" class=\"wp-caption-text\">Tra\u0165ovou sekci STONES FIELD pr\u00e1v\u011b bravurn\u011b zdol\u00e1v\u00e1 n\u00e1\u0161 V\u00ed\u0165a Lipensk\u00fd, kter\u00fd p\u0159i ne\u00fa\u010dasti Romana \u0160indel\u00e1\u0159e a Maty\u00e1\u0161e Koudelky dr\u017eel v z\u00e1vod\u011b osamocen prapor MORAVEC Teamu.<\/figcaption><\/figure>\n<p style=\"text-align: justify;\">Druh\u00fdm faktorem, kter\u00fd ud\u011blal z jindy poklidn\u00fdch bukovsk\u00fdch z\u00e1vod\u016f opravdu \u0159\u00edznou, skoro a\u017e\u00a0\u00a0&#8222;\u010f\u00e1belskou race&#8220; byla p\u0159edev\u0161\u00edm nov\u00e1 pas\u00e1\u017e na st\u0159edn\u00ed a hlavn\u00ed trati, nazvan\u00e1 &#8222;STONES FIELD&#8220; &#8211; &#8222;Kamenn\u00e9 pole&#8220; &#8211; relativn\u011b kr\u00e1tk\u00fd \u0161ikm\u00fd sjezd p\u0159es voln\u011b lo\u017een\u00e9, ale stabiln\u00ed\u00a0balvany, tvo\u0159\u00edc\u00ed\u00a0naklon\u011bnou odtokovou plochu p\u0159epadu z protipovod\u0148ov\u00e9ho poldru. Tato dominanta byla\u00a0 ztr\u00e1tov\u00fdmi komisa\u0159i nakonec\u00a0moud\u0159e vlo\u017eena a\u017e do\u00a0z\u00e1vod\u016f od kategori\u00ed mlad\u0161\u00edch \u017e\u00e1k\u016f v\u00fd\u0161e\u00a0a i tak byla skute\u010dn\u011b prub\u00ed\u0159sk\u00fdm kamenem. Jej\u00ed zdol\u00e1n\u00ed postupn\u011b zt\u011b\u017eovala skute\u010dnost, \u017ee na kameny bike\u0159i nan\u00e1\u0161eli bahno a vlhko z brod\u016f, kter\u00e9 zdol\u00e1vali p\u0159\u00edmo v poldru, tak\u017ee STONES FIELD\u00a0se st\u00e1val s \u00a0postupuj\u00edc\u00edm \u010dasem kluzk\u00fdm a t\u00edm h\u016f\u0159 jeteln\u00fdm&#8230; V\u0161ak tak\u00e9 zdravotn\u00ed person\u00e1l se v Bukov\u00e9 musel tentokr\u00e1t hodn\u011b &#8222;ot\u00e1\u010det&#8220;&#8230; Na\u0161t\u011bst\u00ed \u0161lo jen o povrchov\u00e1 zran\u011bn\u00ed vesm\u011bs\u00a0lehk\u00e9ho \u00a0charakteru&#8230;<\/p>\n<figure id=\"attachment_9395\" aria-describedby=\"caption-attachment-9395\" style=\"width: 482px\" class=\"wp-caption alignnone\"><a href=\"http:\/\/www.moravecteam.cz\/?attachment_id=9395\" rel=\"attachment wp-att-9395\"><img decoding=\"async\" loading=\"lazy\" class=\" wp-image-9395\" alt=\"064\" src=\"http:\/\/www.moravecteam.cz\/wp-content\/uploads\/2017\/08\/064.jpg\" width=\"482\" height=\"476\" srcset=\"https:\/\/www.moravecteam.cz\/wp-content\/uploads\/2017\/08\/064.jpg 482w, https:\/\/www.moravecteam.cz\/wp-content\/uploads\/2017\/08\/064-25x25.jpg 25w, https:\/\/www.moravecteam.cz\/wp-content\/uploads\/2017\/08\/064-300x296.jpg 300w\" sizes=\"(max-width: 482px) 100vw, 482px\" \/><\/a><figcaption id=\"caption-attachment-9395\" class=\"wp-caption-text\">Po \u00fasp\u011bchu na ned\u00e1vn\u00e9m M\u010cR v Brn\u011b si Ton\u00edk Han\u00e1k poprv\u00e9 &#8222;vy\u0161l\u00e1pnul&#8220; na &#8222;bednu&#8220; i na MTB &#8222;Vrchovin\u011b&#8220;! A na t\u0159et\u00edm stup\u00ednku mu to slu\u0161elo!<\/figcaption><\/figure>\n<p style=\"text-align: justify;\">Ale poj\u010fme zp\u011bt a zrekapitulujme si \u00fa\u010dinkov\u00e1n\u00ed MORAVEC Teaamu na sobotn\u00ed &#8222;\u010e\u00e1belsk\u00e9&#8220; Bukov\u00e9&#8230; U\u017e jsme si zvykli, \u017ee na\u0161\u00ed prvn\u00ed dopoledn\u00ed medailovou nad\u011bj\u00ed b\u00fdv\u00e1 v z\u00e1vod\u011b odr\u00e1\u017eedel d\u011bv\u010dat <strong><span style=\"color: #800000;\">Leonka Eclerov\u00e1<\/span><\/strong>. V Bukov\u00e9 to ale bylo trochu jinak&#8230; V konkurenci sedmi t\u011b\u017ek\u00fdch soupe\u0159\u016f se hned v prvn\u00edm startu dne prosadil na bronzovou &#8222;bednu&#8220; <strong><span style=\"color: #800000;\">Ton\u00ed\u010dek Han\u00e1k<\/span><\/strong>! Leonka pak splnila svoji &#8222;normu&#8220; ve startu, kter\u00fd n\u00e1sledoval, kdy\u017e sv\u016fj z\u00e1vod suver\u00e9nn\u011b ovl\u00e1dla! Skv\u011bl\u00fd start MORAVC\u016e do sobotn\u00edch bitev!<\/p>\n<figure id=\"attachment_9397\" aria-describedby=\"caption-attachment-9397\" style=\"width: 1214px\" class=\"wp-caption alignnone\"><a href=\"http:\/\/www.moravecteam.cz\/?attachment_id=9397\" rel=\"attachment wp-att-9397\"><img decoding=\"async\" loading=\"lazy\" class=\" wp-image-9397\" alt=\"P1110146\" src=\"http:\/\/www.moravecteam.cz\/wp-content\/uploads\/2017\/08\/P1110146.jpg\" width=\"1214\" height=\"927\" srcset=\"https:\/\/www.moravecteam.cz\/wp-content\/uploads\/2017\/08\/P1110146.jpg 1214w, https:\/\/www.moravecteam.cz\/wp-content\/uploads\/2017\/08\/P1110146-300x229.jpg 300w, https:\/\/www.moravecteam.cz\/wp-content\/uploads\/2017\/08\/P1110146-1024x781.jpg 1024w\" sizes=\"(max-width: 1214px) 100vw, 1214px\" \/><\/a><figcaption id=\"caption-attachment-9397\" class=\"wp-caption-text\">Leonka Eclerov\u00e1 v \u010dele z\u00e1vodu odr\u00e1\u017eedel kr\u00e1tce p\u0159ed c\u00edlem. Sv\u016fj n\u00e1skok s p\u0159ehledem udr\u017eela a mohla se radovat z prvn\u00edho m\u00edsta!<\/figcaption><\/figure>\n<p style=\"text-align: justify;\">Mal\u00fd okruh 200m byl ur\u010den kategori\u00edm do 6 let, 7-8 let a \u0161tafet\u00e1m. N\u00e1s zaj\u00edmaly hlavn\u011b starty d\u00edvek. <strong><span style=\"color: #800000;\">Zitu\u0161ka \u017dern\u00ed\u010dkov\u00e1<\/span> <\/strong>i v Bukov\u00e9 potvrdila leto\u0161n\u00ed v\u00fdbornou formu a\u00a0 v souboji s ostatn\u00edmi d\u00edvkami pro n\u00e1s vybojovala dal\u0161\u00ed bronz! V tomto z\u00e1vod\u011b jsme zatleskali i premi\u00e9rov\u00e9mu prvenstv\u00ed na MTB &#8222;Vrchovin\u011b&#8220; <strong><span style=\"color: #800000;\">Verunce \u0160af\u00e1\u0159ov\u00e9<\/span><\/strong>, kter\u00e1 letos v\u00fdznamn\u011b posiluje \u0159ady t\u00fdmu Nutrend Specialized Racing. S nap\u011bt\u00edm jsme pak sledovali souboj d\u011bv\u010dat kategorie o stupe\u0148 vy\u0161\u0161\u00ed, kde jsme m\u011bli na startu hned \u010dty\u0159i na\u0161e &#8222;kon\u00edky&#8220;. Tvrd\u00e1 bitva o v\u00edt\u011bzstv\u00ed mezi \u017danetkou\u00a0Kupskou (Judo SKKP Doln\u00ed Kounice) a na\u0161\u00ed <strong><span style=\"color: #800000;\">Just\u00fdnkou Novotnou<\/span> <\/strong>byla op\u011bt na po\u0159adu dne a na rozd\u00edl od p\u0159edchoz\u00edho z\u00e1vodu v Bene\u0161ov\u011b &#8222;tahala za del\u0161\u00ed konec&#8220; tentokr\u00e1t nejv\u011bt\u0161\u00ed soupe\u0159ka na\u0161\u00ed Just\u00fdnky. Z\u00e1vod kluk\u016f t\u00e9to kategorie m\u011bl v\u00fdborn\u011b rozjet\u00fd n\u00e1\u0161 <strong><span style=\"color: #800000;\">Jirka Zav\u0159el<\/span><\/strong> (v prvn\u00ed polovin\u011b\u00a0 se pohyboval na medailov\u00fdch pozic\u00edch), zdravotn\u00ed indispozice ho bohu\u017eel p\u0159inutila ze z\u00e1vodu odstoupit&#8230;<\/p>\n<figure id=\"attachment_9398\" aria-describedby=\"caption-attachment-9398\" style=\"width: 1375px\" class=\"wp-caption alignnone\"><a href=\"http:\/\/www.moravecteam.cz\/?attachment_id=9398\" rel=\"attachment wp-att-9398\"><img decoding=\"async\" loading=\"lazy\" class=\" wp-image-9398\" alt=\"IMG_0041\" src=\"http:\/\/www.moravecteam.cz\/wp-content\/uploads\/2017\/08\/IMG_0041.jpg\" width=\"1375\" height=\"1319\" srcset=\"https:\/\/www.moravecteam.cz\/wp-content\/uploads\/2017\/08\/IMG_0041.jpg 1375w, https:\/\/www.moravecteam.cz\/wp-content\/uploads\/2017\/08\/IMG_0041-25x25.jpg 25w, https:\/\/www.moravecteam.cz\/wp-content\/uploads\/2017\/08\/IMG_0041-300x287.jpg 300w, https:\/\/www.moravecteam.cz\/wp-content\/uploads\/2017\/08\/IMG_0041-1024x982.jpg 1024w\" sizes=\"(max-width: 1375px) 100vw, 1375px\" \/><\/a><figcaption id=\"caption-attachment-9398\" class=\"wp-caption-text\">Verunka \u0160af\u00e1\u0159ov\u00e1 pokra\u010duje ve v\u00edt\u011bzn\u00e9 dynastii \u0160af\u00e1\u0159ovic rodu&#8230; Na stupn\u011b v\u00edt\u011bz\u016f ji doprovodila i na\u0161e Zitu\u0161ka \u017dern\u00ed\u010dkov\u00e1, ktera vybojovala v Bukov\u00e9 bronz!<\/figcaption><\/figure>\n<p style=\"text-align: justify;\">Po prvn\u00edm slavnostn\u00edm ceremoni\u00e1lu vyhl\u00e1\u0161en\u00ed v\u00edt\u011bz\u016f byla tra\u0165 &#8222;p\u0159eml\u00edkov\u00e1na&#8220; na st\u0159edn\u00ed okruh a kategorie d\u00edvek a chlapc\u016f 9-10 let vyrazily tedy ji\u017e do protipovod\u0148ov\u00e9ho poldru, nem\u011bli ale je\u0161t\u011b ve sv\u00e9m okruhu zakomponov\u00e1nu pas\u00e1\u017e STONES FIELD. Palce jsme ma\u010dkali op\u011bt na\u0161im \u0161ikovn\u00fdm d\u00edvk\u00e1m ve v\u00ed\u0159e na medailov\u00fd \u00fasp\u011bch podobn\u00fd tomu z p\u0159ed t\u00fddne v Bene\u0161ov\u011b. <strong><span style=\"color: #800000;\">Ani\u010dka Han\u00e1kov\u00e1<\/span> <\/strong>s <strong><span style=\"color: #800000;\">Am\u00e1lkou Gottwaldovou<\/span> <\/strong>na\u0161e nad\u011bje do punt\u00edku naplnili! Opakoval se souboj z Bene\u0161ova mezi Ani\u010dkami Han\u00e1kovou a Hude\u010dkovou (TUFO CZ Otrokovice), tentokr\u00e1t ale d\u00edvky nesoupe\u0159ily o st\u0159\u00edbro, ale o zlato! V dramatu, kter\u00e9 op\u011bt mohlo zp\u016fsobit leckomu srde\u010dn\u00ed slabost,\u00a0obh\u00e1jila zlato z Bene\u0161ova\u00a0na\u0161e Ani\u010dka! Am\u00e1lka Gottwaldov\u00e1 j\u00ed pak na &#8222;bednu&#8220; doprovodila, kdy\u017e fini\u0161ovala jako t\u0159et\u00ed v po\u0159ad\u00ed!<\/p>\n<figure id=\"attachment_9399\" aria-describedby=\"caption-attachment-9399\" style=\"width: 1091px\" class=\"wp-caption alignnone\"><a href=\"http:\/\/www.moravecteam.cz\/?attachment_id=9399\" rel=\"attachment wp-att-9399\"><img decoding=\"async\" loading=\"lazy\" class=\" wp-image-9399\" alt=\"P1110234\" src=\"http:\/\/www.moravecteam.cz\/wp-content\/uploads\/2017\/08\/P1110234.jpg\" width=\"1091\" height=\"1132\" srcset=\"https:\/\/www.moravecteam.cz\/wp-content\/uploads\/2017\/08\/P1110234.jpg 1091w, https:\/\/www.moravecteam.cz\/wp-content\/uploads\/2017\/08\/P1110234-25x25.jpg 25w, https:\/\/www.moravecteam.cz\/wp-content\/uploads\/2017\/08\/P1110234-289x300.jpg 289w, https:\/\/www.moravecteam.cz\/wp-content\/uploads\/2017\/08\/P1110234-986x1024.jpg 986w\" sizes=\"(max-width: 1091px) 100vw, 1091px\" \/><\/a><figcaption id=\"caption-attachment-9399\" class=\"wp-caption-text\">Souboj o prvenstv\u00ed na &#8222;ost\u0159\u00ed no\u017ee&#8220; p\u0159edvedli v kategorii d\u011bv\u010dat 7-8 let \u017daneta Kupsk\u00e1 s na\u0161\u00ed Just\u00fdnkou Novotnou. Po Just\u00fdn\u010din\u011b prvrnstv\u00ed na bene\u0161ov\u011b se tentokr\u00e1t radovala z\u00e1vodnice z Brna,<\/figcaption><\/figure>\n<p style=\"text-align: justify;\">Poprv\u00e9 ten den vyrazili na tra\u0165 s v\u0159azenou n\u00e1ro\u010dnou pas\u00e1\u017e\u00ed STONES FIELD d\u011bti v\u011bkem mlad\u0161\u00edch \u017e\u00e1k\u016f a \u017e\u00e1ky\u0148. <strong><span style=\"color: #800000;\">Eli\u0161ka Han\u00e1kov\u00e1<\/span><\/strong> zajela op\u011bt brilantn\u011b, v Bukov\u00e9 vyhr\u00e1la letos na MTB &#8222;Vrchovin\u011b&#8220; po des\u00e1t\u00e9 v \u0159ad\u011b a stala se tak ji\u017e prvn\u00ed jistou celkovou v\u00edt\u011bzkou seri\u00e1lu! P\u0159i sobotn\u00ed ne\u00fa\u010dasti omluven\u00fdch &#8211;\u00a0l\u00eddra MTB &#8222;Vrchoviny&#8220; v celkov\u00e9m po\u0159ad\u00ed mlad\u0161\u00edch \u017e\u00e1k\u016f Romana \u0160indel\u00e1\u0159e a osv\u011bd\u010den\u00e9ho bojovn\u00edka Maty\u00e1\u0161e Koudelky, podr\u017eel vysoko prapor\u00a0\u00a0MORAVEC Teamu <strong><span style=\"color: #800000;\">V\u00ed\u0165a Lipensk\u00fd<\/span><\/strong>. By\u0165 to na \u00a0&#8222;bednu&#8220; nevy\u0161lo, zajel V\u00ed\u0165a t\u011b\u017ekou tra\u0165 v\u00fdborn\u011b!<\/p>\n<figure id=\"attachment_9400\" aria-describedby=\"caption-attachment-9400\" style=\"width: 1348px\" class=\"wp-caption alignnone\"><a href=\"http:\/\/www.moravecteam.cz\/?attachment_id=9400\" rel=\"attachment wp-att-9400\"><img decoding=\"async\" loading=\"lazy\" class=\" wp-image-9400\" alt=\"P1110295\" src=\"http:\/\/www.moravecteam.cz\/wp-content\/uploads\/2017\/08\/P1110295.jpg\" width=\"1348\" height=\"1364\" srcset=\"https:\/\/www.moravecteam.cz\/wp-content\/uploads\/2017\/08\/P1110295.jpg 1348w, https:\/\/www.moravecteam.cz\/wp-content\/uploads\/2017\/08\/P1110295-25x25.jpg 25w, https:\/\/www.moravecteam.cz\/wp-content\/uploads\/2017\/08\/P1110295-296x300.jpg 296w, https:\/\/www.moravecteam.cz\/wp-content\/uploads\/2017\/08\/P1110295-1011x1024.jpg 1011w\" sizes=\"(max-width: 1348px) 100vw, 1348px\" \/><\/a><figcaption id=\"caption-attachment-9400\" class=\"wp-caption-text\">Dal\u0161\u00ed dechberouc\u00ed bitvu se \u0161\u0165astn\u00fdm koncem pro MORAVEC Team p\u0159edvely div\u00e1k\u016fm Anna Han\u00e1kov\u00e1 s Annou Hude\u010dkovou (TUFO CZ Otrokovice). O 2 vte\u0159iny byla v c\u00edli d\u0159\u00edve na\u0161e mlad\u00e1 borka!<\/figcaption><\/figure>\n<p style=\"text-align: justify;\">Druh\u00fd blok start\u016f bikov\u00e9ho dne v Bukov\u00e9\u00a0 vyvrcholil z\u00e1vody\u00a0star\u0161\u00edch \u00a0\u017e\u00e1k\u016f a \u017e\u00e1ky\u0148, kte\u0159\u00ed ji\u017e atakovali kompletn\u011b hlavn\u00ed okruh\u00a0. Mezi kluky n\u00e1m op\u011bt chyb\u011bl na startu zku\u0161en\u00fd borec Jakub Tesa\u0159, tak\u017ee zde jsme z\u016fstali bez medailov\u00fdch ambic\u00ed, ale mezi d\u00edvkami to bylo jinak. <strong><span style=\"color: #800000;\">Krist\u00fdna Kol\u00e1\u0159ov\u00e1<\/span> <\/strong>zajela, jak jsme letos u n\u00ed zvykl\u00ed, op\u011bt v\u00fdborn\u011b a odm\u011bnou j\u00ed bylo v c\u00edli cenn\u00e9, t\u0159et\u00ed m\u00edsto! V dob\u011b druh\u00e9ho startovn\u00edho bloku se na\u00a0z\u00e1vodi\u0161ti objevili avizovan\u00ed &#8222;Rud\u00ed \u010e\u00e1blov\u00e9&#8220; z Nutrend Specialized Racing, kte\u0159\u00ed se hned operativn\u011b stihli zapsat do z\u00e1vodu t\u0159\u00ed\u010dlenn\u00fdch \u0161tafet, kter\u00fd druh\u00fd blok start\u016f kolem poledne uzav\u00edral. A v sestav\u011b MORAVC\u016eM hodn\u011b sympatick\u00e9 &#8211; Veronika a Ad\u00e9la \u0160af\u00e1\u0159ovic + Tom\u00e1\u0161 Tlamka &#8222;Contador&#8220; brali bronz! \u017de po\u0159adatel\u00e9 vyu\u017eili l\u00eddra &#8222;D\u00e1bl\u016f&#8220; Viktora Zapletala v r\u00e1mci druh\u00e9ho slavnostn\u00edho ceremoni\u00e1lu p\u0159ed\u00e1v\u00e1n\u00ed cen v\u00edt\u011bz\u016fm, bylo &#8222;nab\u00edledni&#8220;, stejn\u011b jako skute\u010dnost, \u017ee s &#8222;Nuten\u010f\u00e1ky&#8220; nemohla neprob\u011bhnout p\u0159ed z\u00e1v\u011bre\u010dn\u00fdm blokem start\u016f autogrami\u00e1da&#8230; T\u0159i &#8222;\u010derven\u00e9 mu\u0161ket\u00fdry&#8220; doplnila je\u0161t\u011b dal\u0161\u00ed skv\u011bl\u00e1 leto\u0161n\u00ed bikov\u00e1 &#8222;bombar\u010fa\u010dka&#8220; s\u00a0aktu\u00e1ln\u011b reprezentantka \u010cR\u00a0&#8211; na\u0161e Jana &#8222;D\u017eejn&#8220; Tesa\u0159ov\u00e1, 28. juniorka z ned\u00e1vn\u00e9ho ME v It\u00e1lii&#8230;<\/p>\n<figure id=\"attachment_9401\" aria-describedby=\"caption-attachment-9401\" style=\"width: 2000px\" class=\"wp-caption alignnone\"><a href=\"http:\/\/www.moravecteam.cz\/?attachment_id=9401\" rel=\"attachment wp-att-9401\"><img decoding=\"async\" loading=\"lazy\" class=\" wp-image-9401 \" alt=\"IMG_0151\" src=\"http:\/\/www.moravecteam.cz\/wp-content\/uploads\/2017\/08\/IMG_0151.jpg\" width=\"2000\" height=\"1500\" srcset=\"https:\/\/www.moravecteam.cz\/wp-content\/uploads\/2017\/08\/IMG_0151.jpg 2000w, https:\/\/www.moravecteam.cz\/wp-content\/uploads\/2017\/08\/IMG_0151-300x225.jpg 300w, https:\/\/www.moravecteam.cz\/wp-content\/uploads\/2017\/08\/IMG_0151-1024x768.jpg 1024w\" sizes=\"(max-width: 2000px) 100vw, 2000px\" \/><\/a><figcaption id=\"caption-attachment-9401\" class=\"wp-caption-text\">Eli\u0161ce Han\u00e1kov\u00e9 poblahop\u0159\u00e1l a zatleskal k suver\u00e9nn\u00edmu v\u00edt\u011bzstv\u00ed i reprezenta\u010dn\u00ed tren\u00e9r Viktor Zapletal!<\/figcaption><\/figure>\n<p style=\"text-align: justify;\">A pak to p\u0159i\u0161lo. Tak\u0159ka na minutu, ve 13.35 poslala start\u00e9rova p\u00ed\u0161\u0165alka na tra\u0165 sme\u010dku eli\u0165\u00e1k\u016f, po n\u00ed vyrazili v minutov\u00fdch odstupech junio\u0159i \/ kadeti, kategorie Masters a ve fin\u00e1le \u017eeny, juniorky a kadetky. Z\u00e1vod si hodn\u011b u\u017eili hlavn\u011b na\u0161i Mast\u0159i. <strong><span style=\"color: #800000;\">Martin Gottwald<\/span><\/strong> m\u011bl v mlad\u0161\u00edch veter\u00e1nech v\u00edc ne\u017e zdatn\u00e9ho soupe\u0159e ve skv\u011ble jedouc\u00edm Viktoru Zapletalovi (Nutrend Specialized Racing) a a a\u017e v posledn\u00edm okruhu rozhodl o sv\u00e9m zaslou\u017een\u00e9m a cenn\u00e9m prvenstv\u00ed! <strong><span style=\"color: #800000;\">Vlast\u00edk\u00a0Odehnal<\/span> <\/strong>si v z\u00e1vod\u011b star\u0161\u00edch veter\u00e1n\u016f tak\u00e9 zku\u0161en\u011b ohl\u00eddal prvenstv\u00ed, vyu\u017e\u00edvaj\u00edc velmi dob\u0159e znalosti hlavn\u00ed trat\u011b, kterou pomohl po\u0159adatel\u016fm bravurn\u011b zkonfigurovat. Stejn\u011b tak jako <strong><span style=\"color: #800000;\">Milan \u0160af\u00e1\u0159<\/span><\/strong>, kter\u00fd dojel druh\u00fd za Vlastimilem. T\u0159et\u00ed zlato vybojovala v z\u00e1vod\u011b juniorek a kadetek <strong><span style=\"color: #800000;\">Jana &#8222;D\u017eejn&#8220; Tesa\u0159ov\u00e1<\/span><\/strong>, by\u0165 se na n\u011b nad\u0159ela mo\u017en\u00e1 v\u00edc, ne\u017e p\u0159edpokl\u00e1dala. Jan\u011b ud\u011blala na &#8222;bedn\u011b&#8220; &#8222;garde&#8220; v c\u00edli t\u0159et\u00ed <strong><span style=\"color: #800000;\">Anna Zem\u00e1nkov\u00e1<\/span><\/strong>.\u00a0\u00a0\u00a0A tu \u010dtrn\u00e1ctou placku do bukovsk\u00e9 odd\u00edlov\u00e9 pokladni\u010dky doplnila <strong><span style=\"color: #800000;\">Mark\u00e9ta \u0160af\u00e1\u0159ov\u00e1<\/span><\/strong>, bronzov\u00e1 v z\u00e1vod\u011b \u017een, kdy\u017e i v Bukov\u00e9 svedla v t\u00e9to kategorii souboj (by\u0165 state\u010dn\u00fd, ale podle o\u010dek\u00e1v\u00e1n\u00ed \u00a0marn\u00fd) se svoj\u00ed dcerou, na\u0161\u00ed odchovankyn\u00ed \u00a0<strong><span style=\"color: #800000;\">Ad\u00e9lou \u0160af\u00e1\u0159ovou<\/span> <\/strong>(Nutrend Specialized Racing).<\/p>\n<figure id=\"attachment_9402\" aria-describedby=\"caption-attachment-9402\" style=\"width: 1367px\" class=\"wp-caption alignnone\"><a href=\"http:\/\/www.moravecteam.cz\/?attachment_id=9402\" rel=\"attachment wp-att-9402\"><img decoding=\"async\" loading=\"lazy\" class=\" wp-image-9402\" alt=\"IMG_0282\" src=\"http:\/\/www.moravecteam.cz\/wp-content\/uploads\/2017\/08\/IMG_0282.jpg\" width=\"1367\" height=\"1524\" srcset=\"https:\/\/www.moravecteam.cz\/wp-content\/uploads\/2017\/08\/IMG_0282.jpg 1367w, https:\/\/www.moravecteam.cz\/wp-content\/uploads\/2017\/08\/IMG_0282-269x300.jpg 269w, https:\/\/www.moravecteam.cz\/wp-content\/uploads\/2017\/08\/IMG_0282-918x1024.jpg 918w\" sizes=\"(max-width: 1367px) 100vw, 1367px\" \/><\/a><figcaption id=\"caption-attachment-9402\" class=\"wp-caption-text\">Souboj &#8222;Tit\u00e1n\u016f&#8220; v kategorii Masters II byl jedn\u00edm z vrchol\u016f bikov\u00e9ho dne v Bukov\u00e9. K na\u0161\u00ed velk\u00e9 radosti bral zlato po nap\u00ednav\u00e9 bitv\u011b o prvenstv\u00ed n\u00e1\u0161 Martin Gottwald!<\/figcaption><\/figure>\n<p style=\"text-align: justify;\">I &#8222;Rud\u00ed \u010e\u00e1blov\u00e9&#8220; byli v posledn\u00edm startu hodn\u011b vid\u011bt. O zlatu Ad\u00e9ly mezi \u017eenami je zm\u00ednka v\u00fd\u0161e, stejn\u00fd kov vybojoval v z\u00e1vod\u011b junior\u016f a kadet\u016f dal\u0161\u00ed n\u00e1\u0161 odchovanec <strong><span style=\"color: #800000;\">Tom\u00e1\u0161 Tlamka &#8222;Contador&#8220;,<\/span> <\/strong>tak\u017ee zlatou bilanci &#8222;pokazil&#8220; sv\u00e9mu t\u00fdmu jen jeho l\u00eddr, Viktor Zapletal, kter\u00fd bral v mlad\u0161\u00edch veter\u00e1nech d\u00edk na\u0161emu Martinu Gottwaldovi &#8222;jen&#8220; druh\u00e9 m\u00edsto&#8230; Zde mrkn\u011bte na op\u011bt okulib\u00fd souhrn na\u0161ich medailist\u016f z Bukov\u00e9:<\/p>\n<ul>\n<li>\n<div style=\"text-align: justify;\">Zlat\u00e9 placky zdob\u00ed hrudn\u00ed\u010dky a hrudn\u00edky:\u00a0<span style=\"color: #ff6600;\"><strong>Leonky Eclerov\u00e9<\/strong><\/span>\u00a0(odr\u00e1\u017eedla) \/ po dev\u00edti z\u00e1vodech je celkov\u011b v OPEN po\u0159ad\u00ed na 1. m\u00edst\u011b, <strong><span style=\"color: #ff6600;\">Ani\u010dky Han\u00e1kov\u00e9<\/span> <\/strong>(9-10 let) \/2.,\u00a0 <strong><span style=\"color: #ff6600;\">Eli\u0161ky Han\u00e1kov\u00e9<\/span><\/strong>\u00a0(11-12 let) \/ 1. &#8211; jist\u00e1 celkov\u00e1 v\u00edt\u011bzka, <strong><span style=\"color: #ff6600;\">Jany Tesa\u0159ov\u00e9<\/span> <\/strong>(juniorky \/ kadetky) \/ 1., <strong><span style=\"color: #ff6600;\">Martina Gottwalda<\/span> <\/strong>(Masters II) \/ 1. a<strong><span style=\"color: #ff6600;\"> Vlast\u00edka Odehnala<\/span> <\/strong>(Masters III) \/ 1.<\/div>\n<\/li>\n<li style=\"text-align: justify;\">Ze st\u0159\u00edbra se t\u011b\u0161\u00ed:\u00a0<strong><span style=\"color: #808080;\">Just\u00fdnka Novotn\u00e1<\/span> <\/strong>(7-8 let) \/ 2.,\u00a0\u00a0<span style=\"color: #808080;\"><strong>Milan \u0160af\u00e1\u0159<\/strong><\/span>\u00a0(Maasters III) \/ 10.<\/li>\n<li style=\"text-align: justify;\">Bronzy pat\u0159\u00ed:\u00a0<strong><span style=\"color: #800000;\">Ton\u00edkovi Han\u00e1kovi<\/span> <\/strong>(odr\u00e1\u017eedla) \/ 7., <strong><span style=\"color: #800000;\">Zitu\u0161ce \u017dern\u00ed\u010dkov\u00e9<\/span><\/strong> (do 6 let) \/ 2.,<strong><span style=\"color: #800000;\"> Am\u00e1lce Gottwaldov\u00e9<\/span> <\/strong>(9-10 let) \/ 1., <strong><span style=\"color: #800000;\">Krist\u00fdn\u011b Kol\u00e1\u0159ov\u00e9<\/span><\/strong> (13-14 let) \/ 1.,<strong><span style=\"color: #800000;\"> Ann\u011b Zem\u00e1nkov\u00e9<\/span> <\/strong>(juniorky \/\u00a0kadertky) \/ 2.\u00a0a <strong><span style=\"color: #800000;\">Mark\u00e9t\u011b \u0160af\u00e1\u0159ov\u00e9<\/span> <\/strong>(\u017eeny) \/ 5.<\/li>\n<\/ul>\n<figure id=\"attachment_9403\" aria-describedby=\"caption-attachment-9403\" style=\"width: 1388px\" class=\"wp-caption alignnone\"><a href=\"http:\/\/www.moravecteam.cz\/?attachment_id=9403\" rel=\"attachment wp-att-9403\"><img decoding=\"async\" loading=\"lazy\" class=\" wp-image-9403\" alt=\"P1110407\" src=\"http:\/\/www.moravecteam.cz\/wp-content\/uploads\/2017\/08\/P1110407.jpg\" width=\"1388\" height=\"1166\" srcset=\"https:\/\/www.moravecteam.cz\/wp-content\/uploads\/2017\/08\/P1110407.jpg 1388w, https:\/\/www.moravecteam.cz\/wp-content\/uploads\/2017\/08\/P1110407-300x252.jpg 300w, https:\/\/www.moravecteam.cz\/wp-content\/uploads\/2017\/08\/P1110407-1024x860.jpg 1024w\" sizes=\"(max-width: 1388px) 100vw, 1388px\" \/><\/a><figcaption id=\"caption-attachment-9403\" class=\"wp-caption-text\">T\u0159et\u00edm m\u00edstem v Bukov\u00e9 si Krist\u00fdna Kol\u00e1\u0159ov\u00e1 upevnila pr\u016fb\u011b\u017en\u00e9 veden\u00ed v seri\u00e1lu v kategorii star\u0161\u00edch \u017e\u00e1ky\u0148.<\/figcaption><\/figure>\n<p style=\"text-align: justify;\">V\u00edt\u011bz\u016fm blahop\u0159ejeme, v\u0161em pak velk\u00fd d\u00edk za state\u010dn\u00e9 sobotn\u00ed v\u00fdkony, &#8222;special thanks&#8220; t\u00e9\u017e podp\u016frn\u00fdm rodinn\u00fdm t\u00fdm\u016fm! Bravurn\u011b, s rozvahou j\u00ed vlastn\u00ed, \u00a0zvl\u00e1dla v sobotu svoji dvojitou \u00falohu i <strong><span style=\"color: #800000;\">Magda Vinick\u00e1<\/span><\/strong>, kter\u00e1 pracovala nejen jako \u010dasom\u011b\u0159i\u010d(ka), ale hlavn\u011b musela \u0159e\u0161it p\u00e1r zdravotn\u00edch probl\u00e9m\u016f jako &#8222;head&#8220; l\u00e9ka\u0159ka z\u00e1vodu&#8230; Bravo Magdo a d\u00edky moc! \u00a0Jmenovit\u00e1 pochvala let\u00ed\u00a0i k Leonce Eclerov\u00e9, kter\u00e1 op\u011bt zvl\u00e1dla dva starty: po v\u00edt\u011bzn\u00e9m na odr\u00e1\u017eedlech stihla dojet jako p\u00e1t\u00e1 je\u0161t\u011b v z\u00e1vod\u011b d\u00edvek do 6 let&#8230; Zde studujte <strong><a href=\"http:\/\/www.pohardrahanskevrchoviny.cz\/rudi-dablove-na-vrchovine\/\">kompletn\u00ed v\u00fdsledkov\u00fd servis<\/a><\/strong>, a zde t\u0159i hutn\u00e9 fotogalerie, p\u0159i\u010dem\u017e ta prvn\u00ed je vskutku rekordn\u00ed (d\u00edky <strong><span style=\"color: #800000;\">Karle<\/span><\/strong>!).<\/p>\n<ul>\n<li>\n<div style=\"text-align: justify;\"><strong><a href=\"http:\/\/moravecteam.rajce.idnes.cz\/2017.08.12_PDV_Bukova\/\">Fotogalerie \u010d.1 (Karel Vinick\u00fd)<\/a><\/strong><\/div>\n<\/li>\n<li><strong><a href=\"http:\/\/moravecteam.rajce.idnes.cz\/2017.08.12_PDV_Bukova_-_2\/\">Fotogalerie \u010d.2 (Lenka Tlamkov\u00e1)<\/a><\/strong><\/li>\n<li><strong><a href=\"http:\/\/moravecteam.rajce.idnes.cz\/2017.08.12_PDV_Bukova_-_3\/\">Fotogalerie \u010d.3 (L\u00edda Ad\u00e1mkov\u00e1)<\/a><\/strong><\/li>\n<\/ul>\n<p style=\"text-align: justify;\">Po prostudov\u00e1n\u00ed v\u00fdsledkov\u00fdch listin v\u010detn\u011b dopl\u0148uj\u00edc\u00edch fotogaleri\u00ed \u00a0je v\u00edc ne\u017e jasn\u00e9, ve kter\u00fdch \u017ee to rodinn\u00fdch odd\u00edlov\u00fdch klanech se\u00a0v sobotu ve\u010der slavilo&#8230; Hlavn\u011b u Han\u00e1k\u016f, \u0160af\u00e1\u0159\u016f a Gottwald\u016f..! A kdy\u017e si zp\u011btn\u011b uv\u011bdom\u00edme, kolik na\u0161ich vesm\u011bs z d\u016fvod\u016f hl\u00e1\u0161en\u00e9ho pr\u00e1zdninov\u00e9ho volna, v sobotu v Bukov\u00e9 nestartovalo (Dominik Prudek, brat\u0159i \u0160indel\u00e1\u0159ovi, Kuba Tesa\u0159, Tom\u00e1\u0161 Dou\u0161ek, sourozenci Koudelkovi, Ad\u00e9la Kubinov\u00e1, Luk\u00e1\u0161 Gregor, Jirka \u0160t\u011bpan\u00edk&#8230;), je za tohoto stavu medailov\u00fd &#8222;sb\u011br&#8220; velice bohat\u00fd!<\/p>\n<figure id=\"attachment_9404\" aria-describedby=\"caption-attachment-9404\" style=\"width: 1604px\" class=\"wp-caption alignnone\"><a href=\"http:\/\/www.moravecteam.cz\/?attachment_id=9404\" rel=\"attachment wp-att-9404\"><img decoding=\"async\" loading=\"lazy\" class=\" wp-image-9404\" alt=\"IMG_0168\" src=\"http:\/\/www.moravecteam.cz\/wp-content\/uploads\/2017\/08\/IMG_0168.jpg\" width=\"1604\" height=\"1496\" srcset=\"https:\/\/www.moravecteam.cz\/wp-content\/uploads\/2017\/08\/IMG_0168.jpg 1604w, https:\/\/www.moravecteam.cz\/wp-content\/uploads\/2017\/08\/IMG_0168-300x279.jpg 300w, https:\/\/www.moravecteam.cz\/wp-content\/uploads\/2017\/08\/IMG_0168-1024x955.jpg 1024w\" sizes=\"(max-width: 1604px) 100vw, 1604px\" \/><\/a><figcaption id=\"caption-attachment-9404\" class=\"wp-caption-text\">Borce a borku z t\u00fdmu Nutrend Specialized Racing doplnila p\u0159i poledn\u00ed autogrami\u00e1d\u011b 28. juniorka v Evrop\u011b, na\u0161e Jana &#8222;D\u017eejn&#8220; Tesa\u0159ov\u00e1.<\/figcaption><\/figure>\n<p style=\"text-align: justify;\">\n","protected":false},"excerpt":{"rendered":"<p>I\u00a0p\u0159es vrchol\u00edc\u00ed obdob\u00ed pr\u00e1zdnin a dovolen\u00fdch se na des\u00e1t\u00e9 leto\u0161n\u00ed MTB Superior &#8222;Vrchovin\u011b&#8220; se\u0161la v Bukov\u00e9 prvot\u0159\u00eddn\u00ed konkurence a d\u00edky tomu m\u011bli rajd\u0159i MORAVEC Temu skute\u010dn\u011b soupe\u0159e v\u00edc, ne\u017e zdatn\u00e9! Budi\u017e jim ale ke cti, \u017ee se\u00a0tvrd\u00e9 konkurence nikterak nezalekli a vybojovali\u00a0\u00a0\u00factyhodn\u00fdch 14 medail\u00ed, p\u0159i\u010dem\u017e t\u00e9m\u011b\u0159 polovina jich byla zlat\u00fdch! V\u00fdsledek je o to cenn\u011bj\u0161\u00ed,\u00a0vezmeme-li &hellip; <a href=\"https:\/\/www.moravecteam.cz\/?p=9378\" class=\"more-link\">Pokra\u010dov\u00e1n\u00ed textu <span class=\"screen-reader-text\">&#8222;\u010e\u00e1belsk\u00e1&#8220; Bukov\u00e1!<\/span> <span class=\"meta-nav\">&rarr;<\/span><\/a><\/p>\n","protected":false},"author":3,"featured_media":9393,"comment_status":"open","ping_status":"closed","sticky":false,"template":"","format":"standard","meta":[],"categories":[1],"tags":[],"_links":{"self":[{"href":"https:\/\/www.moravecteam.cz\/index.php?rest_route=\/wp\/v2\/posts\/9378"}],"collection":[{"href":"https:\/\/www.moravecteam.cz\/index.php?rest_route=\/wp\/v2\/posts"}],"about":[{"href":"https:\/\/www.moravecteam.cz\/index.php?rest_route=\/wp\/v2\/types\/post"}],"author":[{"embeddable":true,"href":"https:\/\/www.moravecteam.cz\/index.php?rest_route=\/wp\/v2\/users\/3"}],"replies":[{"embeddable":true,"href":"https:\/\/www.moravecteam.cz\/index.php?rest_route=%2Fwp%2Fv2%2Fcomments&post=9378"}],"version-history":[{"count":14,"href":"https:\/\/www.moravecteam.cz\/index.php?rest_route=\/wp\/v2\/posts\/9378\/revisions"}],"predecessor-version":[{"id":9411,"href":"https:\/\/www.moravecteam.cz\/index.php?rest_route=\/wp\/v2\/posts\/9378\/revisions\/9411"}],"wp:featuredmedia":[{"embeddable":true,"href":"https:\/\/www.moravecteam.cz\/index.php?rest_route=\/wp\/v2\/media\/9393"}],"wp:attachment":[{"href":"https:\/\/www.moravecteam.cz\/index.php?rest_route=%2Fwp%2Fv2%2Fmedia&parent=9378"}],"wp:term":[{"taxonomy":"category","embeddable":true,"href":"https:\/\/www.moravecteam.cz\/index.php?rest_route=%2Fwp%2Fv2%2Fcategories&post=9378"},{"taxonomy":"post_tag","embeddable":true,"href":"https:\/\/www.moravecteam.cz\/index.php?rest_route=%2Fwp%2Fv2%2Ftags&post=9378"}],"curies":[{"name":"wp","href":"https:\/\/api.w.org\/{rel}","templated":true}]}}