{"id":9388,"date":"2017-08-14T23:04:21","date_gmt":"2017-08-14T21:04:21","guid":{"rendered":"http:\/\/www.moravecteam.cz\/?p=9388"},"modified":"2017-08-15T07:20:34","modified_gmt":"2017-08-15T05:20:34","slug":"co-se-bude-dit-st33-3","status":"publish","type":"post","link":"https:\/\/www.moravecteam.cz\/?p=9388","title":{"rendered":"Co se bude d\u00edt? (ST33)"},"content":{"rendered":"<h5><span style=\"color: #800000;\">\u00dater\u00fd 15.8. 2017<\/span><\/h5>\n<p style=\"text-align: justify;\">Tr\u00e9nink MORAVEC Junior Team pod veden\u00edm\u00a0Petra Koudelky a\u00a0Franti\u0161ka Pad\u011bry.\u00a0Sraz mlad\u00fdch cyklist\u016f bude\u00a0v\u00a017.00 hod\u00a0u t\u011blovi\u010dny Z\u0160 v\u00a0Bene\u0161ov\u011b.\u00a0V\u00a0p\u0159\u00edpad\u011b dotaz\u016f\u00a0<span style=\"color: #800000;\"><strong>kontaktujte\u00a0Petra na\u00a0605 068 098<\/strong><\/span>.\u00a0POZOR! Tr\u00e9nuj\u00edc\u00ed, vezm\u011bte s\u00a0\u00a0sebou vezmou i jin\u00e9 boty\u00a0ne\u017e cyklistick\u00e9 tretry, abyste si mohli zahr\u00e1t hry i mimo bicykl\u00a0(nap\u0159. vybi\u0161ku nebo fotbal.)&#8230;<\/p>\n<h5><strong><span style=\"color: #800000;\">St\u0159eda 16.8. 2017<\/span><\/strong><\/h5>\n<p style=\"text-align: justify;\">Dal\u0161\u00ed \u00a0ter\u00e9nn\u00ed tr\u00e9nink MORAVEC Junior Teamu. Sraz mlad\u00fdch biker\u016f je v 17.00 hodin v Boskovic\u00edch, na Boskovick\u00fdch stezk\u00e1ch. \u00a0Tr\u00e9nink povede\u00a0<strong><span style=\"color: #800000;\">Milan Tlamka<\/span><\/strong>, v p\u0159\u00edpad\u011b dotaz\u016f ho v\u010das\u00a0kontaktujte na jeho\u00a0<span style=\"color: #800000;\"><strong>mobil\u00a0776 108 046<\/strong><\/span>.<\/p>\n<h5><strong><span style=\"color: #800000;\">P\u00e1tek 18.8. 2017<\/span><\/strong><\/h5>\n<p style=\"text-align: justify;\">Ofici\u00e1ln\u00ed prohl\u00eddka trat\u00ed des\u00e1t\u00e9ho z\u00e1vodu MTB Superior Poh\u00e1ru Drahansk\u00e9 vrchoviny &#8211; od 17.00 hodin v\u00a0Ko\u0159enci &#8211; v prostoru za kulturn\u00edm domem. \u00da\u010dast a dopravu si ka\u017ed\u00fd zaji\u0161\u0165uje s\u00e1m. POZOR! Prohl\u00eddku a naj\u00ed\u017ed\u011bn\u00ed trat\u00ed si ka\u017ed\u00fd \u0159e\u0161\u00ed individu\u00e1ln\u011b! Toto nen\u00ed ofici\u00e1ln\u00edm t\u00fdmov\u00fdm tr\u00e9ninkem!!!<\/p>\n<h5><span style=\"color: #800000;\">Sobota 19.8. 2017<\/span><\/h5>\n<p style=\"text-align: justify;\">Des\u00e1t\u00fd z\u00e1vod MTB Superior Poh\u00e1ru Drahansk\u00e9 vchoviny &#8211; MTB XCO &#8211; Velk\u00e1 cena obce Ko\u0159enec. \u00da\u010dast a dopravu si ka\u017ed\u00fd zaji\u0161\u0165uje s\u00e1m. Zde studujte propozice: <strong><a href=\"http:\/\/www.moravecteam.cz\/?attachment_id=9391\" rel=\"attachment wp-att-9391\">PDV-2017-propozice-Ko\u0159enec<\/a><\/strong><\/p>\n<p>&nbsp;<\/p>\n","protected":false},"excerpt":{"rendered":"<p>\u00dater\u00fd 15.8. 2017 Tr\u00e9nink MORAVEC Junior Team pod veden\u00edm\u00a0Petra Koudelky a\u00a0Franti\u0161ka Pad\u011bry.\u00a0Sraz mlad\u00fdch cyklist\u016f bude\u00a0v\u00a017.00 hod\u00a0u t\u011blovi\u010dny Z\u0160 v\u00a0Bene\u0161ov\u011b.\u00a0V\u00a0p\u0159\u00edpad\u011b dotaz\u016f\u00a0kontaktujte\u00a0Petra na\u00a0605 068 098.\u00a0POZOR! Tr\u00e9nuj\u00edc\u00ed, vezm\u011bte s\u00a0\u00a0sebou vezmou i jin\u00e9 boty\u00a0ne\u017e cyklistick\u00e9 tretry, abyste si mohli zahr\u00e1t hry i mimo bicykl\u00a0(nap\u0159. vybi\u0161ku nebo fotbal.)&#8230; St\u0159eda 16.8. 2017 Dal\u0161\u00ed \u00a0ter\u00e9nn\u00ed tr\u00e9nink MORAVEC Junior Teamu. Sraz mlad\u00fdch biker\u016f &hellip; <a href=\"https:\/\/www.moravecteam.cz\/?p=9388\" class=\"more-link\">Pokra\u010dov\u00e1n\u00ed textu <span class=\"screen-reader-text\">Co se bude d\u00edt? (ST33)<\/span> <span class=\"meta-nav\">&rarr;<\/span><\/a><\/p>\n","protected":false},"author":3,"featured_media":9409,"comment_status":"open","ping_status":"closed","sticky":false,"template":"","format":"standard","meta":[],"categories":[11],"tags":[],"_links":{"self":[{"href":"https:\/\/www.moravecteam.cz\/index.php?rest_route=\/wp\/v2\/posts\/9388"}],"collection":[{"href":"https:\/\/www.moravecteam.cz\/index.php?rest_route=\/wp\/v2\/posts"}],"about":[{"href":"https:\/\/www.moravecteam.cz\/index.php?rest_route=\/wp\/v2\/types\/post"}],"author":[{"embeddable":true,"href":"https:\/\/www.moravecteam.cz\/index.php?rest_route=\/wp\/v2\/users\/3"}],"replies":[{"embeddable":true,"href":"https:\/\/www.moravecteam.cz\/index.php?rest_route=%2Fwp%2Fv2%2Fcomments&post=9388"}],"version-history":[{"count":4,"href":"https:\/\/www.moravecteam.cz\/index.php?rest_route=\/wp\/v2\/posts\/9388\/revisions"}],"predecessor-version":[{"id":9410,"href":"https:\/\/www.moravecteam.cz\/index.php?rest_route=\/wp\/v2\/posts\/9388\/revisions\/9410"}],"wp:featuredmedia":[{"embeddable":true,"href":"https:\/\/www.moravecteam.cz\/index.php?rest_route=\/wp\/v2\/media\/9409"}],"wp:attachment":[{"href":"https:\/\/www.moravecteam.cz\/index.php?rest_route=%2Fwp%2Fv2%2Fmedia&parent=9388"}],"wp:term":[{"taxonomy":"category","embeddable":true,"href":"https:\/\/www.moravecteam.cz\/index.php?rest_route=%2Fwp%2Fv2%2Fcategories&post=9388"},{"taxonomy":"post_tag","embeddable":true,"href":"https:\/\/www.moravecteam.cz\/index.php?rest_route=%2Fwp%2Fv2%2Ftags&post=9388"}],"curies":[{"name":"wp","href":"https:\/\/api.w.org\/{rel}","templated":true}]}}