{"id":9413,"date":"2017-08-21T22:11:47","date_gmt":"2017-08-21T20:11:47","guid":{"rendered":"http:\/\/www.moravecteam.cz\/?p=9413"},"modified":"2017-08-21T22:13:42","modified_gmt":"2017-08-21T20:13:42","slug":"korenec-ve-zlate","status":"publish","type":"post","link":"https:\/\/www.moravecteam.cz\/?p=9413","title":{"rendered":"Ko\u0159enec ve zlat\u011b!"},"content":{"rendered":"<p style=\"text-align: justify;\"><span style=\"color: #800000;\"><strong>I na jeden\u00e1ct\u00e9m z\u00e1vod\u011b MTB Superior Poh\u00e1ru Drahansk\u00e9 vrchoviny, kter\u00fd pohostil minulou sobotu velice starostliv\u011b Ko\u0159enec, se borc\u016fm a bork\u00e1m MORAVEC Teamu da\u0159ilo. Potvrzuje to zisk \u0161esti zlat\u00fdch medail\u00ed co\u017e znamen\u00e1, \u017ee rovnou t\u0159etinu vyhl\u00e1\u0161en\u00fdch kategori\u00ed na\u0161i rajd\u0159i v\u00fdsledkov\u011b ovl\u00e1dli! A to je super, proto\u017ee na\u0161e ko\u0159eneck\u00e1 sestava byla z r\u016fzn\u00fdch p\u0159\u00ed\u010din &#8211; p\u0159edev\u0161\u00edm ale z d\u016fvodu\u00a0vrchol\u00edc\u00ed doby dovolen\u00fdch &#8211; op\u011bt zna\u010dn\u011b oslabena. Zato na\u0161i tradi\u010dn\u00ed p\u0159espoln\u00ed soupe\u0159i se prezentovali pov\u011bt\u0161inou v sobotu &#8222;u v\u011bt\u0159\u00e1ku&#8220; v pln\u00e9 s\u00edle a o to je n\u00e1\u0161 medailov\u00fd zisk cenn\u011bj\u0161\u00ed!<\/strong> <strong>Krom zm\u00edn\u011bn\u00fdch \u0161esti zlat\u00fdch vyv\u00e1l\u010dili na\u0161i na v\u00edc v Ko\u0159enci i t\u0159i st\u0159\u00edbra\u00a0 jeden bronz! Dost dobr\u00fd&#8230;<\/strong><\/span><\/p>\n<figure id=\"attachment_9435\" aria-describedby=\"caption-attachment-9435\" style=\"width: 1952px\" class=\"wp-caption alignnone\"><a href=\"http:\/\/www.moravecteam.cz\/?attachment_id=9435\" rel=\"attachment wp-att-9435\"><img decoding=\"async\" loading=\"lazy\" class=\" wp-image-9435\" alt=\"IMG_0388\" src=\"http:\/\/www.moravecteam.cz\/wp-content\/uploads\/2017\/08\/IMG_0388.jpg\" width=\"1952\" height=\"1278\" srcset=\"https:\/\/www.moravecteam.cz\/wp-content\/uploads\/2017\/08\/IMG_0388.jpg 1952w, https:\/\/www.moravecteam.cz\/wp-content\/uploads\/2017\/08\/IMG_0388-300x196.jpg 300w, https:\/\/www.moravecteam.cz\/wp-content\/uploads\/2017\/08\/IMG_0388-1024x670.jpg 1024w\" sizes=\"(max-width: 1952px) 100vw, 1952px\" \/><\/a><figcaption id=\"caption-attachment-9435\" class=\"wp-caption-text\">Leonka Eclerov\u00e1 &#8211; nejrychlej\u0161\u00ed d\u00edvka na Ko\u0159enci na odr\u00e1\u017eedlech!<\/figcaption><\/figure>\n<p style=\"text-align: justify;\">Po\u010das\u00ed se tentokr\u00e1t vymykalo letos na MTB &#8222;Vrchovin\u011b&#8220; za\u017eit\u00e9mu standardu&#8230; Bylo vlhko, ob\u010das spadlo i p\u00e1r kapek a nep\u0159\u00edtomnost slun\u00ed\u010dka jsme logicky po t\u011ble poc\u00edtili zv\u00fd\u0161en\u00fdm chladem. Nic z toho n\u00e1s ale nerozhodilo! Hned ve druh\u00e9m startu dne \u00a0n\u00e1s v\u00fdsledkov\u011b jasn\u011b nasm\u011b\u0159ovala na sv\u00e9m &#8222;po \u010dertech&#8220; rychl\u00e9m odr\u00e1\u017eedle <span style=\"color: #800000;\"><strong>Leonka Eclerov\u00e1<\/strong><\/span>, kter\u00e1 nedala soupe\u0159k\u00e1m \u0161anci a z v\u00edt\u011bzstv\u00ed se letos mohla radovat u\u017e po \u0161est\u00e9! Zlatou radost jsme za\u017e\u00edvali i o p\u00e1r des\u00edtek minut pozd\u011bji, p\u0159i z\u00e1vod\u011b d\u011bv\u010dat do 6 let. <strong><span style=\"color: #800000;\">Zitu\u0161ka \u017dern\u00ed\u010dkov\u00e1<\/span><\/strong>\u00a0potvrdila pov\u011bst bojovn\u00e9 lvice a letos po druh\u00e9 (premi\u00e9rov\u011b to bylo na ja\u0159e p\u0159i prvn\u00ed\u00a0MTB &#8222;Vrchovin\u011b&#8220; v Protivanov\u011b) dok\u00e1zala porazit svoje kvalitn\u00ed soupe\u0159ky v\u010detn\u011b dosavadn\u00ed suver\u00e9nky t\u00e9to kategorie &#8211; Terezky Hrazdilov\u00e9 z Brna. A bude-li na\u0161\u00ed talentovan\u00e9 bikerce forma nad\u00e1le kulminovat, nen\u00ed v t\u00e9to kategorii vylou\u010dena v z\u00e1v\u011bre\u010dn\u00fdch z\u00e1vodech je\u0161t\u011b dramatick\u00e1 z\u00e1pletka v boji o celkov\u00e9 prvenstv\u00ed!<\/p>\n<figure id=\"attachment_9436\" aria-describedby=\"caption-attachment-9436\" style=\"width: 1871px\" class=\"wp-caption alignnone\"><a href=\"http:\/\/www.moravecteam.cz\/?attachment_id=9436\" rel=\"attachment wp-att-9436\"><img decoding=\"async\" loading=\"lazy\" class=\" wp-image-9436\" alt=\"IMG_0393\" src=\"http:\/\/www.moravecteam.cz\/wp-content\/uploads\/2017\/08\/IMG_0393.jpg\" width=\"1871\" height=\"1417\" srcset=\"https:\/\/www.moravecteam.cz\/wp-content\/uploads\/2017\/08\/IMG_0393.jpg 1871w, https:\/\/www.moravecteam.cz\/wp-content\/uploads\/2017\/08\/IMG_0393-300x227.jpg 300w, https:\/\/www.moravecteam.cz\/wp-content\/uploads\/2017\/08\/IMG_0393-1024x775.jpg 1024w\" sizes=\"(max-width: 1871px) 100vw, 1871px\" \/><\/a><figcaption id=\"caption-attachment-9436\" class=\"wp-caption-text\">Opr\u00e1vn\u011bn\u00e1 radost z v\u00edt\u011bzstv\u00ed Zitu\u0161ky \u017dern\u00ed\u010dkov\u00e9. &#8222;U v\u011bt\u0159\u00e1ku&#8220; zopakovala sv\u016fj triumf z dom\u00e1c\u00edho z\u00e1vodu v Protivanov\u011b.<\/figcaption><\/figure>\n<p style=\"text-align: justify;\">Dv\u011b zlata ze t\u0159\u00ed start\u016f, to byl pro n\u00e1s skv\u011bl\u00fd \u00favod ko\u0159eneck\u00e9ho z\u00e1vodu! A na\u0161e\u00a0v\u00edt\u011bzn\u00e9 opojen\u00ed pokra\u010dovalo i p\u0159i startu s po\u0159adov\u00fdm \u010d\u00edslem 5, kdy na tra\u0165 vyrazila d\u011bv\u010data st\u00e1\u0159\u00ed (resp. ml\u00e1d\u00ed&#8230;) 7-8 let. Z\u00e1vod jsme vyhl\u00ed\u017eeli s nap\u011bt\u00edm, v\u017edy\u0165 souboje o zlato na\u0161\u00ed <strong><span style=\"color: #800000;\">Just\u00fdnky Novotn\u00e9<\/span> <\/strong>s \u017danetkou Kupskou (Judo SKKP Brno) se staly letos u\u017e legend\u00e1rn\u00edmi&#8230; Div\u00e1ci nebyli zklam\u00e1ni ani tentokr\u00e1t. Holky svedly op\u011bt vz\u00e1cn\u011b vyrovnan\u00fd souboj, kdy v c\u00edli byla o vte\u0159inu nakonec prvn\u00ed &#8211; k na\u0161\u00ed velk\u00e9 radosti &#8211;\u00a0 z\u00e1vodnice MORVEC Teamu!\u00a0 Lehk\u00fd de\u0161t\u00edk, kter\u00fd zkr\u00e1p\u011bl tra\u0165 b\u011bhem prvn\u00edch start\u016f zp\u016fsobil kluzkost v\u011bt\u0161inou travnat\u00fdch trat\u00ed a to kladlo samoz\u0159ejm\u011b zv\u00fd\u0161en\u00e9 n\u00e1roky na technickou dovednost v\u0161ech mlad\u00fdch rajdr\u016f, kdy p\u0159edev\u0161\u00edm velkou m\u00edru citu p\u0159i br\u017ed\u011bn\u00ed bylo t\u0159eba z dan\u00fdch okolnost\u00ed prokazovat. Na\u0161e barvy vynikali i v j\u00edzd\u011b na kluzk\u00e9 tr\u00e1v\u011b, co\u017e sv\u011bd\u010d\u00ed o kvalitn\u00ed p\u0159\u00edprav\u011b, kter\u00e1 logicky \u00fast\u00ed k vysok\u00e9 m\u00ed\u0159e univerz\u00e1lnosti p\u0159i z\u00e1vod\u011b na jak\u00e9mkoli povrchu trat\u011b.<\/p>\n<figure id=\"attachment_9437\" aria-describedby=\"caption-attachment-9437\" style=\"width: 1970px\" class=\"wp-caption alignnone\"><a href=\"http:\/\/www.moravecteam.cz\/?attachment_id=9437\" rel=\"attachment wp-att-9437\"><img decoding=\"async\" loading=\"lazy\" class=\" wp-image-9437\" alt=\"IMG_0399\" src=\"http:\/\/www.moravecteam.cz\/wp-content\/uploads\/2017\/08\/IMG_0399.jpg\" width=\"1970\" height=\"1318\" srcset=\"https:\/\/www.moravecteam.cz\/wp-content\/uploads\/2017\/08\/IMG_0399.jpg 1970w, https:\/\/www.moravecteam.cz\/wp-content\/uploads\/2017\/08\/IMG_0399-300x200.jpg 300w, https:\/\/www.moravecteam.cz\/wp-content\/uploads\/2017\/08\/IMG_0399-1024x685.jpg 1024w\" sizes=\"(max-width: 1970px) 100vw, 1970px\" \/><\/a><figcaption id=\"caption-attachment-9437\" class=\"wp-caption-text\">Jako na hopa\u010dce&#8230; V Bukov\u00e9 byla rychlej\u0161\u00ed \u017daneta Kupsk\u00e1, v Ko\u0159enci Just\u00fdna Novotn\u00e1. Kter\u00e1 to bude p\u0159\u00ed\u0161t\u011b?<\/figcaption><\/figure>\n<p style=\"text-align: justify;\">P\u0159edpoledn\u00ed startovn\u00ed &#8222;seqenci&#8220; zh\u00e1jily starty kategori\u00ed 9-10 let, kter\u00e9 postupn\u011b, spolu s ostatn\u00edmi kategoriemi z tohoto bloku, vyr\u00e1\u017eeli ji\u017e na st\u0159edn\u00ed okruh dlouh\u00fd 1500m. Hned ve druh\u00e9m startu p\u0159edvedli d\u00edvky\u00a0 9-10 let\u00a0 div\u00e1k\u016fm skute\u010dnou lah\u016fdku! Ani dva okruhy nesta\u010dily na to, aby roztrhly \u010delo tohoto z\u00e1vodu&#8230; Po prvn\u00edm kole jelo v t\u011bsn\u00e9m sledu v \u010dele ve &#8222;vl\u00e1\u010dku&#8220; dokonce 6 bikerek, k na\u0161\u00ed velk\u00e9 radosti byly \u010dty\u0159i v na\u0161em dresu (Gottwaldov\u00e1, Han\u00e1kov\u00e1, Tlamkov\u00e1 a Zav\u0159elov\u00e1)! Do fini\u0161e se p\u0159i\u0159\u00edtila skupina u\u017e jen \u010dty\u0159 borek (s na\u0161\u00ed Gottwaldovou a Han\u00e1kovou v\u010detn\u011b). kdy jako prvn\u00ed pro\u0165ala sice c\u00edlovou p\u00e1sku &#8222;tufa\u010dka&#8220; Anna Hude\u010dkov\u00e1, ale s minim\u00e1ln\u00ed ztr\u00e1tou za n\u00ed spurtovala na\u0161e <span style=\"color: #800000;\"><strong>Ani\u010dka Han\u00e1kov\u00e1<\/strong><\/span>! Anna z Otrokovic tedy v Ko\u0159enci oplatila Ann\u011b ze \u017d\u010f\u00e1rn\u00e9 t\u011bsn\u00e9 prohry ze dvou p\u0159edchoz\u00edch z\u00e1vod\u016f! Pr\u016fb\u011b\u017en\u00fdm l\u00eddrem t\u00e9to kategorie je ale nad\u00e1le v Ko\u0159enci v c\u00edli \u010dtvrt\u00e1, taky na\u0161e, Am\u00e1lka Gottwaldov\u00e1. Zkr\u00e1tka tato kategorie je na\u0161\u00edm par\u00e1dn\u00edm \u010d\u00edslem, kdy\u017e v TOP SIX zde m\u00e1me je\u0161t\u011b i Bar\u010du Tlamkovou a Ad\u00e9lku Zav\u0159elovou!<\/p>\n<figure id=\"attachment_9438\" aria-describedby=\"caption-attachment-9438\" style=\"width: 1484px\" class=\"wp-caption alignnone\"><a href=\"http:\/\/www.moravecteam.cz\/?attachment_id=9438\" rel=\"attachment wp-att-9438\"><img decoding=\"async\" loading=\"lazy\" class=\" wp-image-9438\" alt=\"IMG_0486\" src=\"http:\/\/www.moravecteam.cz\/wp-content\/uploads\/2017\/08\/IMG_0486.jpg\" width=\"1484\" height=\"1040\" srcset=\"https:\/\/www.moravecteam.cz\/wp-content\/uploads\/2017\/08\/IMG_0486.jpg 1484w, https:\/\/www.moravecteam.cz\/wp-content\/uploads\/2017\/08\/IMG_0486-300x210.jpg 300w, https:\/\/www.moravecteam.cz\/wp-content\/uploads\/2017\/08\/IMG_0486-1024x717.jpg 1024w\" sizes=\"(max-width: 1484px) 100vw, 1484px\" \/><\/a><figcaption id=\"caption-attachment-9438\" class=\"wp-caption-text\">Nejlep\u0161\u00ed d\u00edvky z\u00e1vodu kategorie 9-10 let, kter\u00fd svou dranati\u010dnost\u00ed div\u00e1ky &#8222;zvednul ze sedadel&#8220;! Na stupn\u00edch absentuje v c\u00edi \u010dtvrt\u00e1 Am\u00e1lka Gottwaldov\u00e1, kter\u00e1 musela odejet je\u0161t\u011b p\u0159ed slavnostn\u00edm ceremoni\u00e1lem.<\/figcaption><\/figure>\n<p style=\"text-align: justify;\">Prvn\u00ed jist\u00e1 v\u00edt\u011bzka leto\u0161n\u00ed MTB &#8222;Vrchoviny&#8220;, dal\u0161\u00ed na\u0161e zku\u0161en\u00e1 borka <strong><span style=\"color: #800000;\">Eli\u0161ka Han\u00e1kov\u00e1,<\/span> <\/strong>si pro jist\u00e9 v\u00edt\u011bzstv\u00ed p\u0159ijela i na Ko\u0159enec a jej\u00ed s\u00e9rie jeden\u00e1cti prvenstv\u00ed v \u0159ad\u011b je letos skute\u010dn\u011b \u00a0stejn\u011b pozoruhodnou, jako ojedin\u011blou&#8230; Zlato s po\u0159adov\u00fdm \u010d.5 m\u00e1me z Ko\u0159ence d\u00edky dom\u00e1c\u00ed z\u00e1vodnici <strong><span style=\"color: #800000;\">Krist\u00fdn\u011b Kol\u00e1\u0159ov\u00e9, <\/span><\/strong><span style=\"color: #800000;\"><span style=\"color: #000000;\">kter\u00e1 svedla tuh\u00fd a v\u00edt\u011bzn\u00fd souboj s Nat\u00e1li\u00ed \u0160imo\u0148ukovou (CykloTeam MXM Hul\u00edn), kdy\u017e o sv\u00e9m\u00a0prvenstv\u00ed rozhodla v m\u00edrn\u00e9m sjezdu v prvn\u00ed polovin\u011b z\u00e1v\u011bre\u010dn\u00e9ho okruhu&#8230;\u00a0Radost n\u00e1m v t\u00e9to kategorii ud\u011blala ziskem\u00a0cenn\u00e9ho t\u0159et\u00edho m\u00edsta z\u00e1vod od z\u00e1vodu se lep\u0161\u00edc\u00ed <strong><span style=\"color: #800000;\">Kl\u00e1ra Odehnalov\u00e1<\/span><\/strong>, kter\u00e1 &#8222;brala bednu&#8220;\u00a0letos u\u017e\u00a0na ja\u0159e na\u00a0Valchovsk\u00e9m &#8222;Kame\u0148\u00e1ku&#8220;. Ob\u011b na\u0161e \u00fasp\u011b\u0161n\u00e9 star\u0161\u00ed \u017e\u00e1kyn\u011b m\u00ed\u0159\u00ed &#8211; k na\u0161\u00ed velk\u00e9 radosti &#8211; hodn\u011b vysoko i v celkov\u00e9m po\u0159ad\u00ed t\u00e9to kategorie.\u00a0\u00a0<\/span><\/span><\/p>\n<figure id=\"attachment_9443\" aria-describedby=\"caption-attachment-9443\" style=\"width: 1336px\" class=\"wp-caption alignnone\"><a href=\"http:\/\/www.moravecteam.cz\/?attachment_id=9443\" rel=\"attachment wp-att-9443\"><img decoding=\"async\" loading=\"lazy\" class=\" wp-image-9443\" alt=\"IMG_0434\" src=\"http:\/\/www.moravecteam.cz\/wp-content\/uploads\/2017\/08\/IMG_0434.jpg\" width=\"1336\" height=\"1278\" srcset=\"https:\/\/www.moravecteam.cz\/wp-content\/uploads\/2017\/08\/IMG_0434.jpg 1336w, https:\/\/www.moravecteam.cz\/wp-content\/uploads\/2017\/08\/IMG_0434-25x25.jpg 25w, https:\/\/www.moravecteam.cz\/wp-content\/uploads\/2017\/08\/IMG_0434-300x286.jpg 300w, https:\/\/www.moravecteam.cz\/wp-content\/uploads\/2017\/08\/IMG_0434-1024x979.jpg 1024w\" sizes=\"(max-width: 1336px) 100vw, 1336px\" \/><\/a><figcaption id=\"caption-attachment-9443\" class=\"wp-caption-text\">Kr\u00e1tce po startu uk\u00e1zala leto\u0161n\u00ed suver\u00e9nka kategorie mlad\u0161\u00edch \u017e\u00e1ky\u0148, Eli\u0161ka Han\u00e1kov\u00e1, sv\u00fdm soupe\u0159k\u00e1m z\u00e1da&#8230;<\/figcaption><\/figure>\n<p style=\"text-align: justify;\"><span style=\"color: #800000;\"><span style=\"color: #000000;\">P\u0159edpoledn\u00ed blok start\u016f uzav\u0159el z\u00e1vod \u0161tafet. Na\u0161e barvy se na stupn\u011b v\u00edt\u011bz\u016f nakonec neprosadily, ale o dramatick\u00fd pr\u016fb\u011bh z\u00e1vodu jsme se zaslou\u017eili velkou m\u011brou. Trio Bar\u010da Tlamkov\u00e1, Eli\u0161ka Han\u00e1kov\u00e1 s fini\u0161manem Frantou Pad\u011brou bylo od bronzov\u00e9 &#8222;bedny&#8220; hodn\u011b bl\u00edzko (\u0161tafeta m\u011bla jm\u00e9no &#8211; &#8222;Kobl\u00ed\u017eci&#8220;)&#8230; \u00a0D\u00e1le nadchla &#8222;Zav\u0159elovic pomal\u00e1? rota&#8220; &#8211; letos na MTB &#8222;Vrchovin\u011b&#8220; snad ryze prvn\u00ed rodinn\u00e1 \u0161tafeta ve slo\u017een\u00ed Ilona (maminka), Jirka a Ad\u00e9lka (d\u011bti) si zaslou\u017e\u00ed na\u0161i velkou pochvalu! A &#8222;odkroutila&#8220;-li si velkou z\u00e1vodn\u00ed premi\u00e9ru v tomto z\u00e1vod\u011b \u0161tafet Ilona Zav\u0159elov\u00e1, podobn\u011b na tom byl i Vl\u00e1\u010fa Janovsk\u00fd, fini\u0161man dal\u0161\u00edho v\u00fdb\u011bru MORAVEC Teamu, kter\u00e9mu z\u00e1vod rozj\u00ed\u017ed\u011bli jeho dcera Bar\u010da Janovsk\u00e1 a na druh\u00e9m \u00faseku V\u00ed\u0165a Lipensk\u00fd (trio, kter\u00e9 skon\u010dilo jako 5, v po\u0159ad\u00ed, se jmenovalo &#8222;Chobot\u0148\u00e1ci&#8220;).<\/span><\/span><\/p>\n<figure id=\"attachment_9439\" aria-describedby=\"caption-attachment-9439\" style=\"width: 1228px\" class=\"wp-caption alignnone\"><a href=\"http:\/\/www.moravecteam.cz\/?attachment_id=9439\" rel=\"attachment wp-att-9439\"><img decoding=\"async\" loading=\"lazy\" class=\" wp-image-9439\" alt=\"IMG_0517\" src=\"http:\/\/www.moravecteam.cz\/wp-content\/uploads\/2017\/08\/IMG_0517.jpg\" width=\"1228\" height=\"1273\" srcset=\"https:\/\/www.moravecteam.cz\/wp-content\/uploads\/2017\/08\/IMG_0517.jpg 1228w, https:\/\/www.moravecteam.cz\/wp-content\/uploads\/2017\/08\/IMG_0517-25x25.jpg 25w, https:\/\/www.moravecteam.cz\/wp-content\/uploads\/2017\/08\/IMG_0517-289x300.jpg 289w, https:\/\/www.moravecteam.cz\/wp-content\/uploads\/2017\/08\/IMG_0517-987x1024.jpg 987w\" sizes=\"(max-width: 1228px) 100vw, 1228px\" \/><\/a><figcaption id=\"caption-attachment-9439\" class=\"wp-caption-text\">Karel Vinick\u00fd svedl s Daliborem Hude\u010dkem rovnocenn\u00fd souboj. V tomto okam\u017eiku dr\u017e\u00ed K\u00e1ja vedouc\u00ed pozici.<\/figcaption><\/figure>\n<p style=\"text-align: justify;\">Tak\u0159ka p\u0159esn\u011b na \u010das, ve 13.30 vyrazily ve t\u0159ech vln\u00e1ch na hlavn\u00ed, 5500m dlouh\u00fd okruh s lesn\u00ed dominantou, zvanou &#8222;Skalka&#8220; kategorie juniorsk\u00e9, kadetsk\u00e9 a dosp\u011bl\u00e9. I\u00a0tentokr\u00e1t m\u011bl MORAVEC Team nemal\u00e9 medailov\u00e9 ambice a d\u00edky <span style=\"color: #800000;\"><strong>Jan\u011b &#8222;D\u017eejn&#8220; Tesa\u0159ov\u00e9<\/strong><\/span> (suver\u00e9nn\u00ed zlato v z\u00e1vod\u011b juniorek \/ kadetek), <strong><span style=\"color: #800000;\">Martinu Gottwaldovi<\/span> <\/strong>(st\u0159\u00edbro Masters II) a <strong><span style=\"color: #800000;\">Karlu Vinick\u00e9mu<\/span> <\/strong>(st\u0159\u00edbro junio\u0159i \/ kadeti) se dostalo t\u011bmto na\u0161im nad\u011bj\u00edm bohat\u00e9ho napln\u011bn\u00ed! Martin s Karlem mohli dlouho pom\u00fd\u0161let i na zlato, oba jeli v\u00fdborn\u011b, v z\u00e1v\u011bru ale m\u011bli v\u00edce sil jejich soupe\u0159i, p\u0159i\u010dem\u017e v\u00fdkon skv\u011bl\u00e9ho Milana Fajta (v\u00edt\u011bz Masters II) zaslou\u017eil skute\u010dn\u011b obdiv&#8230; V\u017edy\u0165 nen\u00ed p\u0159\u00edli\u0161\u00a0veter\u00e1n\u016f,\u00a0kte\u0159\u00ed by se mohli py\u0161nit skalpem jen t\u011b\u017eko poraziteln\u00e9ho Martina Gottwlda&#8230;<\/p>\n<figure id=\"attachment_9440\" aria-describedby=\"caption-attachment-9440\" style=\"width: 1168px\" class=\"wp-caption alignnone\"><a href=\"http:\/\/www.moravecteam.cz\/?attachment_id=9440\" rel=\"attachment wp-att-9440\"><img decoding=\"async\" loading=\"lazy\" class=\" wp-image-9440\" alt=\"IMG_0548\" src=\"http:\/\/www.moravecteam.cz\/wp-content\/uploads\/2017\/08\/IMG_0548.jpg\" width=\"1168\" height=\"1215\" srcset=\"https:\/\/www.moravecteam.cz\/wp-content\/uploads\/2017\/08\/IMG_0548.jpg 1168w, https:\/\/www.moravecteam.cz\/wp-content\/uploads\/2017\/08\/IMG_0548-25x25.jpg 25w, https:\/\/www.moravecteam.cz\/wp-content\/uploads\/2017\/08\/IMG_0548-288x300.jpg 288w, https:\/\/www.moravecteam.cz\/wp-content\/uploads\/2017\/08\/IMG_0548-984x1024.jpg 984w\" sizes=\"(max-width: 1168px) 100vw, 1168px\" \/><\/a><figcaption id=\"caption-attachment-9440\" class=\"wp-caption-text\">V\u00fdbornou sez\u00f3nu potvrzuje Jana &#8222;D\u017eejn&#8220; Tesa\u0159ov\u00e1 i jist\u00fdmi v\u00edt\u011bzstv\u00edmi na MTB &#8222;Vrchovin\u011b&#8220;.<\/figcaption><\/figure>\n<p style=\"text-align: justify;\">P\u0159ipomenu je\u0161t\u011b v\u00fdborn\u00e9 v\u00fdkony n\u011bkter\u00fdch na\u0161ich rajdr\u016f, kte\u0159\u00ed v Ko\u0159enci z\u016fstali hodn\u011b t\u011bsn\u011b pod stup\u00ednkem&#8230; P\u0159edev\u0161\u00edm sestry Gottwaldovy &#8211; Am\u00e1lka s Lucinkou (kategorie 7-8 a 9-10 let) si vyb\u00edrali &#8222;U v\u011bt\u0159\u00e1ku&#8220; &#8222;bramborovou&#8220; da\u0148&#8230; Jejich \u010dtvrt\u00e1 m\u00edsta jsou v\u0161ak cenn\u00e1, stejn\u011b jako ta Jirky Zav\u0159ela (7-8 let) a Jany Maru\u0161ky Lipensk\u00e9 (do 6 let)&#8230; Um\u00edst\u011bn\u00ed v TOP 5 po bojovn\u00fdch v\u00fdkonech slu\u0161\u00ed ur\u010do i Filipu Eclerovi (7-8), Bar\u010de Tlamkov\u00e9 (9-10), V\u00ed\u0165ovi Lipensk\u00e9mu (11-12) i Frantovi Pad\u011brovi (Masters II). A proto\u017ee ko\u0159eneckou &#8222;race&#8220; rov\u00e1zel docela dost defekt\u016f, nevyhnul se jeden (hned v prvn\u00edm kole z\u00e1vodu) ani n\u00e1m &#8211; jmenovit\u011b juniorovi Petrovi \u0160ichovi, kter\u00fd prorazil zadn\u00ed pneu. Pe\u0165a se v sou\u010dasn\u00e9 dob\u011b t\u011b\u0161\u00ed z dobr\u00e9 formy a \u00a0nehodlal se se sm\u016floi sm\u00ed\u0159it. Za pomoci t\u00fdmu na\u0161ich mechanik\u016f v \u010dele s Milanem Tlamkou odjel jeden okruh s &#8222;dvac\u00edtkou \u0161estkou&#8220;, aby n\u00e1slednou v\u00fdm\u011bnou z\u00e1vod plnohodnotn\u011b dokon\u010dil na &#8211; za dan\u00e9 situace v\u00fdborn\u00e9m &#8211; 6. m\u00edst\u011b! \u00a0Pod\u011bkov\u00e1n\u00ed za p\u0159\u00edkladnou bojovnost a vzorn\u00e9 repre MORAVCE pat\u0159\u00ed ale v\u0161em na\u0161im reprezentant\u016fm, neopom\u00edj\u00edm\u00a0 pochv\u00e1lit samoz\u0159ejm\u011b ani podp\u016frn\u00e9 rodinn\u00e9 t\u00fdmy&#8230;\u00a0 Poj\u010fme si zrekapitulovat na\u0161e ko\u0159eneck\u00e9 medailisty:<\/p>\n<ul>\n<li>\n<div style=\"text-align: justify;\">Zlat\u00e9 placky zdob\u00ed hrudn\u00ed\u010dky a hrudn\u00edky:\u00a0<strong><span style=\"color: #ff6600;\">Leonky Eclerov\u00e9<\/span><\/strong>\u00a0(odr\u00e1\u017eedla) \/ po dev\u00edti z\u00e1vodech je celkov\u011b v OPEN po\u0159ad\u00ed na 1. m\u00edst\u011b, <strong><span style=\"color: #ff6600;\">Zitu\u0161ky \u017dern\u00ed\u010dkov\u00e9<\/span>\u00a0<\/strong>(do 6\u00a0let) \/2.,\u00a0 <span style=\"color: #ff6600;\"><strong>Just\u00fdnky Novotn\u00e9<\/strong> <\/span>(7-8 let) \/ 1. <strong><span style=\"color: #ff6600;\">Eli\u0161ky Han\u00e1kov\u00e9<\/span><\/strong>\u00a0(11-12 let) \/ 1. &#8211; jist\u00e1 celkov\u00e1 v\u00edt\u011bzka, <strong><span style=\"color: #ff6600;\">Krist\u00fdny Kol\u00e1\u0159ov\u00e9<\/span> <\/strong>(13-14) \/ 1. a <span style=\"color: #ff6600;\"><strong>Jany Tesa\u0159ov\u00e9 <\/strong><\/span>(juniorky \/ kadetky) \/ 1.,<\/div>\n<\/li>\n<li style=\"text-align: justify;\">Ze st\u0159\u00edbra se t\u011b\u0161\u00ed:\u00a0<span style=\"color: #808080;\"><strong>Ani\u010dka Han\u00e1kov\u00e1 <\/strong><\/span>(9-10 let) \/ 2.,\u00a0\u00a0<span style=\"color: #808080;\"><strong>Karel Vinick\u00fd <\/strong><\/span>(Junio\u0159i \/ kadeti) \/ 1. a <strong><span style=\"color: #808080;\">Martin Gottwald<\/span> <\/strong>\/ 1.<\/li>\n<li style=\"text-align: justify;\">Bronz pat\u0159\u00ed:<span style=\"color: #800000;\">\u00a0<strong>Kl\u00e1\u0159e Odehnalov\u00e9 <\/strong><\/span>(13-14) \/ 4.<\/li>\n<\/ul>\n<figure id=\"attachment_9441\" aria-describedby=\"caption-attachment-9441\" style=\"width: 1536px\" class=\"wp-caption alignnone\"><a href=\"http:\/\/www.moravecteam.cz\/?attachment_id=9441\" rel=\"attachment wp-att-9441\"><img decoding=\"async\" loading=\"lazy\" class=\" wp-image-9441\" alt=\"IMG_0551\" src=\"http:\/\/www.moravecteam.cz\/wp-content\/uploads\/2017\/08\/IMG_0551.jpg\" width=\"1536\" height=\"1693\" srcset=\"https:\/\/www.moravecteam.cz\/wp-content\/uploads\/2017\/08\/IMG_0551.jpg 1536w, https:\/\/www.moravecteam.cz\/wp-content\/uploads\/2017\/08\/IMG_0551-272x300.jpg 272w, https:\/\/www.moravecteam.cz\/wp-content\/uploads\/2017\/08\/IMG_0551-929x1024.jpg 929w\" sizes=\"(max-width: 1536px) 100vw, 1536px\" \/><\/a><figcaption id=\"caption-attachment-9441\" class=\"wp-caption-text\">Vskutku hv\u011bzdn\u00e1 &#8222;bedna&#8220; kategorie Masters II&#8230; Zleva Martin Gottwald, uprost\u0159ed Milan Fajt, vpravo Zden\u011bk Mlyn\u00e1\u0159!<\/figcaption><\/figure>\n<p style=\"text-align: justify;\">Z\u00e1v\u011brem je\u0161t\u011b sl\u016fvko k na\u0161im\u00a0aktu\u00e1ln\u00edm marod\u016fm: L\u00e9\u010dba zlomen\u00e9 ruky Dominika Prudka (U23) prob\u00edh\u00e1 bez komplikac\u00ed a s\u00e1dru by m\u011bl m\u00edt n\u00e1\u0161 mlad\u00fd rajdr sundanou po\u010d\u00e1tkem z\u00e1\u0159\u00ed. Pozvolna ustupuje i otok na h\u00fd\u017e\u010fov\u00e9m svalu u Matou\u0161ka Lipensk\u00e9ho, snad nebude dlouho &#8222;mimo hru&#8220; po v\u010del\u00edm bodanci ani V\u00ed\u0165a Such\u00e1nek&#8230; Zde mrkn\u011bte na<strong><a href=\"http:\/\/vysledky.pohardrahanskevrchoviny.cz\/2017\/?page=vysledky\"> v\u00fdsledkov\u00fd servis<\/a><\/strong>, sem pak na dv\u011b bohat\u00e9 fotogalerie:<\/p>\n<ul>\n<li>\n<div style=\"text-align: justify;\">\u00a0<strong><a href=\"http:\/\/moravecteam.rajce.idnes.cz\/2017.08.19_PDV_Korenec\/\">fotogalerie \u010d.1<\/a><\/strong><\/div>\n<\/li>\n<li>\u00a0<strong><a href=\"http:\/\/moravecteam.rajce.idnes.cz\/2017.08.19_PDV_Korenec_-_2\/\">fotogalerie \u010d.2<\/a><\/strong><\/li>\n<\/ul>\n<figure id=\"attachment_9442\" aria-describedby=\"caption-attachment-9442\" style=\"width: 2000px\" class=\"wp-caption alignnone\"><a href=\"http:\/\/www.moravecteam.cz\/?attachment_id=9442\" rel=\"attachment wp-att-9442\"><img decoding=\"async\" loading=\"lazy\" class=\" wp-image-9442\" alt=\"P1200514\" src=\"http:\/\/www.moravecteam.cz\/wp-content\/uploads\/2017\/08\/P1200514.jpg\" width=\"2000\" height=\"1500\" srcset=\"https:\/\/www.moravecteam.cz\/wp-content\/uploads\/2017\/08\/P1200514.jpg 2000w, https:\/\/www.moravecteam.cz\/wp-content\/uploads\/2017\/08\/P1200514-300x225.jpg 300w, https:\/\/www.moravecteam.cz\/wp-content\/uploads\/2017\/08\/P1200514-1024x768.jpg 1024w\" sizes=\"(max-width: 2000px) 100vw, 2000px\" \/><\/a><figcaption id=\"caption-attachment-9442\" class=\"wp-caption-text\">Petr \u0160ich zachycen v prostoru &#8222;Skalky&#8220; p\u0159i sv\u00e9 st\u00edhac\u00ed j\u00edzde\u011b po defektu zadn\u00edho kola.<\/figcaption><\/figure>\n<dl id=\"attachment_9403\">\n<dt><strong>\u00a0<\/strong><\/dt>\n<\/dl>\n","protected":false},"excerpt":{"rendered":"<p>I na jeden\u00e1ct\u00e9m z\u00e1vod\u011b MTB Superior Poh\u00e1ru Drahansk\u00e9 vrchoviny, kter\u00fd pohostil minulou sobotu velice starostliv\u011b Ko\u0159enec, se borc\u016fm a bork\u00e1m MORAVEC Teamu da\u0159ilo. Potvrzuje to zisk \u0161esti zlat\u00fdch medail\u00ed co\u017e znamen\u00e1, \u017ee rovnou t\u0159etinu vyhl\u00e1\u0161en\u00fdch kategori\u00ed na\u0161i rajd\u0159i v\u00fdsledkov\u011b ovl\u00e1dli! A to je super, proto\u017ee na\u0161e ko\u0159eneck\u00e1 sestava byla z r\u016fzn\u00fdch p\u0159\u00ed\u010din &#8211; p\u0159edev\u0161\u00edm ale &hellip; <a href=\"https:\/\/www.moravecteam.cz\/?p=9413\" class=\"more-link\">Pokra\u010dov\u00e1n\u00ed textu <span class=\"screen-reader-text\">Ko\u0159enec ve zlat\u011b!<\/span> <span class=\"meta-nav\">&rarr;<\/span><\/a><\/p>\n","protected":false},"author":3,"featured_media":9434,"comment_status":"open","ping_status":"closed","sticky":false,"template":"","format":"standard","meta":[],"categories":[1],"tags":[],"_links":{"self":[{"href":"https:\/\/www.moravecteam.cz\/index.php?rest_route=\/wp\/v2\/posts\/9413"}],"collection":[{"href":"https:\/\/www.moravecteam.cz\/index.php?rest_route=\/wp\/v2\/posts"}],"about":[{"href":"https:\/\/www.moravecteam.cz\/index.php?rest_route=\/wp\/v2\/types\/post"}],"author":[{"embeddable":true,"href":"https:\/\/www.moravecteam.cz\/index.php?rest_route=\/wp\/v2\/users\/3"}],"replies":[{"embeddable":true,"href":"https:\/\/www.moravecteam.cz\/index.php?rest_route=%2Fwp%2Fv2%2Fcomments&post=9413"}],"version-history":[{"count":15,"href":"https:\/\/www.moravecteam.cz\/index.php?rest_route=\/wp\/v2\/posts\/9413\/revisions"}],"predecessor-version":[{"id":9446,"href":"https:\/\/www.moravecteam.cz\/index.php?rest_route=\/wp\/v2\/posts\/9413\/revisions\/9446"}],"wp:featuredmedia":[{"embeddable":true,"href":"https:\/\/www.moravecteam.cz\/index.php?rest_route=\/wp\/v2\/media\/9434"}],"wp:attachment":[{"href":"https:\/\/www.moravecteam.cz\/index.php?rest_route=%2Fwp%2Fv2%2Fmedia&parent=9413"}],"wp:term":[{"taxonomy":"category","embeddable":true,"href":"https:\/\/www.moravecteam.cz\/index.php?rest_route=%2Fwp%2Fv2%2Fcategories&post=9413"},{"taxonomy":"post_tag","embeddable":true,"href":"https:\/\/www.moravecteam.cz\/index.php?rest_route=%2Fwp%2Fv2%2Ftags&post=9413"}],"curies":[{"name":"wp","href":"https:\/\/api.w.org\/{rel}","templated":true}]}}