{"id":9421,"date":"2017-08-21T22:39:40","date_gmt":"2017-08-21T20:39:40","guid":{"rendered":"http:\/\/www.moravecteam.cz\/?p=9421"},"modified":"2017-08-25T08:30:32","modified_gmt":"2017-08-25T06:30:32","slug":"co-se-bude-dit-st34-3","status":"publish","type":"post","link":"https:\/\/www.moravecteam.cz\/?p=9421","title":{"rendered":"Co se bude d\u00edt? (ST34)"},"content":{"rendered":"<h5><span style=\"color: #800000;\">\u00dater\u00fd 22.8. 2017<\/span><\/h5>\n<p style=\"text-align: justify;\">Tr\u00e9nink MORAVEC Junior Team pod veden\u00edm\u00a0M\u00ed\u0161i Hanouskov\u00e9 a\u00a0Franti\u0161ka Pad\u011bry.\u00a0Sraz mlad\u00fdch cyklist\u016f bude\u00a0v\u00a017.00 hod\u00a0u t\u011blovi\u010dny Z\u0160 v\u00a0Bene\u0161ov\u011b.\u00a0V\u00a0p\u0159\u00edpad\u011b dotaz\u016f\u00a0<strong><span style=\"color: #800000;\">kontaktujte\u00a0M\u00ed\u0161u na 776 456 427<\/span><\/strong>.\u00a0POZOR! Tr\u00e9nuj\u00edc\u00ed, vezm\u011bte s\u00a0\u00a0sebou vezmou i jin\u00e9 boty\u00a0ne\u017e cyklistick\u00e9 tretry, abyste si mohli zahr\u00e1t hry i mimo bicykl\u00a0(nap\u0159. vybi\u0161ku nebo fotbal.)&#8230;<\/p>\n<h5><span style=\"color: #800000;\"><strong>St\u0159eda 23.8. 2017<\/strong><\/span><\/h5>\n<p style=\"text-align: justify;\">Dal\u0161\u00ed \u00a0ter\u00e9nn\u00ed tr\u00e9nink MORAVEC Junior Teamu. Sraz mlad\u00fdch biker\u016f je v 17.00 hodin na Okrouhl\u00e9, \u010d.117 &#8211; u Tlamk\u016f.\u00a0\u00a0\u00a0\u00a0Tr\u00e9nink povede<span style=\"color: #800000;\">\u00a0<strong>Milan Tlamka<\/strong><\/span>, v p\u0159\u00edpad\u011b dotaz\u016f ho v\u010das\u00a0kontaktujte na jeho\u00a0<strong><span style=\"color: #800000;\">mobil\u00a0776 108 046<\/span><\/strong>.<\/p>\n<h5><span style=\"color: #800000;\"><strong>P\u00e1tek 25.8. 2017<\/strong><\/span><\/h5>\n<p style=\"text-align: justify;\">Ofici\u00e1ln\u00ed prohl\u00eddka trat\u00ed\u00a0dvan\u00e1ct\u00e9ho z\u00e1vodu MTB Superior Poh\u00e1ru Drahansk\u00e9 vrchoviny &#8211; od 17.00 hodin v\u00a0Bo\u0159itov\u011b &#8211; v prostoru za hsi\u010dskou zbrojnic\u00ed. \u00da\u010dast a dopravu si ka\u017ed\u00fd zaji\u0161\u0165uje s\u00e1m. POZOR! Prohl\u00eddku a naj\u00ed\u017ed\u011bn\u00ed trat\u00ed si ka\u017ed\u00fd \u0159e\u0161\u00ed individu\u00e1ln\u011b! Toto nen\u00ed ofici\u00e1ln\u00edm t\u00fdmov\u00fdm tr\u00e9ninkem!!!<\/p>\n<h5><span style=\"color: #800000;\">Sobota 26.8. 2017<\/span><\/h5>\n<ul>\n<li>\n<div style=\"text-align: justify;\">Dvan\u00e1ct\u00fd z\u00e1vod MTB Superior Poh\u00e1ru Drahansk\u00e9 vchoviny &#8211; MTB XCO &#8211; Velk\u00e1 cena obce Bo\u0159itov. \u00da\u010dast a dopravu si ka\u017ed\u00fd zaji\u0161\u0165uje s\u00e1m. Zde studujte <strong><a href=\"http:\/\/www.pohardrahanskevrchoviny.cz\/smer-chlumy\/\">propozice<\/a>:<\/strong><\/div>\n<\/li>\n<li style=\"text-align: justify;\">Tradi\u010dn\u00edm MTB z\u00e1vod <strong><a href=\"http:\/\/www.ostravskychachar.com\/\">Ostravsk\u00fd Chachar<\/a><\/strong> &#8211; na zcela nov\u00e9 trati v lokalit\u011b Landek. \u00da\u010dast a dopravu si ka\u017ed\u00fd zaji\u0161\u0165uje s\u00e1m, zde mrkn\u011bte <strong><a href=\"https:\/\/www.youtube.com\/watch?v=ZxrLPMzI_ZA\">na pozv\u00e1nku<\/a><\/strong>:<\/li>\n<li style=\"text-align: justify;\"><strong><a href=\"http:\/\/blansko.sportujsnami.cz\/\">Blanensk\u00fd p\u016flmaraton<\/a><\/strong>, kde v r\u00e1mci mo\u017enost\u00ed i letos pom\u016f\u017eeme na\u0161im kamar\u00e1d\u016fm z fy Newline. Kdo z MORAVC\u016e nem\u00e1te v sobotu &#8222;do \u010deho p\u00edchnout&#8220;, nebudete na z\u00e1vodech v Bo\u0159itov\u011b nebo Ostrav\u011b a budete m\u00edt chu\u0165 pomoci s po\u0159\u00e1d\u00e1n\u00edm Blanensk\u00e9ho p\u016flmaratonu, ohla\u0161te se mi na moje <span style=\"color: #800000;\"><strong>605 0J\u00e1gr 0Nagano<\/strong><\/span> &#8211; nejpozd\u011bji do st\u0159edy 23.8.2017 do 20.00 hodin. P\u0159edem d\u00edky!<\/li>\n<\/ul>\n<p>&nbsp;<\/p>\n","protected":false},"excerpt":{"rendered":"<p>\u00dater\u00fd 22.8. 2017 Tr\u00e9nink MORAVEC Junior Team pod veden\u00edm\u00a0M\u00ed\u0161i Hanouskov\u00e9 a\u00a0Franti\u0161ka Pad\u011bry.\u00a0Sraz mlad\u00fdch cyklist\u016f bude\u00a0v\u00a017.00 hod\u00a0u t\u011blovi\u010dny Z\u0160 v\u00a0Bene\u0161ov\u011b.\u00a0V\u00a0p\u0159\u00edpad\u011b dotaz\u016f\u00a0kontaktujte\u00a0M\u00ed\u0161u na 776 456 427.\u00a0POZOR! Tr\u00e9nuj\u00edc\u00ed, vezm\u011bte s\u00a0\u00a0sebou vezmou i jin\u00e9 boty\u00a0ne\u017e cyklistick\u00e9 tretry, abyste si mohli zahr\u00e1t hry i mimo bicykl\u00a0(nap\u0159. vybi\u0161ku nebo fotbal.)&#8230; St\u0159eda 23.8. 2017 Dal\u0161\u00ed \u00a0ter\u00e9nn\u00ed tr\u00e9nink MORAVEC Junior Teamu. Sraz mlad\u00fdch &hellip; <a href=\"https:\/\/www.moravecteam.cz\/?p=9421\" class=\"more-link\">Pokra\u010dov\u00e1n\u00ed textu <span class=\"screen-reader-text\">Co se bude d\u00edt? (ST34)<\/span> <span class=\"meta-nav\">&rarr;<\/span><\/a><\/p>\n","protected":false},"author":3,"featured_media":9448,"comment_status":"open","ping_status":"closed","sticky":false,"template":"","format":"standard","meta":[],"categories":[11],"tags":[],"_links":{"self":[{"href":"https:\/\/www.moravecteam.cz\/index.php?rest_route=\/wp\/v2\/posts\/9421"}],"collection":[{"href":"https:\/\/www.moravecteam.cz\/index.php?rest_route=\/wp\/v2\/posts"}],"about":[{"href":"https:\/\/www.moravecteam.cz\/index.php?rest_route=\/wp\/v2\/types\/post"}],"author":[{"embeddable":true,"href":"https:\/\/www.moravecteam.cz\/index.php?rest_route=\/wp\/v2\/users\/3"}],"replies":[{"embeddable":true,"href":"https:\/\/www.moravecteam.cz\/index.php?rest_route=%2Fwp%2Fv2%2Fcomments&post=9421"}],"version-history":[{"count":6,"href":"https:\/\/www.moravecteam.cz\/index.php?rest_route=\/wp\/v2\/posts\/9421\/revisions"}],"predecessor-version":[{"id":9473,"href":"https:\/\/www.moravecteam.cz\/index.php?rest_route=\/wp\/v2\/posts\/9421\/revisions\/9473"}],"wp:featuredmedia":[{"embeddable":true,"href":"https:\/\/www.moravecteam.cz\/index.php?rest_route=\/wp\/v2\/media\/9448"}],"wp:attachment":[{"href":"https:\/\/www.moravecteam.cz\/index.php?rest_route=%2Fwp%2Fv2%2Fmedia&parent=9421"}],"wp:term":[{"taxonomy":"category","embeddable":true,"href":"https:\/\/www.moravecteam.cz\/index.php?rest_route=%2Fwp%2Fv2%2Fcategories&post=9421"},{"taxonomy":"post_tag","embeddable":true,"href":"https:\/\/www.moravecteam.cz\/index.php?rest_route=%2Fwp%2Fv2%2Ftags&post=9421"}],"curies":[{"name":"wp","href":"https:\/\/api.w.org\/{rel}","templated":true}]}}