{"id":9452,"date":"2017-08-23T22:18:47","date_gmt":"2017-08-23T20:18:47","guid":{"rendered":"http:\/\/www.moravecteam.cz\/?p=9452"},"modified":"2017-08-24T06:30:17","modified_gmt":"2017-08-24T04:30:17","slug":"z-bikovych-luhu-a-haju","status":"publish","type":"post","link":"https:\/\/www.moravecteam.cz\/?p=9452","title":{"rendered":"Z bikov\u00fdch luh\u016f a h\u00e1j\u016f&#8230;"},"content":{"rendered":"<p style=\"text-align: justify;\"><strong><span style=\"color: #800000;\">I kdy\u017e je v srpnu v regionu pro bikery MORAVEC Teamu magnetem hlavn\u011b MTB Superior Poh\u00e1r Drahansk\u00e9 vrchoviny, n\u011bkte\u0159\u00ed z na\u0161ich \u0159ad si to nam\u00ed\u0159ili do \u010cech, aby se zde utkali s konkurenc\u00ed stejn\u011b silnou, s jakou se letos pravideln\u011b na MTB &#8222;Vrchovin\u011b&#8220; setk\u00e1v\u00e1me. Abych byl konkr\u00e9tn\u00ed: v minul\u00fdch dnech pokra\u010dovaly za \u00fa\u010dasti na\u0161ich barev i dal\u0161\u00ed dv\u011b presti\u017en\u00ed bikov\u00e9 s\u00e9rie: Kolo ro \u017eivot a Nova Cup&#8230;\u00a0<\/span><\/strong><\/p>\n<figure id=\"attachment_9458\" aria-describedby=\"caption-attachment-9458\" style=\"width: 666px\" class=\"wp-caption alignnone\"><a href=\"http:\/\/www.moravecteam.cz\/?attachment_id=9458\" rel=\"attachment wp-att-9458\"><img decoding=\"async\" loading=\"lazy\" class=\" wp-image-9458\" alt=\"JT-dti8-9let-1 (1)\" src=\"http:\/\/www.moravecteam.cz\/wp-content\/uploads\/2017\/08\/JT-dti8-9let-1-1.jpg\" width=\"666\" height=\"740\" srcset=\"https:\/\/www.moravecteam.cz\/wp-content\/uploads\/2017\/08\/JT-dti8-9let-1-1.jpg 666w, https:\/\/www.moravecteam.cz\/wp-content\/uploads\/2017\/08\/JT-dti8-9let-1-1-270x300.jpg 270w\" sizes=\"(max-width: 666px) 100vw, 666px\" \/><\/a><figcaption id=\"caption-attachment-9458\" class=\"wp-caption-text\">Lucinka Koudelkov\u00e1 zajela v \u010dech\u00e1ch na Kole pro \u017eivot par\u00e1dn\u00ed v\u00fdsledky!<\/figcaption><\/figure>\n<p style=\"text-align: justify;\">Na maratonsk\u00e9 s\u00e9rii Kolo pro \u017eivot n\u00e1s letos velice zdatn\u011b reprezentuj\u00ed sourozenci Lucinka a Maty\u00e1\u0161 Koudelkovi. Se z\u00e1vodem v Bukov\u00e9 v sobotu 12. srpna se p\u0159ekr\u00fdvalo Kp\u017d v Karlov\u00fdch Varech. A\u017e tam, do l\u00e1ze\u0148sk\u00e9 a filmov\u00e9 ba\u0161ty se spolu se sv\u00fdm podp\u016frn\u00fdm t\u00fdmem Koudelkovi vydali a v\u00fdsledkov\u011b byli op\u011bt v\u00fdborn\u00ed: <span style=\"color: #800000;\"><strong>Maty\u00e1\u0161 Koudelka<\/strong><\/span> dokon\u010dil z\u00e1vod na 9. m\u00edst\u011b a <strong><span style=\"color: #800000;\">Lucinka Koudelkov\u00e1<\/span><\/strong> fini\u0161ovala dokonce v TOP 5 &#8211; na 5. m\u00edst\u011b!<\/p>\n<figure id=\"attachment_9459\" aria-describedby=\"caption-attachment-9459\" style=\"width: 582px\" class=\"wp-caption alignnone\"><a href=\"http:\/\/www.moravecteam.cz\/?attachment_id=9459\" rel=\"attachment wp-att-9459\"><img decoding=\"async\" loading=\"lazy\" class=\" wp-image-9459\" alt=\"JT-dti10-11let-4\" src=\"http:\/\/www.moravecteam.cz\/wp-content\/uploads\/2017\/08\/JT-dti10-11let-4.jpg\" width=\"582\" height=\"711\" srcset=\"https:\/\/www.moravecteam.cz\/wp-content\/uploads\/2017\/08\/JT-dti10-11let-4.jpg 582w, https:\/\/www.moravecteam.cz\/wp-content\/uploads\/2017\/08\/JT-dti10-11let-4-245x300.jpg 245w\" sizes=\"(max-width: 582px) 100vw, 582px\" \/><\/a><figcaption id=\"caption-attachment-9459\" class=\"wp-caption-text\">Hups! Aneb: jsou v\u011bci mezi nebem a zem\u00ed&#8230; Na v\u00fdborn\u011b &#8222;cvaknut\u00e9m&#8220; z\u00e1b\u011bru je to n\u00e1\u0161<br \/>&#8211; Maty\u00e1\u0161!<\/figcaption><\/figure>\n<p style=\"text-align: justify;\">I o t\u00fdden pozd\u011bji dala p\u0159ednost Koudelkovic bikov\u00e1 \u010deta z\u00e1vodu Kola pro \u017eivot p\u0159ed dom\u00e1c\u00ed &#8222;Vrchovinou&#8220; v Ko\u0159enci a v\u00fdsledky st\u00e1ly op\u011bt za to. Jelo se tentokr\u00e1t v Chrudimi a Lucince s Maty\u00e1\u0161kem se poda\u0159ilo tak\u0159ka do punt\u00edku zopakovat um\u00edst\u011bn\u00ed z Kalov\u00fdch Var\u016f: Maty\u00e1\u0161 Koudelka \u00a0dojel v kategorii chlapc\u016f 10-11 let na 10. m\u00edst\u011b a Lucinka Koudelkov\u00e1 fini\u0161ovala op\u011bt na v\u00fdborn\u00e9m , 5. m\u00edst\u011b! D\u00edky moc Koudelkovic bikov\u00e9 \u010det\u011b za vzorn\u00e9 repre MORAVEC Teamu! Zde mrkn\u011bte na kompletn\u00ed\u00a0<strong><a href=\"https:\/\/www.kolopro.cz\/clanky\/aktualni-informace\/11468-vysledky-a-rozhovory-manitou-zelezne-hory-ceske-sporitelny-2017\">v\u00fdsledkov\u00fd servis a dal\u0161\u00ed podrobnosti<\/a>\u00a0<\/strong>k tomuto seri\u00e1lu tu\u0165 taky najdete&#8230;<\/p>\n<figure id=\"attachment_9469\" aria-describedby=\"caption-attachment-9469\" style=\"width: 495px\" class=\"wp-caption alignnone\"><a href=\"http:\/\/www.moravecteam.cz\/?attachment_id=9469\" rel=\"attachment wp-att-9469\"><img decoding=\"async\" loading=\"lazy\" class=\" wp-image-9469\" alt=\"20994264_1959439567647875_177135102224608180_n\" src=\"http:\/\/www.moravecteam.cz\/wp-content\/uploads\/2017\/08\/20994264_1959439567647875_177135102224608180_n.jpg\" width=\"495\" height=\"530\" srcset=\"https:\/\/www.moravecteam.cz\/wp-content\/uploads\/2017\/08\/20994264_1959439567647875_177135102224608180_n.jpg 495w, https:\/\/www.moravecteam.cz\/wp-content\/uploads\/2017\/08\/20994264_1959439567647875_177135102224608180_n-280x300.jpg 280w\" sizes=\"(max-width: 495px) 100vw, 495px\" \/><\/a><figcaption id=\"caption-attachment-9469\" class=\"wp-caption-text\">Ad\u00e9la \u0160af\u00e1\u0159ov\u00e1 neopom\u011bla ani v Harrachov\u011b vz\u00edt na start sv\u016fj slun\u00ed\u010dkov\u00fd \u00fasm\u011bv!<\/figcaption><\/figure>\n<p style=\"text-align: justify;\">Stalo se u\u017e dobr\u00fdm zvykem, \u017ee bedliv\u011b sledujeme v\u00fdkony a v\u00fdsledky na\u0161ich odchovanc\u016f, kte\u0159\u00ed jsou aktu\u00e1ln\u011b ji\u017e mimo &#8222;rodn\u00e9 odd\u00edlov\u00e9 hn\u00edzdo&#8220;. V sou\u010dasnosti jsou to t\u0159i mlad\u00e1 cyklistick\u00e1 esa: <strong><span style=\"color: #800000;\">Adam Sekanina<\/span> <\/strong>(Favorit Brno), a <strong><span style=\"color: #800000;\">Ad\u00e9la \u0160af\u00e1\u0159ov\u00e1<\/span><\/strong> s <strong><span style=\"color: #800000;\">Tom\u00e1\u0161em Tlamkou &#8222;Contadorem&#8220;<\/span><\/strong> (Nutrend Specialized Racing). Proto\u017ee Adam z\u00e1vod\u00ed v\u00fdhradn\u011b na silnici, o jeho v\u00fdsledc\u00edch zase a\u017e takov\u00fd p\u0159ehlede nem\u00e1me, nicm\u00e9n\u011b bude ur\u010dit\u011b p\u0159\u00ede\u017eitost, jeho leto\u0161n\u00ed sez\u00f3nu zmapovat.<\/p>\n<figure id=\"attachment_9468\" aria-describedby=\"caption-attachment-9468\" style=\"width: 485px\" class=\"wp-caption alignnone\"><a href=\"http:\/\/www.moravecteam.cz\/?attachment_id=9468\" rel=\"attachment wp-att-9468\"><img decoding=\"async\" loading=\"lazy\" class=\" wp-image-9468\" alt=\"20915616_1959439797647852_7016871729109774587_na\" src=\"http:\/\/www.moravecteam.cz\/wp-content\/uploads\/2017\/08\/20915616_1959439797647852_7016871729109774587_na.jpg\" width=\"485\" height=\"496\" srcset=\"https:\/\/www.moravecteam.cz\/wp-content\/uploads\/2017\/08\/20915616_1959439797647852_7016871729109774587_na.jpg 485w, https:\/\/www.moravecteam.cz\/wp-content\/uploads\/2017\/08\/20915616_1959439797647852_7016871729109774587_na-25x25.jpg 25w, https:\/\/www.moravecteam.cz\/wp-content\/uploads\/2017\/08\/20915616_1959439797647852_7016871729109774587_na-293x300.jpg 293w\" sizes=\"(max-width: 485px) 100vw, 485px\" \/><\/a><figcaption id=\"caption-attachment-9468\" class=\"wp-caption-text\">Tom\u00e1\u0161 Tlamka &#8222;Contador&#8220; pokra\u010doval ve sv\u00e9m srpnov\u00e9m v\u00edt\u011bz\u00e9m ta\u017een\u00ed i na Nova Cupu!<\/figcaption><\/figure>\n<p style=\"text-align: justify;\">Jinak je to s Tom\u00e1\u0161em a Ad\u00e9lkou. Ty m\u00e1me na o\u010d\u00edch tak\u0159ka &#8222;furt&#8220; a v \u017eiv\u00e9 pam\u011bti jesou je\u0161t\u011b jejich srpnov\u00e1 par\u00e1dn\u00ed bikov\u00e1 \u010d\u00edsla na z\u00e1vodech MTB &#8222;Vrchoviny&#8220; v Bene\u0161ov\u011b a Bukov\u00e9&#8230; Minulou sobotu reprezentovali oba v\u00edc ne\u017e zdatn\u011b t\u00fdm &#8222;Rud\u00fdch \u010f\u00e1bl\u016f&#8220; Viktora Zapletala na z\u00e1vod\u011b MTB maratonsk\u00e9 s\u00e9rie Nova Cup, \u00a0 kter\u00fd se jel pod n\u00e1zvem METAXTREN Krkono\u0161e \u00a0v Harrachov\u011b. Oba na\u0161i talentovan\u00ed odchovanci startovali na trati 50 km a oba s p\u0159ehledem vyhr\u00e1li svoje kategorie! Nav\u00edc Tom\u00e1\u0161 Tlamka &#8222;Contador&#8220; dojel \u00a0na trati 50 km v absolutn\u00edm po\u0159ad\u00ed na 3. m\u00edst\u011b! Dost dobr\u00fd&#8230; Zde je z Krkono\u0161 k omrknut\u00ed <strong><a href=\"http:\/\/www.sportchallenge.cz\/cz\/novacup-krkonose\">kompletn\u00ed v\u00fdsledkov\u00fd servis<\/a> <\/strong>a j\u00e1 je\u0161t\u011b p\u0159ipomenu, \u017ee t\u00fdm &#8222;Rud\u00fdch \u010f\u00e1bl\u016f&#8220; se aktu\u00e1ln\u011b nach\u00e1z\u00ed ve zn\u00e1m\u00e9 \u00a0italsk\u00e9 bikov\u00e9 ba\u0161t\u011b \u00a0Val di Solo, kde o v\u00edkendu pokra\u010duje Sv\u011btov\u00fd poh\u00e1r. Ad\u00e9la \u0160af\u00e1\u0159ov\u00e1 jede sv\u016fj z\u00e1vod v ned\u011bli 27. srpna, tak nezapome\u0148te zm\u00e1\u010dknout pale\u010dky!<\/p>\n","protected":false},"excerpt":{"rendered":"<p>I kdy\u017e je v srpnu v regionu pro bikery MORAVEC Teamu magnetem hlavn\u011b MTB Superior Poh\u00e1r Drahansk\u00e9 vrchoviny, n\u011bkte\u0159\u00ed z na\u0161ich \u0159ad si to nam\u00ed\u0159ili do \u010cech, aby se zde utkali s konkurenc\u00ed stejn\u011b silnou, s jakou se letos pravideln\u011b na MTB &#8222;Vrchovin\u011b&#8220; setk\u00e1v\u00e1me. Abych byl konkr\u00e9tn\u00ed: v minul\u00fdch dnech pokra\u010dovaly za \u00fa\u010dasti na\u0161ich barev &hellip; <a href=\"https:\/\/www.moravecteam.cz\/?p=9452\" class=\"more-link\">Pokra\u010dov\u00e1n\u00ed textu <span class=\"screen-reader-text\">Z bikov\u00fdch luh\u016f a h\u00e1j\u016f&#8230;<\/span> <span class=\"meta-nav\">&rarr;<\/span><\/a><\/p>\n","protected":false},"author":3,"featured_media":9467,"comment_status":"open","ping_status":"closed","sticky":false,"template":"","format":"standard","meta":[],"categories":[1],"tags":[],"_links":{"self":[{"href":"https:\/\/www.moravecteam.cz\/index.php?rest_route=\/wp\/v2\/posts\/9452"}],"collection":[{"href":"https:\/\/www.moravecteam.cz\/index.php?rest_route=\/wp\/v2\/posts"}],"about":[{"href":"https:\/\/www.moravecteam.cz\/index.php?rest_route=\/wp\/v2\/types\/post"}],"author":[{"embeddable":true,"href":"https:\/\/www.moravecteam.cz\/index.php?rest_route=\/wp\/v2\/users\/3"}],"replies":[{"embeddable":true,"href":"https:\/\/www.moravecteam.cz\/index.php?rest_route=%2Fwp%2Fv2%2Fcomments&post=9452"}],"version-history":[{"count":9,"href":"https:\/\/www.moravecteam.cz\/index.php?rest_route=\/wp\/v2\/posts\/9452\/revisions"}],"predecessor-version":[{"id":9472,"href":"https:\/\/www.moravecteam.cz\/index.php?rest_route=\/wp\/v2\/posts\/9452\/revisions\/9472"}],"wp:featuredmedia":[{"embeddable":true,"href":"https:\/\/www.moravecteam.cz\/index.php?rest_route=\/wp\/v2\/media\/9467"}],"wp:attachment":[{"href":"https:\/\/www.moravecteam.cz\/index.php?rest_route=%2Fwp%2Fv2%2Fmedia&parent=9452"}],"wp:term":[{"taxonomy":"category","embeddable":true,"href":"https:\/\/www.moravecteam.cz\/index.php?rest_route=%2Fwp%2Fv2%2Fcategories&post=9452"},{"taxonomy":"post_tag","embeddable":true,"href":"https:\/\/www.moravecteam.cz\/index.php?rest_route=%2Fwp%2Fv2%2Ftags&post=9452"}],"curies":[{"name":"wp","href":"https:\/\/api.w.org\/{rel}","templated":true}]}}