{"id":9475,"date":"2017-08-29T02:24:52","date_gmt":"2017-08-29T00:24:52","guid":{"rendered":"http:\/\/www.moravecteam.cz\/?p=9475"},"modified":"2017-08-29T07:14:32","modified_gmt":"2017-08-29T05:14:32","slug":"sedm-stribrnych","status":"publish","type":"post","link":"https:\/\/www.moravecteam.cz\/?p=9475","title":{"rendered":"Sedm st\u0159\u00edbrn\u00fdch!"},"content":{"rendered":"<p style=\"text-align: justify;\"><strong><span style=\"color: #800000;\">Sedm st\u0159\u00edbrn\u00fdch medail\u00ed vezou bike\u0159i MORAVEC Temu z presti\u017en\u00ed Grand Slamov\u00e9 trat\u011b v Bo\u0159itov\u011b, kde v sobotu pokra\u010doval MTB Superior Poh\u00e1r Drahansk\u00e9 vrchoviny 2017 sv\u00fdm, u\u017e dvan\u00e1ct\u00fdm z\u00e1vodem. P\u0159ipop\u010dteme-li k tomu \u0161est zlat\u00fdch\u00a0a\u00a0t\u0159i bronzov\u00e9 &#8222;placky&#8220;, je jasn\u00e9, \u017ee \u00a0Bo\u0159itov n\u00e1m vy\u0161el nad o\u010dek\u00e1v\u00e1n\u00ed! A to je\u0161t\u011b\u00a0 n\u011bkte\u0159\u00ed na\u0161i osv\u011bd\u010den\u00ed reprezentanti na startu chyb\u011bli&#8230; Nen\u00ed ur\u010dit\u011b bez zaj\u00edmavosti, \u017ee hned o polovic zlat\u00fdch medail\u00ed se postarali na\u0161i dosp\u011bl\u00ed reprezentanti a jeden z nich je u\u017e po sobot\u011b druh\u00fdm jist\u00fdm celkov\u00fdm v\u00edt\u011bzem leto\u0161n\u00ed MTB &#8222;Vrchoviny&#8220;!<\/span><\/strong><\/p>\n<figure id=\"attachment_9491\" aria-describedby=\"caption-attachment-9491\" style=\"width: 1192px\" class=\"wp-caption alignnone\"><a href=\"http:\/\/www.moravecteam.cz\/?attachment_id=9491\" rel=\"attachment wp-att-9491\"><img decoding=\"async\" loading=\"lazy\" class=\" wp-image-9491\" alt=\"P1210430\" src=\"http:\/\/www.moravecteam.cz\/wp-content\/uploads\/2017\/08\/P1210430.jpg\" width=\"1192\" height=\"1439\" srcset=\"https:\/\/www.moravecteam.cz\/wp-content\/uploads\/2017\/08\/P1210430.jpg 1192w, https:\/\/www.moravecteam.cz\/wp-content\/uploads\/2017\/08\/P1210430-248x300.jpg 248w, https:\/\/www.moravecteam.cz\/wp-content\/uploads\/2017\/08\/P1210430-848x1024.jpg 848w\" sizes=\"(max-width: 1192px) 100vw, 1192px\" \/><\/a><figcaption id=\"caption-attachment-9491\" class=\"wp-caption-text\">&#8222;Mastr dvojka\u0159&#8220; Martin Gottwald je po Eli\u0161ce Han\u00e1kov\u00e9 ji\u017e druh\u00fdm jist\u00fdm v\u00edt\u011bzem v celkov\u00e9m po\u0159ad\u00ed leto\u0161n\u00ed MTB &#8222;Vrchoviny&#8220;.<\/figcaption><\/figure>\n<p style=\"text-align: justify;\">T\u00edmto borcem nen\u00ed nikdo jin\u00fd, ne\u017e letos ve skv\u011bl\u00e9 form\u011b z\u00e1vod\u00edc\u00ed v kategorii Masters II, \u00a0<strong><span style=\"color: #800000;\">Martin Gottwald<\/span><\/strong>. Jen dvakr\u00e1t na\u0161el Martin letos p\u0159emo\u017eitele: ve Valchov\u011b a v Bene\u0161ov\u011b ho dok\u00e1zal porazit blanensk\u00fd Martin Kub\u00ed\u010dek, minul\u00fd t\u00fdden na Ko\u0159enci pro zm\u011bnu Milan Fajt (Eurofoam Team). Dev\u011bt v\u00edt\u011bzstv\u00ed a t\u0159i druh\u00e1 m\u00edsta jsou jistotou pro celkov\u00e9 prvenstv\u00ed, druh\u00fd v celkov\u00e9m po\u0159ad\u00ed, taky n\u00e1\u0161 Franti\u0161ek Pad\u011bra (v Bo\u0159itov\u011b 6. m\u00edsto), ho ji\u017e nem\u016f\u017ee ve zb\u00fdvaj\u00edc\u00edch z\u00e1vodech bodov\u011b p\u0159edstihnout! Pohodov\u00fd &#8222;Mar\u0165as&#8220; je tak po <strong><span style=\"color: #800000;\">Eli\u0161ce Han\u00e1kov\u00e9<\/span><\/strong> (v Bo\u0159itov\u011b op\u011bt suver\u00e9nn\u011b ovl\u00e1dla kategorii mlad\u0161\u00edch \u017e\u00e1ky\u0148), teprve druh\u00fdm jist\u00fdm celkov\u00fdm v\u00edt\u011bzem leto\u0161n\u00ed MTB &#8222;Vrchoviny&#8220;.<\/p>\n<figure id=\"attachment_9481\" aria-describedby=\"caption-attachment-9481\" style=\"width: 704px\" class=\"wp-caption alignnone\"><a href=\"http:\/\/www.moravecteam.cz\/?attachment_id=9481\" rel=\"attachment wp-att-9481\"><img decoding=\"async\" loading=\"lazy\" class=\" wp-image-9481\" alt=\"P1110660\" src=\"http:\/\/www.moravecteam.cz\/wp-content\/uploads\/2017\/08\/P1110660.jpg\" width=\"704\" height=\"689\" srcset=\"https:\/\/www.moravecteam.cz\/wp-content\/uploads\/2017\/08\/P1110660.jpg 704w, https:\/\/www.moravecteam.cz\/wp-content\/uploads\/2017\/08\/P1110660-25x25.jpg 25w, https:\/\/www.moravecteam.cz\/wp-content\/uploads\/2017\/08\/P1110660-300x293.jpg 300w\" sizes=\"(max-width: 704px) 100vw, 704px\" \/><\/a><figcaption id=\"caption-attachment-9481\" class=\"wp-caption-text\">V Bo\u0159itov\u011b si letos po t\u0159et\u00ed vyjela na MTB &#8222;Vrchovin\u011b&#8220; bronzovou &#8222;bednu&#8220; mezi d\u011bv\u010daty do 6 let Ad\u00e9lka V\u011brn\u00e1!<\/figcaption><\/figure>\n<p style=\"text-align: justify;\">Vra\u0165me se v\u0161ak do sobotn\u00edho bo\u0159itovsk\u00e9ho dopoledne, kdy na\u0161i nadpr\u016fm\u011brnou medailovou \u017ee\u0148 zah\u00e1jila v z\u00e1vod\u011b odr\u00e1\u017eedel d\u00edvek &#8211; <strong><span style=\"color: #800000;\">Leonka Eclerov\u00e1<\/span><\/strong>, kter\u00e1 vybojovala prvn\u00ed z napo\u010d\u00edtan\u00fdch sedmi st\u0159\u00edbrn\u00fdch. Na st\u0159\u00edbro Leonky nav\u00e1zala bronzem v z\u00e1vod\u011b kategorie d\u011bv\u010dat do 6-ti let <strong><span style=\"color: #800000;\">Ad\u00e9lka V\u011brn\u00e1<\/span><\/strong>, kter\u00e1 dokonce po v\u00fdborn\u00e9m startu dlouho z\u00e1vod vedla, teprve v z\u00e1v\u011bru podlehla tlaku soupe\u0159ek. Jednou z nich byla v c\u00edli druh\u00e1 <strong><span style=\"color: #800000;\">Verunka \u0160af\u00e1\u0159ov\u00e1<\/span><\/strong> (Nutrend Specialized Team), kter\u00e9 jsme samoz\u0159ejm\u011b taky hodn\u011b ma\u010dkali pale\u010dky! N\u00e1sledn\u00fd start d\u00edvek 7-8 let jsme vyhl\u00ed\u017eeli s velk\u00fdm nap\u011bt\u00edm a s ot\u00e1zkou: jak dopadne souboj dvou leto\u0161n\u00edch rivalek \u017danety Kupsk\u00e9 (SKKP Judo Brno)\u00a0a na\u0161\u00ed <strong><span style=\"color: #800000;\">Just\u00fdny Novotn\u00e9<\/span><\/strong>? Rozuzlen\u00ed p\u0159i\u0161lo pom\u011brn\u011b z\u00e1hy&#8230; Just\u00fdnka Novotn\u00e1 l\u00e9pe rozvrhla v pr\u016fb\u011bhu z\u00e1vodu s\u00edly a zcela zaslou\u017een\u011b obh\u00e1jila prvenstv\u00ed z p\u0159ed t\u00fddne z Ko\u0159ence! Sv\u00e9 nejv\u011bt\u0161\u00ed soupe\u0159ce &#8222;odsko\u010dila&#8220; v pr\u016fb\u011b\u017en\u00e9m po\u0159ad\u00ed na rozd\u00edl 25 bod\u016f, co\u017e ale do zb\u00fdvaj\u00edc\u00edch t\u0159\u00ed podnik\u016f nemus\u00ed b\u00fdt v t\u00e9to hodn\u011b vyrovnan\u00e9 kategorii zdaleka je\u0161t\u011b rozhoduj\u00edc\u00ed skute\u010dnost\u00ed&#8230; Ka\u017edop\u00e1dn\u011b jej\u00ed pozice p\u0159ed z\u00e1v\u011brem &#8222;Vrchoviny&#8220; je velice nad\u011bjn\u00e1&#8230;<\/p>\n<figure id=\"attachment_9482\" aria-describedby=\"caption-attachment-9482\" style=\"width: 1140px\" class=\"wp-caption alignnone\"><a href=\"http:\/\/www.moravecteam.cz\/?attachment_id=9482\" rel=\"attachment wp-att-9482\"><img decoding=\"async\" loading=\"lazy\" class=\" wp-image-9482\" alt=\"P1110682\" src=\"http:\/\/www.moravecteam.cz\/wp-content\/uploads\/2017\/08\/P1110682.jpg\" width=\"1140\" height=\"1089\" srcset=\"https:\/\/www.moravecteam.cz\/wp-content\/uploads\/2017\/08\/P1110682.jpg 1140w, https:\/\/www.moravecteam.cz\/wp-content\/uploads\/2017\/08\/P1110682-25x25.jpg 25w, https:\/\/www.moravecteam.cz\/wp-content\/uploads\/2017\/08\/P1110682-300x286.jpg 300w, https:\/\/www.moravecteam.cz\/wp-content\/uploads\/2017\/08\/P1110682-1024x978.jpg 1024w\" sizes=\"(max-width: 1140px) 100vw, 1140px\" \/><\/a><figcaption id=\"caption-attachment-9482\" class=\"wp-caption-text\">Just\u00fdnka Novotn\u00e1 rozhodla sv\u016fj dal\u0161\u00ed souboj s \u017danetou Kupskou ve sv\u016fj prosp\u011bch d\u00edky v\u00fdborn\u00e9, vyrovnan\u00e9 j\u00edzd\u011b!<\/figcaption><\/figure>\n<p style=\"text-align: justify;\">I start d\u011bv\u010dat kategorie 9-10 let, kter\u00fd n\u00e1sledoval bezprost\u0159edn\u011b po prvn\u00edm slavnostn\u00edm ceremoni\u00e1lu vyhl\u00e1\u0161en\u00ed v\u00edt\u011bz\u016f, byl pro n\u00e1s ve z\u0144amen\u00ed dal\u0161\u00edch medailov\u00fdch nad\u011bj\u00ed. A ty dok\u00e1zala na\u0161e d\u011bv\u010data naplnit! Druhou st\u0159\u00edbrnou ten den pro MORAVEC Team vybojovala <strong><span style=\"color: #800000;\">Ani\u010dka Han\u00e1kov\u00e1<\/span><\/strong>, na &#8222;bedn\u011b&#8220; j\u00ed d\u011blala &#8222;garde&#8220; t\u0159et\u00ed v po\u0159ad\u00ed v tomto z\u00e1vod\u011b &#8211; <span style=\"color: #800000;\"><strong>Am\u00e1lka Gottwaldov\u00e1<\/strong><\/span>! O jasn\u00e9m v\u00edt\u011bzstv\u00ed mlad\u0161\u00ed \u017e\u00e1kyn\u011b Eli\u0161ky Han\u00e1kov\u00e9 u\u017e byla \u0159e\u010d a v n\u00e1sledn\u00e9m startu stejn\u00e9 v\u011bkov\u00e9 kategorie chlapc\u016f o sob\u011b dal hodn\u011b v\u011bd\u011bt <strong><span style=\"color: #800000;\">Roman \u0160indel\u00e1\u0159<\/span><\/strong>. V z\u00e1vod\u011b, vypsan\u00e9m na 4 kola dlouho vedl, teprve v z\u00e1v\u011bru nesta\u010dil na v\u00fdborn\u011b jedouc\u00edho Vojt\u011bcha Kobl\u00ed\u017eka (Kola Kobl\u00ed\u017eek). To znamen\u00e1, \u017ee o t\u0159et\u00ed st\u0159\u00edbrnou pro MORAVEC Team se postaral n\u00e1\u0161 talentovan\u00fd biker ze Svat\u00e9 Kate\u0159iny! V p\u0159edpoledn\u00edm bloku start\u016f n\u00e1s je\u0161t\u011b zaj\u00edmalo, zda zopakuje <strong><span style=\"color: #800000;\">Krist\u00fdna Kol\u00e1\u0159ov\u00e1<\/span><\/strong> s Kl\u00e1rou Odehnalovou v z\u00e1vod\u011b star\u0161\u00edch \u017e\u00e1ky\u0148 svoje v\u00fdborn\u00e9 v\u00fdkony z Ko\u0159ence?<\/p>\n<figure id=\"attachment_9484\" aria-describedby=\"caption-attachment-9484\" style=\"width: 1332px\" class=\"wp-caption alignnone\"><a href=\"http:\/\/www.moravecteam.cz\/?attachment_id=9484\" rel=\"attachment wp-att-9484\"><img decoding=\"async\" loading=\"lazy\" class=\" wp-image-9484\" alt=\"P1200736\" src=\"http:\/\/www.moravecteam.cz\/wp-content\/uploads\/2017\/08\/P1200736.jpg\" width=\"1332\" height=\"1080\" srcset=\"https:\/\/www.moravecteam.cz\/wp-content\/uploads\/2017\/08\/P1200736.jpg 1332w, https:\/\/www.moravecteam.cz\/wp-content\/uploads\/2017\/08\/P1200736-300x243.jpg 300w, https:\/\/www.moravecteam.cz\/wp-content\/uploads\/2017\/08\/P1200736-1024x830.jpg 1024w\" sizes=\"(max-width: 1332px) 100vw, 1332px\" \/><\/a><figcaption id=\"caption-attachment-9484\" class=\"wp-caption-text\">Roman \u0160indel\u00e1\u0159 oslavil n\u00e1vrat na trat\u011b MTB &#8222;Vrchoviny&#8220; v Bo\u0159itov\u011b ziskem st\u0159\u00edbrn\u00e9 medaile.<\/figcaption><\/figure>\n<p style=\"text-align: justify;\">Holky je zopakovaly, i kdy\u017e medailov\u011b to bylo trochu jinak, ne\u017e p\u0159ed t\u00fddnem &#8222;U v\u011bt\u0159\u00e1ku&#8220;&#8230; Krist\u00fdna tentokr\u00e1t t\u011bsn\u011b souboj o zlato prohr\u00e1la, stejn\u011b, jako Kl\u00e1rka bitvu o bronz, kterou svedla s Juli\u00ed Malo\u0161\u00edkovou (CykloTeam MXM Hul\u00edn), a kter\u00e1 nedopadla jen d\u00edky ne\u0161\u0165astn\u00e9mu p\u00e1du Kl\u00e1ry p\u0159i razantn\u00edm \u00fatoku na medailovou pozici v posledn\u00edch des\u00edtk\u00e1ch metrech z\u00e1vodu&#8230;A\u0165 tak, \u010di tak: start star\u0161\u00edch \u017e\u00e1ky\u0148 byl i d\u00edk dv\u011bma na\u0161im mlad\u00fdm bork\u00e1m jedn\u00edm z vrchol\u016f bo\u0159itovsk\u00e9 velk\u00e9 ceny&#8230;<\/p>\n<figure id=\"attachment_9488\" aria-describedby=\"caption-attachment-9488\" style=\"width: 676px\" class=\"wp-caption alignnone\"><a href=\"http:\/\/www.moravecteam.cz\/?attachment_id=9488\" rel=\"attachment wp-att-9488\"><img decoding=\"async\" loading=\"lazy\" class=\" wp-image-9488\" alt=\"P1210112\" src=\"http:\/\/www.moravecteam.cz\/wp-content\/uploads\/2017\/08\/P1210112.jpg\" width=\"676\" height=\"712\" srcset=\"https:\/\/www.moravecteam.cz\/wp-content\/uploads\/2017\/08\/P1210112.jpg 676w, https:\/\/www.moravecteam.cz\/wp-content\/uploads\/2017\/08\/P1210112-25x25.jpg 25w, https:\/\/www.moravecteam.cz\/wp-content\/uploads\/2017\/08\/P1210112-284x300.jpg 284w\" sizes=\"(max-width: 676px) 100vw, 676px\" \/><\/a><figcaption id=\"caption-attachment-9488\" class=\"wp-caption-text\">Jan\u011b Tesa\u0159ov\u00e9 chyb\u00ed k celkov\u00e9mu prvenstv\u00ed v leto\u0161n\u00ed MTB &#8222;Vrchovin\u011b&#8220; 15 bod\u00edk\u016f&#8230;<\/figcaption><\/figure>\n<p style=\"text-align: justify;\">Dal\u0161\u00edm takov\u00fdm vrcholem byl ur\u010dit\u011b z\u00e1vod, kter\u00fd se odehr\u00e1l u\u017e v r\u00e1mci posledn\u00edho, popoledn\u00edho bloku start\u016f v kategorii junior\u016f a kadet\u016f. <strong><span style=\"color: #800000;\">Honza &#8222;D\u017eony&#8220; \u0160indel\u00e1\u0159<\/span><\/strong> svedl nervy dr\u00e1saj\u00edc\u00ed bitvu s Dominikem Hor\u00e1kem (Short Bike Academy Opletal), kter\u00e1 vyvrcholila c\u00edlov\u00fdm spurtem obou borc\u016f &#8222;kolo na kolo&#8220;&#8230; O p\u00e1r centimetr\u016f byl v c\u00edli d\u0159\u00edve nakonec Dominik Hor\u00e1k, ale pochvalu za par\u00e1dn\u00ed v\u00fdkon zaslou\u017e\u00ed krom\u011b v\u00edt\u011bze i v c\u00edli t\u011bsn\u011b druh\u00fd &#8222;D\u017eony&#8220; \u0160indl\u00e1\u0159, kter\u00fd takto vybojoval pro MORAVEC Team st\u0159\u00edbro s po\u0159adov\u00fdm \u010d\u00edslem 5. Honzu na &#8222;bednu&#8220; doprovodil\u00a0jeho t\u00fdmov\u00fd par\u0165\u00e1k &#8211;<strong><span style=\"color: #800000;\"> Karel Vinick\u00fd<\/span><\/strong>, kter\u00fd projel s nevelkou ztr\u00e1tou c\u00edlem na t\u0159et\u00ed p\u0159\u00ed\u010dce. \u0160estou st\u0159\u00edbrnou pro n\u00e1s vyjela &#8222;pod Chlumy&#8220; <strong><span style=\"color: #800000;\">Anna Zem\u00e1nkov\u00e1<\/span><\/strong>, kter\u00e1 nesta\u010dila jen na svoji t\u00fdmovou kolegyni &#8211; <strong><span style=\"color: #800000;\">Janu &#8222;D\u017eejn&#8220; Tesa\u0159ovou<\/span><\/strong>. No a my jsme mohli &#8211; d\u00edky t\u011bmto dv\u011bma rychl\u00fdm d\u00edvk\u00e1m &#8211; slavit ten den prvn\u00ed &#8222;double&#8220;&#8230;<\/p>\n<figure id=\"attachment_9490\" aria-describedby=\"caption-attachment-9490\" style=\"width: 837px\" class=\"wp-caption alignnone\"><a href=\"http:\/\/www.moravecteam.cz\/?attachment_id=9490\" rel=\"attachment wp-att-9490\"><img decoding=\"async\" loading=\"lazy\" class=\" wp-image-9490\" alt=\"P1210397\" src=\"http:\/\/www.moravecteam.cz\/wp-content\/uploads\/2017\/08\/P1210397.jpg\" width=\"837\" height=\"931\" srcset=\"https:\/\/www.moravecteam.cz\/wp-content\/uploads\/2017\/08\/P1210397.jpg 837w, https:\/\/www.moravecteam.cz\/wp-content\/uploads\/2017\/08\/P1210397-269x300.jpg 269w\" sizes=\"(max-width: 837px) 100vw, 837px\" \/><\/a><figcaption id=\"caption-attachment-9490\" class=\"wp-caption-text\">Mark\u00e9ta \u0160af\u00e1\u0159ov\u00e1 se v\u00edt\u011bzstv\u00edm v Bo\u0159itov\u011b posunula na 5. m\u00edsto celkov\u00e9ho po\u0159ad\u00ed kategorie \u017een a ur\u010dit\u011b bude \u00fato\u010dit i v dal\u0161\u00edch z\u00e1vodech!<\/figcaption><\/figure>\n<p style=\"text-align: justify;\">Nez\u016fstalo ale jenom u jednoho na\u0161eho dvojit\u00e9ho v\u00edt\u011bzstv\u00ed&#8230; O druh\u00e9 se postarali na\u0161i &#8222;ost\u0159\u00edlen\u00ed Mast\u0159i &#8211; trojka\u0159i&#8220; &#8211; <strong><span style=\"color: #800000;\">Vlast\u00edk Odehnal<\/span> <\/strong>s<strong><span style=\"color: #800000;\"> Milanem \u0160af\u00e1\u0159em<\/span><\/strong> a n\u00e1\u0161 \u00factyhodn\u00fd bo\u0159itovsk\u00fd medailov\u00fd \u00fa\u010det uzav\u0159ela ziskem zlata v z\u00e1vod\u011b \u017een <strong><span style=\"color: #800000;\">Mark\u00e9ta \u0160af\u00e1\u0159ov\u00e1<\/span><\/strong>. Kdy\u017e k tomu p\u0159ipo\u010dteme dal\u0161\u00ed \u010dty\u0159i vybojovan\u00e1 &#8222;bramborov\u00e1&#8220; um\u00edst\u011bn\u00ed (Bar\u010da Tlamkov\u00e1 9-10 let, V\u00ed\u0165a Lipensk\u00fd 11-12 let, Jakub Tesa\u0159 13 &#8211; 14 let, Monika Kone\u010dn\u00e1 juniorky \/ kadetky) je jasn\u00e9, \u017ee jen m\u00e1lo chyb\u011blo k tomu, aby se n\u00e1\u0161 medailov\u00fd profit p\u0159ibl\u00ed\u017eil k hranici dvaceti cenn\u00fdch kov\u016f! Zde je rekapitulace na\u0161ich medailist\u016f z Grand Slamov\u00e9ho Bo\u0159itova:<\/p>\n<ul>\n<li>\n<div style=\"text-align: justify;\">Zlat\u00e9 placky zdob\u00ed hrudn\u00ed\u010dky a hrudn\u00edky: <strong><span style=\"color: #ff6600;\">\u00a0Just\u00fdnky Novotn\u00e9<\/span><\/strong>\u00a0(7-8 let) \/ 1.\u00a0<strong><span style=\"color: #ff6600;\">Eli\u0161ky Han\u00e1kov\u00e9<\/span><\/strong>\u00a0(11-12 let) \/ 1. &#8211; jist\u00e1 celkov\u00e1 v\u00edt\u011bzka, <strong><span style=\"color: #ff6600;\">\u00a0Jany Tesa\u0159ov\u00e9<\/span><\/strong>\u00a0(juniorky \/ kadetky) \/ 1., <strong><span style=\"color: #ff6600;\">Martina Gottwalda<\/span><\/strong> (Masters II) \/ 1. &#8211; jist\u00fd celkov\u00fd v\u00edt\u011bz, <strong><span style=\"color: #ff6600;\">Vlastimila Odehnala<\/span><\/strong> (Masters III) \/ 1. a <strong><span style=\"color: #ff6600;\">Mark\u00e9ty \u0160af\u00e1\u0159ov\u00e9<\/span><\/strong> (\u017eeny) \/ 5.<\/div>\n<\/li>\n<li style=\"text-align: justify;\">Ze st\u0159\u00edbra se t\u011b\u0161\u00ed: <strong><span style=\"color: #808080;\">Leonka Eclerov\u00e1<\/span><\/strong> (odr\u00e1\u017eedla) \/ 1., <strong><span style=\"color: #808080;\">Ani\u010dka Han\u00e1kov\u00e1<\/span><\/strong>\u00a0(9-10 let) \/ 2., \u00a0<strong><span style=\"color: #808080;\">Roman \u0160indel\u00e1\u0159<\/span><\/strong> (11-12 let) 1., <strong><span style=\"color: #808080;\">Krist\u00fdna Kol\u00e1\u0159ov\u00e1<\/span><\/strong> (13-14 let) \/ 1., <strong>\u00a0<span style=\"color: #808080;\">Honza &#8222;D\u017eony&#8220; \u0160indel\u00e1\u0159<\/span><\/strong> (Junio\u0159i \/ kadeti) \/ 8., <strong><span style=\"color: #808080;\">Anna Zem\u00e1nkov\u00e1<\/span><\/strong> (juniorky \/ kadetky) \u00a02.. a\u00a0<strong><span style=\"color: #808080;\">Milan \u0160af\u00e1\u0159<\/span><\/strong> (Masters III) \u00a0\/ 7.<\/li>\n<li>Bronz pat\u0159\u00ed:\u00a0<strong><span style=\"color: #800000;\">Ad\u00e9lce V\u011brn\u00e9<\/span><\/strong> \u00a0(do 6 let) \/ 4., <span style=\"color: #800000;\"><strong>Am\u00e1lce Gottwaldov\u00e9<\/strong> <\/span>(9 &#8211; 10 let) \/ 1. a <strong><span style=\"color: #800000;\">Karlu Vinick\u00e9mu<\/span><\/strong> (junio\u0159i \/ kadeti) \/ 1.<\/li>\n<\/ul>\n<figure id=\"attachment_9489\" aria-describedby=\"caption-attachment-9489\" style=\"width: 707px\" class=\"wp-caption alignnone\"><a href=\"http:\/\/www.moravecteam.cz\/?attachment_id=9489\" rel=\"attachment wp-att-9489\"><img decoding=\"async\" loading=\"lazy\" class=\" wp-image-9489\" alt=\"P1210154\" src=\"http:\/\/www.moravecteam.cz\/wp-content\/uploads\/2017\/08\/P1210154.jpg\" width=\"707\" height=\"828\" srcset=\"https:\/\/www.moravecteam.cz\/wp-content\/uploads\/2017\/08\/P1210154.jpg 707w, https:\/\/www.moravecteam.cz\/wp-content\/uploads\/2017\/08\/P1210154-256x300.jpg 256w\" sizes=\"(max-width: 707px) 100vw, 707px\" \/><\/a><figcaption id=\"caption-attachment-9489\" class=\"wp-caption-text\">Honza &#8222;D\u017eony&#8220; \u0160indel\u00e1\u0159 svedl v Bo\u0159itov\u011b par\u00e1dn\u00ed bitvu o prvenstv\u00ed s Dominikem Hor\u00e1kem.<\/figcaption><\/figure>\n<p style=\"text-align: justify;\">Po zran\u011bn\u00edch se kvalitn\u00edmi v\u00fdkony a v\u00fdsledky nav\u00edc prezentovali i Matou\u0161ek Lipensk\u00fd (9-10 let) a V\u00ed\u0165a Such\u00e1nek (junio\u0159i \/ kadeti), kdy\u017e oba obh\u00e1jili ve sv\u00fdch startech pozici v TOP 5! K medailist\u016fm m\u00ed\u0159\u00ed na\u0161e gratulace v\u0161em pak d\u00edky a pochvala za vzorn\u00e9 repre MORAVEC Teamu, rodinn\u00e9 podp\u016frn\u00e9 t\u00fdmy samoz\u0159ejm\u011b nevyj\u00edmaje&#8230; Skute\u010dn\u011b pozoruhodn\u011b maj\u00ed na\u0161i pov\u011bt\u0161inou leto\u0161n\u00ed MTB &#8222;Vrchovinu&#8220; rozjetou a fin\u00e1ln\u00ed poh\u00e1rov\u00fd zisk po posledn\u00edm z\u00e1vod\u011b v Boskovic\u00edch by pro n\u00e1s mohl b\u00fdt historicky rekordn\u00ed! Uvid\u00edme&#8230; Za necel\u00fd m\u011bs\u00edc u\u017e bude v\u0161e z Boskovic &#8222;se\u010dteno a podtr\u017eeno&#8220;&#8230; Omrkn\u011bte <strong><a href=\"http:\/\/vysledky.pohardrahanskevrchoviny.cz\/2017\/?page=vysledky\">kompletn\u00ed v\u00fdsledkov\u00fd servis<\/a> <\/strong>z Bo\u0159itova a i t\u0159i supr fotogalerie:<\/p>\n<ul>\n<li><strong><a href=\"http:\/\/moravecteam.rajce.idnes.cz\/2017.08.26_PDV_Boritov\/\">Fotogalerie \u010d.1 <\/a><\/strong>(Karel Vinick\u00fd)<\/li>\n<li><a href=\"http:\/\/moravecteam.rajce.idnes.cz\/2017.08.26_PDV_Boritov_-_2\/\"><strong>Fotogalerie \u010d.2<\/strong><\/a> (Magda Vinick\u00e1, Ka\u010denka Prudkov\u00e1, Karel Vinick\u00fd)<\/li>\n<li><strong><a href=\"http:\/\/moravecteam.rajce.idnes.cz\/2017.08.26_PDV_Boritov_-_3\/\">Fotogalerie \u010d.3<\/a><\/strong> (L\u00edda Ad\u00e1mkov\u00e1)<\/li>\n<\/ul>\n<figure id=\"attachment_9480\" aria-describedby=\"caption-attachment-9480\" style=\"width: 800px\" class=\"wp-caption alignnone\"><a href=\"http:\/\/www.moravecteam.cz\/?attachment_id=9480\" rel=\"attachment wp-att-9480\"><img decoding=\"async\" loading=\"lazy\" class=\" wp-image-9480\" alt=\"040\" src=\"http:\/\/www.moravecteam.cz\/wp-content\/uploads\/2017\/08\/040.jpg\" width=\"800\" height=\"749\" srcset=\"https:\/\/www.moravecteam.cz\/wp-content\/uploads\/2017\/08\/040.jpg 800w, https:\/\/www.moravecteam.cz\/wp-content\/uploads\/2017\/08\/040-300x280.jpg 300w\" sizes=\"(max-width: 800px) 100vw, 800px\" \/><\/a><figcaption id=\"caption-attachment-9480\" class=\"wp-caption-text\">Oba v c\u00edli na cenn\u00e9m, 5. m\u00edst\u011b: Matou\u0161ek Lipensk\u00fd (vpravo) v kategorii chlapc\u016f 9-10 let, Maty\u00e1\u0161 Koudelka v kategorii 11-12 let.<\/figcaption><\/figure>\n<p style=\"text-align: justify;\">\n","protected":false},"excerpt":{"rendered":"<p>Sedm st\u0159\u00edbrn\u00fdch medail\u00ed vezou bike\u0159i MORAVEC Temu z presti\u017en\u00ed Grand Slamov\u00e9 trat\u011b v Bo\u0159itov\u011b, kde v sobotu pokra\u010doval MTB Superior Poh\u00e1r Drahansk\u00e9 vrchoviny 2017 sv\u00fdm, u\u017e dvan\u00e1ct\u00fdm z\u00e1vodem. P\u0159ipop\u010dteme-li k tomu \u0161est zlat\u00fdch\u00a0a\u00a0t\u0159i bronzov\u00e9 &#8222;placky&#8220;, je jasn\u00e9, \u017ee \u00a0Bo\u0159itov n\u00e1m vy\u0161el nad o\u010dek\u00e1v\u00e1n\u00ed! A to je\u0161t\u011b\u00a0 n\u011bkte\u0159\u00ed na\u0161i osv\u011bd\u010den\u00ed reprezentanti na startu chyb\u011bli&#8230; Nen\u00ed ur\u010dit\u011b &hellip; <a href=\"https:\/\/www.moravecteam.cz\/?p=9475\" class=\"more-link\">Pokra\u010dov\u00e1n\u00ed textu <span class=\"screen-reader-text\">Sedm st\u0159\u00edbrn\u00fdch!<\/span> <span class=\"meta-nav\">&rarr;<\/span><\/a><\/p>\n","protected":false},"author":3,"featured_media":9486,"comment_status":"open","ping_status":"closed","sticky":false,"template":"","format":"standard","meta":[],"categories":[1],"tags":[],"_links":{"self":[{"href":"https:\/\/www.moravecteam.cz\/index.php?rest_route=\/wp\/v2\/posts\/9475"}],"collection":[{"href":"https:\/\/www.moravecteam.cz\/index.php?rest_route=\/wp\/v2\/posts"}],"about":[{"href":"https:\/\/www.moravecteam.cz\/index.php?rest_route=\/wp\/v2\/types\/post"}],"author":[{"embeddable":true,"href":"https:\/\/www.moravecteam.cz\/index.php?rest_route=\/wp\/v2\/users\/3"}],"replies":[{"embeddable":true,"href":"https:\/\/www.moravecteam.cz\/index.php?rest_route=%2Fwp%2Fv2%2Fcomments&post=9475"}],"version-history":[{"count":9,"href":"https:\/\/www.moravecteam.cz\/index.php?rest_route=\/wp\/v2\/posts\/9475\/revisions"}],"predecessor-version":[{"id":9500,"href":"https:\/\/www.moravecteam.cz\/index.php?rest_route=\/wp\/v2\/posts\/9475\/revisions\/9500"}],"wp:featuredmedia":[{"embeddable":true,"href":"https:\/\/www.moravecteam.cz\/index.php?rest_route=\/wp\/v2\/media\/9486"}],"wp:attachment":[{"href":"https:\/\/www.moravecteam.cz\/index.php?rest_route=%2Fwp%2Fv2%2Fmedia&parent=9475"}],"wp:term":[{"taxonomy":"category","embeddable":true,"href":"https:\/\/www.moravecteam.cz\/index.php?rest_route=%2Fwp%2Fv2%2Fcategories&post=9475"},{"taxonomy":"post_tag","embeddable":true,"href":"https:\/\/www.moravecteam.cz\/index.php?rest_route=%2Fwp%2Fv2%2Ftags&post=9475"}],"curies":[{"name":"wp","href":"https:\/\/api.w.org\/{rel}","templated":true}]}}