{"id":950,"date":"2015-06-29T14:57:02","date_gmt":"2015-06-29T12:57:02","guid":{"rendered":"http:\/\/www.moravecteam.cz\/?p=950"},"modified":"2015-07-02T09:51:36","modified_gmt":"2015-07-02T07:51:36","slug":"co-se-bude-dit-st27","status":"publish","type":"post","link":"https:\/\/www.moravecteam.cz\/?p=950","title":{"rendered":"Co se bude d\u00edt? (ST27)"},"content":{"rendered":"<h5><span style=\"color: #800000;\">\u00dater\u00fd 30.6.2015<\/span><\/h5>\n<p style=\"text-align: justify;\">Odjezd z\u00e1vodn\u00edho &#8222;A&#8220; t\u00fdmu na tr\u00e9ninkov\u00fd kemp p\u0159ed M\u010cR do Jesen\u00edk\u016f. Koordinuj\u00ed si V\u00ed\u0165a Prudek a Milan Tlamka, tak\u017ee v p\u0159\u00edpad\u011b nejasnost\u00ed je kontaktujte na\u00a0731 180 096 (V\u00ed\u0165a) nebo 776 108 046\u00a0(Milan).<\/p>\n<h5><span style=\"color: #800000;\"><strong>St\u0159eda 1.7.2015<\/strong><\/span><\/h5>\n<p style=\"text-align: justify;\">Pravideln\u00fd tr\u00e9nink biker\u016f MORAVCE &#8222;druh\u00e9ho sledu&#8220; &#8211; tj. t\u011bch, kte\u0159\u00ed je\u0161t\u011b \u010cesk\u00fd poh\u00e1r horsk\u00fdch kol nejezd\u00ed, ale jsou zdatn\u00ed v region\u00e1ln\u00edm seri\u00e1lu o Poh\u00e1r Drahansk\u00e9 vrchoviny. Sraz mlad\u00fdch biker\u016f je v 17.00 hodin, u Z\u0160 Bene\u0161ov, tr\u00e9nink povede\u00a0Milan Tlamka.\u00a0V p\u0159\u00edpad\u011b \u00a0dotaz\u016f kontaktujte Milana na jeho mobiln\u00ed apar\u00e1t s identifik\u00e1torem\u00a0776 108 046.<\/p>\n<h5><span style=\"color: #800000;\">Ned\u011ble\u00a05.7. 2015<\/span><\/h5>\n<p style=\"text-align: justify;\">N\u00e1vrat\u00a0z\u00e1vodn\u00edho &#8222;A&#8220; t\u00fdmu\u00a0z tr\u00e9ninkov\u00fd kemp p\u0159ed M\u010cR\u00a0v Jesen\u00edk\u00e1ch. Koordinuj\u00ed si V\u00ed\u0165a Prudek a Milan Tlamka.<\/p>\n<h5><span style=\"color: #800000;\">Pond\u011bl\u00ed 6.7.2015<\/span><\/h5>\n<p style=\"text-align: justify;\">Dal\u0161\u00ed\u00a0pokra\u010dov\u00e1n\u00ed MTB Poh\u00e1ru Drahansk\u00e9 vrchoviny, kdy se pojede na\u00a0n\u00e1ro\u010dn\u00e9 a \u00a0presti\u017en\u00ed trati z\u00e1rove\u0148 &#8211; ve Spe\u0161ov\u011b.<\/p>\n<p style=\"text-align: justify;\">Propozice:\u00a0<strong><a href=\"http:\/\/www.pohardrahanskevrchoviny.cz\/\">http:\/\/www.pohardrahanskevrchoviny.cz\/<\/a><\/strong>, \u00fa\u010dast a dopravu si ka\u017ed\u00fd zaji\u0161\u0165uje s\u00e1m. Fyzicky jsou propozice a jednotliv\u00e9 distance trat\u00ed zde:\u00a0<strong><a href=\"http:\/\/www.moravecteam.cz\/?attachment_id=966\" rel=\"attachment wp-att-966\">6. PDV 2015_Spe\u0161ov_propozice<\/a>,<br \/>\n<\/strong>a zde: <strong><a href=\"http:\/\/www.moravecteam.cz\/?attachment_id=969\" rel=\"attachment wp-att-969\">D\u00e9lky trat\u00ed Spe\u0161ov<\/a><\/strong><\/p>\n<p style=\"text-align: justify;\"><span style=\"text-decoration: underline;\"><strong><span style=\"color: #800000; text-decoration: underline;\">Mapy trat\u00ed s p\u0159ev\u00fd\u0161en\u00edm studujte zde:<\/span><\/strong><\/span><\/p>\n<p style=\"text-align: justify;\"><span style=\"color: #800000;\"><strong>Kategorie: odr\u00e1\u017eedla<\/strong><\/span><\/p>\n<p style=\"text-align: justify;\"><a href=\"http:\/\/www.moravecteam.cz\/?attachment_id=975\" rel=\"attachment wp-att-975\"><img decoding=\"async\" loading=\"lazy\" class=\"alignnone size-full wp-image-975\" alt=\"Odr\u00e1\u017eedla - 80m\" src=\"http:\/\/www.moravecteam.cz\/wp-content\/uploads\/2015\/06\/Odr\u00e1\u017eedla-80m.jpg\" width=\"1104\" height=\"659\" srcset=\"https:\/\/www.moravecteam.cz\/wp-content\/uploads\/2015\/06\/Odr\u00e1\u017eedla-80m.jpg 1104w, https:\/\/www.moravecteam.cz\/wp-content\/uploads\/2015\/06\/Odr\u00e1\u017eedla-80m-300x179.jpg 300w, https:\/\/www.moravecteam.cz\/wp-content\/uploads\/2015\/06\/Odr\u00e1\u017eedla-80m-1024x611.jpg 1024w\" sizes=\"(max-width: 1104px) 100vw, 1104px\" \/><\/a><\/p>\n<p style=\"text-align: justify;\"><strong><span style=\"color: #800000;\">Kategorie: do 6 let<\/span><\/strong><\/p>\n<p style=\"text-align: justify;\"><a href=\"http:\/\/www.moravecteam.cz\/?attachment_id=973\" rel=\"attachment wp-att-973\"><img decoding=\"async\" loading=\"lazy\" class=\"alignnone size-full wp-image-973\" alt=\"D\u011bti do 6-ti let - 200 m\" src=\"http:\/\/www.moravecteam.cz\/wp-content\/uploads\/2015\/06\/D\u011bti-do-6-ti-let-200-m.jpg\" width=\"1104\" height=\"659\" srcset=\"https:\/\/www.moravecteam.cz\/wp-content\/uploads\/2015\/06\/D\u011bti-do-6-ti-let-200-m.jpg 1104w, https:\/\/www.moravecteam.cz\/wp-content\/uploads\/2015\/06\/D\u011bti-do-6-ti-let-200-m-300x179.jpg 300w, https:\/\/www.moravecteam.cz\/wp-content\/uploads\/2015\/06\/D\u011bti-do-6-ti-let-200-m-1024x611.jpg 1024w\" sizes=\"(max-width: 1104px) 100vw, 1104px\" \/><\/a><\/p>\n<p style=\"text-align: justify;\"><span style=\"color: #800000;\"><strong>Kategorie: 7-8 let, 9-10 let<\/strong><\/span><\/p>\n<p style=\"text-align: justify;\"><a href=\"http:\/\/www.moravecteam.cz\/?attachment_id=970\" rel=\"attachment wp-att-970\"><img decoding=\"async\" loading=\"lazy\" class=\"alignnone size-full wp-image-970\" alt=\"D\u011bti 7-8 let - 670 m\" src=\"http:\/\/www.moravecteam.cz\/wp-content\/uploads\/2015\/06\/D\u011bti-7-8-let-670-m.jpg\" width=\"1104\" height=\"659\" srcset=\"https:\/\/www.moravecteam.cz\/wp-content\/uploads\/2015\/06\/D\u011bti-7-8-let-670-m.jpg 1104w, https:\/\/www.moravecteam.cz\/wp-content\/uploads\/2015\/06\/D\u011bti-7-8-let-670-m-300x179.jpg 300w, https:\/\/www.moravecteam.cz\/wp-content\/uploads\/2015\/06\/D\u011bti-7-8-let-670-m-1024x611.jpg 1024w\" sizes=\"(max-width: 1104px) 100vw, 1104px\" \/><\/a><\/p>\n<p><strong><span style=\"color: #800000;\">Kategorie: 11-12 let, 13-14 let<\/span><\/strong><\/p>\n<p><a href=\"http:\/\/www.moravecteam.cz\/?attachment_id=972\" rel=\"attachment wp-att-972\"><img decoding=\"async\" loading=\"lazy\" class=\"alignnone size-full wp-image-972\" alt=\"D\u011bti 11 - 14 let - 1780 m\" src=\"http:\/\/www.moravecteam.cz\/wp-content\/uploads\/2015\/06\/D\u011bti-11-14-let-1780-m.jpg\" width=\"1104\" height=\"659\" srcset=\"https:\/\/www.moravecteam.cz\/wp-content\/uploads\/2015\/06\/D\u011bti-11-14-let-1780-m.jpg 1104w, https:\/\/www.moravecteam.cz\/wp-content\/uploads\/2015\/06\/D\u011bti-11-14-let-1780-m-300x179.jpg 300w, https:\/\/www.moravecteam.cz\/wp-content\/uploads\/2015\/06\/D\u011bti-11-14-let-1780-m-1024x611.jpg 1024w\" sizes=\"(max-width: 1104px) 100vw, 1104px\" \/><\/a><\/p>\n<p><span style=\"color: #800000;\"><strong>Kategorie: kadeti, junio\u0159i, dosp\u011bl\u00ed<\/strong><\/span><\/p>\n<p><a href=\"http:\/\/www.moravecteam.cz\/?attachment_id=974\" rel=\"attachment wp-att-974\"><img decoding=\"async\" loading=\"lazy\" class=\"alignnone size-full wp-image-974\" alt=\"Kadeti - Dosp\u011bl\u00ed - 3000 m\" src=\"http:\/\/www.moravecteam.cz\/wp-content\/uploads\/2015\/06\/Kadeti-Dosp\u011bl\u00ed-3000-m.jpg\" width=\"1104\" height=\"659\" srcset=\"https:\/\/www.moravecteam.cz\/wp-content\/uploads\/2015\/06\/Kadeti-Dosp\u011bl\u00ed-3000-m.jpg 1104w, https:\/\/www.moravecteam.cz\/wp-content\/uploads\/2015\/06\/Kadeti-Dosp\u011bl\u00ed-3000-m-300x179.jpg 300w, https:\/\/www.moravecteam.cz\/wp-content\/uploads\/2015\/06\/Kadeti-Dosp\u011bl\u00ed-3000-m-1024x611.jpg 1024w\" sizes=\"(max-width: 1104px) 100vw, 1104px\" \/><\/a><\/p>\n","protected":false},"excerpt":{"rendered":"<p>\u00dater\u00fd 30.6.2015 Odjezd z\u00e1vodn\u00edho &#8222;A&#8220; t\u00fdmu na tr\u00e9ninkov\u00fd kemp p\u0159ed M\u010cR do Jesen\u00edk\u016f. Koordinuj\u00ed si V\u00ed\u0165a Prudek a Milan Tlamka, tak\u017ee v p\u0159\u00edpad\u011b nejasnost\u00ed je kontaktujte na\u00a0731 180 096 (V\u00ed\u0165a) nebo 776 108 046\u00a0(Milan). St\u0159eda 1.7.2015 Pravideln\u00fd tr\u00e9nink biker\u016f MORAVCE &#8222;druh\u00e9ho sledu&#8220; &#8211; tj. t\u011bch, kte\u0159\u00ed je\u0161t\u011b \u010cesk\u00fd poh\u00e1r horsk\u00fdch kol nejezd\u00ed, ale jsou zdatn\u00ed &hellip; <a href=\"https:\/\/www.moravecteam.cz\/?p=950\" class=\"more-link\">Pokra\u010dov\u00e1n\u00ed textu <span class=\"screen-reader-text\">Co se bude d\u00edt? (ST27)<\/span> <span class=\"meta-nav\">&rarr;<\/span><\/a><\/p>\n","protected":false},"author":3,"featured_media":0,"comment_status":"closed","ping_status":"closed","sticky":false,"template":"","format":"standard","meta":[],"categories":[11],"tags":[],"_links":{"self":[{"href":"https:\/\/www.moravecteam.cz\/index.php?rest_route=\/wp\/v2\/posts\/950"}],"collection":[{"href":"https:\/\/www.moravecteam.cz\/index.php?rest_route=\/wp\/v2\/posts"}],"about":[{"href":"https:\/\/www.moravecteam.cz\/index.php?rest_route=\/wp\/v2\/types\/post"}],"author":[{"embeddable":true,"href":"https:\/\/www.moravecteam.cz\/index.php?rest_route=\/wp\/v2\/users\/3"}],"replies":[{"embeddable":true,"href":"https:\/\/www.moravecteam.cz\/index.php?rest_route=%2Fwp%2Fv2%2Fcomments&post=950"}],"version-history":[{"count":7,"href":"https:\/\/www.moravecteam.cz\/index.php?rest_route=\/wp\/v2\/posts\/950\/revisions"}],"predecessor-version":[{"id":977,"href":"https:\/\/www.moravecteam.cz\/index.php?rest_route=\/wp\/v2\/posts\/950\/revisions\/977"}],"wp:attachment":[{"href":"https:\/\/www.moravecteam.cz\/index.php?rest_route=%2Fwp%2Fv2%2Fmedia&parent=950"}],"wp:term":[{"taxonomy":"category","embeddable":true,"href":"https:\/\/www.moravecteam.cz\/index.php?rest_route=%2Fwp%2Fv2%2Fcategories&post=950"},{"taxonomy":"post_tag","embeddable":true,"href":"https:\/\/www.moravecteam.cz\/index.php?rest_route=%2Fwp%2Fv2%2Ftags&post=950"}],"curies":[{"name":"wp","href":"https:\/\/api.w.org\/{rel}","templated":true}]}}