{"id":9501,"date":"2017-08-30T12:44:00","date_gmt":"2017-08-30T10:44:00","guid":{"rendered":"http:\/\/www.moravecteam.cz\/?p=9501"},"modified":"2017-08-30T14:02:22","modified_gmt":"2017-08-30T12:02:22","slug":"jevicko-a-val-di-sole","status":"publish","type":"post","link":"https:\/\/www.moravecteam.cz\/?p=9501","title":{"rendered":"Jev\u00ed\u010dko a Val di Sole&#8230;"},"content":{"rendered":"<p style=\"text-align: justify;\"><strong><span style=\"color: #800000;\">Nov\u00fd York a Lipt\u00e1kov, m\u00e9 obce nejmilej\u0161\u00ed&#8230; Jist\u011b ka\u017ed\u00fd poznal legend\u00e1rn\u00ed v\u011btu \u010cesk\u00e9ho velik\u00e1na a vyn\u00e1lezce horsk\u00e9ho kola, J\u00e1ry Cimrmana, kterou odpov\u011bd\u011bl hostinsk\u00e9mu Sirotkovi na jeho ot\u00e1zku, jak se mu l\u00edb\u00ed u nich,\u00a0v pojizersk\u00e9 obci Lipt\u00e1kov\u011b? S trochou nads\u00e1zky bychom mohli Cimrman\u016fv v\u00fdrok parafr\u00e1zovat do podoby: &#8222;Jev\u00ed\u010dko a Val di Sole, m\u00e9 bikov\u00e9 trat\u011b nejmilej\u0161\u00ed&#8230;&#8220;. A pr\u00e1v\u011b ve V\u00fdchodo\u010desk\u00e9m m\u011bste\u010dku, zrovna tak jako v italsk\u00e9m horsk\u00e9m st\u0159edisku se o minul\u00e9m v\u00edkendu konaly tak\u00e9\u00a0dv\u011b v\u00fdznamn\u00e9 bikov\u00e9\u00a0&#8222;race&#8220; ve kter\u00fdch byli MORAVCI v\u00fdrazn\u011b &#8211; a\u0165 u\u017e p\u0159\u00edmo nebo nep\u0159\u00edmo &#8211; v zastoupen\u00ed!<\/span><\/strong><\/p>\n<p style=\"text-align: justify;\">V\u00fdznamn\u00fdmi sportovn\u00edmi akcemi se to o minul\u00e9m v\u00edkendu skute\u010dn\u011b jen hem\u017eilo! Krom\u011b v\u00fd\u0161e dvou uveden\u00fdch MTB z\u00e1vod\u016f to byla samoz\u0159ejm\u011b i MTB &#8222;Vrchovina&#8220; v Bo\u0159itov\u011b, MTB z\u00e1vod na severu Moravy &#8222;Ostravsk\u00fd Chachar&#8220;, na sv\u00e9 si p\u0159i\u0161li i atleti &#8211; b\u011b\u017eci \u00a0v Blansku (P\u016flmaraton Moravsk\u00fdm krasem) a V\u00edsk\u00e1ch (Okresn\u00ed b\u011b\u017eeck\u00e1 liga).<\/p>\n<p style=\"text-align: justify;\">Poj\u010fme si zrekapitulovat na\u0161e \u00fa\u010dinkov\u00e1n\u00ed\u00a0 na MTB maratonu Matou\u0161ek OPEN minulou sobotu v Jev\u00ed\u010dku. Na krat\u0161\u00ed trati 37 km vyrazil do boje n\u00e1\u0161 <strong><span style=\"color: #800000;\">Petr \u0160ich<\/span><\/strong>. N\u00e1ro\u010dnou tra\u0165 zvl\u00e1dl v kvalitn\u00edm \u010dase 1:19,18 hodin a tento v\u00fdkon mu vynesl 2. m\u00edsto v kategorii junior\u016f, kdy\u017e na v\u00edt\u011bze Jakuba Strouhala ztratil asi p\u016fl t\u0159et\u00ed minuty&#8230; Dobr\u00e1 pr\u00e1ce Pe\u0165o, blahop\u0159ejeme a d\u00edky za vzorn\u00e9 repre MORAVCE!<\/p>\n<p style=\"text-align: justify;\">Ve v\u00fdchodo\u010desk\u00e9m m\u011bste\u010dku, kter\u00e9 m\u00e1 skute\u010dn\u011b jako jednu ze sv\u00fdch nejobl\u00edben\u011bj\u0161\u00edch &#8222;\u0161tac\u00ed&#8220; legend\u00e1rn\u00ed Divadlo J\u00e1ry Cimrmana, startovaly je\u0161t\u011b krom\u011b Petra \u0160icha p\u0159ekvapiv\u011b i na\u0161e &#8222;mlad\u00e9 pu\u0161ky&#8220;! Jmenovit\u011b d\u011bti z ak\u010dn\u00edch rodin <strong><span style=\"color: #800000;\">Ecler\u016f (Leonka s Filipem)<\/span><\/strong> a <strong><span style=\"color: #800000;\">Koudelk\u016f (Lucinka s Maty\u00e1\u0161kem)<\/span><\/strong>. A v\u0161ichni \u010dty\u0159i na\u0161i mlad\u00ed mu\u0161ket\u00fd\u0159i nav\u00e1zali na medailov\u00fd \u00fasp\u011bch sv\u00e9ho star\u0161\u00edho kolegy! Posu\u010fte z v\u00fdpisu v\u00fdsledkov\u00e9 listiny:<\/p>\n<ul>\n<li>\n<div style=\"text-align: justify;\">Odr\u00e1\u017eedla spole\u010dn\u00fd start): <strong><span style=\"color: #ff9900;\">Leonka Eclerov\u00e1 &#8211; 1. m\u00edsto<\/span><\/strong><\/div>\n<\/li>\n<li>D\u00edvky do 6 let: <strong><span style=\"color: #800000;\">Leonka Eclerov\u00e1 &#8211; 3. m\u00edsto<\/span><\/strong><\/li>\n<li>Chlapci 7-9 let: <strong><span style=\"color: #808080;\">Filip Ecler &#8211; 2. m\u00edsto<\/span><\/strong><\/li>\n<li>Chlapci 10-12 let: <strong><span style=\"color: #808080;\">Maty\u00e1\u0161 Koudelka &#8211; 2. m\u00edsto<\/span><\/strong><\/li>\n<li>D\u00edvky 10-12 let: <strong><span style=\"color: #ff9900;\">Lucinka Koudelkov\u00e1 &#8211; 1. m\u00edsto<\/span><\/strong><\/li>\n<\/ul>\n<p style=\"text-align: justify;\">Zde jsou <a href=\"http:\/\/www.mtbjevicko.cz\/\"><strong>podrobnosti k z\u00e1vodu, v\u010detn\u011b v\u00fdsledk\u016f<\/strong><\/a>. Skute\u010dnost, \u017ee p\u011bt rajdr\u016f\u00a0\u00a0veze ze z\u00e1vodu \u0161est medail\u00ed (dv\u011b zlat\u00e9, t\u0159i st\u0159\u00edbrn\u00e9\u00a0 jednu bronzovou) je\u00a0opravdu pozoruhodn\u00e1 a je to zn\u00e1mkou &#8222;nejvy\u0161\u0161\u00ed qality&#8220;! Bravo MORVEC blahop\u0159\u00e1n\u00ed\u00a0 a pod\u011bkov\u00e1n\u00ed let\u00ed od n\u00e1s i &#8222;qartetu&#8220; na\u0161ich &#8222;mlad\u00fdch pu\u0161ek&#8220;&#8230; A nejen to: p\u0159ipom\u00edn\u00e1m, \u017ee ten den se jela i MTB &#8222;Vrchovina&#8220; v Bo\u0159itov\u011b. Bylo t\u0159eba se tedy docela rychle z pod Clum\u016f p\u0159esunout do Jev\u00ed\u010dka&#8230; V jednom dnu dva z\u00e1vody je v\u017edy\u00a0po\u0159\u00e1dn\u00e1 &#8222;hokna&#8220; a k tomu je\u0161t\u011b, aby klapla logistika p\u0159esunu z trat\u011b na tra\u0165&#8230; Bravo MORVEC!<\/p>\n<figure id=\"attachment_9509\" aria-describedby=\"caption-attachment-9509\" style=\"width: 833px\" class=\"wp-caption alignnone\"><a href=\"http:\/\/www.moravecteam.cz\/?attachment_id=9509\" rel=\"attachment wp-att-9509\"><img decoding=\"async\" loading=\"lazy\" class=\" wp-image-9509\" alt=\"imgb59a9aa220f72c60c7e18f4e0a755838\" src=\"http:\/\/www.moravecteam.cz\/wp-content\/uploads\/2017\/08\/imgb59a9aa220f72c60c7e18f4e0a755838.jpg\" width=\"833\" height=\"648\" srcset=\"https:\/\/www.moravecteam.cz\/wp-content\/uploads\/2017\/08\/imgb59a9aa220f72c60c7e18f4e0a755838.jpg 833w, https:\/\/www.moravecteam.cz\/wp-content\/uploads\/2017\/08\/imgb59a9aa220f72c60c7e18f4e0a755838-300x233.jpg 300w\" sizes=\"(max-width: 833px) 100vw, 833px\" \/><\/a><figcaption id=\"caption-attachment-9509\" class=\"wp-caption-text\">Ad\u00e9la \u0160af\u00e1\u0159ov\u00e1 na trati sv\u00e9ho dal\u0161\u00edho z\u00e1vodu sv\u011btov\u00e9ho poh\u00e1ru, kter\u00fd se jel v italsk\u00e9m Val di Sole.<\/figcaption><\/figure>\n<p style=\"text-align: justify;\">Zat\u00edm co MTB &#8222;Vrchovina&#8220; m\u00e1 do sv\u00e9ho fin\u00e1lov\u00e9ho z\u00e1vodu v Boskovic\u00edch <strong><span style=\"color: #800000;\">(pozor, v souvislosti s t\u00edmto z\u00e1vodem je aktu\u00e1ln\u011b &#8222;na stole&#8220; z\u00e1sadn\u00ed term\u00ednov\u00e1 zm\u011bna: pojede se o den pozd\u011bji, v ned\u011bli 24.9. 2017 se startem a c\u00edlem ve Sportparku Doubravy v Boskovic\u00edch)<\/span> <\/strong>je\u0161t\u011b hodn\u011b daleko, sv\u011btov\u00fd poh\u00e1r horsk\u00fdch kol pro\u0165al svoji pomyslnou c\u00edlovou p\u00e1sku v italsk\u00e9m Val di Sole u\u017e minulou ned\u011bli. D\u00edky na\u0161\u00ed odchovankyni <strong><span style=\"color: #800000;\">Ad\u00e9lce \u0160af\u00e1\u0159ov\u00e9<\/span> <\/strong>(Nutrend Specialized Racing)\u00a0 m\u011bl i zde MORAVEC Team v z\u00e1vod\u011b kategorie \u017een U23 &#8211; by\u0165 nep\u0159\u00edmo &#8211; zastoupen\u00ed. Ad\u00e9la se porvala s t\u011b\u017ekou, horskou trat\u00ed state\u010dn\u011b:\u00a0m\u011bla v\u00fdborn\u00fd start (v zav\u00e1d\u011bc\u00edm kole jezdila na 6.(!)\u00a0m\u00edst\u011b)\u00a0ne\u0161\u0165astn\u00fd p\u00e1d ji ale hodn\u011b p\u0159ibrzdil \u00a0a v c\u00edli byla klasifikov\u00e1na nakonec\u00a0jako \u00a030. Adys budeme dr\u017eet palce v p\u0159\u00ed\u0161t\u00edm t\u00fddnu, kdy bude m\u00edt velkou premi\u00e9ru na <a href=\"http:\/\/www.reprezentacemtb.cz\/nominace-reprezentacniho-tymu-horskych-kol-pro-ms-xco-xcr-v-cairns\/\"><strong>Mistrovstv\u00ed sv\u011bta MTB XCO v Australsk\u00e9m Cairns<\/strong><\/a>. Tu\u0165 mrkn\u011bte na <strong><a href=\"http:\/\/www.uci.ch\/mountain-bike\/results\/\">v\u00fdsledkov\u00fd servis<\/a><\/strong> z\u00e1vodu \u017een U23z Val di Sole, a zde je ze z\u00e1vod\u016f elitn\u00edch kategori\u00ed taky <a href=\"http:\/\/mtbs.cz\/clanek\/fotogalerie-svetovy-pohar-xco-6-val-di-sole\/kategorie\/mtbs-foto-redakcni-zavody#.Waab7rmQxdh\"><strong>p\u011bkn\u00e1 fotogalerie<\/strong><\/a>&#8230;<\/p>\n","protected":false},"excerpt":{"rendered":"<p>Nov\u00fd York a Lipt\u00e1kov, m\u00e9 obce nejmilej\u0161\u00ed&#8230; Jist\u011b ka\u017ed\u00fd poznal legend\u00e1rn\u00ed v\u011btu \u010cesk\u00e9ho velik\u00e1na a vyn\u00e1lezce horsk\u00e9ho kola, J\u00e1ry Cimrmana, kterou odpov\u011bd\u011bl hostinsk\u00e9mu Sirotkovi na jeho ot\u00e1zku, jak se mu l\u00edb\u00ed u nich,\u00a0v pojizersk\u00e9 obci Lipt\u00e1kov\u011b? S trochou nads\u00e1zky bychom mohli Cimrman\u016fv v\u00fdrok parafr\u00e1zovat do podoby: &#8222;Jev\u00ed\u010dko a Val di Sole, m\u00e9 bikov\u00e9 trat\u011b nejmilej\u0161\u00ed&#8230;&#8220;. &hellip; <a href=\"https:\/\/www.moravecteam.cz\/?p=9501\" class=\"more-link\">Pokra\u010dov\u00e1n\u00ed textu <span class=\"screen-reader-text\">Jev\u00ed\u010dko a Val di Sole&#8230;<\/span> <span class=\"meta-nav\">&rarr;<\/span><\/a><\/p>\n","protected":false},"author":3,"featured_media":9508,"comment_status":"open","ping_status":"closed","sticky":false,"template":"","format":"standard","meta":[],"categories":[1],"tags":[],"_links":{"self":[{"href":"https:\/\/www.moravecteam.cz\/index.php?rest_route=\/wp\/v2\/posts\/9501"}],"collection":[{"href":"https:\/\/www.moravecteam.cz\/index.php?rest_route=\/wp\/v2\/posts"}],"about":[{"href":"https:\/\/www.moravecteam.cz\/index.php?rest_route=\/wp\/v2\/types\/post"}],"author":[{"embeddable":true,"href":"https:\/\/www.moravecteam.cz\/index.php?rest_route=\/wp\/v2\/users\/3"}],"replies":[{"embeddable":true,"href":"https:\/\/www.moravecteam.cz\/index.php?rest_route=%2Fwp%2Fv2%2Fcomments&post=9501"}],"version-history":[{"count":13,"href":"https:\/\/www.moravecteam.cz\/index.php?rest_route=\/wp\/v2\/posts\/9501\/revisions"}],"predecessor-version":[{"id":9516,"href":"https:\/\/www.moravecteam.cz\/index.php?rest_route=\/wp\/v2\/posts\/9501\/revisions\/9516"}],"wp:featuredmedia":[{"embeddable":true,"href":"https:\/\/www.moravecteam.cz\/index.php?rest_route=\/wp\/v2\/media\/9508"}],"wp:attachment":[{"href":"https:\/\/www.moravecteam.cz\/index.php?rest_route=%2Fwp%2Fv2%2Fmedia&parent=9501"}],"wp:term":[{"taxonomy":"category","embeddable":true,"href":"https:\/\/www.moravecteam.cz\/index.php?rest_route=%2Fwp%2Fv2%2Fcategories&post=9501"},{"taxonomy":"post_tag","embeddable":true,"href":"https:\/\/www.moravecteam.cz\/index.php?rest_route=%2Fwp%2Fv2%2Ftags&post=9501"}],"curies":[{"name":"wp","href":"https:\/\/api.w.org\/{rel}","templated":true}]}}