{"id":9517,"date":"2017-09-01T23:43:59","date_gmt":"2017-09-01T21:43:59","guid":{"rendered":"http:\/\/www.moravecteam.cz\/?p=9517"},"modified":"2017-09-01T23:52:05","modified_gmt":"2017-09-01T21:52:05","slug":"bramborovy-svorada","status":"publish","type":"post","link":"https:\/\/www.moravecteam.cz\/?p=9517","title":{"rendered":"&#8222;Bramborov\u00fd&#8220; Svorada&#8230;"},"content":{"rendered":"<p style=\"text-align: justify;\"><span style=\"color: #800000;\"><strong>Podle nadpisu t\u00e9to aktuality nen\u00ed t\u0159eba m\u00edt \u017e\u00e1dn\u00e9 obavy, \u017ee by \u010deskoslovensk\u00e1 cyklistick\u00e1 legenda <a href=\"http:\/\/www.svorada.cz\/\">J\u00e1n Svorada<\/a> opustil svoje tradi\u010dn\u00ed aktivity a za\u010dal se v\u011bnovat zem\u011bd\u011blsk\u00fdm \u010dinnostem. Pravdou je opak. V jeho po\u0159adatelsk\u00e9 re\u017eii se na Masarykov\u011b okruhu v Brn\u011b jela letos u\u017e t\u0159et\u00ed &#8222;runda&#8220; silni\u010dn\u00edch cyklistick\u00e9 s\u00e9rie, kter\u00e1 nese pr\u00e1v\u011b jeho jm\u00e9no. A t\u011bmi &#8222;bramborami&#8220; v nadpisu aktuality je nazna\u010deno, jak se minulou st\u0159edu na Masarykov\u011b okruhu da\u0159ilo rajdr\u016fm MORAVEC Teamu&#8230;<\/strong><\/span><\/p>\n<figure id=\"attachment_9526\" aria-describedby=\"caption-attachment-9526\" style=\"width: 1188px\" class=\"wp-caption alignnone\"><a href=\"http:\/\/www.moravecteam.cz\/?attachment_id=9526\" rel=\"attachment wp-att-9526\"><img decoding=\"async\" loading=\"lazy\" class=\" wp-image-9526\" alt=\"P1330812\" src=\"http:\/\/www.moravecteam.cz\/wp-content\/uploads\/2017\/09\/P1330812.jpg\" width=\"1188\" height=\"923\" srcset=\"https:\/\/www.moravecteam.cz\/wp-content\/uploads\/2017\/09\/P1330812.jpg 1188w, https:\/\/www.moravecteam.cz\/wp-content\/uploads\/2017\/09\/P1330812-300x233.jpg 300w, https:\/\/www.moravecteam.cz\/wp-content\/uploads\/2017\/09\/P1330812-1024x795.jpg 1024w\" sizes=\"(max-width: 1188px) 100vw, 1188px\" \/><\/a><figcaption id=\"caption-attachment-9526\" class=\"wp-caption-text\">Honza &#8222;D\u017eony&#8220; \u0160indel\u00e1\u0159 se pohyboval soustavn\u011b v pop\u0159ed\u00ed pelotonu.<\/figcaption><\/figure>\n<p style=\"text-align: justify;\">V Brn\u011b n\u00e1s bylo po\u010dtem stejn\u011b, jako v legend\u00e1rn\u00ed knize Karla Pol\u00e1\u010dka. O prvn\u00ed &#8222;bramboru&#8220; se pro MORAVEC Team zaslou\u017eil v\u011bkem je\u0161t\u011b kadet startuj\u00edc\u00ed ale mezi juniory<span style=\"color: #800000;\"><strong> Honza \u0160indel\u00e1\u0159 ml.<\/strong> <\/span>(z\u00e1vod Velk\u00e9 ceny kola Svorada nen\u00ed vyps\u00e1n pro kadetsk\u00e9 kategorie) a &#8222;D\u017eonyho&#8220; v\u00fdsledek na rozp\u00e1len\u00e9m asfaltu Masaryk Runu ur\u010dit\u011b svoji cenu m\u00e1. Z\u00e1vod vyhr\u00e1l Jakub \u0158\u00edman, na bronzov\u00e9m stup\u00ednku dojel Honza Zatloukal, co\u017e jsou dva \u0161pi\u0161kov\u00fd borci Kol\u00e1rna Teamu, kter\u00e9 m\u00e1me je\u0161t\u011b v dobr\u00e9 pam\u011bti z jejich \u00fa\u010dasti na MTB &#8222;Vrchovin\u011b&#8220; z po\u010d\u00e1tku \u010dervence ve Valchov\u011b. Honza nestartoval v t\u00e9to kategorii v dresu MORAVCE osamocen, na 9. p\u0159\u00ed\u010dce fini\u0161oval jeho t\u00fdmov\u00fd kolega <strong><span style=\"color: #800000;\">Tom\u00e1\u0161 Dou\u0161ek<\/span><\/strong>, kter\u00fd se vr\u00e1til do sedla po nep\u0159\u00edjemn\u00e9m zran\u011bn\u00ed.<\/p>\n<figure id=\"attachment_9523\" aria-describedby=\"caption-attachment-9523\" style=\"width: 671px\" class=\"wp-caption alignnone\"><a href=\"http:\/\/www.moravecteam.cz\/?attachment_id=9523\" rel=\"attachment wp-att-9523\"><img decoding=\"async\" loading=\"lazy\" class=\" wp-image-9523\" alt=\"P1330738\" src=\"http:\/\/www.moravecteam.cz\/wp-content\/uploads\/2017\/09\/P1330738.jpg\" width=\"671\" height=\"700\" srcset=\"https:\/\/www.moravecteam.cz\/wp-content\/uploads\/2017\/09\/P1330738.jpg 671w, https:\/\/www.moravecteam.cz\/wp-content\/uploads\/2017\/09\/P1330738-25x25.jpg 25w, https:\/\/www.moravecteam.cz\/wp-content\/uploads\/2017\/09\/P1330738-287x300.jpg 287w\" sizes=\"(max-width: 671px) 100vw, 671px\" \/><\/a><figcaption id=\"caption-attachment-9523\" class=\"wp-caption-text\">Tom\u00e1\u0161 Dou\u0161ek a Jana Tesa\u0159ov\u00e1 na trati st\u0159ede\u010dn\u00edho silni\u010dn\u00edho z\u00e1vodu na Masarykov\u011b okruhu v Brn\u011b.<\/figcaption><\/figure>\n<p style=\"text-align: justify;\">Druhou &#8222;bramboru&#8220; pro n\u00e1s vybojovala v Brn\u011b v kategorii \u017een v\u011bkem pro zm\u011bnu je\u0161t\u011b juniorka &#8211; <span style=\"color: #800000;\"><strong>Jana &#8222;D\u017eejn&#8220; Tesa\u0159ov\u00e1<\/strong><\/span>. V\u00fdsledkov\u011b se ale \u010dinili i zb\u00fdvaj\u00edc\u00ed dva na\u0161i reprezentanti: <strong><span style=\"color: #800000;\">Franta Pad\u011bra<\/span><\/strong> s <strong><span style=\"color: #800000;\">Honzou \u0160indel\u00e1\u0159em<\/span><\/strong> si to rozdali s po\u010detn\u00fdm polem soupe\u0159\u016f v kategorii prvn\u00edch veter\u00e1n\u016f a jejich um\u00edst\u011bn\u00ed v TOP 30 napov\u00edd\u00e1, \u017ee na\u0161i dva spolehliv\u00ed &#8222;repro\u0161i&#8220; jsou stejn\u011b kvalitn\u00edmi silni\u010d\u00e1\u0159i, jako bikery!<\/p>\n<figure id=\"attachment_9524\" aria-describedby=\"caption-attachment-9524\" style=\"width: 1199px\" class=\"wp-caption alignnone\"><a href=\"http:\/\/www.moravecteam.cz\/?attachment_id=9524\" rel=\"attachment wp-att-9524\"><img decoding=\"async\" loading=\"lazy\" class=\" wp-image-9524\" alt=\"P1330765\" src=\"http:\/\/www.moravecteam.cz\/wp-content\/uploads\/2017\/09\/P1330765.jpg\" width=\"1199\" height=\"1211\" srcset=\"https:\/\/www.moravecteam.cz\/wp-content\/uploads\/2017\/09\/P1330765.jpg 1199w, https:\/\/www.moravecteam.cz\/wp-content\/uploads\/2017\/09\/P1330765-25x25.jpg 25w, https:\/\/www.moravecteam.cz\/wp-content\/uploads\/2017\/09\/P1330765-297x300.jpg 297w, https:\/\/www.moravecteam.cz\/wp-content\/uploads\/2017\/09\/P1330765-1013x1024.jpg 1013w\" sizes=\"(max-width: 1199px) 100vw, 1199px\" \/><\/a><figcaption id=\"caption-attachment-9524\" class=\"wp-caption-text\">Jak ho moc nezn\u00e1me&#8230; I &#8222;silnici&#8220; umi Franta Pad\u011bra v\u00fdte\u010dn\u011b!<\/figcaption><\/figure>\n<p style=\"text-align: justify;\">A je\u0161t\u011b p\u0159ipomenu, \u017ee okruh v Brn\u011b, kter\u00fd je dlouh\u00fd 5 403 metr\u016f, odkrou\u017eili z\u00e1vodn\u00edci celkem 10x a ve st\u0159edu se jelo pon\u011bkud atipicky &#8211; v protism\u011bru, ne\u017e se \u00a0Masaryk Run obvykle jezd\u00ed&#8230; Ka\u017edp\u00e1dn\u011b v\u00edce jak pades\u00e1tiklilometrov\u00e1 silni\u010dn\u00ed &#8222;kl\u00e1da&#8220; byla ur\u010dit\u011b dobrou &#8222;rozcvi\u010dkou&#8220; na p\u0159\u00edpadn\u00e9ho sobotn\u00edho<strong><a href=\"https:\/\/mtbgolem.cz\/\"> Blanensk\u00e9ho Golema<\/a><\/strong>. Uvid\u00edme&#8230; Zde si m\u016f\u017eete odkontrolovat, jak\u00e9 z\u00e1kladn\u00ed parametry vlastn\u011b\u00a0<a href=\"https:\/\/www.automotodrombrno.cz\/cz\/parametry-drahy\">\u00a0<strong>Masaryk\u016fv okruh<\/strong><\/a>\u00a0m\u00e1, mrkn\u011bte taky \u00a0na <strong><a href=\"http:\/\/www.championchip.cz\/results\/2017083020\/VysKat.pdf\">kompletn\u00ed v\u00fdsledky<\/a>\u00a0<\/strong>ze stedy a k Velk\u00e1 cn\u011b Kola Svorada\u00a0zde najdete i\u00a0<strong><a href=\"http:\/\/www.cyklozavody.cz\/propozice\/\">dal\u0161\u00ed podrobnosti<\/a><\/strong>&#8230;<\/p>\n<figure id=\"attachment_9525\" aria-describedby=\"caption-attachment-9525\" style=\"width: 410px\" class=\"wp-caption aligncenter\"><a href=\"http:\/\/www.moravecteam.cz\/?attachment_id=9525\" rel=\"attachment wp-att-9525\"><img decoding=\"async\" loading=\"lazy\" class=\"size-full wp-image-9525 \" alt=\"P1330767\" src=\"http:\/\/www.moravecteam.cz\/wp-content\/uploads\/2017\/09\/P1330767.jpg\" width=\"410\" height=\"461\" srcset=\"https:\/\/www.moravecteam.cz\/wp-content\/uploads\/2017\/09\/P1330767.jpg 410w, https:\/\/www.moravecteam.cz\/wp-content\/uploads\/2017\/09\/P1330767-266x300.jpg 266w\" sizes=\"(max-width: 410px) 100vw, 410px\" \/><\/a><figcaption id=\"caption-attachment-9525\" class=\"wp-caption-text\">Synov\u00e9 maj\u00ed b\u00fdt po kom&#8230; &#8222;D\u017eony&#8220; st. je nejen v\u00fdborn\u00fd biker&#8230;<\/figcaption><\/figure>\n","protected":false},"excerpt":{"rendered":"<p>Podle nadpisu t\u00e9to aktuality nen\u00ed t\u0159eba m\u00edt \u017e\u00e1dn\u00e9 obavy, \u017ee by \u010deskoslovensk\u00e1 cyklistick\u00e1 legenda J\u00e1n Svorada opustil svoje tradi\u010dn\u00ed aktivity a za\u010dal se v\u011bnovat zem\u011bd\u011blsk\u00fdm \u010dinnostem. Pravdou je opak. V jeho po\u0159adatelsk\u00e9 re\u017eii se na Masarykov\u011b okruhu v Brn\u011b jela letos u\u017e t\u0159et\u00ed &#8222;runda&#8220; silni\u010dn\u00edch cyklistick\u00e9 s\u00e9rie, kter\u00e1 nese pr\u00e1v\u011b jeho jm\u00e9no. A t\u011bmi &#8222;bramborami&#8220; &hellip; <a href=\"https:\/\/www.moravecteam.cz\/?p=9517\" class=\"more-link\">Pokra\u010dov\u00e1n\u00ed textu <span class=\"screen-reader-text\">&#8222;Bramborov\u00fd&#8220; Svorada&#8230;<\/span> <span class=\"meta-nav\">&rarr;<\/span><\/a><\/p>\n","protected":false},"author":3,"featured_media":9522,"comment_status":"open","ping_status":"closed","sticky":false,"template":"","format":"standard","meta":[],"categories":[1],"tags":[],"_links":{"self":[{"href":"https:\/\/www.moravecteam.cz\/index.php?rest_route=\/wp\/v2\/posts\/9517"}],"collection":[{"href":"https:\/\/www.moravecteam.cz\/index.php?rest_route=\/wp\/v2\/posts"}],"about":[{"href":"https:\/\/www.moravecteam.cz\/index.php?rest_route=\/wp\/v2\/types\/post"}],"author":[{"embeddable":true,"href":"https:\/\/www.moravecteam.cz\/index.php?rest_route=\/wp\/v2\/users\/3"}],"replies":[{"embeddable":true,"href":"https:\/\/www.moravecteam.cz\/index.php?rest_route=%2Fwp%2Fv2%2Fcomments&post=9517"}],"version-history":[{"count":12,"href":"https:\/\/www.moravecteam.cz\/index.php?rest_route=\/wp\/v2\/posts\/9517\/revisions"}],"predecessor-version":[{"id":9530,"href":"https:\/\/www.moravecteam.cz\/index.php?rest_route=\/wp\/v2\/posts\/9517\/revisions\/9530"}],"wp:featuredmedia":[{"embeddable":true,"href":"https:\/\/www.moravecteam.cz\/index.php?rest_route=\/wp\/v2\/media\/9522"}],"wp:attachment":[{"href":"https:\/\/www.moravecteam.cz\/index.php?rest_route=%2Fwp%2Fv2%2Fmedia&parent=9517"}],"wp:term":[{"taxonomy":"category","embeddable":true,"href":"https:\/\/www.moravecteam.cz\/index.php?rest_route=%2Fwp%2Fv2%2Fcategories&post=9517"},{"taxonomy":"post_tag","embeddable":true,"href":"https:\/\/www.moravecteam.cz\/index.php?rest_route=%2Fwp%2Fv2%2Ftags&post=9517"}],"curies":[{"name":"wp","href":"https:\/\/api.w.org\/{rel}","templated":true}]}}