{"id":9535,"date":"2017-09-03T01:20:02","date_gmt":"2017-09-02T23:20:02","guid":{"rendered":"http:\/\/www.moravecteam.cz\/?p=9535"},"modified":"2017-09-04T00:14:21","modified_gmt":"2017-09-03T22:14:21","slug":"dalsi-dva-golemy","status":"publish","type":"post","link":"https:\/\/www.moravecteam.cz\/?p=9535","title":{"rendered":"Dal\u0161\u00ed dva Golemy&#8230;"},"content":{"rendered":"<p style=\"text-align: justify;\"><strong><span style=\"color: #800000;\">&#8230;m\u00e1 po sobot\u011b MORAVEC Team v pomysln\u00e9 vitr\u00fdnce odd\u00edlov\u00fdch trofej\u00ed! Asi bychom jich u\u017e za l\u00e9ta trv\u00e1n\u00ed tohoto presti\u017en\u00edho MTB maratonu, kter\u00fd startem a c\u00edlem host\u00ed ji\u017e tradi\u010dn\u011b na\u0161e provin\u010dn\u00ed metropole Blansko, napo\u010d\u00edtali des\u00edtky: od t\u011bch nejv\u011bt\u0161\u00edch a\u017e po ty nejmen\u0161\u00ed. Na sklonku bikov\u00e9 sez\u00f3ny je Blanensk\u00fd Golem v\u017edy dobrou prubou stavu kandi\u010dn\u00ed p\u0159ipravenosti na\u0161ich rajdr\u016f a\u0165 u\u017e p\u0159ed z\u00e1v\u011bre\u010dn\u00fdmi z\u00e1vody (tak\u00e9) presti\u017en\u00ed MTB &#8222;Vrchoviny&#8220; nebo p\u0159ed startem do m\u00edlov\u00fdmi kroky se bl\u00ed\u017e\u00edc\u00ed cyklokrosov\u00e9 sez\u00f3ny.<\/span><\/strong><\/p>\n<figure id=\"attachment_9545\" aria-describedby=\"caption-attachment-9545\" style=\"width: 2000px\" class=\"wp-caption alignnone\"><a href=\"http:\/\/www.moravecteam.cz\/?attachment_id=9545\" rel=\"attachment wp-att-9545\"><img decoding=\"async\" loading=\"lazy\" class=\" wp-image-9545  \" alt=\"P1330965\" src=\"http:\/\/www.moravecteam.cz\/wp-content\/uploads\/2017\/09\/P1330965.jpg\" width=\"2000\" height=\"1336\" srcset=\"https:\/\/www.moravecteam.cz\/wp-content\/uploads\/2017\/09\/P1330965.jpg 2000w, https:\/\/www.moravecteam.cz\/wp-content\/uploads\/2017\/09\/P1330965-300x200.jpg 300w, https:\/\/www.moravecteam.cz\/wp-content\/uploads\/2017\/09\/P1330965-1024x684.jpg 1024w\" sizes=\"(max-width: 2000px) 100vw, 2000px\" \/><\/a><figcaption id=\"caption-attachment-9545\" class=\"wp-caption-text\">U\u017e po l\u00e9ta na Golemu neodch\u00e1z\u00edme v kategorii junior\u016f \/ kadet\u016f s pr\u00e1zdnou. Ani letos tomu nebylo diky &#8222;D\u017eonymu&#8220; jinak!<\/figcaption><\/figure>\n<p style=\"text-align: justify;\">P\u00e1te\u010dn\u00ed de\u0161tiv\u00e9 po\u010das\u00ed ur\u010dit\u011b \u00a0trat\u011b v okol\u00ed Blanska poznamenalo, na\u0161t\u011bst\u00ed ale d\u00e9\u0161\u0165 v\u010das ustal, tak\u017ee situace nebyla ur\u010dit\u011b tak kritick\u00e1, jako p\u0159i jednom z prvn\u00edch ro\u010dn\u00edk\u016f z\u00e1vodu v r.2003, kter\u00fd kompletn\u011b cel\u00fd propr\u0161el&#8230; V dresu MORAVEC Teamu jsem napo\u010d\u00edtal rovn\u00fd tucet rajdr\u016f, p\u0159i\u010dem\u017e z toho des\u00edtkajich jich jela &#8222;malou&#8220; tra\u0165 a dva state\u010dn\u00ed &#8222;velkou&#8220;, kter\u00e1 i letos \u010d\u00edtala \u00factyhodn\u00fdch 61 km&#8230; Sou\u010d\u00e1st\u00ed MTB maratonu byly i doprovodn\u00e9 z\u00e1vody d\u011bt\u00ed. Ty se n\u00e1s ale net\u00fdkaly, proto\u017ee &#8222;mlad\u00e9 pu\u0161ky&#8220; MORAVEC Teamu za\u017e\u00edvaly o posledn\u00edm pr\u00e1zdninov\u00e9m v\u00edkendu soust\u0159ed\u011bn\u00ed v Nov\u00e9m M\u011bst\u011b na Morav\u011b.<\/p>\n<figure id=\"attachment_9544\" aria-describedby=\"caption-attachment-9544\" style=\"width: 847px\" class=\"wp-caption alignnone\"><a href=\"http:\/\/www.moravecteam.cz\/?attachment_id=9544\" rel=\"attachment wp-att-9544\"><img decoding=\"async\" loading=\"lazy\" class=\" wp-image-9544\" alt=\"P1330962\" src=\"http:\/\/www.moravecteam.cz\/wp-content\/uploads\/2017\/09\/P1330962.jpg\" width=\"847\" height=\"834\" srcset=\"https:\/\/www.moravecteam.cz\/wp-content\/uploads\/2017\/09\/P1330962.jpg 847w, https:\/\/www.moravecteam.cz\/wp-content\/uploads\/2017\/09\/P1330962-25x25.jpg 25w, https:\/\/www.moravecteam.cz\/wp-content\/uploads\/2017\/09\/P1330962-300x295.jpg 300w\" sizes=\"(max-width: 847px) 100vw, 847px\" \/><\/a><figcaption id=\"caption-attachment-9544\" class=\"wp-caption-text\">Jana &#8222;D\u017eejn&#8220; Tesa\u0159ov\u00e1 &#8211; nejrychlej\u0161\u00ed \u017eena \/ d\u00edvka na &#8222;mal\u00e9&#8220; trati v r\u00e1mci BG 2017!<\/figcaption><\/figure>\n<p style=\"text-align: justify;\">Cenn\u00e9 so\u0161ky vybojovali na &#8222;mal\u00e9&#8220; trati na\u0161i zku\u0161en\u00ed reprezentanti &#8211; <strong><span style=\"color: #800000;\">Honza &#8222;D\u017eony&#8220; \u0160indel\u00e1\u0159<\/span><\/strong> a <strong><span style=\"color: #800000;\">Jana &#8222;D\u017eejn&#8220; Tesa\u0159ov\u00e1<\/span><\/strong>. Zat\u00edm co &#8222;D\u017eony&#8220; se musel popasovat s v kategorii chlapc\u016f 15-18 let s docla po\u010detnou konkurenc\u00ed, &#8222;D\u017eejn&#8220; m\u011bla ve stejn\u00e9 kategorii d\u00edvek situaci o hodn\u011b jednodu\u0161\u0161\u00ed&#8230; Kadet\u016f \/ junior\u016f vyrazilo na tra\u0165 rovn\u00e9 dv\u011b des\u00edtky a mezi nimi &#8222;qartet&#8220; na\u0161ich &#8222;snajpr\u016f&#8220;. &#8222;D\u017eony&#8220; \u0160indel\u00e1\u0159 jel v\u00fdborn\u011b, d\u00edky rovnom\u011brn\u00e9mu tempu a dob\u0159e rozvr\u017een\u00fdm sil\u00e1m se dr\u017eel neust\u00e1le v pop\u0159ed\u00ed a v c\u00edli z toho byl cenn\u00fd bronz! Od st\u0159\u00edbra ho d\u011blily \u010dty\u0159i vte\u0159inky a na v\u00edt\u011bzn\u00e9ho <span style=\"color: #000000;\">Tom\u00e1\u0161e Tlamku &#8222;Contadora&#8220;<\/span> (Nutrend Specialized Racing) ztratil necel\u00fdch 40 vte\u0159in! Dobr\u00e1 pr\u00e1ce, blahop\u0159ejeme!<\/p>\n<figure id=\"attachment_9541\" aria-describedby=\"caption-attachment-9541\" style=\"width: 1071px\" class=\"wp-caption alignnone\"><a href=\"http:\/\/www.moravecteam.cz\/?attachment_id=9541\" rel=\"attachment wp-att-9541\"><img decoding=\"async\" loading=\"lazy\" class=\" wp-image-9541\" alt=\"P1330905\" src=\"http:\/\/www.moravecteam.cz\/wp-content\/uploads\/2017\/09\/P1330905.jpg\" width=\"1071\" height=\"997\" srcset=\"https:\/\/www.moravecteam.cz\/wp-content\/uploads\/2017\/09\/P1330905.jpg 1071w, https:\/\/www.moravecteam.cz\/wp-content\/uploads\/2017\/09\/P1330905-300x279.jpg 300w, https:\/\/www.moravecteam.cz\/wp-content\/uploads\/2017\/09\/P1330905-1024x953.jpg 1024w\" sizes=\"(max-width: 1071px) 100vw, 1071px\" \/><\/a><figcaption id=\"caption-attachment-9541\" class=\"wp-caption-text\">&#8222;D\u017eonymu&#8220; chyb\u00ed do c\u00edle asi 1 km&#8230; Jede si v kategorii pro cenn\u00fd bronz!<\/figcaption><\/figure>\n<p style=\"text-align: justify;\">Ve velmi dobr\u00e9m sv\u011btle se p\u0159edvedli ale i t\u0159i dal\u0161\u00ed na\u0161i: p\u00e1t\u00e9 m\u00edsto bral v c\u00edli <strong><span style=\"color: #800000;\">Petr \u0160ich<\/span><\/strong> a o pozici za n\u00edm spurtoval c\u00edlem <strong><span style=\"color: #800000;\">Karel Vinick\u00fd<\/span><\/strong>. \u00dasp\u011b\u0161n\u00e9 vystoupen\u00ed na\u0161ich v t\u00e9to kategorii pak podtrhl 12. m\u00edstem v c\u00edli <strong><span style=\"color: #800000;\">Jakub Tesa\u0159<\/span><\/strong>. Kubova star\u0161\u00ed sestra, letos tolik \u00fasp\u011b\u0161n\u00e1 Jana &#8222;D\u017eejn&#8220; Tesa\u0159ov\u00e1 startovala ve sv\u00e9 kategorii osamocena, nicm\u00e9n\u011b jej\u00ed 54. m\u00edsto absolutn\u011b (startovalo 183 rajdr\u016f) ukazuje na kvalitu jej\u00edho v\u00fdkonu, p\u0159i\u010dem\u017e nemus\u00edm p\u0159ipom\u00ednat, \u017ee z \u017een \/ d\u00edvek byla Jana na &#8222;t\u0159ic\u00edtce&#8220; jasn\u011b nejlep\u0161\u00ed. I &#8222;D\u017eejn&#8220; k ur\u010dit\u011b zaslou\u017een\u00e9mu zlatu blahop\u0159ejeme!<\/p>\n<figure id=\"attachment_9543\" aria-describedby=\"caption-attachment-9543\" style=\"width: 641px\" class=\"wp-caption alignnone\"><a href=\"http:\/\/www.moravecteam.cz\/?attachment_id=9543\" rel=\"attachment wp-att-9543\"><img decoding=\"async\" loading=\"lazy\" class=\" wp-image-9543\" alt=\"P1330922\" src=\"http:\/\/www.moravecteam.cz\/wp-content\/uploads\/2017\/09\/P1330922.jpg\" width=\"641\" height=\"661\" srcset=\"https:\/\/www.moravecteam.cz\/wp-content\/uploads\/2017\/09\/P1330922.jpg 641w, https:\/\/www.moravecteam.cz\/wp-content\/uploads\/2017\/09\/P1330922-25x25.jpg 25w, https:\/\/www.moravecteam.cz\/wp-content\/uploads\/2017\/09\/P1330922-290x300.jpg 290w\" sizes=\"(max-width: 641px) 100vw, 641px\" \/><\/a><figcaption id=\"caption-attachment-9543\" class=\"wp-caption-text\">Jana &#8222;D\u017eejn&#8220; Tesa\u0159ov\u00e1 m\u00e1 p\u0159ed sebou u\u017e jen p\u00e1r stovek posledn\u00edch metr\u016f&#8230;<\/figcaption><\/figure>\n<p style=\"text-align: justify;\">Ve startu mu\u017e\u016f &#8222;Hobby&#8220; na &#8222;mal\u00e9&#8220; trati byl po \u010dase k vid\u011bn\u00ed skv\u011bl\u00fd biker minul\u00fdch let, <strong><span style=\"color: #800000;\">Radim Kov\u00e1\u0159<\/span><\/strong> (t\u00fdmovou p\u0159\u00edslu\u0161nost sice do startovn\u00ed listiny &#8211; nev\u00edm pro\u010d &#8211; neuvedl, nicm\u00e9n\u011b p\u0159edpokl\u00e1d\u00e1m, \u017ee z\u00e1vodil za MORAVEC Team). Z m\u00e9ho pohledu to nebyl come-back v\u016fbec \u0161patn\u00fd: um\u00edst\u011bn\u00ed v TOP 10 (p\u0159esn\u011b 8. m\u00edsto) je ur\u010dit\u011b p\u0159\u00edslibem do budoucna, t\u00edm v\u00edce, kdy\u017e R\u00e1\u010fu &#8211; jak se mi v p\u0159\u00edprav\u011b na Golema sv\u011b\u0159il &#8211; horsk\u00e9 kolo za\u010dalo zase bavit! Uvid\u00edme, dnes \u010dta\u0159iadvacetilet\u00e9ho mlad\u00e9ho mu\u017ee budeme p\u0159i jeho p\u0159\u00edpadn\u00e9m n\u00e1vratu do sv\u011bta velk\u00e9ho bikingu bedliv\u011b sledovat&#8230; A v r\u00e1mci mo\u017enost\u00ed jsme samoz\u0159ejm\u011b p\u0159ipraveni &#8211; mu pomoci&#8230; O pozici p\u0159ed Radimem figuruje ve v\u00fdsledc\u00edch dal\u0161\u00ed n\u00e1\u0161 b\u00fdval\u00fd v\u00fdte\u010dn\u00fd rajdr &#8211;<strong><span style=\"color: #800000;\">Petr \u0160vancara<\/span><\/strong>. Ten si na Golemu sv\u016fj velk\u00fd come-back pro\u017eil u\u017e loni a spr\u00e1vnou t\u00fdmovou p\u0159\u00edslu\u0161nost samoz\u0159ejm\u011b p\u0159i p\u0159ihla\u0161ov\u00e1n\u00ed se do z\u00e1vodu uv\u00e9st neopom\u011bl&#8230;<\/p>\n<figure id=\"attachment_9542\" aria-describedby=\"caption-attachment-9542\" style=\"width: 1416px\" class=\"wp-caption alignnone\"><a href=\"http:\/\/www.moravecteam.cz\/?attachment_id=9542\" rel=\"attachment wp-att-9542\"><img decoding=\"async\" loading=\"lazy\" class=\" wp-image-9542\" alt=\"P1330917\" src=\"http:\/\/www.moravecteam.cz\/wp-content\/uploads\/2017\/09\/P1330917.jpg\" width=\"1416\" height=\"1336\" srcset=\"https:\/\/www.moravecteam.cz\/wp-content\/uploads\/2017\/09\/P1330917.jpg 1416w, https:\/\/www.moravecteam.cz\/wp-content\/uploads\/2017\/09\/P1330917-25x25.jpg 25w, https:\/\/www.moravecteam.cz\/wp-content\/uploads\/2017\/09\/P1330917-300x283.jpg 300w, https:\/\/www.moravecteam.cz\/wp-content\/uploads\/2017\/09\/P1330917-1024x966.jpg 1024w\" sizes=\"(max-width: 1416px) 100vw, 1416px\" \/><\/a><figcaption id=\"caption-attachment-9542\" class=\"wp-caption-text\">V\u011bru vysokou v\u00fdkonnost si udr\u017euje jeden z borc\u016f prvn\u00ed \u00fasp\u011b\u0161n\u00e9 vlny MORAVEC Teamu v minul\u00e9m desetilet\u00ed &#8211; Petr \u0160vancara!<\/figcaption><\/figure>\n<p style=\"text-align: justify;\">Zb\u00fdvaj\u00edc\u00ed t\u0159i \u00a0z v\u00fd\u0161e uveden\u00fdch deseti na\u0161ich reprezentant\u016f jsme monitorovali na startu veter\u00e1nsk\u00fdch kategori\u00ed. V Masters II potvrdil vysokou v\u00fdkonnost &#8222;velk\u00fd&#8220; <strong><span style=\"color: #800000;\">Honza \u0160indel\u00e1\u0159<\/span><\/strong> (5. m\u00edsto), jako\u017e i <strong><span style=\"color: #800000;\">Franta Pad\u011bra<\/span><\/strong> (6. m\u00edsto). Borc\u016f startovalo v t\u00e9to kategorii bez m\u00e1la 50, tak\u017ee supr v\u00fdsledek na\u0161eho dua! V kategorii Masters III n\u00e1s v\u00fdborn\u011b reprezentoval i <strong><span style=\"color: #800000;\">Jirka \u0160t\u011bpan\u00edk st<\/span><\/strong>., pro kter\u00e9ho je Golem asi tak\u0159ka &#8222;srde\u010dn\u00ed&#8220; z\u00e1le\u017eitost\u00ed, a kter\u00fd ho zkr\u00e1tka um\u00ed jezdit. P\u00e1t\u00e9 m\u00edsto v c\u00edli je toho jasn\u00fdm d\u016fkazem&#8230;<\/p>\n<figure id=\"attachment_9547\" aria-describedby=\"caption-attachment-9547\" style=\"width: 679px\" class=\"wp-caption alignnone\"><a href=\"http:\/\/www.moravecteam.cz\/?attachment_id=9547\" rel=\"attachment wp-att-9547\"><img decoding=\"async\" loading=\"lazy\" class=\" wp-image-9547\" alt=\"P1110755\" src=\"http:\/\/www.moravecteam.cz\/wp-content\/uploads\/2017\/09\/P1110755.jpg\" width=\"679\" height=\"676\" srcset=\"https:\/\/www.moravecteam.cz\/wp-content\/uploads\/2017\/09\/P1110755.jpg 679w, https:\/\/www.moravecteam.cz\/wp-content\/uploads\/2017\/09\/P1110755-25x25.jpg 25w, https:\/\/www.moravecteam.cz\/wp-content\/uploads\/2017\/09\/P1110755-300x298.jpg 300w\" sizes=\"(max-width: 679px) 100vw, 679px\" \/><\/a><figcaption id=\"caption-attachment-9547\" class=\"wp-caption-text\">Petr \u0160ich potvrdil aktu\u00e1ln\u00ed formu i v Blansku. P\u00e1t\u00fdm m\u00edstem nav\u00e1zal na medailov\u00fd \u00fasp\u011bch z p\u0159ed t\u00fddne v Jev\u00ed\u010dku.<\/figcaption><\/figure>\n<p style=\"text-align: justify;\">&#8222;Velkou&#8220; tra\u0165 vyzval krom\u011b dal\u0161\u00edho na\u0161eho veter\u00e1na <strong><span style=\"color: #800000;\">Martina Gottwalda<\/span><\/strong> i <strong><span style=\"color: #800000;\">Jirka \u0160t\u011bpan\u00edk ml.<\/span> <\/strong>I oba tito na\u0161i state\u010dn\u00ed zajeli maxium a \u00a0odm\u011bnou jim byl v jejich kategori\u00edch v\u00fdsledek v TOP 10: Jirka &#8211; 8. m\u00edsto (absolutn\u011b 47. m\u00edsto) , Martin 6. m\u00edsto (absolutn\u011b 19. m\u00edsto). Ur\u010dit\u011b se slu\u0161\u00ed doplnit, \u017ee nejv\u011bt\u0161\u00edho Golema si z Blanska odv\u00e1\u017e\u00ed absolutn\u00ed v\u00edt\u011bz Ond\u0159ej Fojt\u00edk (Force Zl\u00edn &#8211; vyhr\u00e1l letos v \u010dervenci MTB &#8222;Vrchovinu&#8220; ve Valchov\u011b), kter\u00fd \u010dasem 2:05:23,5 vylep\u0161il dosavadn\u00ed tra\u0165ov\u00fd rekord&#8230;<\/p>\n<figure id=\"attachment_9546\" aria-describedby=\"caption-attachment-9546\" style=\"width: 813px\" class=\"wp-caption alignnone\"><a href=\"http:\/\/www.moravecteam.cz\/?attachment_id=9546\" rel=\"attachment wp-att-9546\"><img decoding=\"async\" loading=\"lazy\" class=\" wp-image-9546\" alt=\"P1110736\" src=\"http:\/\/www.moravecteam.cz\/wp-content\/uploads\/2017\/09\/P1110736.jpg\" width=\"813\" height=\"788\" srcset=\"https:\/\/www.moravecteam.cz\/wp-content\/uploads\/2017\/09\/P1110736.jpg 813w, https:\/\/www.moravecteam.cz\/wp-content\/uploads\/2017\/09\/P1110736-25x25.jpg 25w, https:\/\/www.moravecteam.cz\/wp-content\/uploads\/2017\/09\/P1110736-300x290.jpg 300w\" sizes=\"(max-width: 813px) 100vw, 813px\" \/><\/a><figcaption id=\"caption-attachment-9546\" class=\"wp-caption-text\">I Karel Vinick\u00fd zajel Golema v\u00fdborn\u011b. Byl jedn\u00edm ze t\u0159\u00ed MORAVC\u016e v prvn\u00ed \u0161stce z\u00e1vodu junior\u016f \/ kadet\u016f na &#8222;mal\u00e9&#8220; trati.<\/figcaption><\/figure>\n<p style=\"text-align: justify;\">A je\u0161t\u011b se vr\u00e1t\u00edm tam kde jsem za\u010dal &#8211; ke kategorii kadet\u016f \/ junior\u016f. Jak u\u017e je v\u00fd\u0161e zm\u00edn\u011bno, vyhr\u00e1l ji n\u00e1\u0161 odchovanec <strong><span style=\"color: #800000;\">Tom\u00e1\u0161 Tlamka &#8222;Contador&#8220;<\/span><\/strong>, kter\u00fd po p\u0159ekon\u00e1n\u00ed zdravotn\u00edch trabl\u016f pokra\u010duje letos nad\u00e1le na v\u00edt\u011bzn\u00e9 vln\u011b: po dvou vyhran\u00fdch MTB &#8222;Vrchovin\u00e1ch&#8220; (Bene\u0161ov, Bukov\u00e1) slavil v\u00edt\u011bzstv\u00ed i ve druh\u00e9m MTB maratonu (poprv\u00e9 to bylo na Nova Cupu v Harrachov\u011b). Zd\u00e1 se tedy, \u017ee p\u0159ed z\u00e1v\u011brem MTB &#8222;Vrchoviny&#8220; a p\u0159ed cyklokrosovou \u00a0sez\u00f3nou se t\u011b\u0161\u00ed &#8222;Contador&#8220; z pozoruhodn\u00e9 formy! \u017de &#8222;Con\u0165as&#8220; jel v Blansku s\u00e1m, bez sv\u00e9 t\u00fdmov\u00e9 kolegyn\u011b Ad\u00e9ly \u0160af\u00e1\u0159ov\u00e9, je &#8222;nab\u00edledni&#8220;&#8230; Adys u\u017e &#8222;zbalila kufry&#8220; a vyrazila na bikov\u00e9 Mistrovstv\u00ed sv\u011bta, kter\u00e9 v p\u0159\u00ed\u0161t\u00edm t\u00fddnu pohost\u00ed Austr\u00e1lie&#8230; Budeme ve st\u0159ehu a dr\u017eet palce! Zde mrkn\u011bte na <strong><a href=\"http:\/\/www.championchip.cz\/akce\/2017090220\">v\u00fdsledkov\u00fd servis<\/a><\/strong> z Blanensk\u00e9ho Golema 2017 a je u\u017e k vid\u011bn\u00ed <strong><a href=\"http:\/\/moravecteam.rajce.idnes.cz\/2017.09.02_MTB_maraton_Blanensky_Golem\/\">bohat\u00e1 fotogalerie<\/a><\/strong> (d\u00edky Karle!). A nezapomenu samoz\u0159ejm\u011b ani dnes pod\u011bkovat v\u0161em za vzorn\u00e9 repre odd\u00edlu, d\u00edky t\u00e9\u017e rodinn\u00fdm podp\u016frn\u00fdm t\u00fdm\u016fm!<\/p>\n<figure id=\"attachment_9540\" aria-describedby=\"caption-attachment-9540\" style=\"width: 1118px\" class=\"wp-caption alignnone\"><a href=\"http:\/\/www.moravecteam.cz\/?attachment_id=9540\" rel=\"attachment wp-att-9540\"><img decoding=\"async\" loading=\"lazy\" class=\" wp-image-9540\" alt=\"P1330903\" src=\"http:\/\/www.moravecteam.cz\/wp-content\/uploads\/2017\/09\/P1330903.jpg\" width=\"1118\" height=\"1121\" srcset=\"https:\/\/www.moravecteam.cz\/wp-content\/uploads\/2017\/09\/P1330903.jpg 1118w, https:\/\/www.moravecteam.cz\/wp-content\/uploads\/2017\/09\/P1330903-25x25.jpg 25w, https:\/\/www.moravecteam.cz\/wp-content\/uploads\/2017\/09\/P1330903-300x300.jpg 300w, https:\/\/www.moravecteam.cz\/wp-content\/uploads\/2017\/09\/P1330903-1021x1024.jpg 1021w\" sizes=\"(max-width: 1118px) 100vw, 1118px\" \/><\/a><figcaption id=\"caption-attachment-9540\" class=\"wp-caption-text\">Ano, sportem se m\u00e1 mlad\u00fd biker p\u0159edev\u0161\u00edm bavit! Z fotky je patrn\u00e9, \u017ee posledn\u00ed kilometr p\u0159ed c\u00edlem si Tom\u00e1\u0161 Tlamka &#8222;Contador&#8220; v pravd\u011b u\u017e\u00edval!<\/figcaption><\/figure>\n","protected":false},"excerpt":{"rendered":"<p>&#8230;m\u00e1 po sobot\u011b MORAVEC Team v pomysln\u00e9 vitr\u00fdnce odd\u00edlov\u00fdch trofej\u00ed! Asi bychom jich u\u017e za l\u00e9ta trv\u00e1n\u00ed tohoto presti\u017en\u00edho MTB maratonu, kter\u00fd startem a c\u00edlem host\u00ed ji\u017e tradi\u010dn\u011b na\u0161e provin\u010dn\u00ed metropole Blansko, napo\u010d\u00edtali des\u00edtky: od t\u011bch nejv\u011bt\u0161\u00edch a\u017e po ty nejmen\u0161\u00ed. Na sklonku bikov\u00e9 sez\u00f3ny je Blanensk\u00fd Golem v\u017edy dobrou prubou stavu kandi\u010dn\u00ed p\u0159ipravenosti na\u0161ich &hellip; <a href=\"https:\/\/www.moravecteam.cz\/?p=9535\" class=\"more-link\">Pokra\u010dov\u00e1n\u00ed textu <span class=\"screen-reader-text\">Dal\u0161\u00ed dva Golemy&#8230;<\/span> <span class=\"meta-nav\">&rarr;<\/span><\/a><\/p>\n","protected":false},"author":3,"featured_media":9539,"comment_status":"open","ping_status":"closed","sticky":false,"template":"","format":"standard","meta":[],"categories":[1],"tags":[],"_links":{"self":[{"href":"https:\/\/www.moravecteam.cz\/index.php?rest_route=\/wp\/v2\/posts\/9535"}],"collection":[{"href":"https:\/\/www.moravecteam.cz\/index.php?rest_route=\/wp\/v2\/posts"}],"about":[{"href":"https:\/\/www.moravecteam.cz\/index.php?rest_route=\/wp\/v2\/types\/post"}],"author":[{"embeddable":true,"href":"https:\/\/www.moravecteam.cz\/index.php?rest_route=\/wp\/v2\/users\/3"}],"replies":[{"embeddable":true,"href":"https:\/\/www.moravecteam.cz\/index.php?rest_route=%2Fwp%2Fv2%2Fcomments&post=9535"}],"version-history":[{"count":8,"href":"https:\/\/www.moravecteam.cz\/index.php?rest_route=\/wp\/v2\/posts\/9535\/revisions"}],"predecessor-version":[{"id":9576,"href":"https:\/\/www.moravecteam.cz\/index.php?rest_route=\/wp\/v2\/posts\/9535\/revisions\/9576"}],"wp:featuredmedia":[{"embeddable":true,"href":"https:\/\/www.moravecteam.cz\/index.php?rest_route=\/wp\/v2\/media\/9539"}],"wp:attachment":[{"href":"https:\/\/www.moravecteam.cz\/index.php?rest_route=%2Fwp%2Fv2%2Fmedia&parent=9535"}],"wp:term":[{"taxonomy":"category","embeddable":true,"href":"https:\/\/www.moravecteam.cz\/index.php?rest_route=%2Fwp%2Fv2%2Fcategories&post=9535"},{"taxonomy":"post_tag","embeddable":true,"href":"https:\/\/www.moravecteam.cz\/index.php?rest_route=%2Fwp%2Fv2%2Ftags&post=9535"}],"curies":[{"name":"wp","href":"https:\/\/api.w.org\/{rel}","templated":true}]}}