{"id":955,"date":"2015-06-29T14:46:26","date_gmt":"2015-06-29T12:46:26","guid":{"rendered":"http:\/\/www.moravecteam.cz\/?p=955"},"modified":"2015-06-29T14:56:04","modified_gmt":"2015-06-29T12:56:04","slug":"medaile-z-duatlonu","status":"publish","type":"post","link":"https:\/\/www.moravecteam.cz\/?p=955","title":{"rendered":"Medaile z duatlonu!"},"content":{"rendered":"<p style=\"text-align: justify;\"><span style=\"color: #800000;\"><strong><span style=\"color: #2b2b2b;\">H<\/span><\/strong><strong>istoricky prvn\u00ed d\u011btsk\u00fd duatlon pro \u017e\u00e1ky 1. &#8211; 5. t\u0159\u00edd Z\u0160 se konal\u00a0v sobotu 27. \u010dervna 2015 v boskovick\u00e9m sportovn\u00edm are\u00e1lu \u010cerven\u00e1 zahrada a premi\u00e9rov\u00fd z\u00e1vod se neobe\u0161el bez \u00fa\u010dasti \u010dlen\u016f MORAVCE, resp. z\u00e1vod se neobe\u0161el bez medailov\u00e9 \u00fa\u010dasti \u010dlen\u016f MORAVCE!<\/strong><\/span><\/p>\n<figure id=\"attachment_961\" aria-describedby=\"caption-attachment-961\" style=\"width: 1826px\" class=\"wp-caption alignnone\"><a href=\"http:\/\/www.moravecteam.cz\/?attachment_id=961\" rel=\"attachment wp-att-961\"><img decoding=\"async\" loading=\"lazy\" class=\" wp-image-961\" alt=\"KONICA MINOLTA DIGITAL CAMERA\" src=\"http:\/\/www.moravecteam.cz\/wp-content\/uploads\/2015\/06\/051.jpg\" width=\"1826\" height=\"1187\" srcset=\"https:\/\/www.moravecteam.cz\/wp-content\/uploads\/2015\/06\/051.jpg 1826w, https:\/\/www.moravecteam.cz\/wp-content\/uploads\/2015\/06\/051-300x195.jpg 300w, https:\/\/www.moravecteam.cz\/wp-content\/uploads\/2015\/06\/051-1024x665.jpg 1024w\" sizes=\"(max-width: 1826px) 100vw, 1826px\" \/><\/a><figcaption id=\"caption-attachment-961\" class=\"wp-caption-text\">Ani\u010dka Ry\u0161av\u00e1 s Dorotkou Smutnou potvrdili na duatlonu v Boskovic\u00edch svoji cyklisticko \/ atletickou univerz\u00e1lnost!<\/figcaption><\/figure>\n<p style=\"text-align: justify;\">Z\u00e1vod, sest\u00e1vaj\u00edc\u00ed se z cyklistick\u00e9 \u010d\u00e1sti, kdy na\u00a0mlad\u00e9 borkyn\u011b a mlad\u00e9 bore\u010dky \u010dekala tra\u0165 o ne zanedbateln\u00e9 distanci 680 m, aby n\u00e1sledn\u011b sesko\u010dili z kol a vydali se\u00a0b\u011b\u017eecky zdolat op\u011bt ne zrovna kr\u00e1tkou vzd\u00e1lenost, kter\u00e1 \u010d\u00edtala 380 m. By\u0165 na\u0161e \u0161ikovn\u00e1 d\u011bv\u010data <strong><span style=\"color: #800000;\">Ani\u010dka Ry\u0161av\u00e1<\/span> <\/strong>z Boskovic a <strong><span style=\"color: #800000;\">Dorotka Smutn\u00e1<\/span> <\/strong>z Lisic m\u011bli u\u017e ten den v noh\u00e1ch t\u011b\u017ek\u00fd z\u00e1vod horsk\u00fdch kol v r\u00e1mci Poh\u00e1ru Drahansk\u00e9 vrchoviny ve \u017d\u010f\u00e1rn\u00e9, p\u0159esto se dok\u00e1zali v\u010das p\u0159esunout na boskovskou &#8222;\u010cervenku&#8220;, z\u00e1vodu se z\u00fa\u010dastnit a vybojovat\u00a0v kategorii d\u00edvek zlatou (Ani\u010dka\u00a0Ry\u0161av\u00e1) resp. bronzovou (Dorotka Smutn\u00e1) medaili! Bravo d\u011bv\u010data! Blahop\u0159ejeme a d\u00edky za vzorn\u00e9 repre odd\u00edlu! D\u00edk t\u00e9\u017e\u00a0m\u00ed\u0159\u00ed k podp\u016frn\u00e9mu t\u00fdmu, kter\u00fd\u00a0umo\u017enil oba n\u00e1ro\u010dn\u00e9 podniky d\u011bv\u010dat\u016fm zvl\u00e1dnout. V\u0161e o tom, co se na \u010cervence d\u011blo, je\u00a0v souhrnu v\u010detn\u011b v\u00fdsledkov\u00e9ho servisu\u00a0zde: <strong><a href=\"http:\/\/detskyduatlon.sportujsnami.cz\/aktuality\/aktuality-2015\/vysledky-1.-detskeho-duatlonu.html\">http:\/\/detskyduatlon.sportujsnami.cz\/aktuality\/aktuality-2015\/vysledky-1.-detskeho-duatlonu.html<\/a><\/strong><\/p>\n<p style=\"text-align: justify;\">N\u011bkolik fotek z akce najdete jdete pro zm\u011bnu zase tu\u0165: <strong><a href=\"http:\/\/moravecteam.rajce.idnes.cz\/2015.06.27._Detsky_duatlon_Boskovice\/\">http:\/\/moravecteam.rajce.idnes.cz\/2015.06.27._Detsky_duatlon_Boskovice\/<\/a><\/strong><\/p>\n<p style=\"text-align: justify;\">\n","protected":false},"excerpt":{"rendered":"<p>Historicky prvn\u00ed d\u011btsk\u00fd duatlon pro \u017e\u00e1ky 1. &#8211; 5. t\u0159\u00edd Z\u0160 se konal\u00a0v sobotu 27. \u010dervna 2015 v boskovick\u00e9m sportovn\u00edm are\u00e1lu \u010cerven\u00e1 zahrada a premi\u00e9rov\u00fd z\u00e1vod se neobe\u0161el bez \u00fa\u010dasti \u010dlen\u016f MORAVCE, resp. z\u00e1vod se neobe\u0161el bez medailov\u00e9 \u00fa\u010dasti \u010dlen\u016f MORAVCE! Z\u00e1vod, sest\u00e1vaj\u00edc\u00ed se z cyklistick\u00e9 \u010d\u00e1sti, kdy na\u00a0mlad\u00e9 borkyn\u011b a mlad\u00e9 bore\u010dky \u010dekala tra\u0165 &hellip; <a href=\"https:\/\/www.moravecteam.cz\/?p=955\" class=\"more-link\">Pokra\u010dov\u00e1n\u00ed textu <span class=\"screen-reader-text\">Medaile z duatlonu!<\/span> <span class=\"meta-nav\">&rarr;<\/span><\/a><\/p>\n","protected":false},"author":3,"featured_media":959,"comment_status":"closed","ping_status":"closed","sticky":false,"template":"","format":"standard","meta":[],"categories":[1],"tags":[],"_links":{"self":[{"href":"https:\/\/www.moravecteam.cz\/index.php?rest_route=\/wp\/v2\/posts\/955"}],"collection":[{"href":"https:\/\/www.moravecteam.cz\/index.php?rest_route=\/wp\/v2\/posts"}],"about":[{"href":"https:\/\/www.moravecteam.cz\/index.php?rest_route=\/wp\/v2\/types\/post"}],"author":[{"embeddable":true,"href":"https:\/\/www.moravecteam.cz\/index.php?rest_route=\/wp\/v2\/users\/3"}],"replies":[{"embeddable":true,"href":"https:\/\/www.moravecteam.cz\/index.php?rest_route=%2Fwp%2Fv2%2Fcomments&post=955"}],"version-history":[{"count":5,"href":"https:\/\/www.moravecteam.cz\/index.php?rest_route=\/wp\/v2\/posts\/955\/revisions"}],"predecessor-version":[{"id":962,"href":"https:\/\/www.moravecteam.cz\/index.php?rest_route=\/wp\/v2\/posts\/955\/revisions\/962"}],"wp:featuredmedia":[{"embeddable":true,"href":"https:\/\/www.moravecteam.cz\/index.php?rest_route=\/wp\/v2\/media\/959"}],"wp:attachment":[{"href":"https:\/\/www.moravecteam.cz\/index.php?rest_route=%2Fwp%2Fv2%2Fmedia&parent=955"}],"wp:term":[{"taxonomy":"category","embeddable":true,"href":"https:\/\/www.moravecteam.cz\/index.php?rest_route=%2Fwp%2Fv2%2Fcategories&post=955"},{"taxonomy":"post_tag","embeddable":true,"href":"https:\/\/www.moravecteam.cz\/index.php?rest_route=%2Fwp%2Fv2%2Ftags&post=955"}],"curies":[{"name":"wp","href":"https:\/\/api.w.org\/{rel}","templated":true}]}}