{"id":9552,"date":"2017-09-03T23:28:14","date_gmt":"2017-09-03T21:28:14","guid":{"rendered":"http:\/\/www.moravecteam.cz\/?p=9552"},"modified":"2017-09-04T00:49:39","modified_gmt":"2017-09-03T22:49:39","slug":"z-rota-opet-radila","status":"publish","type":"post","link":"https:\/\/www.moravecteam.cz\/?p=9552","title":{"rendered":"&#8222;Z&#8220; rota op\u011bt &#8222;\u0159\u00e1dila&#8220;&#8230;"},"content":{"rendered":"<p style=\"text-align: justify;\"><strong><span style=\"color: #800000;\">Zav\u0159elovic \u00fadrn\u00e1 rota (a nejeno ona) se o uplynul\u00fdch v\u00edkendech p\u0159edvedla v tom nejlep\u0161\u00edm sv\u011btle na dvou triatlonov\u00fdch a jednom cyklistick\u00e9m z\u00e1vod\u011b. Rodinn\u00e1 skupina, kter\u00e1 tolik zaz\u00e1\u0159ila jako jednolit\u00fd kompaktn\u00ed celek p\u0159i MTB &#8222;Vrchovin\u011b&#8220; na Ko\u0159enci v z\u00e1vod\u011b \u0161tafet, tedy o sob\u011b dala op\u011bt hodn\u011b v\u011bd\u011bt v disciplin\u011b, kde m\u016f\u017eou jak Jirka ml., tak jeho sestra Ad\u00e9lka z\u00faro\u010dit vedle b\u011bhu a plav\u00e1n\u00ed i svoje bohat\u00e9 cyklistick\u00e9 zku\u0161nosti.\u00a0<\/span><\/strong><\/p>\n<figure id=\"attachment_9557\" aria-describedby=\"caption-attachment-9557\" style=\"width: 1267px\" class=\"wp-caption alignnone\"><a href=\"http:\/\/www.moravecteam.cz\/?attachment_id=9557\" rel=\"attachment wp-att-9557\"><img decoding=\"async\" loading=\"lazy\" class=\" wp-image-9557\" alt=\"IMG_0341\" src=\"http:\/\/www.moravecteam.cz\/wp-content\/uploads\/2017\/09\/IMG_0341.jpg\" width=\"1267\" height=\"1046\" srcset=\"https:\/\/www.moravecteam.cz\/wp-content\/uploads\/2017\/09\/IMG_0341.jpg 1267w, https:\/\/www.moravecteam.cz\/wp-content\/uploads\/2017\/09\/IMG_0341-300x247.jpg 300w, https:\/\/www.moravecteam.cz\/wp-content\/uploads\/2017\/09\/IMG_0341-1024x845.jpg 1024w\" sizes=\"(max-width: 1267px) 100vw, 1267px\" \/><\/a><figcaption id=\"caption-attachment-9557\" class=\"wp-caption-text\">Hrdinka od Slavkova&#8230; Ad\u00e9lka Zav\u0159elov\u00e1 a jej\u00ed prvn\u00ed zlato ze z\u00e1v\u011bru pr\u00e1zdnin!<\/figcaption><\/figure>\n<p style=\"text-align: justify;\">V\u0161e za\u010dalo p\u0159edminulou sobotu ve Slavkov\u011b, kde se konal z\u00e1vod &#8222;Austerlitz Man&#8220; v r\u00e1mci jeho\u017e sc\u00e9n\u00e1\u0159e byly vyps\u00e1ny i d\u011btsk\u00e9 kategorie. A pr\u00e1v\u011b zde absolvovala sv\u016fj \u017eivotn\u00ed triatlon <strong><span style=\"color: #800000;\">Ad\u00e9lka Zav\u0159elov\u00e1<\/span><\/strong>, kter\u00e1\u00a0startovala dohromady se z\u00e1vodn\u00edky ro\u010dn\u00edkem narozen\u00fdmi v letech 2002 &#8211; 2007 a\u00a0do c\u00edle dorazila v celkov\u00e9m po\u0159ad\u00ed na \u0161okuj\u00edc\u00edm 4.(!) m\u00edst\u011b! Ve v\u00fdsledkov\u00e9 listin\u011b m\u011bla p\u0159ed sebou tedy pouze patn\u00e1ctilet\u00e9, \u010dtrn\u00e1ctilet\u00e9 a t\u0159in\u00e1ctilet\u011b soupe\u0159e&#8230; Za dan\u00e9 situace brala ve sv\u00e9 kategorii samoz\u0159ejm\u011b suver\u00e9nn\u00ed prvn\u00ed m\u00edsto. Stejn\u011b se da\u0159ilo v\u00fdkonov\u011b a v\u00fdsledkov\u011b i br\u00e1chovi Ad\u00e9lky &#8211; <strong><span style=\"color: #800000;\">Jirkovi Zav\u0159elovi<\/span><\/strong>, i on svoji kategorii suver\u00e9nn\u011b vyhr\u00e1l! Bravo Ad\u00e9lka, bravo Jirka! Blahop\u0159ejeme! Zde studujte ze Slavkova <strong><a href=\"https:\/\/www.austerlitz-adventure.cz\/austerlitzman\/rocnik-2017\/\">kompletn\u00ed v\u00fdsledkov\u00fd servis<\/a>.<\/strong><\/p>\n<figure id=\"attachment_9556\" aria-describedby=\"caption-attachment-9556\" style=\"width: 1188px\" class=\"wp-caption alignnone\"><a href=\"http:\/\/www.moravecteam.cz\/?attachment_id=9556\" rel=\"attachment wp-att-9556\"><img decoding=\"async\" loading=\"lazy\" class=\" wp-image-9556 \" alt=\"IMG_0332\" src=\"http:\/\/www.moravecteam.cz\/wp-content\/uploads\/2017\/09\/IMG_0332.jpg\" width=\"1188\" height=\"1310\" srcset=\"https:\/\/www.moravecteam.cz\/wp-content\/uploads\/2017\/09\/IMG_0332.jpg 1188w, https:\/\/www.moravecteam.cz\/wp-content\/uploads\/2017\/09\/IMG_0332-272x300.jpg 272w, https:\/\/www.moravecteam.cz\/wp-content\/uploads\/2017\/09\/IMG_0332-928x1024.jpg 928w\" sizes=\"(max-width: 1188px) 100vw, 1188px\" \/><\/a><figcaption id=\"caption-attachment-9556\" class=\"wp-caption-text\">Jirka Zav\u0159el na Slavkovsk\u00e9m triatlonov\u00e9m bitevn\u00edm poli za svoj\u00ed star\u0161\u00ed sestrou v\u00fdsledkov\u011b nikterak nezaostal&#8230;<\/figcaption><\/figure>\n<div>\n<p style=\"text-align: justify;\">Hned o den pozd\u011bji, posledn\u00ed srpnovou ned\u011bli absolvovali oba dva na\u0161i \u0161ikovn\u00ed mlad\u00ed rajd\u0159i dal\u0161\u00ed triatlon, tentokr\u00e1t na \u00farodn\u00e9 Han\u00e9, v Lo\u0161tic\u00edch. Ty jsou proslul\u00e9 jednak legend\u00e1rn\u00ed, V\u00e1m jist\u011b dob\u0159e zn\u00e1mou &#8222;vo\u0148avou&#8220; pochutinou a jednak cyklokrosa\u0159sk\u00fdmi akcemi. Ale i triatlonov\u00e9 z\u00e1vody zde zvl\u00e1dli m\u00edstn\u00ed \u0161ikovn\u00ed po\u0159adatel\u00e9 na jedni\u010dku a nechv\u00e1l\u00edme je jen pro to, \u017ee se i zde jak Ad\u00e9lka tak Jirka Zav\u0159elovi op\u011bt v\u00fdsledkov\u011b zaskv\u011bli! Ad\u00e9lka Zav\u0159elov\u00e1 zde oslavila ve dvou dnech druh\u00e9 v\u00edt\u011bzstv\u00ed a jen o m\u00e1lo za n\u00ed z\u00fastal v\u00fdsledkem Jirka Zav\u0159el, kter\u00fd zde vybojoval cenn\u00e9 st\u0159\u00edbro! To ale pro MORAVEC Team nebylo ten den zdaleka v\u0161echno&#8230;<\/p>\n<figure id=\"attachment_9559\" aria-describedby=\"caption-attachment-9559\" style=\"width: 979px\" class=\"wp-caption alignnone\"><a href=\"http:\/\/www.moravecteam.cz\/?attachment_id=9559\" rel=\"attachment wp-att-9559\"><img decoding=\"async\" loading=\"lazy\" class=\" wp-image-9559\" alt=\"IMG_20170827_110732\" src=\"http:\/\/www.moravecteam.cz\/wp-content\/uploads\/2017\/09\/IMG_20170827_110732.jpg\" width=\"979\" height=\"1023\" srcset=\"https:\/\/www.moravecteam.cz\/wp-content\/uploads\/2017\/09\/IMG_20170827_110732.jpg 979w, https:\/\/www.moravecteam.cz\/wp-content\/uploads\/2017\/09\/IMG_20170827_110732-25x25.jpg 25w, https:\/\/www.moravecteam.cz\/wp-content\/uploads\/2017\/09\/IMG_20170827_110732-287x300.jpg 287w\" sizes=\"(max-width: 979px) 100vw, 979px\" \/><\/a><figcaption id=\"caption-attachment-9559\" class=\"wp-caption-text\">Jednou z akt\u00e9rek lo\u0161tick\u00fdch triatlonov\u00fdch medailov\u00fdch \u017en\u00ed byla Ad\u00e9lka Zav\u0159elov\u00e1.<\/figcaption><\/figure>\n<\/div>\n<div style=\"text-align: justify;\">\n<p>Na startu 4. ro\u010dn\u00edku Lo\u0161tick\u00e9ho triatlonu ml\u00e1de\u017ee se objevila nav\u00edc\u00a0<span style=\"color: #800000;\"><b>Just\u00fdnka Novotn\u00e1,\u00a0<\/b><\/span>sourozenci\u00a0<span style=\"color: #800000;\"><b>Maty\u00e1\u0161 a Lucinka Koudelkovi<\/b> <span style=\"color: #000000;\">a sourozenci Jon\u00e1\u0161ek a Barunka Janovsk\u00fdch<\/span><\/span>, By\u0165 m\u011bli v\u0161ichni z p\u0159ede\u0161l\u00e9ho dne v noh\u00e1ch t\u011b\u017ek\u00fd <strong><a href=\"http:\/\/www.moravecteam.cz\/?p=9475\">MTB Grand Slam v Bo\u0159itov\u011b<\/a><\/strong>, na jejich v\u00fdkonu v Lo\u0161tic\u00edch to nebylo nijak zn\u00e1t&#8230; Just\u00fdnka svoji kategorii vyhr\u00e1la, Maty\u00e1\u0161 dokon\u010dil na 2. m\u00edst\u011b a Lucinka vybojovala bronz!<\/p>\n<figure id=\"attachment_9577\" aria-describedby=\"caption-attachment-9577\" style=\"width: 608px\" class=\"wp-caption alignnone\"><a href=\"http:\/\/www.moravecteam.cz\/?attachment_id=9577\" rel=\"attachment wp-att-9577\"><img decoding=\"async\" loading=\"lazy\" class=\" wp-image-9577\" alt=\"H2JIs4lxXMHhIP9qbCvgVfqX8_E9RxoOVhjGYUQz4vl67tQbPbb64XCnOil8M0a1ub9SQac\" src=\"http:\/\/www.moravecteam.cz\/wp-content\/uploads\/2017\/09\/H2JIs4lxXMHhIP9qbCvgVfqX8_E9RxoOVhjGYUQz4vl67tQbPbb64XCnOil8M0a1ub9SQac.jpg\" width=\"608\" height=\"422\" srcset=\"https:\/\/www.moravecteam.cz\/wp-content\/uploads\/2017\/09\/H2JIs4lxXMHhIP9qbCvgVfqX8_E9RxoOVhjGYUQz4vl67tQbPbb64XCnOil8M0a1ub9SQac.jpg 608w, https:\/\/www.moravecteam.cz\/wp-content\/uploads\/2017\/09\/H2JIs4lxXMHhIP9qbCvgVfqX8_E9RxoOVhjGYUQz4vl67tQbPbb64XCnOil8M0a1ub9SQac-300x208.jpg 300w\" sizes=\"(max-width: 608px) 100vw, 608px\" \/><\/a><figcaption id=\"caption-attachment-9577\" class=\"wp-caption-text\">Bar\u010da Janovsk\u00e1 triatlony um\u00ed&#8230; Potvrdila to i p\u0159edminulou ned\u011bli v Lo\u0161tic\u00edch&#8230;<\/figcaption><\/figure>\n<p>&nbsp;<\/p>\n<p>Jon\u00e1\u0161ek janovsk\u00fd \u0161el na sv\u016fj prvn\u00ed triatlon v \u017eivot\u011b a zvl\u00e1dl ho na jedni\u010dku! D\u00edky n\u011bmu jsme se ten den mohli t\u011b\u0161it u\u017e ze t\u0159et\u00edho zlata a pozadu nez\u00fastala ani jeho star\u0161\u00ed sestar Barunka, kter\u00e1 fini\u0161ovala ve sv\u00e9kategorii o stup\u00ednek p\u0159ed svoj\u00ed t\u00fdmovou kolegyn\u00ed Luckou Koudelkovou na 2. m\u00edst\u011b!<\/p>\n<figure id=\"attachment_9578\" aria-describedby=\"caption-attachment-9578\" style=\"width: 462px\" class=\"wp-caption alignnone\"><a href=\"http:\/\/www.moravecteam.cz\/?attachment_id=9578\" rel=\"attachment wp-att-9578\"><img decoding=\"async\" loading=\"lazy\" class=\"size-full wp-image-9578\" alt=\"Wzc40dWlNawyipZ2w5VGd9gxTRPJ5npd_UjoxoYvnsK4mK-XHxhcpVJBlEtezaDXW1msY0U\" src=\"http:\/\/www.moravecteam.cz\/wp-content\/uploads\/2017\/09\/Wzc40dWlNawyipZ2w5VGd9gxTRPJ5npd_UjoxoYvnsK4mK-XHxhcpVJBlEtezaDXW1msY0U.jpg\" width=\"462\" height=\"529\" srcset=\"https:\/\/www.moravecteam.cz\/wp-content\/uploads\/2017\/09\/Wzc40dWlNawyipZ2w5VGd9gxTRPJ5npd_UjoxoYvnsK4mK-XHxhcpVJBlEtezaDXW1msY0U.jpg 462w, https:\/\/www.moravecteam.cz\/wp-content\/uploads\/2017\/09\/Wzc40dWlNawyipZ2w5VGd9gxTRPJ5npd_UjoxoYvnsK4mK-XHxhcpVJBlEtezaDXW1msY0U-262x300.jpg 262w\" sizes=\"(max-width: 462px) 100vw, 462px\" \/><\/a><figcaption id=\"caption-attachment-9578\" class=\"wp-caption-text\">Prvn\u00ed triatlon a hned v\u00edt\u011bzstv\u00ed! Jon\u00e1\u0161ek Janovsk\u00fd v Lo\u0161tic\u00edch uk\u00e1zal, \u017ee um\u00ed nejen na kole&#8230;.<span style=\"text-align: justify; color: #2b2b2b; font-size: 16px;\">\u00a0<\/span><\/figcaption><\/figure>\n<p>Co na to \u0159\u00edct? M\u00e1m pocit, \u017ee slova chv\u00e1ly se za dan\u00e9 situace st\u00e1vaj\u00ed pon\u011bkud f\u00e1dn\u00edmi&#8230; Tak tedy za t\u0159i zlat\u00e9, t\u0159i st\u0159\u00edbrn\u00e9 a jednu bronzovou medaili z Lo\u0161tic zvolejme op\u011bt a hodn\u011b nahlas: \u00a0bravo MORAVEC! Blahop\u0159ejeme v\u0161em a d\u00edky za vzorn\u00e9 repre odd\u00edlu! Mrkn\u011bte op\u011bt na okulahodn\u00fd\u00a0<b><a href=\"http:\/\/www.olomouckytriatlon.cz\/\">v\u00fdsledkov\u00fd servis<\/a><\/b>&#8230;<\/p>\n<figure id=\"attachment_9558\" aria-describedby=\"caption-attachment-9558\" style=\"width: 1523px\" class=\"wp-caption alignnone\"><a href=\"http:\/\/www.moravecteam.cz\/?attachment_id=9558\" rel=\"attachment wp-att-9558\"><img decoding=\"async\" loading=\"lazy\" class=\" wp-image-9558\" alt=\"IMG_20170827_110041\" src=\"http:\/\/www.moravecteam.cz\/wp-content\/uploads\/2017\/09\/IMG_20170827_110041.jpg\" width=\"1523\" height=\"1176\" srcset=\"https:\/\/www.moravecteam.cz\/wp-content\/uploads\/2017\/09\/IMG_20170827_110041.jpg 1523w, https:\/\/www.moravecteam.cz\/wp-content\/uploads\/2017\/09\/IMG_20170827_110041-300x231.jpg 300w, https:\/\/www.moravecteam.cz\/wp-content\/uploads\/2017\/09\/IMG_20170827_110041-1024x790.jpg 1024w\" sizes=\"(max-width: 1523px) 100vw, 1523px\" \/><\/a><figcaption id=\"caption-attachment-9558\" class=\"wp-caption-text\">Jirka Zav\u0159el v Lo\u0161tic\u00edch potvrdil, \u017ee v\u00fdjimka (jedna st\u0159\u00edbrn\u00e1 medaile) potvrzuje pravidlo (p\u011bt zalt\u00fdch medail\u00ed)&#8230;<\/figcaption><\/figure>\n<p>Zav\u0159elovic uzav\u0159eli svoji s\u00f3lovou sportovn\u00ed anab\u00e1zi ze z\u00e1v\u011bru pr\u00e1zdnin cyklistickou &#8222;race&#8220;, kterou o sob\u011b op\u011bt po \u010dase dala v\u011bd\u011bt obec z dob ned\u00e1vno minul\u00fdch cyklistice hodn\u011b zasl\u00edben\u00e1 &#8211; m\u011bste\u010dko Ku\u0159im u Brna. &#8222;Ku\u0159imsk\u00e1 cyklostezka&#8220; je z\u00e1vod ur\u010den\u00fd d\u011btem a n\u00e1s pot\u011b\u0161ilo, \u017ee Ad\u00e9lka Zav\u0159elov\u00e1 a Jirka Zav\u0159el nedali ve sv\u00fdch kategori\u00edch soupe\u0159\u016fm \u017e\u00e1dnou \u0161anci a op\u011bt oba suver\u00e9nn\u011b zv\u00edt\u011bzili! Bravo Jirkovi a Ad\u00e9lce do t\u0159etice, do t\u0159etice i &#8222;big congratulation&#8220;&#8230;<\/p>\n<figure id=\"attachment_9561\" aria-describedby=\"caption-attachment-9561\" style=\"width: 1071px\" class=\"wp-caption alignnone\"><a href=\"http:\/\/www.moravecteam.cz\/?attachment_id=9561\" rel=\"attachment wp-att-9561\"><img decoding=\"async\" loading=\"lazy\" class=\" wp-image-9561\" alt=\"IMG_20170902_161635\" src=\"http:\/\/www.moravecteam.cz\/wp-content\/uploads\/2017\/09\/IMG_20170902_161635.jpg\" width=\"1071\" height=\"1069\" srcset=\"https:\/\/www.moravecteam.cz\/wp-content\/uploads\/2017\/09\/IMG_20170902_161635.jpg 1071w, https:\/\/www.moravecteam.cz\/wp-content\/uploads\/2017\/09\/IMG_20170902_161635-25x25.jpg 25w, https:\/\/www.moravecteam.cz\/wp-content\/uploads\/2017\/09\/IMG_20170902_161635-300x300.jpg 300w, https:\/\/www.moravecteam.cz\/wp-content\/uploads\/2017\/09\/IMG_20170902_161635-1024x1022.jpg 1024w\" sizes=\"(max-width: 1071px) 100vw, 1071px\" \/><\/a><figcaption id=\"caption-attachment-9561\" class=\"wp-caption-text\">V Ku\u0159imi Jirka Zav\u0159el op\u011bt zlat\u00fd! Tentokr\u00e1t v ryze cyklistick\u00e9 disciplin\u011b!<\/figcaption><\/figure>\n<p>Zde studujte\u00a0<b><a href=\"https:\/\/www.kurim.cz\/cs\/obcan\/aktuality-z-mesta\/kurimska-cyklostezka-2-9-2017.html\">podrobnosti k z\u00e1vodu<\/a><\/b>\u00a0no a my jenom s radost\u00ed m\u016f\u017eeme zrekapitulovat obdivuhodn\u00fd medailov\u00fd \u00fa\u010det \u00a0&#8222;Z&#8220; roty, kter\u00e1 ve t\u0159ech z\u00e1vodn\u00edch dnech vybojovala 5 zlat\u00fdch a jednu st\u0159\u00edbrnou medaili! Mysl\u00edm, \u017ee jak\u00fdkoli dal\u0161\u00ed pochvaln\u00fd koment\u00e1\u0159 by u\u017e by byl \u00a0opravdu pouze on\u00edm zbyte\u010dn\u00fdm &#8222;no\u0161en\u00edm d\u0159\u00edv\u00ed do lesa&#8220;&#8230; P\u0159esto d\u011bkova\u010dka je\u0161te jedou: pat\u0159\u00ed, samo, \u017ee, i podp\u016frn\u00e9mu rodinn\u00e9mu t\u00fdmu. Stejn\u011b tak i d\u00edk podp\u016frn\u00fdm rodinn\u00fdm t\u00fdm\u016fm Just\u00fdnky Novotn\u00e9 a sourozrnc\u016f Koudelkovic za Lo\u0161tice! K dispozici ze v\u0161ech t\u0159\u00ed z\u00e1vod\u016f ka i<b>\u00a0<a href=\"http:\/\/moravecteam.rajce.idnes.cz\/2017.09.03_Triatlony_Slavkov%2C_Lostice%2C_cyklostezka_Kurim\/\">pr\u016fkazn\u00e1 fotogalerie<\/a><\/b>&#8230;<\/p>\n<figure id=\"attachment_9562\" aria-describedby=\"caption-attachment-9562\" style=\"width: 887px\" class=\"wp-caption alignnone\"><a href=\"http:\/\/www.moravecteam.cz\/?attachment_id=9562\" rel=\"attachment wp-att-9562\"><img decoding=\"async\" loading=\"lazy\" class=\" wp-image-9562\" alt=\"IMG_20170902_161802\" src=\"http:\/\/www.moravecteam.cz\/wp-content\/uploads\/2017\/09\/IMG_20170902_161802.jpg\" width=\"887\" height=\"1086\" srcset=\"https:\/\/www.moravecteam.cz\/wp-content\/uploads\/2017\/09\/IMG_20170902_161802.jpg 887w, https:\/\/www.moravecteam.cz\/wp-content\/uploads\/2017\/09\/IMG_20170902_161802-245x300.jpg 245w, https:\/\/www.moravecteam.cz\/wp-content\/uploads\/2017\/09\/IMG_20170902_161802-836x1024.jpg 836w\" sizes=\"(max-width: 887px) 100vw, 887px\" \/><\/a><figcaption id=\"caption-attachment-9562\" class=\"wp-caption-text\">Do t\u0159etice zlato pro Ad\u00e9lku Zav\u0159elovou zacinkalo minulou sobotu v Ku\u0159imi!<\/figcaption><\/figure>\n<p>&nbsp;<\/p>\n<\/div>\n","protected":false},"excerpt":{"rendered":"<p>Zav\u0159elovic \u00fadrn\u00e1 rota (a nejeno ona) se o uplynul\u00fdch v\u00edkendech p\u0159edvedla v tom nejlep\u0161\u00edm sv\u011btle na dvou triatlonov\u00fdch a jednom cyklistick\u00e9m z\u00e1vod\u011b. Rodinn\u00e1 skupina, kter\u00e1 tolik zaz\u00e1\u0159ila jako jednolit\u00fd kompaktn\u00ed celek p\u0159i MTB &#8222;Vrchovin\u011b&#8220; na Ko\u0159enci v z\u00e1vod\u011b \u0161tafet, tedy o sob\u011b dala op\u011bt hodn\u011b v\u011bd\u011bt v disciplin\u011b, kde m\u016f\u017eou jak Jirka ml., tak jeho &hellip; <a href=\"https:\/\/www.moravecteam.cz\/?p=9552\" class=\"more-link\">Pokra\u010dov\u00e1n\u00ed textu <span class=\"screen-reader-text\">&#8222;Z&#8220; rota op\u011bt &#8222;\u0159\u00e1dila&#8220;&#8230;<\/span> <span class=\"meta-nav\">&rarr;<\/span><\/a><\/p>\n","protected":false},"author":3,"featured_media":9560,"comment_status":"open","ping_status":"closed","sticky":false,"template":"","format":"standard","meta":[],"categories":[1],"tags":[],"_links":{"self":[{"href":"https:\/\/www.moravecteam.cz\/index.php?rest_route=\/wp\/v2\/posts\/9552"}],"collection":[{"href":"https:\/\/www.moravecteam.cz\/index.php?rest_route=\/wp\/v2\/posts"}],"about":[{"href":"https:\/\/www.moravecteam.cz\/index.php?rest_route=\/wp\/v2\/types\/post"}],"author":[{"embeddable":true,"href":"https:\/\/www.moravecteam.cz\/index.php?rest_route=\/wp\/v2\/users\/3"}],"replies":[{"embeddable":true,"href":"https:\/\/www.moravecteam.cz\/index.php?rest_route=%2Fwp%2Fv2%2Fcomments&post=9552"}],"version-history":[{"count":14,"href":"https:\/\/www.moravecteam.cz\/index.php?rest_route=\/wp\/v2\/posts\/9552\/revisions"}],"predecessor-version":[{"id":9580,"href":"https:\/\/www.moravecteam.cz\/index.php?rest_route=\/wp\/v2\/posts\/9552\/revisions\/9580"}],"wp:featuredmedia":[{"embeddable":true,"href":"https:\/\/www.moravecteam.cz\/index.php?rest_route=\/wp\/v2\/media\/9560"}],"wp:attachment":[{"href":"https:\/\/www.moravecteam.cz\/index.php?rest_route=%2Fwp%2Fv2%2Fmedia&parent=9552"}],"wp:term":[{"taxonomy":"category","embeddable":true,"href":"https:\/\/www.moravecteam.cz\/index.php?rest_route=%2Fwp%2Fv2%2Fcategories&post=9552"},{"taxonomy":"post_tag","embeddable":true,"href":"https:\/\/www.moravecteam.cz\/index.php?rest_route=%2Fwp%2Fv2%2Ftags&post=9552"}],"curies":[{"name":"wp","href":"https:\/\/api.w.org\/{rel}","templated":true}]}}