{"id":9572,"date":"2017-09-04T00:09:39","date_gmt":"2017-09-03T22:09:39","guid":{"rendered":"http:\/\/www.moravecteam.cz\/?p=9572"},"modified":"2017-09-07T21:55:52","modified_gmt":"2017-09-07T19:55:52","slug":"co-se-bude-dit-st36-3","status":"publish","type":"post","link":"https:\/\/www.moravecteam.cz\/?p=9572","title":{"rendered":"Co se bude d\u00edt? (ST36)-2"},"content":{"rendered":"<h5><strong><span style=\"color: #800000;\">Pond\u011bl\u00ed 4.9. 2017<\/span><\/strong><\/h5>\n<p style=\"text-align: justify;\">Pro \u00fa\u010dastn\u00edky v ned\u011bli skon\u010den\u00e9ho p\u0159\u00edpravn\u00e9ho kempu v NMnM je &#8222;ordinov\u00e1na&#8220; individu\u00e1ln\u00ed regenera\u010dn\u00ed hodinov\u00e1 v\u00fdji\u017e\u010fka &#8222;na pohodu&#8220;&#8230;<\/p>\n<h5 style=\"text-align: justify;\"><span style=\"color: #800000;\"><strong>St\u0159eda 6.9. 2017<\/strong><\/span><\/h5>\n<p style=\"text-align: justify;\">MS MTB v Australsk\u00e9m Cairns. Od 7.00 SEL\u010c se jede z\u00e1vod p\u011bti\u010dlenn\u00fdch \u0161tafet, ve kter\u00e9m budeme dr\u017eet palce na\u0161\u00ed odchovankyni <strong><span style=\"color: #800000;\">Ad\u00e9lce \u0160af\u00e1\u0159ov\u00e9<\/span><\/strong>. A nejen j\u00ed&#8230; Samoz\u0159ejm\u011b i ostatn\u00edm \u010dty\u0159em \u010dlen\u016fm reprezenta\u010dn\u00edho v\u00fdb\u011bru Viktora Zapletala!<\/p>\n<h5 style=\"text-align: justify;\"><span style=\"color: #800000;\">P\u00e1tek 8.9. 2017<\/span><\/h5>\n<ul>\n<li style=\"text-align: justify;\">MS MTB v Australsk\u00e9m Cairns. Od 2.00 SEL\u010c se jede z\u00e1vod \u017een U23, ve kter\u00e9m budeme dr\u017eet palce na\u0161\u00ed odchovankyni <span style=\"color: #800000;\"><strong>Ad\u00e9lce \u0160af\u00e1\u0159ov\u00e9<\/strong><\/span>.<\/li>\n<li style=\"text-align: justify;\">Ofici\u00e1ln\u00ed prohl\u00eddka trat\u00ed\u00a0t\u0159in\u00e1ct\u00e9ho z\u00e1vodu MTB Superior Poh\u00e1ru Drahansk\u00e9 vrchoviny &#8211; od 17.00 hodin ve Velenov\u011b. \u00da\u010dast a dopravu si ka\u017ed\u00fd zaji\u0161\u0165uje s\u00e1m. POZOR! Prohl\u00eddka a naj\u00ed\u017ed\u011bn\u00ed trat\u00ed je tentokr\u00e1t \u00a0ofici\u00e1ln\u00edm t\u00fdmov\u00fdm tr\u00e9ninkem!!! V p\u0159\u00edpad\u011b dotaz\u016f <strong><span style=\"color: #800000;\">kontaktujte tren\u00e9ra Milana Tlamku na 776 108 046<\/span><\/strong>.<\/li>\n<\/ul>\n<h5>\u00a0<span style=\"color: #800000;\">Sobota 9.9. 2017<\/span><\/h5>\n<p style=\"text-align: justify;\"><span style=\"color: #000000;\">T\u0159in\u00e1ct\u00fd \u00a0z\u00e1vod MTB Superior Poh\u00e1ru Drahansk\u00e9 vchoviny &#8211; MTB XCO &#8211; Velk\u00e1 cena obce Velenov. \u00da\u010dast a dopravu si ka\u017ed\u00fd zaji\u0161\u0165uje s\u00e1m. Zde jsou ke studiu <strong><a href=\"http:\/\/www.pohardrahanskevrchoviny.cz\/sobotu-uz-po-trinacte\/\">propozice<\/a><\/strong>.<\/span><\/p>\n<p>&nbsp;<\/p>\n","protected":false},"excerpt":{"rendered":"<p>Pond\u011bl\u00ed 4.9. 2017 Pro \u00fa\u010dastn\u00edky v ned\u011bli skon\u010den\u00e9ho p\u0159\u00edpravn\u00e9ho kempu v NMnM je &#8222;ordinov\u00e1na&#8220; individu\u00e1ln\u00ed regenera\u010dn\u00ed hodinov\u00e1 v\u00fdji\u017e\u010fka &#8222;na pohodu&#8220;&#8230; St\u0159eda 6.9. 2017 MS MTB v Australsk\u00e9m Cairns. Od 7.00 SEL\u010c se jede z\u00e1vod p\u011bti\u010dlenn\u00fdch \u0161tafet, ve kter\u00e9m budeme dr\u017eet palce na\u0161\u00ed odchovankyni Ad\u00e9lce \u0160af\u00e1\u0159ov\u00e9. A nejen j\u00ed&#8230; Samoz\u0159ejm\u011b i ostatn\u00edm \u010dty\u0159em \u010dlen\u016fm reprezenta\u010dn\u00edho v\u00fdb\u011bru &hellip; <a href=\"https:\/\/www.moravecteam.cz\/?p=9572\" class=\"more-link\">Pokra\u010dov\u00e1n\u00ed textu <span class=\"screen-reader-text\">Co se bude d\u00edt? (ST36)-2<\/span> <span class=\"meta-nav\">&rarr;<\/span><\/a><\/p>\n","protected":false},"author":3,"featured_media":9575,"comment_status":"open","ping_status":"closed","sticky":false,"template":"","format":"standard","meta":[],"categories":[11],"tags":[],"_links":{"self":[{"href":"https:\/\/www.moravecteam.cz\/index.php?rest_route=\/wp\/v2\/posts\/9572"}],"collection":[{"href":"https:\/\/www.moravecteam.cz\/index.php?rest_route=\/wp\/v2\/posts"}],"about":[{"href":"https:\/\/www.moravecteam.cz\/index.php?rest_route=\/wp\/v2\/types\/post"}],"author":[{"embeddable":true,"href":"https:\/\/www.moravecteam.cz\/index.php?rest_route=\/wp\/v2\/users\/3"}],"replies":[{"embeddable":true,"href":"https:\/\/www.moravecteam.cz\/index.php?rest_route=%2Fwp%2Fv2%2Fcomments&post=9572"}],"version-history":[{"count":6,"href":"https:\/\/www.moravecteam.cz\/index.php?rest_route=\/wp\/v2\/posts\/9572\/revisions"}],"predecessor-version":[{"id":9606,"href":"https:\/\/www.moravecteam.cz\/index.php?rest_route=\/wp\/v2\/posts\/9572\/revisions\/9606"}],"wp:featuredmedia":[{"embeddable":true,"href":"https:\/\/www.moravecteam.cz\/index.php?rest_route=\/wp\/v2\/media\/9575"}],"wp:attachment":[{"href":"https:\/\/www.moravecteam.cz\/index.php?rest_route=%2Fwp%2Fv2%2Fmedia&parent=9572"}],"wp:term":[{"taxonomy":"category","embeddable":true,"href":"https:\/\/www.moravecteam.cz\/index.php?rest_route=%2Fwp%2Fv2%2Fcategories&post=9572"},{"taxonomy":"post_tag","embeddable":true,"href":"https:\/\/www.moravecteam.cz\/index.php?rest_route=%2Fwp%2Fv2%2Ftags&post=9572"}],"curies":[{"name":"wp","href":"https:\/\/api.w.org\/{rel}","templated":true}]}}