{"id":9584,"date":"2017-09-06T00:27:02","date_gmt":"2017-09-05T22:27:02","guid":{"rendered":"http:\/\/www.moravecteam.cz\/?p=9584"},"modified":"2017-09-07T21:58:11","modified_gmt":"2017-09-07T19:58:11","slug":"navrat-do-areny","status":"publish","type":"post","link":"https:\/\/www.moravecteam.cz\/?p=9584","title":{"rendered":"N\u00e1vrat do Ar\u00e9ny!"},"content":{"rendered":"<p style=\"text-align: justify;\"><strong><span style=\"color: #800000;\">Nen\u00ed v r\u00e1mci MORAVEC Teamu obvykl\u00e9, aby do legend\u00e1rn\u00ed Vyso\u010dina ar\u00e9ny zav\u00edtal v pr\u016fb\u011bhu sez\u00f3ny hned dvakr\u00e1t&#8230; Obvykle se tak d\u011bje zpravidla pouze jednou, v r\u00e1mci na\u0161\u00ed tradi\u010dn\u00ed, dobrovolnick\u00e9 mise p\u0159i\u00a0\u00a0MTB z\u00e1vodech nejvy\u0161\u0161\u00ed kategorie, kter\u00e9 se zde jezd\u00ed pravideln\u011b od roku 2011. Leto\u0161n\u00ed rok je ale v\u00fdjimkou. Z\u00e1zem\u00ed Vyso\u010dina ar\u00e9ny vyu\u017eili k p\u0159\u00edprav\u011b na fin\u00e1ln\u00ed \u010d\u00e1st bikov\u00e9 sez\u00f3ny \u010dlenov\u00e9 MORAVEC Teamu o prvn\u00edm z\u00e1\u0159iov\u00e9m v\u00edkendu a kdo by si myslel, \u017ee se jednalo o poklidn\u00fd pohodov\u00fd pobyt v duchu &#8222;rozlou\u010den\u00ed s pr\u00e1zdninami&#8220; od p\u00e1tku do ned\u011ble, ten se hodn\u011b zm\u00fdlil&#8230;<\/span><\/strong><\/p>\n<figure id=\"attachment_9594\" aria-describedby=\"caption-attachment-9594\" style=\"width: 814px\" class=\"wp-caption alignnone\"><a href=\"http:\/\/www.moravecteam.cz\/?attachment_id=9594\" rel=\"attachment wp-att-9594\"><img decoding=\"async\" loading=\"lazy\" class=\" wp-image-9594\" alt=\"IMG_0833\" src=\"http:\/\/www.moravecteam.cz\/wp-content\/uploads\/2017\/09\/IMG_0833.jpg\" width=\"814\" height=\"632\" srcset=\"https:\/\/www.moravecteam.cz\/wp-content\/uploads\/2017\/09\/IMG_0833.jpg 814w, https:\/\/www.moravecteam.cz\/wp-content\/uploads\/2017\/09\/IMG_0833-300x232.jpg 300w\" sizes=\"(max-width: 814px) 100vw, 814px\" \/><\/a><figcaption id=\"caption-attachment-9594\" class=\"wp-caption-text\">Na svoji zkr\u00e1cenou tra\u0165 vyrazili t\u0159i na\u0161i el\u00e9vov\u00e9&#8230;<\/figcaption><\/figure>\n<p style=\"text-align: justify;\">U\u017e p\u00e1te\u010dn\u00ed tr\u00e9nik kr\u00e1tce po p\u0159\u00edjezdu, &#8222;ordinovan\u00fd&#8220; tren\u00e9rem Milanem Tlamkou, m\u011bl pat\u0159i\u010dn\u00fd &#8222;\u0159\u00edz&#8220; a krom\u011b toho byl v\u00fdborn\u011b na\u010dasov\u00e1n: sotva se na\u0161i mlad\u00ed &#8222;rajd\u0159i&#8220; stihnuli &#8222;zaparkovat se&#8220; na sv\u00e9 do\u010dasn\u00e9 z\u00e1kladn\u011b, za\u010dalo dost siln\u011b pr\u0161et&#8230; V sobotu pokra\u010dovala intenzivn\u00ed p\u0159\u00edprava op\u011bt p\u0159ev\u00e1\u017en\u011b v sedle bik\u016f, byla ale velice vhodn\u011b zpest\u0159en\u00e1 i j\u00edzdou na in-line brusl\u00edch, kdy na\u0161e cyklistick\u00e9 &#8222;\u010de\u010detky&#8220; vyu\u017eily &#8222;do sytosti&#8220; asfaltov\u00fdch chodn\u00ed\u010dk\u016f, kter\u00fdmi je Vyso\u010dina ar\u00e9na &#8222;pro\u0161pikov\u00e1na&#8220;&#8230; Nechyb\u011bla samoz\u0159ejm\u011b ani vyj\u00ed\u017e\u010fka po hust\u00e9 s\u00edti cyklo-trail\u016f \u00a0I t\u00edmto modern\u00edm prvkem pro \u0161irokou cyklistickou ve\u0159ejnost jsou okol\u00ed Vyso\u010dina ar\u00e9ny, pota\u017emo Nov\u00e9ho M\u011bsta na Morav\u011b, \u00a0pov\u011bstn\u00e9&#8230; A\u00a0ve\u010derem prov\u011b\u0159ila psychyckou odolnost MORAVC\u016e a hlavn\u011b jejich chrabrost &#8211; stezka odvahy!<\/p>\n<figure id=\"attachment_9595\" aria-describedby=\"caption-attachment-9595\" style=\"width: 1261px\" class=\"wp-caption alignnone\"><a href=\"http:\/\/www.moravecteam.cz\/?attachment_id=9595\" rel=\"attachment wp-att-9595\"><img decoding=\"async\" loading=\"lazy\" class=\" wp-image-9595\" alt=\"IMG_0847\" src=\"http:\/\/www.moravecteam.cz\/wp-content\/uploads\/2017\/09\/IMG_0847.jpg\" width=\"1261\" height=\"631\" srcset=\"https:\/\/www.moravecteam.cz\/wp-content\/uploads\/2017\/09\/IMG_0847.jpg 1261w, https:\/\/www.moravecteam.cz\/wp-content\/uploads\/2017\/09\/IMG_0847-300x150.jpg 300w, https:\/\/www.moravecteam.cz\/wp-content\/uploads\/2017\/09\/IMG_0847-1024x512.jpg 1024w\" sizes=\"(max-width: 1261px) 100vw, 1261px\" \/><\/a><figcaption id=\"caption-attachment-9595\" class=\"wp-caption-text\">D\u011bv\u010data kategorie &#8222;B&#8220; kr\u00e1tce po startu. Za chv\u00edli zmiz\u00ed holky v lese&#8230;<\/figcaption><\/figure>\n<p style=\"text-align: justify;\">A ned\u011ble? Dopoledne jeden z vrchol\u016f pobytu: aktivn\u00ed atakov\u00e1n\u00ed m\u00edstn\u00ed &#8211; u\u017e legend\u00e1rn\u00ed &#8211; trat\u011b, kde se od r. 2011 v bezchybn\u00e9 re\u017eii pana Petra Va\u0148ka jezd\u00ed MTB z\u00e1vody Sv\u011btov\u00e9ho poh\u00e1ru a kde se v r. 2016 uskute\u010dnilo po v\u0161ech str\u00e1nk\u00e1ch hodn\u011b vyda\u0159en\u00e9 Mistrovstv\u00ed sv\u011bta v t\u00e9to cross country disciplin\u011b&#8230; Tak\u017ee dvac\u00edtce na\u0161ich piln\u011b se v NMnM p\u0159ipravuj\u00edc\u00edch rajdr\u016f u\u017e nejsou ciz\u00ed nejzn\u00e1m\u011bj\u0161\u00ed pas\u00e1\u017ee v\u011bhlasn\u00e9 trat\u011b, kter\u00fdmi bezesporu jsou &#8211; Rock\u00b4n\u00b4roll, Mitas Choice \u010di Vertical Drop&#8230; Bravo MORAVEC Team!<\/p>\n<figure id=\"attachment_9596\" aria-describedby=\"caption-attachment-9596\" style=\"width: 1084px\" class=\"wp-caption alignnone\"><a href=\"http:\/\/www.moravecteam.cz\/?attachment_id=9596\" rel=\"attachment wp-att-9596\"><img decoding=\"async\" loading=\"lazy\" class=\" wp-image-9596\" alt=\"IMG_0868\" src=\"http:\/\/www.moravecteam.cz\/wp-content\/uploads\/2017\/09\/IMG_0868.jpg\" width=\"1084\" height=\"734\" srcset=\"https:\/\/www.moravecteam.cz\/wp-content\/uploads\/2017\/09\/IMG_0868.jpg 1084w, https:\/\/www.moravecteam.cz\/wp-content\/uploads\/2017\/09\/IMG_0868-300x203.jpg 300w, https:\/\/www.moravecteam.cz\/wp-content\/uploads\/2017\/09\/IMG_0868-1024x693.jpg 1024w\" sizes=\"(max-width: 1084px) 100vw, 1084px\" \/><\/a><figcaption id=\"caption-attachment-9596\" class=\"wp-caption-text\">Start d\u011bv\u010dat &#8211; kategorie &#8222;C&#8220;. T\u011bch bylo nejv\u00edc, sedm! Sm\u016flu v podob\u011b defektu si v z\u00e1vod\u011b vybrala Kl\u00e1ra Odehnalov\u00e1&#8230;<\/figcaption><\/figure>\n<p style=\"text-align: justify;\">To ale po\u0159\u00e1d nebylo z cyklistick\u00fdmi aktivitami &#8222;nabit\u00e9ho&#8220; v\u00edkendu v\u0161echno&#8230; V\u0161e zavr\u0161il kontroln\u00ed z\u00e1vod z\u00fa\u010dastn\u011bn\u00fdch MORAVC\u016e, kdy tito byli tren\u00e9rem rozd\u011bleni do \u010dty\u0159 kategori\u00ed (jedna spole\u010dn\u00e1, dv\u011b d\u00edv\u010d\u00ed a jedna ryze chlapeck\u00e1) a svedli souboje v ostr\u00e9m z\u00e1vod\u011b, kter\u00fd p\u0159\u00edpravn\u00fd pobyt v ba\u0161t\u011b \u010desk\u00e9ho a moravsk\u00e9ho bikingu zavr\u0161il, a kter\u00fd &#8211; alespo\u0148 podle informac\u00ed sp\u00edkra &#8211; p\u0159en\u00e1\u0161ely skryt\u00fdmi kamerami pr\u00fd dokonce ob\u011b stanice EUROSPORT&#8230; Nen\u00ed divu: origin\u00e1ln\u00ed kombinace bikingu s b\u011bhem a sk\u00e1k\u00e1n\u00edm v obiln\u00edch pytl\u00edch nen\u00ed hned tak k vid\u011bn\u00ed&#8230; T\u0159\u00eddenn\u00ed p\u0159\u00edprava v NMnM byla tak intenzivn\u00ed, \u017ee v n\u00e1sleduj\u00edc\u00edm t\u00fddnu byly &#8211; &#8222;de facto&#8220; &#8211; ve\u0161ker\u00e9 tr\u00e9ninkov\u00e9 aktivity zru\u0161eny s akcentem na regeneraci mlad\u00fdch organism\u016f na\u0161ich cyklist\u016f po n\u00e1ro\u010dn\u00e9 p\u0159\u00edprav\u011b&#8230;<\/p>\n<figure id=\"attachment_9597\" aria-describedby=\"caption-attachment-9597\" style=\"width: 1287px\" class=\"wp-caption alignnone\"><a href=\"http:\/\/www.moravecteam.cz\/?attachment_id=9597\" rel=\"attachment wp-att-9597\"><img decoding=\"async\" loading=\"lazy\" class=\" wp-image-9597\" alt=\"IMG_0903\" src=\"http:\/\/www.moravecteam.cz\/wp-content\/uploads\/2017\/09\/IMG_0903.jpg\" width=\"1287\" height=\"756\" srcset=\"https:\/\/www.moravecteam.cz\/wp-content\/uploads\/2017\/09\/IMG_0903.jpg 1287w, https:\/\/www.moravecteam.cz\/wp-content\/uploads\/2017\/09\/IMG_0903-300x176.jpg 300w, https:\/\/www.moravecteam.cz\/wp-content\/uploads\/2017\/09\/IMG_0903-1024x601.jpg 1024w\" sizes=\"(max-width: 1287px) 100vw, 1287px\" \/><\/a><figcaption id=\"caption-attachment-9597\" class=\"wp-caption-text\">Pelotonek chlapeck\u00e9 kategorie &#8222;D&#8220; kr\u00e1tce po startu.<\/figcaption><\/figure>\n<p style=\"text-align: justify;\">Velk\u00e1 d\u011bkova\u010dka m\u00ed\u0159\u00ed hlavn\u011b k ji\u017e zm\u00edn\u011bn\u00e9mu tren\u00e9rovi <strong><span style=\"color: #800000;\">Milanu Tlamkovi<\/span><\/strong>, kter\u00fd v\u0161e bezchybn\u011b zorganizoval, za\u0159\u00eddil&#8230; Pod\u011bkov\u00e1n\u00ed pat\u0159\u00ed i jeho sv\u011bdomit\u00fdm pomocn\u00edk\u016fm&#8230; Sv\u00fdm sv\u011b\u0159enc\u016fm dali tak &#8222;pokou\u0159it&#8220;, \u017ee z hladiska jejich discipliny \u010di jak\u00e9hokoli n\u00e1znaku jejich p\u0159\u00edpadn\u00e9 zlobivosti, nebyl v r\u00e1mci t\u0159\u00eddenn\u00edho pobytu ve Vyso\u010dina Ar\u00e9n\u011b \u017e\u00e1dn\u00fd probl\u00e9m..! A je\u0161t\u011b v\u00fdslekov\u00fd servis t\u0159\u00ed nejlep\u0161\u00edch ze \u010dty\u0159 vypasn\u00fdch kategori\u00ed ned\u011bln\u00edho kontroln\u00edho z\u00e1vodu:<\/p>\n<ul>\n<li>Kategorie &#8222;A&#8220; &#8211; <strong><span style=\"color: #ff6600;\">1. Jana Marie Lipensk\u00e1<\/span><\/strong>, <strong><span style=\"color: #808080;\">2. Zita \u017dern\u00ed\u010dkov\u00e1<\/span><\/strong>, <strong><span style=\"color: #800000;\">3. Jan Franti\u0161ek Lipensk\u00fd<\/span><\/strong><\/li>\n<li>Kategorie &#8222;B&#8220; &#8211; <strong><span style=\"color: #ff6600;\">1. Just\u00fdna Novotn\u00e1<\/span><\/strong>, <strong><span style=\"color: #808080;\">2. Lucie Koudelkov\u00e1<\/span><\/strong>, <strong><span style=\"color: #800000;\">3. Barbora Janovsk\u00e1<\/span><\/strong><\/li>\n<li>Kategorie &#8222;C&#8220; &#8211; <strong><span style=\"color: #ff6600;\">1. Eli\u0161ka Han\u00e1kov\u00e1<\/span><\/strong>, <span style=\"color: #808080;\"><strong>2. Krist\u00fdna Kol\u00e1\u0159ov\u00e1<\/strong><\/span>, <strong><span style=\"color: #800000;\">3. Am\u00e1lka Gottwaldov\u00e1<\/span><\/strong><\/li>\n<li>Kategorie &#8222;D&#8220; &#8211; <strong><span style=\"color: #ff6600;\">1. Roman \u0160indl\u00e1\u0159<\/span><\/strong>, <span style=\"color: #808080;\"><strong>2. Luk\u00e1\u0161 Sedl\u00e1k,<\/strong><\/span> <strong><span style=\"color: #800000;\">3. V\u00ed\u0165a Lipensk\u00fd<\/span><\/strong><\/li>\n<\/ul>\n<figure id=\"attachment_9598\" aria-describedby=\"caption-attachment-9598\" style=\"width: 1673px\" class=\"wp-caption alignnone\"><a href=\"http:\/\/www.moravecteam.cz\/?attachment_id=9598\" rel=\"attachment wp-att-9598\"><img decoding=\"async\" loading=\"lazy\" class=\" wp-image-9598\" alt=\"IMG_0952\" src=\"http:\/\/www.moravecteam.cz\/wp-content\/uploads\/2017\/09\/IMG_0952.jpg\" width=\"1673\" height=\"1210\" srcset=\"https:\/\/www.moravecteam.cz\/wp-content\/uploads\/2017\/09\/IMG_0952.jpg 1673w, https:\/\/www.moravecteam.cz\/wp-content\/uploads\/2017\/09\/IMG_0952-300x216.jpg 300w, https:\/\/www.moravecteam.cz\/wp-content\/uploads\/2017\/09\/IMG_0952-1024x740.jpg 1024w\" sizes=\"(max-width: 1673px) 100vw, 1673px\" \/><\/a><figcaption id=\"caption-attachment-9598\" class=\"wp-caption-text\">Bar\u010da Tlamkov\u00e1 a Matou\u0161 Lipensk\u00fd byly Milanem ocen\u011bni speci\u00e1ln\u00ed cenou!<\/figcaption><\/figure>\n<p style=\"text-align: justify;\">Vyhr\u00e1li ale prakticky v\u0161ichni&#8230; U\u017e jenom t\u00edm, jak vzorn\u011b a odpov\u011bdn\u011b k t\u0159\u00eddenn\u00ed p\u0159\u00edprav\u011b p\u0159istoupili&#8230; Ceny z rukou jejich \u00fasp\u011b\u0161n\u00e9ho star\u0161\u00edho t\u00fdmov\u00e9ho kolegy &#8211; <strong><span style=\"color: #800000;\">Honzy &#8222;D\u017eony&#8220; \u0160indel\u00e1\u0159e<\/span><\/strong> a <strong><span style=\"color: #800000;\">Maru\u0161ky Barto\u0161ov\u00e9,<\/span><\/strong> kter\u00e9 je toho \u010dasu se zlomeninou ruky v rekonvalescenci, ur\u010dit\u011b pot\u011b\u0161ily, stejn\u011b jako tradi\u010dn\u011b n\u00e1padit\u00fd design diplom\u016f z d\u00edlny odd\u00edlov\u00e9ho &#8222;kum\u0161t\u00fd\u0159e&#8220; <strong><span style=\"color: #800000;\">Libora Barto\u0161e <\/span><\/strong><span style=\"color: #000000;\">a<\/span>\u00a0stejn\u011b jako &#8222;placky&#8220;, kter\u00e9 pro zm\u011bnu dodala firma <strong><span style=\"color: #800000;\">Sabe Blansko<\/span><\/strong>. Z rukou tren\u00e9ra pak p\u0159evzali poh\u00e1ry nejlep\u0161\u00ed holka a kluk v r\u00e1mci pobytu, kdy\u017e zhodnocen byl p\u0159\u00edstup k p\u0159\u00edprav\u011b, chv\u00e1n\u00ed a aktivita ve smyslu ochoty pomoct &#8211; samoz\u0159ejm\u011b br\u00e1no z pohledu v\u0161ech t\u0159\u00ed, ve Vyso\u010dina ar\u00e9n\u011b str\u00e1ven\u00fdch dn\u016f&#8230; \u00a0Zkr\u00e1tka a dob\u0159e:\u00a0povededen\u00e9 t\u0159i dny, kdy poctiv\u00fd p\u0159\u00edstup dvac\u00edtky na\u0161ich rajdr\u016f k p\u0159\u00edprav\u011b se ur\u010dit\u011b v nejbli\u017e\u0161\u00edm obdob\u00ed projev\u00ed nejen p\u0159i t\u0159ech zb\u00fdvaj\u00edc\u00edch z\u00e1vodech leto\u0161n\u00ed MTB &#8222;Vrchoviny&#8220;! Zde mrkn\u011bte na pr\u016fkaznou <strong><a href=\"http:\/\/moravecteam.rajce.idnes.cz\/2017.09.03_Pripravny_kemp_Nove_Mesto_na_Morave\/\">fotogalerii&#8230;<\/a><\/strong><\/p>\n","protected":false},"excerpt":{"rendered":"<p>Nen\u00ed v r\u00e1mci MORAVEC Teamu obvykl\u00e9, aby do legend\u00e1rn\u00ed Vyso\u010dina ar\u00e9ny zav\u00edtal v pr\u016fb\u011bhu sez\u00f3ny hned dvakr\u00e1t&#8230; Obvykle se tak d\u011bje zpravidla pouze jednou, v r\u00e1mci na\u0161\u00ed tradi\u010dn\u00ed, dobrovolnick\u00e9 mise p\u0159i\u00a0\u00a0MTB z\u00e1vodech nejvy\u0161\u0161\u00ed kategorie, kter\u00e9 se zde jezd\u00ed pravideln\u011b od roku 2011. Leto\u0161n\u00ed rok je ale v\u00fdjimkou. Z\u00e1zem\u00ed Vyso\u010dina ar\u00e9ny vyu\u017eili k p\u0159\u00edprav\u011b na fin\u00e1ln\u00ed &hellip; <a href=\"https:\/\/www.moravecteam.cz\/?p=9584\" class=\"more-link\">Pokra\u010dov\u00e1n\u00ed textu <span class=\"screen-reader-text\">N\u00e1vrat do Ar\u00e9ny!<\/span> <span class=\"meta-nav\">&rarr;<\/span><\/a><\/p>\n","protected":false},"author":3,"featured_media":9600,"comment_status":"open","ping_status":"closed","sticky":false,"template":"","format":"standard","meta":[],"categories":[9],"tags":[],"_links":{"self":[{"href":"https:\/\/www.moravecteam.cz\/index.php?rest_route=\/wp\/v2\/posts\/9584"}],"collection":[{"href":"https:\/\/www.moravecteam.cz\/index.php?rest_route=\/wp\/v2\/posts"}],"about":[{"href":"https:\/\/www.moravecteam.cz\/index.php?rest_route=\/wp\/v2\/types\/post"}],"author":[{"embeddable":true,"href":"https:\/\/www.moravecteam.cz\/index.php?rest_route=\/wp\/v2\/users\/3"}],"replies":[{"embeddable":true,"href":"https:\/\/www.moravecteam.cz\/index.php?rest_route=%2Fwp%2Fv2%2Fcomments&post=9584"}],"version-history":[{"count":7,"href":"https:\/\/www.moravecteam.cz\/index.php?rest_route=\/wp\/v2\/posts\/9584\/revisions"}],"predecessor-version":[{"id":9607,"href":"https:\/\/www.moravecteam.cz\/index.php?rest_route=\/wp\/v2\/posts\/9584\/revisions\/9607"}],"wp:featuredmedia":[{"embeddable":true,"href":"https:\/\/www.moravecteam.cz\/index.php?rest_route=\/wp\/v2\/media\/9600"}],"wp:attachment":[{"href":"https:\/\/www.moravecteam.cz\/index.php?rest_route=%2Fwp%2Fv2%2Fmedia&parent=9584"}],"wp:term":[{"taxonomy":"category","embeddable":true,"href":"https:\/\/www.moravecteam.cz\/index.php?rest_route=%2Fwp%2Fv2%2Fcategories&post=9584"},{"taxonomy":"post_tag","embeddable":true,"href":"https:\/\/www.moravecteam.cz\/index.php?rest_route=%2Fwp%2Fv2%2Ftags&post=9584"}],"curies":[{"name":"wp","href":"https:\/\/api.w.org\/{rel}","templated":true}]}}