{"id":9586,"date":"2017-09-10T16:36:34","date_gmt":"2017-09-10T14:36:34","guid":{"rendered":"http:\/\/www.moravecteam.cz\/?p=9586"},"modified":"2017-09-10T16:36:34","modified_gmt":"2017-09-10T14:36:34","slug":"smutek","status":"publish","type":"post","link":"https:\/\/www.moravecteam.cz\/?p=9586","title":{"rendered":"Smutek&#8230;"},"content":{"rendered":"<p style=\"text-align: justify;\"><span style=\"color: #000000;\"><strong>Prvn\u00ed z\u00e1\u0159iov\u00fd den leto\u0161n\u00edho roku zem\u0159el zcela ne\u010dekan\u011b l\u00eddr cyklistick\u00e9ho t\u00fdmu ACT Lerak Blansko &#8211; Karel Stloukal. Zpr\u00e1va to byla stejn\u011b \u0161okuj\u00edc\u00ed, jako kdy\u017e n\u00e1s p\u0159ed l\u00e9ty opustil podobn\u00fd sportovn\u00ed M\u00e1g,\u00a0kter\u00fd polo\u017eil\u00a0z\u00e1klady \u00a0MTB maratonu Blanensk\u00fd Golem &#8211; Ivo \u0160inkora. Jsou chv\u00edle, se kter\u00fdmi se \u010dlov\u011bk t\u011b\u017eko srovn\u00e1v\u00e1&#8230; A n\u00e1hl\u00e9 Karlovo \u00famrt\u00ed je jednou z takov\u00fdch&#8230;<\/strong><\/span><\/p>\n<p style=\"text-align: justify;\"><a href=\"http:\/\/www.moravecteam.cz\/?attachment_id=9609\" rel=\"attachment wp-att-9609\"><img decoding=\"async\" loading=\"lazy\" class=\"alignnone size-full wp-image-9609\" alt=\"DSC_4288\" src=\"http:\/\/www.moravecteam.cz\/wp-content\/uploads\/2017\/09\/DSC_4288.jpg\" width=\"985\" height=\"1366\" srcset=\"https:\/\/www.moravecteam.cz\/wp-content\/uploads\/2017\/09\/DSC_4288.jpg 985w, https:\/\/www.moravecteam.cz\/wp-content\/uploads\/2017\/09\/DSC_4288-216x300.jpg 216w, https:\/\/www.moravecteam.cz\/wp-content\/uploads\/2017\/09\/DSC_4288-738x1024.jpg 738w\" sizes=\"(max-width: 985px) 100vw, 985px\" \/><\/a><\/p>\n<p style=\"text-align: justify;\">U\u017e nev\u00edm\u00a0 kter\u00e9ho roku (\u0161lo by to ale z bohat\u00e9ho archivu z\u00e1znam\u016f vystopovat) se na region\u00e1ln\u00ed sc\u00e9n\u011b poprv\u00e9 objevil bikov\u00fd t\u00fdm ACT Tiro Blansko, kter\u00e9ho inici\u00e1torem byl pr\u00e1v\u011b Karel Stloukal&#8230; Ka\u017edop\u00e1dn\u011b jsme z t\u00e9to jeho aktivity m\u011bli radost. MTB &#8222;Vrchovina&#8220; tehdy nab\u00edrala dech a dva dobr\u00e9, vz\u00e1jemn\u011b soupe\u0159\u00edc\u00ed t\u00fdmy z regionu, byly z\u00e1rukou, \u017ee by se z t\u00e9to zdrav\u00e9 a drav\u00e9 konkurence mohlo\u00a0&#8222;urodit&#8220; p\u00e1r skute\u010dn\u00fdch talent\u016f. Prvn\u00ed tren\u00e9r MORAVEC Teamu, Martin Bezd\u00ed\u010dek \u00a0dokonce v t\u00e9 dob\u011b zva\u017eoval u\u017e\u0161\u00ed propojen\u00ed obou uskupen\u00ed, p\u0159edev\u0161\u00edm po str\u00e1nce tr\u00e9ninku a p\u0159\u00edpravy.<\/p>\n<figure id=\"attachment_9611\" aria-describedby=\"caption-attachment-9611\" style=\"width: 3793px\" class=\"wp-caption alignnone\"><a href=\"http:\/\/www.moravecteam.cz\/?attachment_id=9611\" rel=\"attachment wp-att-9611\"><img decoding=\"async\" loading=\"lazy\" class=\" wp-image-9611\" alt=\"DSC_4350\" src=\"http:\/\/www.moravecteam.cz\/wp-content\/uploads\/2017\/09\/DSC_4350.jpg\" width=\"3793\" height=\"3264\" srcset=\"https:\/\/www.moravecteam.cz\/wp-content\/uploads\/2017\/09\/DSC_4350.jpg 3793w, https:\/\/www.moravecteam.cz\/wp-content\/uploads\/2017\/09\/DSC_4350-300x258.jpg 300w, https:\/\/www.moravecteam.cz\/wp-content\/uploads\/2017\/09\/DSC_4350-1024x881.jpg 1024w\" sizes=\"(max-width: 3793px) 100vw, 3793px\" \/><\/a><figcaption id=\"caption-attachment-9611\" class=\"wp-caption-text\">ACT Lerak Blansko v \u010dele s Karlem Stloukalem byl i pravideln\u00fdm hostem cyklistick\u00fdch ples\u016f, kter\u00e9 MORAVEC Team po\u0159\u00e1d\u00e1. A mil\u00ed host\u00e9 k n\u00e1m nikdy nep\u0159i\u0161li s pr\u00e1zdnou&#8230;<\/figcaption><\/figure>\n<p style=\"text-align: justify;\">S postupem \u010dasu doch\u00e1zelo k napl\u0148ov\u00e1n\u00ed onoho &#8222;ok\u0159\u00eddlen\u00e9ho&#8220;, \u017ee sport sbli\u017euje&#8230; Jezdci obou, v t\u00e9 dob\u011b u\u017e kvalitn\u00edch cyklo t\u00fdm\u016f, si sice na z\u00e1vodn\u00edch okruz\u00edch nic &#8211; samoz\u0159ejm\u011b v r\u00e1mci fair-play &#8211; \u00a0nedarovali, mimo trat\u011b ale z\u00fast\u00e1vali kamar\u00e1dy. A to by se nestalo, neb\u00fdt Karlovy Bohulib\u00e9 cyklistick\u00e9 \u00a0aktivity, kter\u00e1 byla t\u00edm v\u00edc z\u00e1slu\u017en\u00e1, vezmeme-li v \u00favahu skute\u010dnost, \u017ee Karel Stloukal byl &#8222;profesn\u00edm&#8220; sportovn\u00edm zam\u011b\u0159en\u00edm p\u0159edev\u0161\u00edm atlet&#8230; Karel se s n\u00e1mi naposled rozlou\u010dil p\u0159esn\u011b t\u00fdden po jeho nenad\u00e1l\u00e9m skonu , minul\u00fd p\u00e1tek&#8230; V obdob\u00ed, kdy se na bikov\u00fdch z\u00e1vodi\u0161t\u00edch v regionu za\u010dala razantn\u011b prosazovat nov\u00e1 vlna mlad\u00fdch talent\u016f z jeho agyln\u00edho t\u00fdmu&#8230; Povedou-li cesty na\u0161ich bik\u016f &#8211; a j\u00e1 v\u011b\u0159\u00edm, \u017ee \u010dasto povedou &#8211; kolem m\u00edsta jeho posledn\u00edho odpo\u010dinku, ur\u010dit\u011b p\u0159ibrzd\u00edme, zap\u00e1l\u00edme sv\u00ed\u010dku&#8230; A zavzpom\u00edn\u00e1me na \u010dlov\u011bka, na kter\u00e9ho se nezapom\u00edn\u00e1&#8230;<\/p>\n<p style=\"text-align: justify;\"><a href=\"http:\/\/www.moravecteam.cz\/?attachment_id=9613\" rel=\"attachment wp-att-9613\"><img decoding=\"async\" loading=\"lazy\" class=\"alignnone size-full wp-image-9613\" alt=\"IMG_1009\" src=\"http:\/\/www.moravecteam.cz\/wp-content\/uploads\/2017\/09\/IMG_1009.jpg\" width=\"1488\" height=\"1351\" srcset=\"https:\/\/www.moravecteam.cz\/wp-content\/uploads\/2017\/09\/IMG_1009.jpg 1488w, https:\/\/www.moravecteam.cz\/wp-content\/uploads\/2017\/09\/IMG_1009-300x272.jpg 300w, https:\/\/www.moravecteam.cz\/wp-content\/uploads\/2017\/09\/IMG_1009-1024x929.jpg 1024w\" sizes=\"(max-width: 1488px) 100vw, 1488px\" \/><\/a><\/p>\n","protected":false},"excerpt":{"rendered":"<p>Prvn\u00ed z\u00e1\u0159iov\u00fd den leto\u0161n\u00edho roku zem\u0159el zcela ne\u010dekan\u011b l\u00eddr cyklistick\u00e9ho t\u00fdmu ACT Lerak Blansko &#8211; Karel Stloukal. Zpr\u00e1va to byla stejn\u011b \u0161okuj\u00edc\u00ed, jako kdy\u017e n\u00e1s p\u0159ed l\u00e9ty opustil podobn\u00fd sportovn\u00ed M\u00e1g,\u00a0kter\u00fd polo\u017eil\u00a0z\u00e1klady \u00a0MTB maratonu Blanensk\u00fd Golem &#8211; Ivo \u0160inkora. Jsou chv\u00edle, se kter\u00fdmi se \u010dlov\u011bk t\u011b\u017eko srovn\u00e1v\u00e1&#8230; A n\u00e1hl\u00e9 Karlovo \u00famrt\u00ed je jednou z takov\u00fdch&#8230; &hellip; <a href=\"https:\/\/www.moravecteam.cz\/?p=9586\" class=\"more-link\">Pokra\u010dov\u00e1n\u00ed textu <span class=\"screen-reader-text\">Smutek&#8230;<\/span> <span class=\"meta-nav\">&rarr;<\/span><\/a><\/p>\n","protected":false},"author":3,"featured_media":9610,"comment_status":"open","ping_status":"closed","sticky":false,"template":"","format":"standard","meta":[],"categories":[13],"tags":[],"_links":{"self":[{"href":"https:\/\/www.moravecteam.cz\/index.php?rest_route=\/wp\/v2\/posts\/9586"}],"collection":[{"href":"https:\/\/www.moravecteam.cz\/index.php?rest_route=\/wp\/v2\/posts"}],"about":[{"href":"https:\/\/www.moravecteam.cz\/index.php?rest_route=\/wp\/v2\/types\/post"}],"author":[{"embeddable":true,"href":"https:\/\/www.moravecteam.cz\/index.php?rest_route=\/wp\/v2\/users\/3"}],"replies":[{"embeddable":true,"href":"https:\/\/www.moravecteam.cz\/index.php?rest_route=%2Fwp%2Fv2%2Fcomments&post=9586"}],"version-history":[{"count":6,"href":"https:\/\/www.moravecteam.cz\/index.php?rest_route=\/wp\/v2\/posts\/9586\/revisions"}],"predecessor-version":[{"id":9615,"href":"https:\/\/www.moravecteam.cz\/index.php?rest_route=\/wp\/v2\/posts\/9586\/revisions\/9615"}],"wp:featuredmedia":[{"embeddable":true,"href":"https:\/\/www.moravecteam.cz\/index.php?rest_route=\/wp\/v2\/media\/9610"}],"wp:attachment":[{"href":"https:\/\/www.moravecteam.cz\/index.php?rest_route=%2Fwp%2Fv2%2Fmedia&parent=9586"}],"wp:term":[{"taxonomy":"category","embeddable":true,"href":"https:\/\/www.moravecteam.cz\/index.php?rest_route=%2Fwp%2Fv2%2Fcategories&post=9586"},{"taxonomy":"post_tag","embeddable":true,"href":"https:\/\/www.moravecteam.cz\/index.php?rest_route=%2Fwp%2Fv2%2Ftags&post=9586"}],"curies":[{"name":"wp","href":"https:\/\/api.w.org\/{rel}","templated":true}]}}